{"id":50744,"date":"2021-03-04T01:10:52","date_gmt":"2021-03-04T06:10:52","guid":{"rendered":"https:\/\/www.dev.nitu.mx\/?p=50744"},"modified":"2021-03-04T01:40:56","modified_gmt":"2021-03-04T06:40:56","slug":"fallece-turista-ahogada-en-hayatt-ziva-de-cancun","status":"publish","type":"post","link":"https:\/\/nitu.mx\/index.php\/2021\/03\/04\/fallece-turista-ahogada-en-hayatt-ziva-de-cancun\/","title":{"rendered":"Fallece turista ahogada en Hayatt Ziva de Canc\u00fan"},"content":{"rendered":"<p>Una mujer de origen hind\u00fa, pero con pasaporte estadounidense, muri\u00f3 ahogada en las playas del hotel Hyatt Ziva en la Zona Hotelera de Canc\u00fan.<\/p>\n<p>De acuerdo con algunas versiones, el cuerpo de rescate del mismo hotel acudi\u00f3 a su auxilio y a\u00fan con vida fue trasladada en ambulancia hasta el hospital AMERIMED en el centro de la ciudad.<\/p>\n<p>Los mismos rescatistas describieron que la turista hab\u00eda sufrido un infarto mientras nadaba, sin embargo el parte m\u00e9dico indic\u00f3 que muri\u00f3 por ahogamiento.<\/p>\n<p>El nombre de la turista era Bela Patel de 46 a\u00f1os, quien era acompa\u00f1ada por un familiar de nombre Gary Patel. (<a title=\"Hyatt con las peores ganancias en la historia de la industria hotelera\" href=\"https:\/\/www.dev.nitu.mx\/index.php\/2020\/05\/20\/hyatt-con-las-peores-ganancias-en-la-historia-de-la-industria-hotelera\/\" rel=\"bookmark\">Hyatt con las peores ganancias en la historia de la industria hotelera<\/a>).<\/p>\n","protected":false},"excerpt":{"rendered":"<p>Una mujer de origen hind\u00fa, pero con pasaporte estadounidense, muri\u00f3 ahogada en las playas del hotel Hyatt Ziva en la Zona Hotelera de Canc\u00fan. De acuerdo con algunas versiones, el cuerpo de rescate del mismo hotel acudi\u00f3 a su auxilio y a\u00fan con vida fue trasladada en ambulancia hasta el hospital AMERIMED en el centro [&hellip;]<\/p>\n","protected":false},"author":2,"featured_media":50747,"comment_status":"open","ping_status":"open","sticky":false,"template":"","format":"standard","meta":{"footnotes":""},"categories":[21403],"tags":[43,5312],"yoast_head":"<!-- This site is optimized with the Yoast SEO plugin v22.2 - https:\/\/yoast.com\/wordpress\/plugins\/seo\/ -->\n<title>Fallece turista ahogada en Hayatt Ziva de Canc\u00fan - Nitu - Noticias de la Industria Turistica<\/title>\n<meta name=\"robots\" content=\"index, follow, max-snippet:-1, max-image-preview:large, max-video-preview:-1\" \/>\n<link rel=\"canonical\" href=\"https:\/\/nitu.mx\/index.php\/2021\/03\/04\/fallece-turista-ahogada-en-hayatt-ziva-de-cancun\/\" \/>\n<meta name=\"twitter:card\" content=\"summary_large_image\" \/>\n<meta name=\"twitter:title\" content=\"Fallece turista ahogada en Hayatt Ziva de Canc\u00fan - Nitu - Noticias de la Industria Turistica\" \/>\n<meta name=\"twitter:description\" content=\"Una mujer de origen hind\u00fa, pero con pasaporte estadounidense, muri\u00f3 ahogada en las playas del hotel Hyatt Ziva en la Zona Hotelera de Canc\u00fan. De acuerdo con algunas versiones, el cuerpo de rescate del mismo hotel acudi\u00f3 a su auxilio y a\u00fan con vida fue trasladada en ambulancia hasta el hospital AMERIMED en el centro [&hellip;]\" \/>\n<meta name=\"twitter:image\" content=\"https:\/\/nitu.mx\/wp-content\/uploads\/2021\/03\/Hyatt-Ziva-Cancu\u0301n.jpg\" \/>\n<meta name=\"twitter:creator\" content=\"@Arturo_Medina_G\" \/>\n<meta name=\"twitter:site\" content=\"@Arturo_Medina_G\" \/>\n<meta name=\"twitter:label1\" content=\"Escrito por\" \/>\n\t<meta name=\"twitter:data1\" content=\"Arturo Medina\" \/>\n\t<meta name=\"twitter:label2\" content=\"Tiempo de lectura\" \/>\n\t<meta name=\"twitter:data2\" content=\"1 minuto\" \/>\n<script type=\"application\/ld+json\" class=\"yoast-schema-graph\">{\"@context\":\"https:\/\/schema.org\",\"@graph\":[{\"@type\":\"Article\",\"@id\":\"https:\/\/nitu.mx\/index.php\/2021\/03\/04\/fallece-turista-ahogada-en-hayatt-ziva-de-cancun\/#article\",\"isPartOf\":{\"@id\":\"https:\/\/nitu.mx\/index.php\/2021\/03\/04\/fallece-turista-ahogada-en-hayatt-ziva-de-cancun\/\"},\"author\":{\"name\":\"Arturo Medina\",\"@id\":\"https:\/\/nitu.mx\/#\/schema\/person\/ae7a53426417292d3dd07b45a33e01bc\"},\"headline\":\"Fallece turista ahogada en Hayatt Ziva de Canc\u00fan\",\"datePublished\":\"2021-03-04T06:10:52+00:00\",\"dateModified\":\"2021-03-04T06:40:56+00:00\",\"mainEntityOfPage\":{\"@id\":\"https:\/\/nitu.mx\/index.php\/2021\/03\/04\/fallece-turista-ahogada-en-hayatt-ziva-de-cancun\/\"},\"wordCount\":128,\"commentCount\":0,\"publisher\":{\"@id\":\"https:\/\/nitu.mx\/#\/schema\/person\/ae7a53426417292d3dd07b45a33e01bc\"},\"image\":{\"@id\":\"https:\/\/nitu.mx\/index.php\/2021\/03\/04\/fallece-turista-ahogada-en-hayatt-ziva-de-cancun\/#primaryimage\"},\"thumbnailUrl\":\"https:\/\/nitu.mx\/wp-content\/uploads\/2021\/03\/Hyatt-Ziva-Cancu\u0301n.jpg\",\"keywords\":[\"Canc\u00fan\",\"Hyatt Ziva\"],\"articleSection\":[\"Canc\u00fan\"],\"inLanguage\":\"es-MX\",\"potentialAction\":[{\"@type\":\"CommentAction\",\"name\":\"Comment\",\"target\":[\"https:\/\/nitu.mx\/index.php\/2021\/03\/04\/fallece-turista-ahogada-en-hayatt-ziva-de-cancun\/#respond\"]}]},{\"@type\":\"WebPage\",\"@id\":\"https:\/\/nitu.mx\/index.php\/2021\/03\/04\/fallece-turista-ahogada-en-hayatt-ziva-de-cancun\/\",\"url\":\"https:\/\/nitu.mx\/index.php\/2021\/03\/04\/fallece-turista-ahogada-en-hayatt-ziva-de-cancun\/\",\"name\":\"Fallece turista ahogada en Hayatt Ziva de Canc\u00fan - Nitu - Noticias de la Industria Turistica\",\"isPartOf\":{\"@id\":\"https:\/\/nitu.mx\/#website\"},\"primaryImageOfPage\":{\"@id\":\"https:\/\/nitu.mx\/index.php\/2021\/03\/04\/fallece-turista-ahogada-en-hayatt-ziva-de-cancun\/#primaryimage\"},\"image\":{\"@id\":\"https:\/\/nitu.mx\/index.php\/2021\/03\/04\/fallece-turista-ahogada-en-hayatt-ziva-de-cancun\/#primaryimage\"},\"thumbnailUrl\":\"https:\/\/nitu.mx\/wp-content\/uploads\/2021\/03\/Hyatt-Ziva-Cancu\u0301n.jpg\",\"datePublished\":\"2021-03-04T06:10:52+00:00\",\"dateModified\":\"2021-03-04T06:40:56+00:00\",\"breadcrumb\":{\"@id\":\"https:\/\/nitu.mx\/index.php\/2021\/03\/04\/fallece-turista-ahogada-en-hayatt-ziva-de-cancun\/#breadcrumb\"},\"inLanguage\":\"es-MX\",\"potentialAction\":[{\"@type\":\"ReadAction\",\"target\":[\"https:\/\/nitu.mx\/index.php\/2021\/03\/04\/fallece-turista-ahogada-en-hayatt-ziva-de-cancun\/\"]}]},{\"@type\":\"ImageObject\",\"inLanguage\":\"es-MX\",\"@id\":\"https:\/\/nitu.mx\/index.php\/2021\/03\/04\/fallece-turista-ahogada-en-hayatt-ziva-de-cancun\/#primaryimage\",\"url\":\"https:\/\/nitu.mx\/wp-content\/uploads\/2021\/03\/Hyatt-Ziva-Cancu\u0301n.jpg\",\"contentUrl\":\"https:\/\/nitu.mx\/wp-content\/uploads\/2021\/03\/Hyatt-Ziva-Cancu\u0301n.jpg\",\"width\":1200,\"height\":675},{\"@type\":\"BreadcrumbList\",\"@id\":\"https:\/\/nitu.mx\/index.php\/2021\/03\/04\/fallece-turista-ahogada-en-hayatt-ziva-de-cancun\/#breadcrumb\",\"itemListElement\":[{\"@type\":\"ListItem\",\"position\":1,\"name\":\"Inicio\",\"item\":\"https:\/\/nitu.mx\/\"},{\"@type\":\"ListItem\",\"position\":2,\"name\":\"Fallece turista ahogada en Hayatt Ziva de Canc\u00fan\"}]},{\"@type\":\"WebSite\",\"@id\":\"https:\/\/nitu.mx\/#website\",\"url\":\"https:\/\/nitu.mx\/\",\"name\":\"Nitu - Noticias de la Industria Turistica\",\"description\":\"Noticias de la Industria Turistica\",\"publisher\":{\"@id\":\"https:\/\/nitu.mx\/#\/schema\/person\/ae7a53426417292d3dd07b45a33e01bc\"},\"alternateName\":\"Noticias de la Industria Turistica\",\"potentialAction\":[{\"@type\":\"SearchAction\",\"target\":{\"@type\":\"EntryPoint\",\"urlTemplate\":\"https:\/\/nitu.mx\/?s={search_term_string}\"},\"query-input\":\"required name=search_term_string\"}],\"inLanguage\":\"es-MX\"},{\"@type\":[\"Person\",\"Organization\"],\"@id\":\"https:\/\/nitu.mx\/#\/schema\/person\/ae7a53426417292d3dd07b45a33e01bc\",\"name\":\"Arturo Medina\",\"image\":{\"@type\":\"ImageObject\",\"inLanguage\":\"es-MX\",\"@id\":\"https:\/\/nitu.mx\/#\/schema\/person\/image\/\",\"url\":\"https:\/\/nitu.mx\/wp-content\/uploads\/2024\/04\/4A315622-1904-4D5C-B022-878CDC840E04-90x90-1.jpeg\",\"contentUrl\":\"https:\/\/nitu.mx\/wp-content\/uploads\/2024\/04\/4A315622-1904-4D5C-B022-878CDC840E04-90x90-1.jpeg\",\"width\":90,\"height\":90,\"caption\":\"Arturo Medina\"},\"logo\":{\"@id\":\"https:\/\/nitu.mx\/#\/schema\/person\/image\/\"},\"description\":\"Director NITU.mx, Egresado de la Escuela de Periodismo Carlos Septi\u00e9n Garc\u00eda. Periodista y analista especializado en turismo desde hace 35 a\u00f1os, radicado en Canc\u00fan Q.Roo. arturo@nitu.mx\",\"sameAs\":[\"https:\/\/nitu.mx\",\"https:\/\/www.facebook.com\/NITUmx\/\",\"medinacancun\",\"https:\/\/twitter.com\/@Arturo_Medina_G\"],\"url\":\"https:\/\/nitu.mx\/index.php\/author\/arturo-medina\/\"}]}<\/script>\n<!-- \/ Yoast SEO plugin. -->","yoast_head_json":{"title":"Fallece turista ahogada en Hayatt Ziva de Canc\u00fan - Nitu - Noticias de la Industria Turistica","robots":{"index":"index","follow":"follow","max-snippet":"max-snippet:-1","max-image-preview":"max-image-preview:large","max-video-preview":"max-video-preview:-1"},"canonical":"https:\/\/nitu.mx\/index.php\/2021\/03\/04\/fallece-turista-ahogada-en-hayatt-ziva-de-cancun\/","twitter_card":"summary_large_image","twitter_title":"Fallece turista ahogada en Hayatt Ziva de Canc\u00fan - Nitu - Noticias de la Industria Turistica","twitter_description":"Una mujer de origen hind\u00fa, pero con pasaporte estadounidense, muri\u00f3 ahogada en las playas del hotel Hyatt Ziva en la Zona Hotelera de Canc\u00fan. De acuerdo con algunas versiones, el cuerpo de rescate del mismo hotel acudi\u00f3 a su auxilio y a\u00fan con vida fue trasladada en ambulancia hasta el hospital AMERIMED en el centro [&hellip;]","twitter_image":"https:\/\/nitu.mx\/wp-content\/uploads\/2021\/03\/Hyatt-Ziva-Cancu\u0301n.jpg","twitter_creator":"@Arturo_Medina_G","twitter_site":"@Arturo_Medina_G","twitter_misc":{"Escrito por":"Arturo Medina","Tiempo de lectura":"1 minuto"},"schema":{"@context":"https:\/\/schema.org","@graph":[{"@type":"Article","@id":"https:\/\/nitu.mx\/index.php\/2021\/03\/04\/fallece-turista-ahogada-en-hayatt-ziva-de-cancun\/#article","isPartOf":{"@id":"https:\/\/nitu.mx\/index.php\/2021\/03\/04\/fallece-turista-ahogada-en-hayatt-ziva-de-cancun\/"},"author":{"name":"Arturo Medina","@id":"https:\/\/nitu.mx\/#\/schema\/person\/ae7a53426417292d3dd07b45a33e01bc"},"headline":"Fallece turista ahogada en Hayatt Ziva de Canc\u00fan","datePublished":"2021-03-04T06:10:52+00:00","dateModified":"2021-03-04T06:40:56+00:00","mainEntityOfPage":{"@id":"https:\/\/nitu.mx\/index.php\/2021\/03\/04\/fallece-turista-ahogada-en-hayatt-ziva-de-cancun\/"},"wordCount":128,"commentCount":0,"publisher":{"@id":"https:\/\/nitu.mx\/#\/schema\/person\/ae7a53426417292d3dd07b45a33e01bc"},"image":{"@id":"https:\/\/nitu.mx\/index.php\/2021\/03\/04\/fallece-turista-ahogada-en-hayatt-ziva-de-cancun\/#primaryimage"},"thumbnailUrl":"https:\/\/nitu.mx\/wp-content\/uploads\/2021\/03\/Hyatt-Ziva-Cancu\u0301n.jpg","keywords":["Canc\u00fan","Hyatt Ziva"],"articleSection":["Canc\u00fan"],"inLanguage":"es-MX","potentialAction":[{"@type":"CommentAction","name":"Comment","target":["https:\/\/nitu.mx\/index.php\/2021\/03\/04\/fallece-turista-ahogada-en-hayatt-ziva-de-cancun\/#respond"]}]},{"@type":"WebPage","@id":"https:\/\/nitu.mx\/index.php\/2021\/03\/04\/fallece-turista-ahogada-en-hayatt-ziva-de-cancun\/","url":"https:\/\/nitu.mx\/index.php\/2021\/03\/04\/fallece-turista-ahogada-en-hayatt-ziva-de-cancun\/","name":"Fallece turista ahogada en Hayatt Ziva de Canc\u00fan - Nitu - Noticias de la Industria Turistica","isPartOf":{"@id":"https:\/\/nitu.mx\/#website"},"primaryImageOfPage":{"@id":"https:\/\/nitu.mx\/index.php\/2021\/03\/04\/fallece-turista-ahogada-en-hayatt-ziva-de-cancun\/#primaryimage"},"image":{"@id":"https:\/\/nitu.mx\/index.php\/2021\/03\/04\/fallece-turista-ahogada-en-hayatt-ziva-de-cancun\/#primaryimage"},"thumbnailUrl":"https:\/\/nitu.mx\/wp-content\/uploads\/2021\/03\/Hyatt-Ziva-Cancu\u0301n.jpg","datePublished":"2021-03-04T06:10:52+00:00","dateModified":"2021-03-04T06:40:56+00:00","breadcrumb":{"@id":"https:\/\/nitu.mx\/index.php\/2021\/03\/04\/fallece-turista-ahogada-en-hayatt-ziva-de-cancun\/#breadcrumb"},"inLanguage":"es-MX","potentialAction":[{"@type":"ReadAction","target":["https:\/\/nitu.mx\/index.php\/2021\/03\/04\/fallece-turista-ahogada-en-hayatt-ziva-de-cancun\/"]}]},{"@type":"ImageObject","inLanguage":"es-MX","@id":"https:\/\/nitu.mx\/index.php\/2021\/03\/04\/fallece-turista-ahogada-en-hayatt-ziva-de-cancun\/#primaryimage","url":"https:\/\/nitu.mx\/wp-content\/uploads\/2021\/03\/Hyatt-Ziva-Cancu\u0301n.jpg","contentUrl":"https:\/\/nitu.mx\/wp-content\/uploads\/2021\/03\/Hyatt-Ziva-Cancu\u0301n.jpg","width":1200,"height":675},{"@type":"BreadcrumbList","@id":"https:\/\/nitu.mx\/index.php\/2021\/03\/04\/fallece-turista-ahogada-en-hayatt-ziva-de-cancun\/#breadcrumb","itemListElement":[{"@type":"ListItem","position":1,"name":"Inicio","item":"https:\/\/nitu.mx\/"},{"@type":"ListItem","position":2,"name":"Fallece turista ahogada en Hayatt Ziva de Canc\u00fan"}]},{"@type":"WebSite","@id":"https:\/\/nitu.mx\/#website","url":"https:\/\/nitu.mx\/","name":"Nitu - Noticias de la Industria Turistica","description":"Noticias de la Industria Turistica","publisher":{"@id":"https:\/\/nitu.mx\/#\/schema\/person\/ae7a53426417292d3dd07b45a33e01bc"},"alternateName":"Noticias de la Industria Turistica","potentialAction":[{"@type":"SearchAction","target":{"@type":"EntryPoint","urlTemplate":"https:\/\/nitu.mx\/?s={search_term_string}"},"query-input":"required name=search_term_string"}],"inLanguage":"es-MX"},{"@type":["Person","Organization"],"@id":"https:\/\/nitu.mx\/#\/schema\/person\/ae7a53426417292d3dd07b45a33e01bc","name":"Arturo Medina","image":{"@type":"ImageObject","inLanguage":"es-MX","@id":"https:\/\/nitu.mx\/#\/schema\/person\/image\/","url":"https:\/\/nitu.mx\/wp-content\/uploads\/2024\/04\/4A315622-1904-4D5C-B022-878CDC840E04-90x90-1.jpeg","contentUrl":"https:\/\/nitu.mx\/wp-content\/uploads\/2024\/04\/4A315622-1904-4D5C-B022-878CDC840E04-90x90-1.jpeg","width":90,"height":90,"caption":"Arturo Medina"},"logo":{"@id":"https:\/\/nitu.mx\/#\/schema\/person\/image\/"},"description":"Director NITU.mx, Egresado de la Escuela de Periodismo Carlos Septi\u00e9n Garc\u00eda. Periodista y analista especializado en turismo desde hace 35 a\u00f1os, radicado en Canc\u00fan Q.Roo. arturo@nitu.mx","sameAs":["https:\/\/nitu.mx","https:\/\/www.facebook.com\/NITUmx\/","medinacancun","https:\/\/twitter.com\/@Arturo_Medina_G"],"url":"https:\/\/nitu.mx\/index.php\/author\/arturo-medina\/"}]}},"views":379,"_links":{"self":[{"href":"https:\/\/nitu.mx\/index.php\/wp-json\/wp\/v2\/posts\/50744"}],"collection":[{"href":"https:\/\/nitu.mx\/index.php\/wp-json\/wp\/v2\/posts"}],"about":[{"href":"https:\/\/nitu.mx\/index.php\/wp-json\/wp\/v2\/types\/post"}],"author":[{"embeddable":true,"href":"https:\/\/nitu.mx\/index.php\/wp-json\/wp\/v2\/users\/2"}],"replies":[{"embeddable":true,"href":"https:\/\/nitu.mx\/index.php\/wp-json\/wp\/v2\/comments?post=50744"}],"version-history":[{"count":3,"href":"https:\/\/nitu.mx\/index.php\/wp-json\/wp\/v2\/posts\/50744\/revisions"}],"predecessor-version":[{"id":50749,"href":"https:\/\/nitu.mx\/index.php\/wp-json\/wp\/v2\/posts\/50744\/revisions\/50749"}],"wp:featuredmedia":[{"embeddable":true,"href":"https:\/\/nitu.mx\/index.php\/wp-json\/wp\/v2\/media\/50747"}],"wp:attachment":[{"href":"https:\/\/nitu.mx\/index.php\/wp-json\/wp\/v2\/media?parent=50744"}],"wp:term":[{"taxonomy":"category","embeddable":true,"href":"https:\/\/nitu.mx\/index.php\/wp-json\/wp\/v2\/categories?post=50744"},{"taxonomy":"post_tag","embeddable":true,"href":"https:\/\/nitu.mx\/index.php\/wp-json\/wp\/v2\/tags?post=50744"}],"curies":[{"name":"wp","href":"https:\/\/api.w.org\/{rel}","templated":true}]}}