{"id":5068,"date":"2016-12-19T02:08:27","date_gmt":"2016-12-19T07:08:27","guid":{"rendered":"http:\/\/www.dev.nitu.mx\/?p=5068"},"modified":"2016-12-22T01:00:12","modified_gmt":"2016-12-22T06:00:12","slug":"alianzas-inversiones-dominaran-aviacion-latinoamericana-alta","status":"publish","type":"post","link":"https:\/\/nitu.mx\/index.php\/2016\/12\/19\/alianzas-inversiones-dominaran-aviacion-latinoamericana-alta\/","title":{"rendered":"Alianzas, inversiones y compras dominar\u00e1n la aviaci\u00f3n de Latinoam\u00e9rica en 2017"},"content":{"rendered":"<p>La aviaci\u00f3n latinoamericana report\u00f3 un fuerte auge este a\u00f1o, siendo la regi\u00f3n del mundo que m\u00e1s crecimiento mostr\u00f3 en 2016, y de acuerdo con la Asociaci\u00f3n Latinoamericana de Transporte A\u00e9reo (ALTA), el siguiente a\u00f1o este negocio seguir\u00e1 su buena racha, debido a las alianzas, inversiones y transacciones que est\u00e1n haciendo las l\u00edneas a\u00e9reas de Am\u00e9rica Latina.<\/p>\n<p>Para el organismo que concentra a las aerol\u00edneas de Latinoam\u00e9rica, la fuerza que tom\u00f3 LATAM, producto de la fusi\u00f3n de Lan y Tam, la aprobaci\u00f3n de la alianza Delta Aerom\u00e9xico y la pr\u00f3xima compra de Avianca toda vez que se encuentre al mejor postor, son s\u00f3lo parte de los movimientos que auguran un crecimiento del mercado a\u00e9reo de Am\u00e9rica Latina. (<a title=\"Industria a\u00e9rea seguir\u00e1 creciendo en Latam: Airbus\" href=\"http:\/\/www.dev.nitu.mx\/index.php\/2016\/11\/19\/industria-aerea-seguira-creciendo-latam-airbus\/\" target=\"_blank\" rel=\"bookmark\">Industria a\u00e9rea seguir\u00e1 creciendo en Latam: Airbus<\/a>).<\/p>\n<p>Adem\u00e1s de la alianza con Aerom\u00e9xico, Delta tambi\u00e9n tiene una importante participaci\u00f3n en la brasile\u00f1a de bajo costo Gol, y tiene la mira puesta en Avianca, de quien tambi\u00e9n podr\u00eda hacerse del 49 por ciento. Sin embargo, United Airlines tambi\u00e9n est\u00e1 interesada en la empresa Colombiana, cuyo socio mayoritario es Synergy Group; mientras que la paname\u00f1a Copa le ha sugerido un intercambio de acciones.<\/p>\n<p>Por su parte American Airlines se ali\u00f3 con Latam, con lo que se potenci\u00f3 el flujo de viajeros entre Estados Unidos y el cono sur del continente. Adem\u00e1s, la aerol\u00ednea chileno-brasile\u00f1a tiene en puerta una alianza de negocios con AIG en donde participan empresas europeas como Iberia y British Airways, mientras que Qatar Airways adquiri\u00f3 10 por ciento de la latinoamericana a mediados de a\u00f1o.<\/p>\n<p>Justamente el inter\u00e9s de las compa\u00f1\u00edas de otros lares, como Qatar, Emirates, Etihad, Singapore, Turkish y Cathay, son un reflejo de la confianza que genera el mercado a\u00e9reo latinoamericano, y activa la movilizaci\u00f3n de las estadounidenses.<\/p>\n<p>La ALTA estima que hasta 2012 hubo un crecimiento de entre 20 y 30 por ciento de la aviaci\u00f3n latinoamericana, y calcula que en los pr\u00f3ximos 20 a\u00f1os crecer\u00e1 a una tasa promedio de seis por ciento anual. Tan s\u00f3lo el a\u00f1o pasado se movilizaron m\u00e1s de 526 millones 800 mil pasajeros en Am\u00e9rica Latina y el Caribe, lo que represent\u00f3 un aumento de 5.4 por ciento, en ese periodo. Sin considerar a Venezuela,\u00a0 la industria a\u00e9rea genera 176 mil millones de d\u00f3lares del PIB de los pa\u00edses latinoamericanos.<\/p>\n","protected":false},"excerpt":{"rendered":"<p>La aviaci\u00f3n latinoamericana report\u00f3 un fuerte auge este a\u00f1o, siendo la regi\u00f3n del mundo que m\u00e1s crecimiento mostr\u00f3 en 2016, y de acuerdo con la Asociaci\u00f3n Latinoamericana de Transporte A\u00e9reo (ALTA), el siguiente a\u00f1o este negocio seguir\u00e1 su buena racha, debido a las alianzas, inversiones y transacciones que est\u00e1n haciendo las l\u00edneas a\u00e9reas de Am\u00e9rica [&hellip;]<\/p>\n","protected":false},"author":5,"featured_media":5069,"comment_status":"open","ping_status":"open","sticky":false,"template":"","format":"standard","meta":{"footnotes":""},"categories":[29,374],"tags":[30,162,1507,1520,1304,1307,1006,854],"yoast_head":"<!-- This site is optimized with the Yoast SEO plugin v22.2 - https:\/\/yoast.com\/wordpress\/plugins\/seo\/ -->\n<title>Alianzas, inversiones y compras dominar\u00e1n la aviaci\u00f3n de Latinoam\u00e9rica en 2017 - Nitu - Noticias de la Industria Turistica<\/title>\n<meta name=\"description\" content=\"La aviaci\u00f3n latinoamericana report\u00f3 un fuerte auge este a\u00f1o, siendo la regi\u00f3n del mundo que m\u00e1s crecimiento mostr\u00f3 en 2016, y de acuerdo con ALTA.\" \/>\n<meta name=\"robots\" content=\"index, follow, max-snippet:-1, max-image-preview:large, max-video-preview:-1\" \/>\n<link rel=\"canonical\" href=\"https:\/\/nitu.mx\/index.php\/2016\/12\/19\/alianzas-inversiones-dominaran-aviacion-latinoamericana-alta\/\" \/>\n<meta name=\"twitter:card\" content=\"summary_large_image\" \/>\n<meta name=\"twitter:title\" content=\"Alianzas, inversiones y compras dominar\u00e1n la aviaci\u00f3n de Latinoam\u00e9rica en 2017 - Nitu - Noticias de la Industria Turistica\" \/>\n<meta name=\"twitter:description\" content=\"La aviaci\u00f3n latinoamericana report\u00f3 un fuerte auge este a\u00f1o, siendo la regi\u00f3n del mundo que m\u00e1s crecimiento mostr\u00f3 en 2016, y de acuerdo con ALTA.\" \/>\n<meta name=\"twitter:image\" content=\"https:\/\/nitu.mx\/wp-content\/uploads\/2016\/12\/TENDENCIAS-AEREAS-ALTA.jpg\" \/>\n<meta name=\"twitter:creator\" content=\"@NITUmx\" \/>\n<meta name=\"twitter:site\" content=\"@Arturo_Medina_G\" \/>\n<meta name=\"twitter:label1\" content=\"Escrito por\" \/>\n\t<meta name=\"twitter:data1\" content=\"Mari Soto\" \/>\n\t<meta name=\"twitter:label2\" content=\"Tiempo de lectura\" \/>\n\t<meta name=\"twitter:data2\" content=\"2 minutos\" \/>\n<script type=\"application\/ld+json\" class=\"yoast-schema-graph\">{\"@context\":\"https:\/\/schema.org\",\"@graph\":[{\"@type\":\"Article\",\"@id\":\"https:\/\/nitu.mx\/index.php\/2016\/12\/19\/alianzas-inversiones-dominaran-aviacion-latinoamericana-alta\/#article\",\"isPartOf\":{\"@id\":\"https:\/\/nitu.mx\/index.php\/2016\/12\/19\/alianzas-inversiones-dominaran-aviacion-latinoamericana-alta\/\"},\"author\":{\"name\":\"Mari Soto\",\"@id\":\"https:\/\/nitu.mx\/#\/schema\/person\/afc52e313e27e660739556d421d3d6b4\"},\"headline\":\"Alianzas, inversiones y compras dominar\u00e1n la aviaci\u00f3n de Latinoam\u00e9rica en 2017\",\"datePublished\":\"2016-12-19T07:08:27+00:00\",\"dateModified\":\"2016-12-22T06:00:12+00:00\",\"mainEntityOfPage\":{\"@id\":\"https:\/\/nitu.mx\/index.php\/2016\/12\/19\/alianzas-inversiones-dominaran-aviacion-latinoamericana-alta\/\"},\"wordCount\":427,\"commentCount\":0,\"publisher\":{\"@id\":\"https:\/\/nitu.mx\/#\/schema\/person\/ae7a53426417292d3dd07b45a33e01bc\"},\"image\":{\"@id\":\"https:\/\/nitu.mx\/index.php\/2016\/12\/19\/alianzas-inversiones-dominaran-aviacion-latinoamericana-alta\/#primaryimage\"},\"thumbnailUrl\":\"https:\/\/nitu.mx\/wp-content\/uploads\/2016\/12\/TENDENCIAS-AEREAS-ALTA.jpg\",\"keywords\":[\"Aerom\u00e9xico\",\"ALTA\",\"British Airways\",\"Delta Air Lines\",\"Iberia\",\"Latam\",\"Qatar Airways\",\"United Airlines\"],\"articleSection\":[\"Aerol\u00edneas\",\"Internacional\"],\"inLanguage\":\"es-MX\",\"potentialAction\":[{\"@type\":\"CommentAction\",\"name\":\"Comment\",\"target\":[\"https:\/\/nitu.mx\/index.php\/2016\/12\/19\/alianzas-inversiones-dominaran-aviacion-latinoamericana-alta\/#respond\"]}]},{\"@type\":\"WebPage\",\"@id\":\"https:\/\/nitu.mx\/index.php\/2016\/12\/19\/alianzas-inversiones-dominaran-aviacion-latinoamericana-alta\/\",\"url\":\"https:\/\/nitu.mx\/index.php\/2016\/12\/19\/alianzas-inversiones-dominaran-aviacion-latinoamericana-alta\/\",\"name\":\"Alianzas, inversiones y compras dominar\u00e1n la aviaci\u00f3n de Latinoam\u00e9rica en 2017 - Nitu - Noticias de la Industria Turistica\",\"isPartOf\":{\"@id\":\"https:\/\/nitu.mx\/#website\"},\"primaryImageOfPage\":{\"@id\":\"https:\/\/nitu.mx\/index.php\/2016\/12\/19\/alianzas-inversiones-dominaran-aviacion-latinoamericana-alta\/#primaryimage\"},\"image\":{\"@id\":\"https:\/\/nitu.mx\/index.php\/2016\/12\/19\/alianzas-inversiones-dominaran-aviacion-latinoamericana-alta\/#primaryimage\"},\"thumbnailUrl\":\"https:\/\/nitu.mx\/wp-content\/uploads\/2016\/12\/TENDENCIAS-AEREAS-ALTA.jpg\",\"datePublished\":\"2016-12-19T07:08:27+00:00\",\"dateModified\":\"2016-12-22T06:00:12+00:00\",\"description\":\"La aviaci\u00f3n latinoamericana report\u00f3 un fuerte auge este a\u00f1o, siendo la regi\u00f3n del mundo que m\u00e1s crecimiento mostr\u00f3 en 2016, y de acuerdo con ALTA.\",\"breadcrumb\":{\"@id\":\"https:\/\/nitu.mx\/index.php\/2016\/12\/19\/alianzas-inversiones-dominaran-aviacion-latinoamericana-alta\/#breadcrumb\"},\"inLanguage\":\"es-MX\",\"potentialAction\":[{\"@type\":\"ReadAction\",\"target\":[\"https:\/\/nitu.mx\/index.php\/2016\/12\/19\/alianzas-inversiones-dominaran-aviacion-latinoamericana-alta\/\"]}]},{\"@type\":\"ImageObject\",\"inLanguage\":\"es-MX\",\"@id\":\"https:\/\/nitu.mx\/index.php\/2016\/12\/19\/alianzas-inversiones-dominaran-aviacion-latinoamericana-alta\/#primaryimage\",\"url\":\"https:\/\/nitu.mx\/wp-content\/uploads\/2016\/12\/TENDENCIAS-AEREAS-ALTA.jpg\",\"contentUrl\":\"https:\/\/nitu.mx\/wp-content\/uploads\/2016\/12\/TENDENCIAS-AEREAS-ALTA.jpg\",\"width\":1024,\"height\":632,\"caption\":\"aviacion latinoamericana alta\"},{\"@type\":\"BreadcrumbList\",\"@id\":\"https:\/\/nitu.mx\/index.php\/2016\/12\/19\/alianzas-inversiones-dominaran-aviacion-latinoamericana-alta\/#breadcrumb\",\"itemListElement\":[{\"@type\":\"ListItem\",\"position\":1,\"name\":\"Inicio\",\"item\":\"https:\/\/nitu.mx\/\"},{\"@type\":\"ListItem\",\"position\":2,\"name\":\"Alianzas, inversiones y compras dominar\u00e1n la aviaci\u00f3n de Latinoam\u00e9rica en 2017\"}]},{\"@type\":\"WebSite\",\"@id\":\"https:\/\/nitu.mx\/#website\",\"url\":\"https:\/\/nitu.mx\/\",\"name\":\"Nitu - Noticias de la Industria Turistica\",\"description\":\"Noticias de la Industria Turistica\",\"publisher\":{\"@id\":\"https:\/\/nitu.mx\/#\/schema\/person\/ae7a53426417292d3dd07b45a33e01bc\"},\"alternateName\":\"Noticias de la Industria Turistica\",\"potentialAction\":[{\"@type\":\"SearchAction\",\"target\":{\"@type\":\"EntryPoint\",\"urlTemplate\":\"https:\/\/nitu.mx\/?s={search_term_string}\"},\"query-input\":\"required name=search_term_string\"}],\"inLanguage\":\"es-MX\"},{\"@type\":[\"Person\",\"Organization\"],\"@id\":\"https:\/\/nitu.mx\/#\/schema\/person\/ae7a53426417292d3dd07b45a33e01bc\",\"name\":\"Arturo Medina\",\"image\":{\"@type\":\"ImageObject\",\"inLanguage\":\"es-MX\",\"@id\":\"https:\/\/nitu.mx\/#\/schema\/person\/image\/\",\"url\":\"https:\/\/nitu.mx\/wp-content\/uploads\/2024\/04\/4A315622-1904-4D5C-B022-878CDC840E04-90x90-1.jpeg\",\"contentUrl\":\"https:\/\/nitu.mx\/wp-content\/uploads\/2024\/04\/4A315622-1904-4D5C-B022-878CDC840E04-90x90-1.jpeg\",\"width\":90,\"height\":90,\"caption\":\"Arturo Medina\"},\"logo\":{\"@id\":\"https:\/\/nitu.mx\/#\/schema\/person\/image\/\"},\"description\":\"Director NITU.mx, Egresado de la Escuela de Periodismo Carlos Septi\u00e9n Garc\u00eda. Periodista y analista especializado en turismo desde hace 35 a\u00f1os, radicado en Canc\u00fan Q.Roo. arturo@nitu.mx\",\"sameAs\":[\"https:\/\/nitu.mx\",\"https:\/\/www.facebook.com\/NITUmx\/\",\"medinacancun\",\"https:\/\/twitter.com\/@Arturo_Medina_G\"]},{\"@type\":\"Person\",\"@id\":\"https:\/\/nitu.mx\/#\/schema\/person\/afc52e313e27e660739556d421d3d6b4\",\"name\":\"Mari Soto\",\"image\":{\"@type\":\"ImageObject\",\"inLanguage\":\"es-MX\",\"@id\":\"https:\/\/nitu.mx\/#\/schema\/person\/image\/\",\"url\":\"https:\/\/secure.gravatar.com\/avatar\/2619c282a180a20d89fcaea82a6736e2?s=96&d=mm&r=g\",\"contentUrl\":\"https:\/\/secure.gravatar.com\/avatar\/2619c282a180a20d89fcaea82a6736e2?s=96&d=mm&r=g\",\"caption\":\"Mari Soto\"},\"sameAs\":[\"https:\/\/nitu.mx\"],\"url\":\"https:\/\/nitu.mx\/index.php\/author\/guadalupe\/\"}]}<\/script>\n<!-- \/ Yoast SEO plugin. -->","yoast_head_json":{"title":"Alianzas, inversiones y compras dominar\u00e1n la aviaci\u00f3n de Latinoam\u00e9rica en 2017 - Nitu - Noticias de la Industria Turistica","description":"La aviaci\u00f3n latinoamericana report\u00f3 un fuerte auge este a\u00f1o, siendo la regi\u00f3n del mundo que m\u00e1s crecimiento mostr\u00f3 en 2016, y de acuerdo con ALTA.","robots":{"index":"index","follow":"follow","max-snippet":"max-snippet:-1","max-image-preview":"max-image-preview:large","max-video-preview":"max-video-preview:-1"},"canonical":"https:\/\/nitu.mx\/index.php\/2016\/12\/19\/alianzas-inversiones-dominaran-aviacion-latinoamericana-alta\/","twitter_card":"summary_large_image","twitter_title":"Alianzas, inversiones y compras dominar\u00e1n la aviaci\u00f3n de Latinoam\u00e9rica en 2017 - Nitu - Noticias de la Industria Turistica","twitter_description":"La aviaci\u00f3n latinoamericana report\u00f3 un fuerte auge este a\u00f1o, siendo la regi\u00f3n del mundo que m\u00e1s crecimiento mostr\u00f3 en 2016, y de acuerdo con ALTA.","twitter_image":"https:\/\/nitu.mx\/wp-content\/uploads\/2016\/12\/TENDENCIAS-AEREAS-ALTA.jpg","twitter_creator":"@NITUmx","twitter_site":"@Arturo_Medina_G","twitter_misc":{"Escrito por":"Mari Soto","Tiempo de lectura":"2 minutos"},"schema":{"@context":"https:\/\/schema.org","@graph":[{"@type":"Article","@id":"https:\/\/nitu.mx\/index.php\/2016\/12\/19\/alianzas-inversiones-dominaran-aviacion-latinoamericana-alta\/#article","isPartOf":{"@id":"https:\/\/nitu.mx\/index.php\/2016\/12\/19\/alianzas-inversiones-dominaran-aviacion-latinoamericana-alta\/"},"author":{"name":"Mari Soto","@id":"https:\/\/nitu.mx\/#\/schema\/person\/afc52e313e27e660739556d421d3d6b4"},"headline":"Alianzas, inversiones y compras dominar\u00e1n la aviaci\u00f3n de Latinoam\u00e9rica en 2017","datePublished":"2016-12-19T07:08:27+00:00","dateModified":"2016-12-22T06:00:12+00:00","mainEntityOfPage":{"@id":"https:\/\/nitu.mx\/index.php\/2016\/12\/19\/alianzas-inversiones-dominaran-aviacion-latinoamericana-alta\/"},"wordCount":427,"commentCount":0,"publisher":{"@id":"https:\/\/nitu.mx\/#\/schema\/person\/ae7a53426417292d3dd07b45a33e01bc"},"image":{"@id":"https:\/\/nitu.mx\/index.php\/2016\/12\/19\/alianzas-inversiones-dominaran-aviacion-latinoamericana-alta\/#primaryimage"},"thumbnailUrl":"https:\/\/nitu.mx\/wp-content\/uploads\/2016\/12\/TENDENCIAS-AEREAS-ALTA.jpg","keywords":["Aerom\u00e9xico","ALTA","British Airways","Delta Air Lines","Iberia","Latam","Qatar Airways","United Airlines"],"articleSection":["Aerol\u00edneas","Internacional"],"inLanguage":"es-MX","potentialAction":[{"@type":"CommentAction","name":"Comment","target":["https:\/\/nitu.mx\/index.php\/2016\/12\/19\/alianzas-inversiones-dominaran-aviacion-latinoamericana-alta\/#respond"]}]},{"@type":"WebPage","@id":"https:\/\/nitu.mx\/index.php\/2016\/12\/19\/alianzas-inversiones-dominaran-aviacion-latinoamericana-alta\/","url":"https:\/\/nitu.mx\/index.php\/2016\/12\/19\/alianzas-inversiones-dominaran-aviacion-latinoamericana-alta\/","name":"Alianzas, inversiones y compras dominar\u00e1n la aviaci\u00f3n de Latinoam\u00e9rica en 2017 - Nitu - Noticias de la Industria Turistica","isPartOf":{"@id":"https:\/\/nitu.mx\/#website"},"primaryImageOfPage":{"@id":"https:\/\/nitu.mx\/index.php\/2016\/12\/19\/alianzas-inversiones-dominaran-aviacion-latinoamericana-alta\/#primaryimage"},"image":{"@id":"https:\/\/nitu.mx\/index.php\/2016\/12\/19\/alianzas-inversiones-dominaran-aviacion-latinoamericana-alta\/#primaryimage"},"thumbnailUrl":"https:\/\/nitu.mx\/wp-content\/uploads\/2016\/12\/TENDENCIAS-AEREAS-ALTA.jpg","datePublished":"2016-12-19T07:08:27+00:00","dateModified":"2016-12-22T06:00:12+00:00","description":"La aviaci\u00f3n latinoamericana report\u00f3 un fuerte auge este a\u00f1o, siendo la regi\u00f3n del mundo que m\u00e1s crecimiento mostr\u00f3 en 2016, y de acuerdo con ALTA.","breadcrumb":{"@id":"https:\/\/nitu.mx\/index.php\/2016\/12\/19\/alianzas-inversiones-dominaran-aviacion-latinoamericana-alta\/#breadcrumb"},"inLanguage":"es-MX","potentialAction":[{"@type":"ReadAction","target":["https:\/\/nitu.mx\/index.php\/2016\/12\/19\/alianzas-inversiones-dominaran-aviacion-latinoamericana-alta\/"]}]},{"@type":"ImageObject","inLanguage":"es-MX","@id":"https:\/\/nitu.mx\/index.php\/2016\/12\/19\/alianzas-inversiones-dominaran-aviacion-latinoamericana-alta\/#primaryimage","url":"https:\/\/nitu.mx\/wp-content\/uploads\/2016\/12\/TENDENCIAS-AEREAS-ALTA.jpg","contentUrl":"https:\/\/nitu.mx\/wp-content\/uploads\/2016\/12\/TENDENCIAS-AEREAS-ALTA.jpg","width":1024,"height":632,"caption":"aviacion latinoamericana alta"},{"@type":"BreadcrumbList","@id":"https:\/\/nitu.mx\/index.php\/2016\/12\/19\/alianzas-inversiones-dominaran-aviacion-latinoamericana-alta\/#breadcrumb","itemListElement":[{"@type":"ListItem","position":1,"name":"Inicio","item":"https:\/\/nitu.mx\/"},{"@type":"ListItem","position":2,"name":"Alianzas, inversiones y compras dominar\u00e1n la aviaci\u00f3n de Latinoam\u00e9rica en 2017"}]},{"@type":"WebSite","@id":"https:\/\/nitu.mx\/#website","url":"https:\/\/nitu.mx\/","name":"Nitu - Noticias de la Industria Turistica","description":"Noticias de la Industria Turistica","publisher":{"@id":"https:\/\/nitu.mx\/#\/schema\/person\/ae7a53426417292d3dd07b45a33e01bc"},"alternateName":"Noticias de la Industria Turistica","potentialAction":[{"@type":"SearchAction","target":{"@type":"EntryPoint","urlTemplate":"https:\/\/nitu.mx\/?s={search_term_string}"},"query-input":"required name=search_term_string"}],"inLanguage":"es-MX"},{"@type":["Person","Organization"],"@id":"https:\/\/nitu.mx\/#\/schema\/person\/ae7a53426417292d3dd07b45a33e01bc","name":"Arturo Medina","image":{"@type":"ImageObject","inLanguage":"es-MX","@id":"https:\/\/nitu.mx\/#\/schema\/person\/image\/","url":"https:\/\/nitu.mx\/wp-content\/uploads\/2024\/04\/4A315622-1904-4D5C-B022-878CDC840E04-90x90-1.jpeg","contentUrl":"https:\/\/nitu.mx\/wp-content\/uploads\/2024\/04\/4A315622-1904-4D5C-B022-878CDC840E04-90x90-1.jpeg","width":90,"height":90,"caption":"Arturo Medina"},"logo":{"@id":"https:\/\/nitu.mx\/#\/schema\/person\/image\/"},"description":"Director NITU.mx, Egresado de la Escuela de Periodismo Carlos Septi\u00e9n Garc\u00eda. Periodista y analista especializado en turismo desde hace 35 a\u00f1os, radicado en Canc\u00fan Q.Roo. arturo@nitu.mx","sameAs":["https:\/\/nitu.mx","https:\/\/www.facebook.com\/NITUmx\/","medinacancun","https:\/\/twitter.com\/@Arturo_Medina_G"]},{"@type":"Person","@id":"https:\/\/nitu.mx\/#\/schema\/person\/afc52e313e27e660739556d421d3d6b4","name":"Mari Soto","image":{"@type":"ImageObject","inLanguage":"es-MX","@id":"https:\/\/nitu.mx\/#\/schema\/person\/image\/","url":"https:\/\/secure.gravatar.com\/avatar\/2619c282a180a20d89fcaea82a6736e2?s=96&d=mm&r=g","contentUrl":"https:\/\/secure.gravatar.com\/avatar\/2619c282a180a20d89fcaea82a6736e2?s=96&d=mm&r=g","caption":"Mari Soto"},"sameAs":["https:\/\/nitu.mx"],"url":"https:\/\/nitu.mx\/index.php\/author\/guadalupe\/"}]}},"views":265,"_links":{"self":[{"href":"https:\/\/nitu.mx\/index.php\/wp-json\/wp\/v2\/posts\/5068"}],"collection":[{"href":"https:\/\/nitu.mx\/index.php\/wp-json\/wp\/v2\/posts"}],"about":[{"href":"https:\/\/nitu.mx\/index.php\/wp-json\/wp\/v2\/types\/post"}],"author":[{"embeddable":true,"href":"https:\/\/nitu.mx\/index.php\/wp-json\/wp\/v2\/users\/5"}],"replies":[{"embeddable":true,"href":"https:\/\/nitu.mx\/index.php\/wp-json\/wp\/v2\/comments?post=5068"}],"version-history":[{"count":2,"href":"https:\/\/nitu.mx\/index.php\/wp-json\/wp\/v2\/posts\/5068\/revisions"}],"predecessor-version":[{"id":5071,"href":"https:\/\/nitu.mx\/index.php\/wp-json\/wp\/v2\/posts\/5068\/revisions\/5071"}],"wp:featuredmedia":[{"embeddable":true,"href":"https:\/\/nitu.mx\/index.php\/wp-json\/wp\/v2\/media\/5069"}],"wp:attachment":[{"href":"https:\/\/nitu.mx\/index.php\/wp-json\/wp\/v2\/media?parent=5068"}],"wp:term":[{"taxonomy":"category","embeddable":true,"href":"https:\/\/nitu.mx\/index.php\/wp-json\/wp\/v2\/categories?post=5068"},{"taxonomy":"post_tag","embeddable":true,"href":"https:\/\/nitu.mx\/index.php\/wp-json\/wp\/v2\/tags?post=5068"}],"curies":[{"name":"wp","href":"https:\/\/api.w.org\/{rel}","templated":true}]}}