{"id":50647,"date":"2021-02-28T19:12:58","date_gmt":"2021-03-01T00:12:58","guid":{"rendered":"https:\/\/www.dev.nitu.mx\/?p=50647"},"modified":"2021-03-01T01:01:10","modified_gmt":"2021-03-01T06:01:10","slug":"confirma-melia-repunte-en-reservas-en-primer-trimestre-en-mexico-y-rd","status":"publish","type":"post","link":"https:\/\/nitu.mx\/index.php\/2021\/02\/28\/confirma-melia-repunte-en-reservas-en-primer-trimestre-en-mexico-y-rd\/","title":{"rendered":"Confirma Meli\u00e1 repunte en reservas en primer trimestre en M\u00e9xico y RD"},"content":{"rendered":"<p>De acuerdo con las cifras presentadas por Meli\u00e1 Hotels International, registra en el primer trimestre del a\u00f1o una positiva evoluci\u00f3n de las reservas en el Caribe, que podr\u00eda anticipar un verano de cierta normalidad en destinos como M\u00e9xico y la Rep\u00fablica Dominicana, \u00a0ambos beneficiados por la intensa campa\u00f1a de vacunaci\u00f3n en los Estados Unidos.<\/p>\n<p>La reacci\u00f3n de Meli\u00e1 al ofrecer pruebas gratuitas de ant\u00edgenos a los clientes, junto con un completo seguro Covid, a\u00f1adido todo ello a la garant\u00eda del programa Stay Safe With Meli\u00e1, le permiti\u00f3 atenuar el impacto que supuso el cierre de fronteras en Canad\u00e1 y la exigencia de pruebas de ant\u00edgenos a los viajeros que regresaran a los Estados Unidos<\/p>\n<p>Adem\u00e1s, la positiva evoluci\u00f3n de la campa\u00f1a de vacunaci\u00f3n en Estados Unidos, (principal mercado emisor para los hoteles de Meli\u00e1 en el Caribe), de forma similar a la evoluci\u00f3n en el Reino Unido, principal emisor para los hoteles europeos, apuntan hacia una progresiva reanudaci\u00f3n de la movilidad a partir del mes de mayo. Por otra parte, las b\u00fasquedas de viajes hacia el Caribe registran en febrero un nivel superior al registrado el mismo periodo del a\u00f1o pasado, cuando a\u00fan no se hab\u00eda declarado la pandemia a nivel global, confirmando una tendencia positiva para los destinos del Caribe.<\/p>\n<p>En general, se prev\u00e9 que\u00a0la recuperaci\u00f3n del segmento vacacional\u2013 en el que la compa\u00f1\u00eda es l\u00edder y en el que concentra el 60% de sus habitaciones (la mayor\u00eda en r\u00e9gimen de propiedad y gesti\u00f3n) \u2013ser\u00e1 m\u00e1s r\u00e1pida\u00a0debido a que la crisis, aunque profunda, tiene un car\u00e1cter coyuntural, permaneciendo casi intacta la demanda embalsada, mientras\u00a0en el segmento urbano el impacto del Covid es m\u00e1s estructural, al producirse un cambio de paradigma en el Viaje Corporativo y de negocios, por lo que los hoteles de las capitales europeas podr\u00edan tardar al menos dos a\u00f1os en recuperarse.<\/p>\n<p>En el informe del grupo, dejan en claro que el crecimiento a corto plazo esta enfocado en destinos asi\u00e1ticos que han crecido sustancialmente particularmente el mercado chino, que ha sido el que mar r\u00e1pidamente ha reaccionado al Post-Covid, de hecho, la cadena se\u00f1al\u00f3 que, para todo el 2021,\u00a0tiene prevista la apertura de 15 nuevos hoteles, un 40% de los cuales se concentra en las zonas de China y el Sudeste Asi\u00e1tico, acreditando que la apuesta del Grupo por el crecimiento en esta importante regi\u00f3n del mundo continua con m\u00e1s fuerza que nunca.<\/p>\n<p>&#8220;Seguimos sin tener una bola de cristal para predecir el momento exacto en que se reactivar\u00e1 la demanda tur\u00edstica&#8221;, se\u00f1ala el CEO de Meli\u00e1,\u00a0Gabriel Escarrer, &#8220;pero la respuesta del mercado en crisis pasadas y la reciente evoluci\u00f3n en China, confirman nuestros datos sobre la fortaleza de la demanda actualmente latente&#8221; (<a title=\"Meli\u00e1 mantiene 157 hoteles abiertos en el mundo\" href=\"https:\/\/www.dev.nitu.mx\/index.php\/2020\/11\/06\/melia-mantiene-157-hoteles-abiertos-en-el-mundo\/\" rel=\"bookmark\">Meli\u00e1 mantiene 157 hoteles abiertos en el mundo<\/a>).<\/p>\n","protected":false},"excerpt":{"rendered":"<p>De acuerdo con las cifras presentadas por Meli\u00e1 Hotels International, registra en el primer trimestre del a\u00f1o una positiva evoluci\u00f3n de las reservas en el Caribe, que podr\u00eda anticipar un verano de cierta normalidad en destinos como M\u00e9xico y la Rep\u00fablica Dominicana, \u00a0ambos beneficiados por la intensa campa\u00f1a de vacunaci\u00f3n en los Estados Unidos. La [&hellip;]<\/p>\n","protected":false},"author":17,"featured_media":41955,"comment_status":"open","ping_status":"open","sticky":false,"template":"","format":"standard","meta":{"footnotes":""},"categories":[2],"tags":[16835,11848,1382],"yoast_head":"<!-- This site is optimized with the Yoast SEO plugin v22.2 - https:\/\/yoast.com\/wordpress\/plugins\/seo\/ -->\n<title>Confirma Meli\u00e1 repunte en reservas en primer trimestre en M\u00e9xico y RD - Nitu - Noticias de la Industria Turistica<\/title>\n<meta name=\"robots\" content=\"index, follow, max-snippet:-1, max-image-preview:large, max-video-preview:-1\" \/>\n<link rel=\"canonical\" href=\"https:\/\/nitu.mx\/index.php\/2021\/02\/28\/confirma-melia-repunte-en-reservas-en-primer-trimestre-en-mexico-y-rd\/\" \/>\n<meta name=\"twitter:card\" content=\"summary_large_image\" \/>\n<meta name=\"twitter:title\" content=\"Confirma Meli\u00e1 repunte en reservas en primer trimestre en M\u00e9xico y RD - Nitu - Noticias de la Industria Turistica\" \/>\n<meta name=\"twitter:description\" content=\"De acuerdo con las cifras presentadas por Meli\u00e1 Hotels International, registra en el primer trimestre del a\u00f1o una positiva evoluci\u00f3n de las reservas en el Caribe, que podr\u00eda anticipar un verano de cierta normalidad en destinos como M\u00e9xico y la Rep\u00fablica Dominicana, \u00a0ambos beneficiados por la intensa campa\u00f1a de vacunaci\u00f3n en los Estados Unidos. La [&hellip;]\" \/>\n<meta name=\"twitter:image\" content=\"https:\/\/nitu.mx\/wp-content\/uploads\/2020\/04\/melia-hotels_2.jpg\" \/>\n<meta name=\"twitter:creator\" content=\"@NITUmx\" \/>\n<meta name=\"twitter:site\" content=\"@Arturo_Medina_G\" \/>\n<meta name=\"twitter:label1\" content=\"Escrito por\" \/>\n\t<meta name=\"twitter:data1\" content=\"Redacci\u00f3n\" \/>\n\t<meta name=\"twitter:label2\" content=\"Tiempo de lectura\" \/>\n\t<meta name=\"twitter:data2\" content=\"2 minutos\" \/>\n<script type=\"application\/ld+json\" class=\"yoast-schema-graph\">{\"@context\":\"https:\/\/schema.org\",\"@graph\":[{\"@type\":\"Article\",\"@id\":\"https:\/\/nitu.mx\/index.php\/2021\/02\/28\/confirma-melia-repunte-en-reservas-en-primer-trimestre-en-mexico-y-rd\/#article\",\"isPartOf\":{\"@id\":\"https:\/\/nitu.mx\/index.php\/2021\/02\/28\/confirma-melia-repunte-en-reservas-en-primer-trimestre-en-mexico-y-rd\/\"},\"author\":{\"name\":\"Redacci\u00f3n\",\"@id\":\"https:\/\/nitu.mx\/#\/schema\/person\/4a28fe9bd65924f7c90623773daf1b0b\"},\"headline\":\"Confirma Meli\u00e1 repunte en reservas en primer trimestre en M\u00e9xico y RD\",\"datePublished\":\"2021-03-01T00:12:58+00:00\",\"dateModified\":\"2021-03-01T06:01:10+00:00\",\"mainEntityOfPage\":{\"@id\":\"https:\/\/nitu.mx\/index.php\/2021\/02\/28\/confirma-melia-repunte-en-reservas-en-primer-trimestre-en-mexico-y-rd\/\"},\"wordCount\":511,\"commentCount\":0,\"publisher\":{\"@id\":\"https:\/\/nitu.mx\/#\/schema\/person\/ae7a53426417292d3dd07b45a33e01bc\"},\"image\":{\"@id\":\"https:\/\/nitu.mx\/index.php\/2021\/02\/28\/confirma-melia-repunte-en-reservas-en-primer-trimestre-en-mexico-y-rd\/#primaryimage\"},\"thumbnailUrl\":\"https:\/\/nitu.mx\/wp-content\/uploads\/2020\/04\/melia-hotels_2.jpg\",\"keywords\":[\"\u200b Meli\u00e1 Hotels International\",\"Gabriel Escarrer\",\"Rep\u00fablica Dominicana\"],\"articleSection\":[\"Hoteles\"],\"inLanguage\":\"es-MX\",\"potentialAction\":[{\"@type\":\"CommentAction\",\"name\":\"Comment\",\"target\":[\"https:\/\/nitu.mx\/index.php\/2021\/02\/28\/confirma-melia-repunte-en-reservas-en-primer-trimestre-en-mexico-y-rd\/#respond\"]}]},{\"@type\":\"WebPage\",\"@id\":\"https:\/\/nitu.mx\/index.php\/2021\/02\/28\/confirma-melia-repunte-en-reservas-en-primer-trimestre-en-mexico-y-rd\/\",\"url\":\"https:\/\/nitu.mx\/index.php\/2021\/02\/28\/confirma-melia-repunte-en-reservas-en-primer-trimestre-en-mexico-y-rd\/\",\"name\":\"Confirma Meli\u00e1 repunte en reservas en primer trimestre en M\u00e9xico y RD - Nitu - Noticias de la Industria Turistica\",\"isPartOf\":{\"@id\":\"https:\/\/nitu.mx\/#website\"},\"primaryImageOfPage\":{\"@id\":\"https:\/\/nitu.mx\/index.php\/2021\/02\/28\/confirma-melia-repunte-en-reservas-en-primer-trimestre-en-mexico-y-rd\/#primaryimage\"},\"image\":{\"@id\":\"https:\/\/nitu.mx\/index.php\/2021\/02\/28\/confirma-melia-repunte-en-reservas-en-primer-trimestre-en-mexico-y-rd\/#primaryimage\"},\"thumbnailUrl\":\"https:\/\/nitu.mx\/wp-content\/uploads\/2020\/04\/melia-hotels_2.jpg\",\"datePublished\":\"2021-03-01T00:12:58+00:00\",\"dateModified\":\"2021-03-01T06:01:10+00:00\",\"breadcrumb\":{\"@id\":\"https:\/\/nitu.mx\/index.php\/2021\/02\/28\/confirma-melia-repunte-en-reservas-en-primer-trimestre-en-mexico-y-rd\/#breadcrumb\"},\"inLanguage\":\"es-MX\",\"potentialAction\":[{\"@type\":\"ReadAction\",\"target\":[\"https:\/\/nitu.mx\/index.php\/2021\/02\/28\/confirma-melia-repunte-en-reservas-en-primer-trimestre-en-mexico-y-rd\/\"]}]},{\"@type\":\"ImageObject\",\"inLanguage\":\"es-MX\",\"@id\":\"https:\/\/nitu.mx\/index.php\/2021\/02\/28\/confirma-melia-repunte-en-reservas-en-primer-trimestre-en-mexico-y-rd\/#primaryimage\",\"url\":\"https:\/\/nitu.mx\/wp-content\/uploads\/2020\/04\/melia-hotels_2.jpg\",\"contentUrl\":\"https:\/\/nitu.mx\/wp-content\/uploads\/2020\/04\/melia-hotels_2.jpg\",\"width\":800,\"height\":450},{\"@type\":\"BreadcrumbList\",\"@id\":\"https:\/\/nitu.mx\/index.php\/2021\/02\/28\/confirma-melia-repunte-en-reservas-en-primer-trimestre-en-mexico-y-rd\/#breadcrumb\",\"itemListElement\":[{\"@type\":\"ListItem\",\"position\":1,\"name\":\"Inicio\",\"item\":\"https:\/\/nitu.mx\/\"},{\"@type\":\"ListItem\",\"position\":2,\"name\":\"Confirma Meli\u00e1 repunte en reservas en primer trimestre en M\u00e9xico y RD\"}]},{\"@type\":\"WebSite\",\"@id\":\"https:\/\/nitu.mx\/#website\",\"url\":\"https:\/\/nitu.mx\/\",\"name\":\"Nitu - Noticias de la Industria Turistica\",\"description\":\"Noticias de la Industria Turistica\",\"publisher\":{\"@id\":\"https:\/\/nitu.mx\/#\/schema\/person\/ae7a53426417292d3dd07b45a33e01bc\"},\"alternateName\":\"Noticias de la Industria Turistica\",\"potentialAction\":[{\"@type\":\"SearchAction\",\"target\":{\"@type\":\"EntryPoint\",\"urlTemplate\":\"https:\/\/nitu.mx\/?s={search_term_string}\"},\"query-input\":\"required name=search_term_string\"}],\"inLanguage\":\"es-MX\"},{\"@type\":[\"Person\",\"Organization\"],\"@id\":\"https:\/\/nitu.mx\/#\/schema\/person\/ae7a53426417292d3dd07b45a33e01bc\",\"name\":\"Arturo Medina\",\"image\":{\"@type\":\"ImageObject\",\"inLanguage\":\"es-MX\",\"@id\":\"https:\/\/nitu.mx\/#\/schema\/person\/image\/\",\"url\":\"https:\/\/nitu.mx\/wp-content\/uploads\/2024\/04\/4A315622-1904-4D5C-B022-878CDC840E04-90x90-1.jpeg\",\"contentUrl\":\"https:\/\/nitu.mx\/wp-content\/uploads\/2024\/04\/4A315622-1904-4D5C-B022-878CDC840E04-90x90-1.jpeg\",\"width\":90,\"height\":90,\"caption\":\"Arturo Medina\"},\"logo\":{\"@id\":\"https:\/\/nitu.mx\/#\/schema\/person\/image\/\"},\"description\":\"Director NITU.mx, Egresado de la Escuela de Periodismo Carlos Septi\u00e9n Garc\u00eda. Periodista y analista especializado en turismo desde hace 35 a\u00f1os, radicado en Canc\u00fan Q.Roo. arturo@nitu.mx\",\"sameAs\":[\"https:\/\/nitu.mx\",\"https:\/\/www.facebook.com\/NITUmx\/\",\"medinacancun\",\"https:\/\/twitter.com\/@Arturo_Medina_G\"]},{\"@type\":\"Person\",\"@id\":\"https:\/\/nitu.mx\/#\/schema\/person\/4a28fe9bd65924f7c90623773daf1b0b\",\"name\":\"Redacci\u00f3n\",\"image\":{\"@type\":\"ImageObject\",\"inLanguage\":\"es-MX\",\"@id\":\"https:\/\/nitu.mx\/#\/schema\/person\/image\/\",\"url\":\"https:\/\/secure.gravatar.com\/avatar\/5dd011c8ccfc5cd7e4c81e42252aab38?s=96&d=mm&r=g\",\"contentUrl\":\"https:\/\/secure.gravatar.com\/avatar\/5dd011c8ccfc5cd7e4c81e42252aab38?s=96&d=mm&r=g\",\"caption\":\"Redacci\u00f3n\"},\"url\":\"https:\/\/nitu.mx\/index.php\/author\/redaccion\/\"}]}<\/script>\n<!-- \/ Yoast SEO plugin. -->","yoast_head_json":{"title":"Confirma Meli\u00e1 repunte en reservas en primer trimestre en M\u00e9xico y RD - Nitu - Noticias de la Industria Turistica","robots":{"index":"index","follow":"follow","max-snippet":"max-snippet:-1","max-image-preview":"max-image-preview:large","max-video-preview":"max-video-preview:-1"},"canonical":"https:\/\/nitu.mx\/index.php\/2021\/02\/28\/confirma-melia-repunte-en-reservas-en-primer-trimestre-en-mexico-y-rd\/","twitter_card":"summary_large_image","twitter_title":"Confirma Meli\u00e1 repunte en reservas en primer trimestre en M\u00e9xico y RD - Nitu - Noticias de la Industria Turistica","twitter_description":"De acuerdo con las cifras presentadas por Meli\u00e1 Hotels International, registra en el primer trimestre del a\u00f1o una positiva evoluci\u00f3n de las reservas en el Caribe, que podr\u00eda anticipar un verano de cierta normalidad en destinos como M\u00e9xico y la Rep\u00fablica Dominicana, \u00a0ambos beneficiados por la intensa campa\u00f1a de vacunaci\u00f3n en los Estados Unidos. La [&hellip;]","twitter_image":"https:\/\/nitu.mx\/wp-content\/uploads\/2020\/04\/melia-hotels_2.jpg","twitter_creator":"@NITUmx","twitter_site":"@Arturo_Medina_G","twitter_misc":{"Escrito por":"Redacci\u00f3n","Tiempo de lectura":"2 minutos"},"schema":{"@context":"https:\/\/schema.org","@graph":[{"@type":"Article","@id":"https:\/\/nitu.mx\/index.php\/2021\/02\/28\/confirma-melia-repunte-en-reservas-en-primer-trimestre-en-mexico-y-rd\/#article","isPartOf":{"@id":"https:\/\/nitu.mx\/index.php\/2021\/02\/28\/confirma-melia-repunte-en-reservas-en-primer-trimestre-en-mexico-y-rd\/"},"author":{"name":"Redacci\u00f3n","@id":"https:\/\/nitu.mx\/#\/schema\/person\/4a28fe9bd65924f7c90623773daf1b0b"},"headline":"Confirma Meli\u00e1 repunte en reservas en primer trimestre en M\u00e9xico y RD","datePublished":"2021-03-01T00:12:58+00:00","dateModified":"2021-03-01T06:01:10+00:00","mainEntityOfPage":{"@id":"https:\/\/nitu.mx\/index.php\/2021\/02\/28\/confirma-melia-repunte-en-reservas-en-primer-trimestre-en-mexico-y-rd\/"},"wordCount":511,"commentCount":0,"publisher":{"@id":"https:\/\/nitu.mx\/#\/schema\/person\/ae7a53426417292d3dd07b45a33e01bc"},"image":{"@id":"https:\/\/nitu.mx\/index.php\/2021\/02\/28\/confirma-melia-repunte-en-reservas-en-primer-trimestre-en-mexico-y-rd\/#primaryimage"},"thumbnailUrl":"https:\/\/nitu.mx\/wp-content\/uploads\/2020\/04\/melia-hotels_2.jpg","keywords":["\u200b Meli\u00e1 Hotels International","Gabriel Escarrer","Rep\u00fablica Dominicana"],"articleSection":["Hoteles"],"inLanguage":"es-MX","potentialAction":[{"@type":"CommentAction","name":"Comment","target":["https:\/\/nitu.mx\/index.php\/2021\/02\/28\/confirma-melia-repunte-en-reservas-en-primer-trimestre-en-mexico-y-rd\/#respond"]}]},{"@type":"WebPage","@id":"https:\/\/nitu.mx\/index.php\/2021\/02\/28\/confirma-melia-repunte-en-reservas-en-primer-trimestre-en-mexico-y-rd\/","url":"https:\/\/nitu.mx\/index.php\/2021\/02\/28\/confirma-melia-repunte-en-reservas-en-primer-trimestre-en-mexico-y-rd\/","name":"Confirma Meli\u00e1 repunte en reservas en primer trimestre en M\u00e9xico y RD - Nitu - Noticias de la Industria Turistica","isPartOf":{"@id":"https:\/\/nitu.mx\/#website"},"primaryImageOfPage":{"@id":"https:\/\/nitu.mx\/index.php\/2021\/02\/28\/confirma-melia-repunte-en-reservas-en-primer-trimestre-en-mexico-y-rd\/#primaryimage"},"image":{"@id":"https:\/\/nitu.mx\/index.php\/2021\/02\/28\/confirma-melia-repunte-en-reservas-en-primer-trimestre-en-mexico-y-rd\/#primaryimage"},"thumbnailUrl":"https:\/\/nitu.mx\/wp-content\/uploads\/2020\/04\/melia-hotels_2.jpg","datePublished":"2021-03-01T00:12:58+00:00","dateModified":"2021-03-01T06:01:10+00:00","breadcrumb":{"@id":"https:\/\/nitu.mx\/index.php\/2021\/02\/28\/confirma-melia-repunte-en-reservas-en-primer-trimestre-en-mexico-y-rd\/#breadcrumb"},"inLanguage":"es-MX","potentialAction":[{"@type":"ReadAction","target":["https:\/\/nitu.mx\/index.php\/2021\/02\/28\/confirma-melia-repunte-en-reservas-en-primer-trimestre-en-mexico-y-rd\/"]}]},{"@type":"ImageObject","inLanguage":"es-MX","@id":"https:\/\/nitu.mx\/index.php\/2021\/02\/28\/confirma-melia-repunte-en-reservas-en-primer-trimestre-en-mexico-y-rd\/#primaryimage","url":"https:\/\/nitu.mx\/wp-content\/uploads\/2020\/04\/melia-hotels_2.jpg","contentUrl":"https:\/\/nitu.mx\/wp-content\/uploads\/2020\/04\/melia-hotels_2.jpg","width":800,"height":450},{"@type":"BreadcrumbList","@id":"https:\/\/nitu.mx\/index.php\/2021\/02\/28\/confirma-melia-repunte-en-reservas-en-primer-trimestre-en-mexico-y-rd\/#breadcrumb","itemListElement":[{"@type":"ListItem","position":1,"name":"Inicio","item":"https:\/\/nitu.mx\/"},{"@type":"ListItem","position":2,"name":"Confirma Meli\u00e1 repunte en reservas en primer trimestre en M\u00e9xico y RD"}]},{"@type":"WebSite","@id":"https:\/\/nitu.mx\/#website","url":"https:\/\/nitu.mx\/","name":"Nitu - Noticias de la Industria Turistica","description":"Noticias de la Industria Turistica","publisher":{"@id":"https:\/\/nitu.mx\/#\/schema\/person\/ae7a53426417292d3dd07b45a33e01bc"},"alternateName":"Noticias de la Industria Turistica","potentialAction":[{"@type":"SearchAction","target":{"@type":"EntryPoint","urlTemplate":"https:\/\/nitu.mx\/?s={search_term_string}"},"query-input":"required name=search_term_string"}],"inLanguage":"es-MX"},{"@type":["Person","Organization"],"@id":"https:\/\/nitu.mx\/#\/schema\/person\/ae7a53426417292d3dd07b45a33e01bc","name":"Arturo Medina","image":{"@type":"ImageObject","inLanguage":"es-MX","@id":"https:\/\/nitu.mx\/#\/schema\/person\/image\/","url":"https:\/\/nitu.mx\/wp-content\/uploads\/2024\/04\/4A315622-1904-4D5C-B022-878CDC840E04-90x90-1.jpeg","contentUrl":"https:\/\/nitu.mx\/wp-content\/uploads\/2024\/04\/4A315622-1904-4D5C-B022-878CDC840E04-90x90-1.jpeg","width":90,"height":90,"caption":"Arturo Medina"},"logo":{"@id":"https:\/\/nitu.mx\/#\/schema\/person\/image\/"},"description":"Director NITU.mx, Egresado de la Escuela de Periodismo Carlos Septi\u00e9n Garc\u00eda. Periodista y analista especializado en turismo desde hace 35 a\u00f1os, radicado en Canc\u00fan Q.Roo. arturo@nitu.mx","sameAs":["https:\/\/nitu.mx","https:\/\/www.facebook.com\/NITUmx\/","medinacancun","https:\/\/twitter.com\/@Arturo_Medina_G"]},{"@type":"Person","@id":"https:\/\/nitu.mx\/#\/schema\/person\/4a28fe9bd65924f7c90623773daf1b0b","name":"Redacci\u00f3n","image":{"@type":"ImageObject","inLanguage":"es-MX","@id":"https:\/\/nitu.mx\/#\/schema\/person\/image\/","url":"https:\/\/secure.gravatar.com\/avatar\/5dd011c8ccfc5cd7e4c81e42252aab38?s=96&d=mm&r=g","contentUrl":"https:\/\/secure.gravatar.com\/avatar\/5dd011c8ccfc5cd7e4c81e42252aab38?s=96&d=mm&r=g","caption":"Redacci\u00f3n"},"url":"https:\/\/nitu.mx\/index.php\/author\/redaccion\/"}]}},"views":338,"_links":{"self":[{"href":"https:\/\/nitu.mx\/index.php\/wp-json\/wp\/v2\/posts\/50647"}],"collection":[{"href":"https:\/\/nitu.mx\/index.php\/wp-json\/wp\/v2\/posts"}],"about":[{"href":"https:\/\/nitu.mx\/index.php\/wp-json\/wp\/v2\/types\/post"}],"author":[{"embeddable":true,"href":"https:\/\/nitu.mx\/index.php\/wp-json\/wp\/v2\/users\/17"}],"replies":[{"embeddable":true,"href":"https:\/\/nitu.mx\/index.php\/wp-json\/wp\/v2\/comments?post=50647"}],"version-history":[{"count":4,"href":"https:\/\/nitu.mx\/index.php\/wp-json\/wp\/v2\/posts\/50647\/revisions"}],"predecessor-version":[{"id":50653,"href":"https:\/\/nitu.mx\/index.php\/wp-json\/wp\/v2\/posts\/50647\/revisions\/50653"}],"wp:featuredmedia":[{"embeddable":true,"href":"https:\/\/nitu.mx\/index.php\/wp-json\/wp\/v2\/media\/41955"}],"wp:attachment":[{"href":"https:\/\/nitu.mx\/index.php\/wp-json\/wp\/v2\/media?parent=50647"}],"wp:term":[{"taxonomy":"category","embeddable":true,"href":"https:\/\/nitu.mx\/index.php\/wp-json\/wp\/v2\/categories?post=50647"},{"taxonomy":"post_tag","embeddable":true,"href":"https:\/\/nitu.mx\/index.php\/wp-json\/wp\/v2\/tags?post=50647"}],"curies":[{"name":"wp","href":"https:\/\/api.w.org\/{rel}","templated":true}]}}