{"id":50630,"date":"2021-02-27T13:00:47","date_gmt":"2021-02-27T18:00:47","guid":{"rendered":"https:\/\/www.dev.nitu.mx\/?p=50630"},"modified":"2021-03-01T00:59:35","modified_gmt":"2021-03-01T05:59:35","slug":"caraacara-el-reto-para-roberto-cintron-consolidar-el-relanzamiento-del-destino-post-pandemia","status":"publish","type":"post","link":"https:\/\/nitu.mx\/index.php\/2021\/02\/27\/caraacara-el-reto-para-roberto-cintron-consolidar-el-relanzamiento-del-destino-post-pandemia\/","title":{"rendered":"#caraAcara El reto para Roberto Cintr\u00f3n consolidar el relanzamiento del destino post-pandemia"},"content":{"rendered":"<p>Para Roberto Cintr\u00f3n la decisi\u00f3n de la asamblea de ratificarlo al frente de la Asociaci\u00f3n de Hoteles de Canc\u00fan, Puerto Morelos e Isla Mujeres es un gran compromiso que le dar\u00e1 oportunidad de terminar el trabajo en el relanzamiento de los destinos despu\u00e9s de la crisis.<\/p>\n<p>En una platica con <em><strong>NITU.mx<\/strong><\/em> Cintr\u00f3n reflexion\u00f3 sobre el momento en el que se vot\u00f3 por su continuidad por un a\u00f1o m\u00e1s, \u201cel \u00fanico que me pregunt\u00f3 si quer\u00eda seguir fue Alex Zozaya, todo se dio de forma muy natural\u201d<\/p>\n<p>Lo cierto es que los \u00faltimos a\u00f1os el Caribe Mexicano se ha enfrentado a retos que nunca antes hab\u00edan sucedido, y en el \u00faltimo a\u00f1o, hubo que \u201cadministrar la pobreza\u201d pero Roberto Cintr\u00f3n no se ha hecho a un lado y manifest\u00f3 su confianza de consolidar la recuperaci\u00f3n en un panorama que tendr\u00e1 que empezar a cambiar tras la aplicaci\u00f3n de millones de dosis de vacunas en los Estados Unidos, principal emisor del destino.<\/p>\n<p>\u201cNo venimos solo de una crisis de la pandemia, venimos de crisis de diversas \u00edndoles, de la inseguridad, un tema bastante fuerte, la crisis del sargazo, hasta llegar al tema del la pandemia en este 2020, llegamos a tener 5 vuelos y eran humanitarios, el cierre de hoteles y adem\u00e1s 3 tormentas en el mismo mes, despu\u00e9s de varios a\u00f1os que no nos pegaban, nos pusieron en una situaci\u00f3n complicada\u201d reflexiona Cintr\u00f3n.<\/p>\n<p>\u201cLo dec\u00eda en la asamblea, lo que nos ha ayudado a salir adelante es el cari\u00f1o que le tenemos a Quintana Roo, a cada destino en lo particular, o a todos. Hemos trabajado de la mano y hemos logrado cosas muy interesantes\u201d.<\/p>\n<p>Dentro de los compromisos para esta nueva etapa y como parte de la continuidad al frente de la AHC, Cintr\u00f3n, asegur\u00f3 que buscar\u00e1 reforzar la campa\u00f1a que se ha implementado con \u00e9xito, el Canc\u00fanX2, habr\u00e1 que consolidarla y mantener al destino en el \u201ctop of mind\u201d para que a la hora que la intenci\u00f3n de viaje aumente, no se olviden del Caribe Mexicano.<\/p>\n<p>En la pl\u00e1tica con <strong><em>NITU.mx<\/em><\/strong> el l\u00edder hotelero dej\u00f3 en claro que se deber\u00e1 seguir con los protocolos de salud, hay que seguirse cuidando a pesar de las vacunas, los turistas apreciar\u00e1n llegar a un lugar que cuida de su salud, dijo que los protocolos implementados les han costado mucho trabajo y dinero a lo que finalmente debe sac\u00e1rsele provecho.<\/p>\n<p>\u201cEl mercado nacional es el primero que regresa, en la influenza por ejemplo, despu\u00e9s de las torres gemelas, fue el primer turismo que reaccion\u00f3, ahora no ha sido la excepci\u00f3n. Contin\u00faa el mercado nacional bastante bien, sin embargo, las econom\u00edas de los pa\u00edses ser\u00e1 lo que dicte a final de cuentas quien vendr\u00e1 y quien no.<\/p>\n<p>Nuestros principales alimentadores nacionales CDMX y Monterrey regresaron a sem\u00e1foro rojo, y eso nos afect\u00f3, desincentiv\u00f3\u00a0los viajes, necesitamos que las circunstancias mejoren y esperamos que la mayor\u00eda este vacunado para el verano.<\/p>\n<p><strong>Secretar\u00eda de turismo <\/strong><\/p>\n<p>A pregunta expresa de <em><strong>NITU.mx<\/strong><\/em> sobre la confianza que tiene el sector en el trabajo de la Secretar\u00eda \u00a0 de Turismo a nivel federal, el hotelero acept\u00f3 que si hay des\u00e1nimo, pero lo atribuy\u00f3 a la mala comunicaci\u00f3n \u201cha fallado en la forma de comunicar, debe ser m\u00e1s directa, no tan formal como se ha pretendido hacer, se han hecho algunas cosas a favor del turismo, pero lo que ha fallado es la forma de comunicar al gremio, si no logramos esa comunicaci\u00f3n no vamos a lograr mucho\u201d. (<a title=\"Ratifican a Roberto Cintr\u00f3n como presidente de los hoteleros de Canc\u00fan\" href=\"https:\/\/www.dev.nitu.mx\/index.php\/2021\/02\/18\/ratifican-a-roberto-cintron-como-presidente-de-los-hoteleros-de-cancun\/\" rel=\"bookmark\">Ratifican a Roberto Cintr\u00f3n como presidente de los hoteleros de Canc\u00fan<\/a>).<\/p>\n<p><strong>Su Hotel Flamingo<\/strong><\/p>\n<p>Cuestionado acerca de su trabajo profesional al frente del hotel Flamingo, Roberto Cintr\u00f3n fue claro al decir que sin el apoyo de su planta laboral no hubiera sido posible, \u201cha sido muy dif\u00edcil, nos toc\u00f3 decir la situaci\u00f3n como era, y no es f\u00e1cil, comunicar como \u00edbamos a proceder, que medidas habr\u00eda que tomar para no perder empleos, es dif\u00edcil, se han recortado gastos, tratando de no afectar al cliente, se han tenido que recurrir a los permisos sin goce, pero al final, estoy contento porque si algo tenemos es un cari\u00f1o absoluto de los trabajadores hacia el hotel y sus compa\u00f1eros, han entendido la situaci\u00f3n perfectamente y nos han apoyado, nunca se hab\u00eda cerrado el hotel 3 meses, 2 o 3 d\u00edas en caso de un hurac\u00e1n, pero nada parecido\u201d.<\/p>\n<p>Al final de la charla con <em><strong>NITU.mx,<\/strong><\/em> Roberto Cintr\u00f3n dijo: \u201cesperamos un buen verano, no se ven cancelaciones de vacaciones ni de vuelos desde los EUA, al contrario, cada d\u00eda hay m\u00e1s. Hay que recordar que no somos el \u00fanico destino, est\u00e1n Dominicana, Cuba, y las Islas como Jamaica, por lo que habr\u00e1 que hacer grandes campa\u00f1as para poder atraer a la mayor cantidad de viajeros\u201d.<\/p>\n<p>En cuanto al tema de la vacunaci\u00f3n, dijo que, \u201cestar\u00edamos pensando \u00a0incluso en promover alg\u00fan descuento para qui\u00e9n nos confirme que ya est\u00e1 vacunado, es decir, estimular la vacunaci\u00f3n. En ese mismo sentido y como lo inform\u00f3 <em><strong>NITU.mx<\/strong> <\/em>en su momento, la AHC est\u00e1 gestionando, hoy de la mano con el gobernador Carlos Joaqu\u00edn, el poder comprar vacunas para los miembros del sector y poder cuidar y proteger a los trabajadores y sus familias\u201d.<br \/>\n<iframe loading=\"lazy\" style=\"border: none; overflow: hidden;\" src=\"https:\/\/www.facebook.com\/plugins\/video.php?height=314&amp;href=https%3A%2F%2Fwww.facebook.com%2FNITUmx%2Fvideos%2F289122169306247%2F&amp;show_text=false&amp;width=560\" width=\"560\" height=\"314\" frameborder=\"0\" scrolling=\"no\" allowfullscreen=\"allowfullscreen\"><\/iframe><\/p>\n","protected":false},"excerpt":{"rendered":"<p>Para Roberto Cintr\u00f3n la decisi\u00f3n de la asamblea de ratificarlo al frente de la Asociaci\u00f3n de Hoteles de Canc\u00fan, Puerto Morelos e Isla Mujeres es un gran compromiso que le dar\u00e1 oportunidad de terminar el trabajo en el relanzamiento de los destinos despu\u00e9s de la crisis. En una platica con NITU.mx Cintr\u00f3n reflexion\u00f3 sobre el [&hellip;]<\/p>\n","protected":false},"author":2,"featured_media":50631,"comment_status":"open","ping_status":"open","sticky":false,"template":"","format":"standard","meta":{"footnotes":""},"categories":[2],"tags":[21721,1212,21720,1130],"yoast_head":"<!-- This site is optimized with the Yoast SEO plugin v22.2 - https:\/\/yoast.com\/wordpress\/plugins\/seo\/ -->\n<title>#caraAcara El reto para Roberto Cintr\u00f3n consolidar el relanzamiento del destino post-pandemia - Nitu - Noticias de la Industria Turistica<\/title>\n<meta name=\"robots\" content=\"index, follow, max-snippet:-1, max-image-preview:large, max-video-preview:-1\" \/>\n<link rel=\"canonical\" href=\"https:\/\/nitu.mx\/index.php\/2021\/02\/27\/caraacara-el-reto-para-roberto-cintron-consolidar-el-relanzamiento-del-destino-post-pandemia\/\" \/>\n<meta name=\"twitter:card\" content=\"summary_large_image\" \/>\n<meta name=\"twitter:title\" content=\"#caraAcara El reto para Roberto Cintr\u00f3n consolidar el relanzamiento del destino post-pandemia - Nitu - Noticias de la Industria Turistica\" \/>\n<meta name=\"twitter:description\" content=\"Para Roberto Cintr\u00f3n la decisi\u00f3n de la asamblea de ratificarlo al frente de la Asociaci\u00f3n de Hoteles de Canc\u00fan, Puerto Morelos e Isla Mujeres es un gran compromiso que le dar\u00e1 oportunidad de terminar el trabajo en el relanzamiento de los destinos despu\u00e9s de la crisis. En una platica con NITU.mx Cintr\u00f3n reflexion\u00f3 sobre el [&hellip;]\" \/>\n<meta name=\"twitter:image\" content=\"https:\/\/nitu.mx\/wp-content\/uploads\/2021\/02\/Captura-de-Pantalla-2021-02-26-a-las-22.16.16.png\" \/>\n<meta name=\"twitter:creator\" content=\"@Arturo_Medina_G\" \/>\n<meta name=\"twitter:site\" content=\"@Arturo_Medina_G\" \/>\n<meta name=\"twitter:label1\" content=\"Escrito por\" \/>\n\t<meta name=\"twitter:data1\" content=\"Arturo Medina\" \/>\n\t<meta name=\"twitter:label2\" content=\"Tiempo de lectura\" \/>\n\t<meta name=\"twitter:data2\" content=\"5 minutos\" \/>\n<script type=\"application\/ld+json\" class=\"yoast-schema-graph\">{\"@context\":\"https:\/\/schema.org\",\"@graph\":[{\"@type\":\"Article\",\"@id\":\"https:\/\/nitu.mx\/index.php\/2021\/02\/27\/caraacara-el-reto-para-roberto-cintron-consolidar-el-relanzamiento-del-destino-post-pandemia\/#article\",\"isPartOf\":{\"@id\":\"https:\/\/nitu.mx\/index.php\/2021\/02\/27\/caraacara-el-reto-para-roberto-cintron-consolidar-el-relanzamiento-del-destino-post-pandemia\/\"},\"author\":{\"name\":\"Arturo Medina\",\"@id\":\"https:\/\/nitu.mx\/#\/schema\/person\/ae7a53426417292d3dd07b45a33e01bc\"},\"headline\":\"#caraAcara El reto para Roberto Cintr\u00f3n consolidar el relanzamiento del destino post-pandemia\",\"datePublished\":\"2021-02-27T18:00:47+00:00\",\"dateModified\":\"2021-03-01T05:59:35+00:00\",\"mainEntityOfPage\":{\"@id\":\"https:\/\/nitu.mx\/index.php\/2021\/02\/27\/caraacara-el-reto-para-roberto-cintron-consolidar-el-relanzamiento-del-destino-post-pandemia\/\"},\"wordCount\":941,\"commentCount\":0,\"publisher\":{\"@id\":\"https:\/\/nitu.mx\/#\/schema\/person\/ae7a53426417292d3dd07b45a33e01bc\"},\"image\":{\"@id\":\"https:\/\/nitu.mx\/index.php\/2021\/02\/27\/caraacara-el-reto-para-roberto-cintron-consolidar-el-relanzamiento-del-destino-post-pandemia\/#primaryimage\"},\"thumbnailUrl\":\"https:\/\/nitu.mx\/wp-content\/uploads\/2021\/02\/Captura-de-Pantalla-2021-02-26-a-las-22.16.16.png\",\"keywords\":[\"#caraAcara\",\"Asociaci\u00f3n de Hoteles de Canc\u00fan\",\"IPuerto Morelos e Isla Mujeres\",\"Roberto Cintr\u00f3n\"],\"articleSection\":[\"Hoteles\"],\"inLanguage\":\"es-MX\",\"potentialAction\":[{\"@type\":\"CommentAction\",\"name\":\"Comment\",\"target\":[\"https:\/\/nitu.mx\/index.php\/2021\/02\/27\/caraacara-el-reto-para-roberto-cintron-consolidar-el-relanzamiento-del-destino-post-pandemia\/#respond\"]}]},{\"@type\":\"WebPage\",\"@id\":\"https:\/\/nitu.mx\/index.php\/2021\/02\/27\/caraacara-el-reto-para-roberto-cintron-consolidar-el-relanzamiento-del-destino-post-pandemia\/\",\"url\":\"https:\/\/nitu.mx\/index.php\/2021\/02\/27\/caraacara-el-reto-para-roberto-cintron-consolidar-el-relanzamiento-del-destino-post-pandemia\/\",\"name\":\"#caraAcara El reto para Roberto Cintr\u00f3n consolidar el relanzamiento del destino post-pandemia - Nitu - Noticias de la Industria Turistica\",\"isPartOf\":{\"@id\":\"https:\/\/nitu.mx\/#website\"},\"primaryImageOfPage\":{\"@id\":\"https:\/\/nitu.mx\/index.php\/2021\/02\/27\/caraacara-el-reto-para-roberto-cintron-consolidar-el-relanzamiento-del-destino-post-pandemia\/#primaryimage\"},\"image\":{\"@id\":\"https:\/\/nitu.mx\/index.php\/2021\/02\/27\/caraacara-el-reto-para-roberto-cintron-consolidar-el-relanzamiento-del-destino-post-pandemia\/#primaryimage\"},\"thumbnailUrl\":\"https:\/\/nitu.mx\/wp-content\/uploads\/2021\/02\/Captura-de-Pantalla-2021-02-26-a-las-22.16.16.png\",\"datePublished\":\"2021-02-27T18:00:47+00:00\",\"dateModified\":\"2021-03-01T05:59:35+00:00\",\"breadcrumb\":{\"@id\":\"https:\/\/nitu.mx\/index.php\/2021\/02\/27\/caraacara-el-reto-para-roberto-cintron-consolidar-el-relanzamiento-del-destino-post-pandemia\/#breadcrumb\"},\"inLanguage\":\"es-MX\",\"potentialAction\":[{\"@type\":\"ReadAction\",\"target\":[\"https:\/\/nitu.mx\/index.php\/2021\/02\/27\/caraacara-el-reto-para-roberto-cintron-consolidar-el-relanzamiento-del-destino-post-pandemia\/\"]}]},{\"@type\":\"ImageObject\",\"inLanguage\":\"es-MX\",\"@id\":\"https:\/\/nitu.mx\/index.php\/2021\/02\/27\/caraacara-el-reto-para-roberto-cintron-consolidar-el-relanzamiento-del-destino-post-pandemia\/#primaryimage\",\"url\":\"https:\/\/nitu.mx\/wp-content\/uploads\/2021\/02\/Captura-de-Pantalla-2021-02-26-a-las-22.16.16.png\",\"contentUrl\":\"https:\/\/nitu.mx\/wp-content\/uploads\/2021\/02\/Captura-de-Pantalla-2021-02-26-a-las-22.16.16.png\",\"width\":618,\"height\":346},{\"@type\":\"BreadcrumbList\",\"@id\":\"https:\/\/nitu.mx\/index.php\/2021\/02\/27\/caraacara-el-reto-para-roberto-cintron-consolidar-el-relanzamiento-del-destino-post-pandemia\/#breadcrumb\",\"itemListElement\":[{\"@type\":\"ListItem\",\"position\":1,\"name\":\"Inicio\",\"item\":\"https:\/\/nitu.mx\/\"},{\"@type\":\"ListItem\",\"position\":2,\"name\":\"#caraAcara El reto para Roberto Cintr\u00f3n consolidar el relanzamiento del destino post-pandemia\"}]},{\"@type\":\"WebSite\",\"@id\":\"https:\/\/nitu.mx\/#website\",\"url\":\"https:\/\/nitu.mx\/\",\"name\":\"Nitu - Noticias de la Industria Turistica\",\"description\":\"Noticias de la Industria Turistica\",\"publisher\":{\"@id\":\"https:\/\/nitu.mx\/#\/schema\/person\/ae7a53426417292d3dd07b45a33e01bc\"},\"alternateName\":\"Noticias de la Industria Turistica\",\"potentialAction\":[{\"@type\":\"SearchAction\",\"target\":{\"@type\":\"EntryPoint\",\"urlTemplate\":\"https:\/\/nitu.mx\/?s={search_term_string}\"},\"query-input\":\"required name=search_term_string\"}],\"inLanguage\":\"es-MX\"},{\"@type\":[\"Person\",\"Organization\"],\"@id\":\"https:\/\/nitu.mx\/#\/schema\/person\/ae7a53426417292d3dd07b45a33e01bc\",\"name\":\"Arturo Medina\",\"image\":{\"@type\":\"ImageObject\",\"inLanguage\":\"es-MX\",\"@id\":\"https:\/\/nitu.mx\/#\/schema\/person\/image\/\",\"url\":\"https:\/\/nitu.mx\/wp-content\/uploads\/2024\/04\/4A315622-1904-4D5C-B022-878CDC840E04-90x90-1.jpeg\",\"contentUrl\":\"https:\/\/nitu.mx\/wp-content\/uploads\/2024\/04\/4A315622-1904-4D5C-B022-878CDC840E04-90x90-1.jpeg\",\"width\":90,\"height\":90,\"caption\":\"Arturo Medina\"},\"logo\":{\"@id\":\"https:\/\/nitu.mx\/#\/schema\/person\/image\/\"},\"description\":\"Director NITU.mx, Egresado de la Escuela de Periodismo Carlos Septi\u00e9n Garc\u00eda. Periodista y analista especializado en turismo desde hace 35 a\u00f1os, radicado en Canc\u00fan Q.Roo. arturo@nitu.mx\",\"sameAs\":[\"https:\/\/nitu.mx\",\"https:\/\/www.facebook.com\/NITUmx\/\",\"medinacancun\",\"https:\/\/twitter.com\/@Arturo_Medina_G\"],\"url\":\"https:\/\/nitu.mx\/index.php\/author\/arturo-medina\/\"}]}<\/script>\n<!-- \/ Yoast SEO plugin. -->","yoast_head_json":{"title":"#caraAcara El reto para Roberto Cintr\u00f3n consolidar el relanzamiento del destino post-pandemia - Nitu - Noticias de la Industria Turistica","robots":{"index":"index","follow":"follow","max-snippet":"max-snippet:-1","max-image-preview":"max-image-preview:large","max-video-preview":"max-video-preview:-1"},"canonical":"https:\/\/nitu.mx\/index.php\/2021\/02\/27\/caraacara-el-reto-para-roberto-cintron-consolidar-el-relanzamiento-del-destino-post-pandemia\/","twitter_card":"summary_large_image","twitter_title":"#caraAcara El reto para Roberto Cintr\u00f3n consolidar el relanzamiento del destino post-pandemia - Nitu - Noticias de la Industria Turistica","twitter_description":"Para Roberto Cintr\u00f3n la decisi\u00f3n de la asamblea de ratificarlo al frente de la Asociaci\u00f3n de Hoteles de Canc\u00fan, Puerto Morelos e Isla Mujeres es un gran compromiso que le dar\u00e1 oportunidad de terminar el trabajo en el relanzamiento de los destinos despu\u00e9s de la crisis. En una platica con NITU.mx Cintr\u00f3n reflexion\u00f3 sobre el [&hellip;]","twitter_image":"https:\/\/nitu.mx\/wp-content\/uploads\/2021\/02\/Captura-de-Pantalla-2021-02-26-a-las-22.16.16.png","twitter_creator":"@Arturo_Medina_G","twitter_site":"@Arturo_Medina_G","twitter_misc":{"Escrito por":"Arturo Medina","Tiempo de lectura":"5 minutos"},"schema":{"@context":"https:\/\/schema.org","@graph":[{"@type":"Article","@id":"https:\/\/nitu.mx\/index.php\/2021\/02\/27\/caraacara-el-reto-para-roberto-cintron-consolidar-el-relanzamiento-del-destino-post-pandemia\/#article","isPartOf":{"@id":"https:\/\/nitu.mx\/index.php\/2021\/02\/27\/caraacara-el-reto-para-roberto-cintron-consolidar-el-relanzamiento-del-destino-post-pandemia\/"},"author":{"name":"Arturo Medina","@id":"https:\/\/nitu.mx\/#\/schema\/person\/ae7a53426417292d3dd07b45a33e01bc"},"headline":"#caraAcara El reto para Roberto Cintr\u00f3n consolidar el relanzamiento del destino post-pandemia","datePublished":"2021-02-27T18:00:47+00:00","dateModified":"2021-03-01T05:59:35+00:00","mainEntityOfPage":{"@id":"https:\/\/nitu.mx\/index.php\/2021\/02\/27\/caraacara-el-reto-para-roberto-cintron-consolidar-el-relanzamiento-del-destino-post-pandemia\/"},"wordCount":941,"commentCount":0,"publisher":{"@id":"https:\/\/nitu.mx\/#\/schema\/person\/ae7a53426417292d3dd07b45a33e01bc"},"image":{"@id":"https:\/\/nitu.mx\/index.php\/2021\/02\/27\/caraacara-el-reto-para-roberto-cintron-consolidar-el-relanzamiento-del-destino-post-pandemia\/#primaryimage"},"thumbnailUrl":"https:\/\/nitu.mx\/wp-content\/uploads\/2021\/02\/Captura-de-Pantalla-2021-02-26-a-las-22.16.16.png","keywords":["#caraAcara","Asociaci\u00f3n de Hoteles de Canc\u00fan","IPuerto Morelos e Isla Mujeres","Roberto Cintr\u00f3n"],"articleSection":["Hoteles"],"inLanguage":"es-MX","potentialAction":[{"@type":"CommentAction","name":"Comment","target":["https:\/\/nitu.mx\/index.php\/2021\/02\/27\/caraacara-el-reto-para-roberto-cintron-consolidar-el-relanzamiento-del-destino-post-pandemia\/#respond"]}]},{"@type":"WebPage","@id":"https:\/\/nitu.mx\/index.php\/2021\/02\/27\/caraacara-el-reto-para-roberto-cintron-consolidar-el-relanzamiento-del-destino-post-pandemia\/","url":"https:\/\/nitu.mx\/index.php\/2021\/02\/27\/caraacara-el-reto-para-roberto-cintron-consolidar-el-relanzamiento-del-destino-post-pandemia\/","name":"#caraAcara El reto para Roberto Cintr\u00f3n consolidar el relanzamiento del destino post-pandemia - Nitu - Noticias de la Industria Turistica","isPartOf":{"@id":"https:\/\/nitu.mx\/#website"},"primaryImageOfPage":{"@id":"https:\/\/nitu.mx\/index.php\/2021\/02\/27\/caraacara-el-reto-para-roberto-cintron-consolidar-el-relanzamiento-del-destino-post-pandemia\/#primaryimage"},"image":{"@id":"https:\/\/nitu.mx\/index.php\/2021\/02\/27\/caraacara-el-reto-para-roberto-cintron-consolidar-el-relanzamiento-del-destino-post-pandemia\/#primaryimage"},"thumbnailUrl":"https:\/\/nitu.mx\/wp-content\/uploads\/2021\/02\/Captura-de-Pantalla-2021-02-26-a-las-22.16.16.png","datePublished":"2021-02-27T18:00:47+00:00","dateModified":"2021-03-01T05:59:35+00:00","breadcrumb":{"@id":"https:\/\/nitu.mx\/index.php\/2021\/02\/27\/caraacara-el-reto-para-roberto-cintron-consolidar-el-relanzamiento-del-destino-post-pandemia\/#breadcrumb"},"inLanguage":"es-MX","potentialAction":[{"@type":"ReadAction","target":["https:\/\/nitu.mx\/index.php\/2021\/02\/27\/caraacara-el-reto-para-roberto-cintron-consolidar-el-relanzamiento-del-destino-post-pandemia\/"]}]},{"@type":"ImageObject","inLanguage":"es-MX","@id":"https:\/\/nitu.mx\/index.php\/2021\/02\/27\/caraacara-el-reto-para-roberto-cintron-consolidar-el-relanzamiento-del-destino-post-pandemia\/#primaryimage","url":"https:\/\/nitu.mx\/wp-content\/uploads\/2021\/02\/Captura-de-Pantalla-2021-02-26-a-las-22.16.16.png","contentUrl":"https:\/\/nitu.mx\/wp-content\/uploads\/2021\/02\/Captura-de-Pantalla-2021-02-26-a-las-22.16.16.png","width":618,"height":346},{"@type":"BreadcrumbList","@id":"https:\/\/nitu.mx\/index.php\/2021\/02\/27\/caraacara-el-reto-para-roberto-cintron-consolidar-el-relanzamiento-del-destino-post-pandemia\/#breadcrumb","itemListElement":[{"@type":"ListItem","position":1,"name":"Inicio","item":"https:\/\/nitu.mx\/"},{"@type":"ListItem","position":2,"name":"#caraAcara El reto para Roberto Cintr\u00f3n consolidar el relanzamiento del destino post-pandemia"}]},{"@type":"WebSite","@id":"https:\/\/nitu.mx\/#website","url":"https:\/\/nitu.mx\/","name":"Nitu - Noticias de la Industria Turistica","description":"Noticias de la Industria Turistica","publisher":{"@id":"https:\/\/nitu.mx\/#\/schema\/person\/ae7a53426417292d3dd07b45a33e01bc"},"alternateName":"Noticias de la Industria Turistica","potentialAction":[{"@type":"SearchAction","target":{"@type":"EntryPoint","urlTemplate":"https:\/\/nitu.mx\/?s={search_term_string}"},"query-input":"required name=search_term_string"}],"inLanguage":"es-MX"},{"@type":["Person","Organization"],"@id":"https:\/\/nitu.mx\/#\/schema\/person\/ae7a53426417292d3dd07b45a33e01bc","name":"Arturo Medina","image":{"@type":"ImageObject","inLanguage":"es-MX","@id":"https:\/\/nitu.mx\/#\/schema\/person\/image\/","url":"https:\/\/nitu.mx\/wp-content\/uploads\/2024\/04\/4A315622-1904-4D5C-B022-878CDC840E04-90x90-1.jpeg","contentUrl":"https:\/\/nitu.mx\/wp-content\/uploads\/2024\/04\/4A315622-1904-4D5C-B022-878CDC840E04-90x90-1.jpeg","width":90,"height":90,"caption":"Arturo Medina"},"logo":{"@id":"https:\/\/nitu.mx\/#\/schema\/person\/image\/"},"description":"Director NITU.mx, Egresado de la Escuela de Periodismo Carlos Septi\u00e9n Garc\u00eda. Periodista y analista especializado en turismo desde hace 35 a\u00f1os, radicado en Canc\u00fan Q.Roo. arturo@nitu.mx","sameAs":["https:\/\/nitu.mx","https:\/\/www.facebook.com\/NITUmx\/","medinacancun","https:\/\/twitter.com\/@Arturo_Medina_G"],"url":"https:\/\/nitu.mx\/index.php\/author\/arturo-medina\/"}]}},"views":453,"_links":{"self":[{"href":"https:\/\/nitu.mx\/index.php\/wp-json\/wp\/v2\/posts\/50630"}],"collection":[{"href":"https:\/\/nitu.mx\/index.php\/wp-json\/wp\/v2\/posts"}],"about":[{"href":"https:\/\/nitu.mx\/index.php\/wp-json\/wp\/v2\/types\/post"}],"author":[{"embeddable":true,"href":"https:\/\/nitu.mx\/index.php\/wp-json\/wp\/v2\/users\/2"}],"replies":[{"embeddable":true,"href":"https:\/\/nitu.mx\/index.php\/wp-json\/wp\/v2\/comments?post=50630"}],"version-history":[{"count":5,"href":"https:\/\/nitu.mx\/index.php\/wp-json\/wp\/v2\/posts\/50630\/revisions"}],"predecessor-version":[{"id":50657,"href":"https:\/\/nitu.mx\/index.php\/wp-json\/wp\/v2\/posts\/50630\/revisions\/50657"}],"wp:featuredmedia":[{"embeddable":true,"href":"https:\/\/nitu.mx\/index.php\/wp-json\/wp\/v2\/media\/50631"}],"wp:attachment":[{"href":"https:\/\/nitu.mx\/index.php\/wp-json\/wp\/v2\/media?parent=50630"}],"wp:term":[{"taxonomy":"category","embeddable":true,"href":"https:\/\/nitu.mx\/index.php\/wp-json\/wp\/v2\/categories?post=50630"},{"taxonomy":"post_tag","embeddable":true,"href":"https:\/\/nitu.mx\/index.php\/wp-json\/wp\/v2\/tags?post=50630"}],"curies":[{"name":"wp","href":"https:\/\/api.w.org\/{rel}","templated":true}]}}