{"id":50613,"date":"2021-02-26T01:12:46","date_gmt":"2021-02-26T06:12:46","guid":{"rendered":"https:\/\/www.dev.nitu.mx\/?p=50613"},"modified":"2021-02-26T01:20:35","modified_gmt":"2021-02-26T06:20:35","slug":"tren-maya-y-aeropuerto-de-tulum-operaran-en-2023-asegura-amlo","status":"publish","type":"post","link":"https:\/\/nitu.mx\/index.php\/2021\/02\/26\/tren-maya-y-aeropuerto-de-tulum-operaran-en-2023-asegura-amlo\/","title":{"rendered":"Tren Maya y Aeropuerto de Tulum operar\u00e1n en 2023, asegura AMLO"},"content":{"rendered":"<p>El Presidente de M\u00e9xico, Andr\u00e9s Manuel L\u00f3pez Obrador, asegur\u00f3 hoy que el proyecto del Tren Maya operar\u00e1 en la entidad y en la Pen\u00ednsula en 2023, a\u00f1o en el que, prometi\u00f3, tambi\u00e9n iniciar\u00e1 funciones el Aeropuerto Internacional de Tulum.<\/p>\n<p>En su acostumbrada conferencia ma\u00f1anera, el titular del Ejecutivo Federal, reiter\u00f3 que el proyecto del Tren Maya ser\u00e1 un hecho en ese a\u00f1o y tambi\u00e9n dijo que la terminal a\u00e9rea de Tulum, a\u00f1ejo proyecto en el imaginario quintanarroense, tambi\u00e9n lo ser\u00e1.<\/p>\n<p>Dicho aeropuerto ha sido parte de los planes de infraestructura de Quintana Roo, desde hace m\u00e1s de 10 a\u00f1os, incluso desde la gesti\u00f3n de F\u00e9lix Gonz\u00e1lez Canto, lo que gener\u00f3 en su momento una gran especulaci\u00f3n de terrenos.<\/p>\n<p>Sobre el Tren Maya, abund\u00f3, refiri\u00e9ndose al tramo Tulum-Canc\u00fan, que va a ser de 120 kil\u00f3metros y que ser\u00e1 el de menor extensi\u00f3n.<\/p>\n<p>Precis\u00f3, sobre el tema, que dicho tramo ser\u00e1 en el derecho de v\u00eda de la actual carretera entre ambos puntos (en medio de la carretera) y dijo que prev\u00e9n terminar en sus dos sentidos (de ida y de vuelta) \u201cen un a\u00f1o a m\u00e1s tardar\u201d (2022).<\/p>\n<p>\u201cSi empezamos en marzo de 2021, que es lo que quiero, lo terminaremos en marzo de 2022\u201d, proyect\u00f3.<\/p>\n<p>A\u00f1adi\u00f3 que, de esos dos sentidos del tramo, decidieron hacer uno que llamar\u00e1n Canc\u00fan sur, que va de Tulum a Playa del Carmen. \u201cY ah\u00ed no hay tanto problema, no hay tantas instalaciones tur\u00edsticas, hoteles y dem\u00e1s, entonces, ese tramo ya se licit\u00f3 y va a estar a cargo de la empresa Grupo M\u00e9xico. \u201cY le estamos haciendo la recomendaci\u00f3n (a Grupo M\u00e9xico) de que son como 22 o 25 kil\u00f3metros los que le corresponden, que se apliquen\u201d, indic\u00f3.<\/p>\n<p>Sobre el resto de ese tramo que comprender\u00eda unos 100 kil\u00f3metros y \u201cque es el m\u00e1s dif\u00edcil, porque no queremos causar molestias para no afectar al turismo y hacerlo lo mejor posible, lo va a construir el Ej\u00e9rcito, los ingenieros militares. \u201cEs el tramo de Playa del Carmen a Canc\u00fan y va a tener su terminal en el aeropuerto (de Canc\u00fan) y tendr\u00e1 un ramal al centro de Canc\u00fan, pero esto lo estamos analizando, porque tenemos que terminar a tiempo\u201d, explic\u00f3.<\/p>\n<p>L\u00f3pez Obrador agreg\u00f3 igualmente que est\u00e1n por resolver lo de la adquisici\u00f3n de los trenes, pues no es algo que pueda lograrse de un d\u00eda para otro, pero van a ser distintos trenes, pues va a haber para carga, para pasajeros y turistas.<\/p>\n<p>A pregunta de la prensa sobre d\u00f3nde estar\u00e1 el taller de ese proyecto, que se ha se\u00f1alado en m\u00faltiples ocasiones que estar\u00eda en Chetumal, el Presidente explic\u00f3 que est\u00e1n por resolver ese asunto.<\/p>\n<p>De tal manera, podr\u00eda, s\u00ed, estar en la capital quintanarroense, pero tambi\u00e9n podr\u00eda ser establecido en Canc\u00fan, o en Esc\u00e1rcega, Campeche. (Radio F\u00f3rmula).<\/p>\n","protected":false},"excerpt":{"rendered":"<p>El Presidente de M\u00e9xico, Andr\u00e9s Manuel L\u00f3pez Obrador, asegur\u00f3 hoy que el proyecto del Tren Maya operar\u00e1 en la entidad y en la Pen\u00ednsula en 2023, a\u00f1o en el que, prometi\u00f3, tambi\u00e9n iniciar\u00e1 funciones el Aeropuerto Internacional de Tulum. En su acostumbrada conferencia ma\u00f1anera, el titular del Ejecutivo Federal, reiter\u00f3 que el proyecto del Tren [&hellip;]<\/p>\n","protected":false},"author":17,"featured_media":26842,"comment_status":"open","ping_status":"open","sticky":false,"template":"","format":"standard","meta":{"footnotes":""},"categories":[5,6],"tags":[21714,3083,21712,11427],"yoast_head":"<!-- This site is optimized with the Yoast SEO plugin v22.2 - https:\/\/yoast.com\/wordpress\/plugins\/seo\/ -->\n<title>Tren Maya y Aeropuerto de Tulum operar\u00e1n en 2023, asegura AMLO - Nitu - Noticias de la Industria Turistica<\/title>\n<meta name=\"robots\" content=\"index, follow, max-snippet:-1, max-image-preview:large, max-video-preview:-1\" \/>\n<link rel=\"canonical\" href=\"https:\/\/nitu.mx\/index.php\/2021\/02\/26\/tren-maya-y-aeropuerto-de-tulum-operaran-en-2023-asegura-amlo\/\" \/>\n<meta name=\"twitter:card\" content=\"summary_large_image\" \/>\n<meta name=\"twitter:title\" content=\"Tren Maya y Aeropuerto de Tulum operar\u00e1n en 2023, asegura AMLO - Nitu - Noticias de la Industria Turistica\" \/>\n<meta name=\"twitter:description\" content=\"El Presidente de M\u00e9xico, Andr\u00e9s Manuel L\u00f3pez Obrador, asegur\u00f3 hoy que el proyecto del Tren Maya operar\u00e1 en la entidad y en la Pen\u00ednsula en 2023, a\u00f1o en el que, prometi\u00f3, tambi\u00e9n iniciar\u00e1 funciones el Aeropuerto Internacional de Tulum. En su acostumbrada conferencia ma\u00f1anera, el titular del Ejecutivo Federal, reiter\u00f3 que el proyecto del Tren [&hellip;]\" \/>\n<meta name=\"twitter:image\" content=\"https:\/\/nitu.mx\/wp-content\/uploads\/2018\/11\/tren-maya-amlo-1.jpg\" \/>\n<meta name=\"twitter:creator\" content=\"@NITUmx\" \/>\n<meta name=\"twitter:site\" content=\"@Arturo_Medina_G\" \/>\n<meta name=\"twitter:label1\" content=\"Escrito por\" \/>\n\t<meta name=\"twitter:data1\" content=\"Redacci\u00f3n\" \/>\n\t<meta name=\"twitter:label2\" content=\"Tiempo de lectura\" \/>\n\t<meta name=\"twitter:data2\" content=\"3 minutos\" \/>\n<script type=\"application\/ld+json\" class=\"yoast-schema-graph\">{\"@context\":\"https:\/\/schema.org\",\"@graph\":[{\"@type\":\"Article\",\"@id\":\"https:\/\/nitu.mx\/index.php\/2021\/02\/26\/tren-maya-y-aeropuerto-de-tulum-operaran-en-2023-asegura-amlo\/#article\",\"isPartOf\":{\"@id\":\"https:\/\/nitu.mx\/index.php\/2021\/02\/26\/tren-maya-y-aeropuerto-de-tulum-operaran-en-2023-asegura-amlo\/\"},\"author\":{\"name\":\"Redacci\u00f3n\",\"@id\":\"https:\/\/nitu.mx\/#\/schema\/person\/4a28fe9bd65924f7c90623773daf1b0b\"},\"headline\":\"Tren Maya y Aeropuerto de Tulum operar\u00e1n en 2023, asegura AMLO\",\"datePublished\":\"2021-02-26T06:12:46+00:00\",\"dateModified\":\"2021-02-26T06:20:35+00:00\",\"mainEntityOfPage\":{\"@id\":\"https:\/\/nitu.mx\/index.php\/2021\/02\/26\/tren-maya-y-aeropuerto-de-tulum-operaran-en-2023-asegura-amlo\/\"},\"wordCount\":524,\"commentCount\":0,\"publisher\":{\"@id\":\"https:\/\/nitu.mx\/#\/schema\/person\/ae7a53426417292d3dd07b45a33e01bc\"},\"image\":{\"@id\":\"https:\/\/nitu.mx\/index.php\/2021\/02\/26\/tren-maya-y-aeropuerto-de-tulum-operaran-en-2023-asegura-amlo\/#primaryimage\"},\"thumbnailUrl\":\"https:\/\/nitu.mx\/wp-content\/uploads\/2018\/11\/tren-maya-amlo-1.jpg\",\"keywords\":[\"Aeropuerto Internacional de Tulum\",\"Andr\u00e9s Manuel L\u00f3pez Obrador\",\"Pen\u00ednsula\",\"Tren Maya\"],\"articleSection\":[\"Destinos\",\"M\u00e9xico\"],\"inLanguage\":\"es-MX\",\"potentialAction\":[{\"@type\":\"CommentAction\",\"name\":\"Comment\",\"target\":[\"https:\/\/nitu.mx\/index.php\/2021\/02\/26\/tren-maya-y-aeropuerto-de-tulum-operaran-en-2023-asegura-amlo\/#respond\"]}]},{\"@type\":\"WebPage\",\"@id\":\"https:\/\/nitu.mx\/index.php\/2021\/02\/26\/tren-maya-y-aeropuerto-de-tulum-operaran-en-2023-asegura-amlo\/\",\"url\":\"https:\/\/nitu.mx\/index.php\/2021\/02\/26\/tren-maya-y-aeropuerto-de-tulum-operaran-en-2023-asegura-amlo\/\",\"name\":\"Tren Maya y Aeropuerto de Tulum operar\u00e1n en 2023, asegura AMLO - Nitu - Noticias de la Industria Turistica\",\"isPartOf\":{\"@id\":\"https:\/\/nitu.mx\/#website\"},\"primaryImageOfPage\":{\"@id\":\"https:\/\/nitu.mx\/index.php\/2021\/02\/26\/tren-maya-y-aeropuerto-de-tulum-operaran-en-2023-asegura-amlo\/#primaryimage\"},\"image\":{\"@id\":\"https:\/\/nitu.mx\/index.php\/2021\/02\/26\/tren-maya-y-aeropuerto-de-tulum-operaran-en-2023-asegura-amlo\/#primaryimage\"},\"thumbnailUrl\":\"https:\/\/nitu.mx\/wp-content\/uploads\/2018\/11\/tren-maya-amlo-1.jpg\",\"datePublished\":\"2021-02-26T06:12:46+00:00\",\"dateModified\":\"2021-02-26T06:20:35+00:00\",\"breadcrumb\":{\"@id\":\"https:\/\/nitu.mx\/index.php\/2021\/02\/26\/tren-maya-y-aeropuerto-de-tulum-operaran-en-2023-asegura-amlo\/#breadcrumb\"},\"inLanguage\":\"es-MX\",\"potentialAction\":[{\"@type\":\"ReadAction\",\"target\":[\"https:\/\/nitu.mx\/index.php\/2021\/02\/26\/tren-maya-y-aeropuerto-de-tulum-operaran-en-2023-asegura-amlo\/\"]}]},{\"@type\":\"ImageObject\",\"inLanguage\":\"es-MX\",\"@id\":\"https:\/\/nitu.mx\/index.php\/2021\/02\/26\/tren-maya-y-aeropuerto-de-tulum-operaran-en-2023-asegura-amlo\/#primaryimage\",\"url\":\"https:\/\/nitu.mx\/wp-content\/uploads\/2018\/11\/tren-maya-amlo-1.jpg\",\"contentUrl\":\"https:\/\/nitu.mx\/wp-content\/uploads\/2018\/11\/tren-maya-amlo-1.jpg\",\"width\":850,\"height\":480,\"caption\":\"Tren maya\"},{\"@type\":\"BreadcrumbList\",\"@id\":\"https:\/\/nitu.mx\/index.php\/2021\/02\/26\/tren-maya-y-aeropuerto-de-tulum-operaran-en-2023-asegura-amlo\/#breadcrumb\",\"itemListElement\":[{\"@type\":\"ListItem\",\"position\":1,\"name\":\"Inicio\",\"item\":\"https:\/\/nitu.mx\/\"},{\"@type\":\"ListItem\",\"position\":2,\"name\":\"Tren Maya y Aeropuerto de Tulum operar\u00e1n en 2023, asegura AMLO\"}]},{\"@type\":\"WebSite\",\"@id\":\"https:\/\/nitu.mx\/#website\",\"url\":\"https:\/\/nitu.mx\/\",\"name\":\"Nitu - Noticias de la Industria Turistica\",\"description\":\"Noticias de la Industria Turistica\",\"publisher\":{\"@id\":\"https:\/\/nitu.mx\/#\/schema\/person\/ae7a53426417292d3dd07b45a33e01bc\"},\"alternateName\":\"Noticias de la Industria Turistica\",\"potentialAction\":[{\"@type\":\"SearchAction\",\"target\":{\"@type\":\"EntryPoint\",\"urlTemplate\":\"https:\/\/nitu.mx\/?s={search_term_string}\"},\"query-input\":\"required name=search_term_string\"}],\"inLanguage\":\"es-MX\"},{\"@type\":[\"Person\",\"Organization\"],\"@id\":\"https:\/\/nitu.mx\/#\/schema\/person\/ae7a53426417292d3dd07b45a33e01bc\",\"name\":\"Arturo Medina\",\"image\":{\"@type\":\"ImageObject\",\"inLanguage\":\"es-MX\",\"@id\":\"https:\/\/nitu.mx\/#\/schema\/person\/image\/\",\"url\":\"https:\/\/nitu.mx\/wp-content\/uploads\/2024\/04\/4A315622-1904-4D5C-B022-878CDC840E04-90x90-1.jpeg\",\"contentUrl\":\"https:\/\/nitu.mx\/wp-content\/uploads\/2024\/04\/4A315622-1904-4D5C-B022-878CDC840E04-90x90-1.jpeg\",\"width\":90,\"height\":90,\"caption\":\"Arturo Medina\"},\"logo\":{\"@id\":\"https:\/\/nitu.mx\/#\/schema\/person\/image\/\"},\"description\":\"Director NITU.mx, Egresado de la Escuela de Periodismo Carlos Septi\u00e9n Garc\u00eda. Periodista y analista especializado en turismo desde hace 35 a\u00f1os, radicado en Canc\u00fan Q.Roo. arturo@nitu.mx\",\"sameAs\":[\"https:\/\/nitu.mx\",\"https:\/\/www.facebook.com\/NITUmx\/\",\"medinacancun\",\"https:\/\/twitter.com\/@Arturo_Medina_G\"]},{\"@type\":\"Person\",\"@id\":\"https:\/\/nitu.mx\/#\/schema\/person\/4a28fe9bd65924f7c90623773daf1b0b\",\"name\":\"Redacci\u00f3n\",\"image\":{\"@type\":\"ImageObject\",\"inLanguage\":\"es-MX\",\"@id\":\"https:\/\/nitu.mx\/#\/schema\/person\/image\/\",\"url\":\"https:\/\/secure.gravatar.com\/avatar\/5dd011c8ccfc5cd7e4c81e42252aab38?s=96&d=mm&r=g\",\"contentUrl\":\"https:\/\/secure.gravatar.com\/avatar\/5dd011c8ccfc5cd7e4c81e42252aab38?s=96&d=mm&r=g\",\"caption\":\"Redacci\u00f3n\"},\"url\":\"https:\/\/nitu.mx\/index.php\/author\/redaccion\/\"}]}<\/script>\n<!-- \/ Yoast SEO plugin. -->","yoast_head_json":{"title":"Tren Maya y Aeropuerto de Tulum operar\u00e1n en 2023, asegura AMLO - Nitu - Noticias de la Industria Turistica","robots":{"index":"index","follow":"follow","max-snippet":"max-snippet:-1","max-image-preview":"max-image-preview:large","max-video-preview":"max-video-preview:-1"},"canonical":"https:\/\/nitu.mx\/index.php\/2021\/02\/26\/tren-maya-y-aeropuerto-de-tulum-operaran-en-2023-asegura-amlo\/","twitter_card":"summary_large_image","twitter_title":"Tren Maya y Aeropuerto de Tulum operar\u00e1n en 2023, asegura AMLO - Nitu - Noticias de la Industria Turistica","twitter_description":"El Presidente de M\u00e9xico, Andr\u00e9s Manuel L\u00f3pez Obrador, asegur\u00f3 hoy que el proyecto del Tren Maya operar\u00e1 en la entidad y en la Pen\u00ednsula en 2023, a\u00f1o en el que, prometi\u00f3, tambi\u00e9n iniciar\u00e1 funciones el Aeropuerto Internacional de Tulum. En su acostumbrada conferencia ma\u00f1anera, el titular del Ejecutivo Federal, reiter\u00f3 que el proyecto del Tren [&hellip;]","twitter_image":"https:\/\/nitu.mx\/wp-content\/uploads\/2018\/11\/tren-maya-amlo-1.jpg","twitter_creator":"@NITUmx","twitter_site":"@Arturo_Medina_G","twitter_misc":{"Escrito por":"Redacci\u00f3n","Tiempo de lectura":"3 minutos"},"schema":{"@context":"https:\/\/schema.org","@graph":[{"@type":"Article","@id":"https:\/\/nitu.mx\/index.php\/2021\/02\/26\/tren-maya-y-aeropuerto-de-tulum-operaran-en-2023-asegura-amlo\/#article","isPartOf":{"@id":"https:\/\/nitu.mx\/index.php\/2021\/02\/26\/tren-maya-y-aeropuerto-de-tulum-operaran-en-2023-asegura-amlo\/"},"author":{"name":"Redacci\u00f3n","@id":"https:\/\/nitu.mx\/#\/schema\/person\/4a28fe9bd65924f7c90623773daf1b0b"},"headline":"Tren Maya y Aeropuerto de Tulum operar\u00e1n en 2023, asegura AMLO","datePublished":"2021-02-26T06:12:46+00:00","dateModified":"2021-02-26T06:20:35+00:00","mainEntityOfPage":{"@id":"https:\/\/nitu.mx\/index.php\/2021\/02\/26\/tren-maya-y-aeropuerto-de-tulum-operaran-en-2023-asegura-amlo\/"},"wordCount":524,"commentCount":0,"publisher":{"@id":"https:\/\/nitu.mx\/#\/schema\/person\/ae7a53426417292d3dd07b45a33e01bc"},"image":{"@id":"https:\/\/nitu.mx\/index.php\/2021\/02\/26\/tren-maya-y-aeropuerto-de-tulum-operaran-en-2023-asegura-amlo\/#primaryimage"},"thumbnailUrl":"https:\/\/nitu.mx\/wp-content\/uploads\/2018\/11\/tren-maya-amlo-1.jpg","keywords":["Aeropuerto Internacional de Tulum","Andr\u00e9s Manuel L\u00f3pez Obrador","Pen\u00ednsula","Tren Maya"],"articleSection":["Destinos","M\u00e9xico"],"inLanguage":"es-MX","potentialAction":[{"@type":"CommentAction","name":"Comment","target":["https:\/\/nitu.mx\/index.php\/2021\/02\/26\/tren-maya-y-aeropuerto-de-tulum-operaran-en-2023-asegura-amlo\/#respond"]}]},{"@type":"WebPage","@id":"https:\/\/nitu.mx\/index.php\/2021\/02\/26\/tren-maya-y-aeropuerto-de-tulum-operaran-en-2023-asegura-amlo\/","url":"https:\/\/nitu.mx\/index.php\/2021\/02\/26\/tren-maya-y-aeropuerto-de-tulum-operaran-en-2023-asegura-amlo\/","name":"Tren Maya y Aeropuerto de Tulum operar\u00e1n en 2023, asegura AMLO - Nitu - Noticias de la Industria Turistica","isPartOf":{"@id":"https:\/\/nitu.mx\/#website"},"primaryImageOfPage":{"@id":"https:\/\/nitu.mx\/index.php\/2021\/02\/26\/tren-maya-y-aeropuerto-de-tulum-operaran-en-2023-asegura-amlo\/#primaryimage"},"image":{"@id":"https:\/\/nitu.mx\/index.php\/2021\/02\/26\/tren-maya-y-aeropuerto-de-tulum-operaran-en-2023-asegura-amlo\/#primaryimage"},"thumbnailUrl":"https:\/\/nitu.mx\/wp-content\/uploads\/2018\/11\/tren-maya-amlo-1.jpg","datePublished":"2021-02-26T06:12:46+00:00","dateModified":"2021-02-26T06:20:35+00:00","breadcrumb":{"@id":"https:\/\/nitu.mx\/index.php\/2021\/02\/26\/tren-maya-y-aeropuerto-de-tulum-operaran-en-2023-asegura-amlo\/#breadcrumb"},"inLanguage":"es-MX","potentialAction":[{"@type":"ReadAction","target":["https:\/\/nitu.mx\/index.php\/2021\/02\/26\/tren-maya-y-aeropuerto-de-tulum-operaran-en-2023-asegura-amlo\/"]}]},{"@type":"ImageObject","inLanguage":"es-MX","@id":"https:\/\/nitu.mx\/index.php\/2021\/02\/26\/tren-maya-y-aeropuerto-de-tulum-operaran-en-2023-asegura-amlo\/#primaryimage","url":"https:\/\/nitu.mx\/wp-content\/uploads\/2018\/11\/tren-maya-amlo-1.jpg","contentUrl":"https:\/\/nitu.mx\/wp-content\/uploads\/2018\/11\/tren-maya-amlo-1.jpg","width":850,"height":480,"caption":"Tren maya"},{"@type":"BreadcrumbList","@id":"https:\/\/nitu.mx\/index.php\/2021\/02\/26\/tren-maya-y-aeropuerto-de-tulum-operaran-en-2023-asegura-amlo\/#breadcrumb","itemListElement":[{"@type":"ListItem","position":1,"name":"Inicio","item":"https:\/\/nitu.mx\/"},{"@type":"ListItem","position":2,"name":"Tren Maya y Aeropuerto de Tulum operar\u00e1n en 2023, asegura AMLO"}]},{"@type":"WebSite","@id":"https:\/\/nitu.mx\/#website","url":"https:\/\/nitu.mx\/","name":"Nitu - Noticias de la Industria Turistica","description":"Noticias de la Industria Turistica","publisher":{"@id":"https:\/\/nitu.mx\/#\/schema\/person\/ae7a53426417292d3dd07b45a33e01bc"},"alternateName":"Noticias de la Industria Turistica","potentialAction":[{"@type":"SearchAction","target":{"@type":"EntryPoint","urlTemplate":"https:\/\/nitu.mx\/?s={search_term_string}"},"query-input":"required name=search_term_string"}],"inLanguage":"es-MX"},{"@type":["Person","Organization"],"@id":"https:\/\/nitu.mx\/#\/schema\/person\/ae7a53426417292d3dd07b45a33e01bc","name":"Arturo Medina","image":{"@type":"ImageObject","inLanguage":"es-MX","@id":"https:\/\/nitu.mx\/#\/schema\/person\/image\/","url":"https:\/\/nitu.mx\/wp-content\/uploads\/2024\/04\/4A315622-1904-4D5C-B022-878CDC840E04-90x90-1.jpeg","contentUrl":"https:\/\/nitu.mx\/wp-content\/uploads\/2024\/04\/4A315622-1904-4D5C-B022-878CDC840E04-90x90-1.jpeg","width":90,"height":90,"caption":"Arturo Medina"},"logo":{"@id":"https:\/\/nitu.mx\/#\/schema\/person\/image\/"},"description":"Director NITU.mx, Egresado de la Escuela de Periodismo Carlos Septi\u00e9n Garc\u00eda. Periodista y analista especializado en turismo desde hace 35 a\u00f1os, radicado en Canc\u00fan Q.Roo. arturo@nitu.mx","sameAs":["https:\/\/nitu.mx","https:\/\/www.facebook.com\/NITUmx\/","medinacancun","https:\/\/twitter.com\/@Arturo_Medina_G"]},{"@type":"Person","@id":"https:\/\/nitu.mx\/#\/schema\/person\/4a28fe9bd65924f7c90623773daf1b0b","name":"Redacci\u00f3n","image":{"@type":"ImageObject","inLanguage":"es-MX","@id":"https:\/\/nitu.mx\/#\/schema\/person\/image\/","url":"https:\/\/secure.gravatar.com\/avatar\/5dd011c8ccfc5cd7e4c81e42252aab38?s=96&d=mm&r=g","contentUrl":"https:\/\/secure.gravatar.com\/avatar\/5dd011c8ccfc5cd7e4c81e42252aab38?s=96&d=mm&r=g","caption":"Redacci\u00f3n"},"url":"https:\/\/nitu.mx\/index.php\/author\/redaccion\/"}]}},"views":1120,"_links":{"self":[{"href":"https:\/\/nitu.mx\/index.php\/wp-json\/wp\/v2\/posts\/50613"}],"collection":[{"href":"https:\/\/nitu.mx\/index.php\/wp-json\/wp\/v2\/posts"}],"about":[{"href":"https:\/\/nitu.mx\/index.php\/wp-json\/wp\/v2\/types\/post"}],"author":[{"embeddable":true,"href":"https:\/\/nitu.mx\/index.php\/wp-json\/wp\/v2\/users\/17"}],"replies":[{"embeddable":true,"href":"https:\/\/nitu.mx\/index.php\/wp-json\/wp\/v2\/comments?post=50613"}],"version-history":[{"count":2,"href":"https:\/\/nitu.mx\/index.php\/wp-json\/wp\/v2\/posts\/50613\/revisions"}],"predecessor-version":[{"id":50623,"href":"https:\/\/nitu.mx\/index.php\/wp-json\/wp\/v2\/posts\/50613\/revisions\/50623"}],"wp:featuredmedia":[{"embeddable":true,"href":"https:\/\/nitu.mx\/index.php\/wp-json\/wp\/v2\/media\/26842"}],"wp:attachment":[{"href":"https:\/\/nitu.mx\/index.php\/wp-json\/wp\/v2\/media?parent=50613"}],"wp:term":[{"taxonomy":"category","embeddable":true,"href":"https:\/\/nitu.mx\/index.php\/wp-json\/wp\/v2\/categories?post=50613"},{"taxonomy":"post_tag","embeddable":true,"href":"https:\/\/nitu.mx\/index.php\/wp-json\/wp\/v2\/tags?post=50613"}],"curies":[{"name":"wp","href":"https:\/\/api.w.org\/{rel}","templated":true}]}}