{"id":50504,"date":"2021-02-22T22:16:59","date_gmt":"2021-02-23T03:16:59","guid":{"rendered":"https:\/\/www.dev.nitu.mx\/?p=50504"},"modified":"2021-02-23T07:51:10","modified_gmt":"2021-02-23T12:51:10","slug":"pospone-aterrizaje-en-cancun-world2fly-hasta-el-verano","status":"publish","type":"post","link":"https:\/\/nitu.mx\/index.php\/2021\/02\/22\/pospone-aterrizaje-en-cancun-world2fly-hasta-el-verano\/","title":{"rendered":"Pospone aterrizaje en Canc\u00fan World2Fly hasta el verano"},"content":{"rendered":"<p>La nueva aerol\u00ednea del Grupo Iberostar, World2Fly, ha pospuesto su llegada al Canc\u00fan hasta el pr\u00f3ximo verano luego de haber anunciado que durante la primavera estar\u00edan haciendo sus primeras traves\u00edas, la poca demanda ante la presencia del Coronavirus ha obligado a retrasar sus planes que originalmente ten\u00edan previstos para la Semana Santa.<\/p>\n<p>La fecha tentativa de arranque anunciada por el CEO Gabriel Subias es el 18 de junio, ademas de la linea a\u00e9rea ya se avanza en algunos de los proyectos para consolidar a W2M en un grupo tur\u00edstico vertical,\u00a0como el lanzamiento de un turoperador, otro de grandes viajes y la puesta en marcha de una red de agencias\u00a0corporativasy de\u00a0MICE.<\/p>\n<p>El proyecto de Grupo Iberostar, no solo considera la aerol\u00ednea en Espa\u00f1a, tambi\u00e9n Portugal esta en los planes para que arranque este mismo a\u00f1o, los itinerarios no solo son al Canc\u00fan, otros puntos estrat\u00e9gicos del Caribe tambi\u00e9n estan considerados, Republica Dominicana y Cuba.<\/p>\n<p>El poder volar el 18 de junio como esta previsto, depender\u00e1 de la evoluci\u00f3n de los acontemcimientos, pero se espera que la pandemia este controlada, con una buena parte de la poblaci\u00f3n vacunada y con una renovada intenci\u00f3n de viaje.<\/p>\n<p>Gabriel Subias a manifestado que no esperan un arranque sencillo, incluso sabe que una nueva linea a\u00e9rea necesitara irse acreditando y posicionando, situaci\u00f3n que en las actuales circunstancias se complica. (<a title=\"Iberostar planea el despegue de su aerol\u00ednea para marzo o abril de 2021\" href=\"https:\/\/www.dev.nitu.mx\/index.php\/2020\/08\/25\/iberostar-planea-el-despegue-de-su-aerolinea-para-marzo-o-abril-de-2021\/\" rel=\"bookmark\">Iberostar planea el despegue de su aerol\u00ednea para marzo o abril de 2021<\/a>).<\/p>\n","protected":false},"excerpt":{"rendered":"<p>La nueva aerol\u00ednea del Grupo Iberostar, World2Fly, ha pospuesto su llegada al Canc\u00fan hasta el pr\u00f3ximo verano luego de haber anunciado que durante la primavera estar\u00edan haciendo sus primeras traves\u00edas, la poca demanda ante la presencia del Coronavirus ha obligado a retrasar sus planes que originalmente ten\u00edan previstos para la Semana Santa. La fecha tentativa [&hellip;]<\/p>\n","protected":false},"author":17,"featured_media":50519,"comment_status":"open","ping_status":"open","sticky":false,"template":"","format":"standard","meta":{"footnotes":""},"categories":[29],"tags":[20414,1227,21679],"yoast_head":"<!-- This site is optimized with the Yoast SEO plugin v22.2 - https:\/\/yoast.com\/wordpress\/plugins\/seo\/ -->\n<title>Pospone aterrizaje en Canc\u00fan World2Fly hasta el verano - Nitu - Noticias de la Industria Turistica<\/title>\n<meta name=\"robots\" content=\"index, follow, max-snippet:-1, max-image-preview:large, max-video-preview:-1\" \/>\n<link rel=\"canonical\" href=\"https:\/\/nitu.mx\/index.php\/2021\/02\/22\/pospone-aterrizaje-en-cancun-world2fly-hasta-el-verano\/\" \/>\n<meta name=\"twitter:card\" content=\"summary_large_image\" \/>\n<meta name=\"twitter:title\" content=\"Pospone aterrizaje en Canc\u00fan World2Fly hasta el verano - Nitu - Noticias de la Industria Turistica\" \/>\n<meta name=\"twitter:description\" content=\"La nueva aerol\u00ednea del Grupo Iberostar, World2Fly, ha pospuesto su llegada al Canc\u00fan hasta el pr\u00f3ximo verano luego de haber anunciado que durante la primavera estar\u00edan haciendo sus primeras traves\u00edas, la poca demanda ante la presencia del Coronavirus ha obligado a retrasar sus planes que originalmente ten\u00edan previstos para la Semana Santa. La fecha tentativa [&hellip;]\" \/>\n<meta name=\"twitter:image\" content=\"https:\/\/nitu.mx\/wp-content\/uploads\/2021\/02\/World-2-Fly.jpg\" \/>\n<meta name=\"twitter:creator\" content=\"@NITUmx\" \/>\n<meta name=\"twitter:site\" content=\"@Arturo_Medina_G\" \/>\n<meta name=\"twitter:label1\" content=\"Escrito por\" \/>\n\t<meta name=\"twitter:data1\" content=\"Redacci\u00f3n\" \/>\n\t<meta name=\"twitter:label2\" content=\"Tiempo de lectura\" \/>\n\t<meta name=\"twitter:data2\" content=\"1 minuto\" \/>\n<script type=\"application\/ld+json\" class=\"yoast-schema-graph\">{\"@context\":\"https:\/\/schema.org\",\"@graph\":[{\"@type\":\"Article\",\"@id\":\"https:\/\/nitu.mx\/index.php\/2021\/02\/22\/pospone-aterrizaje-en-cancun-world2fly-hasta-el-verano\/#article\",\"isPartOf\":{\"@id\":\"https:\/\/nitu.mx\/index.php\/2021\/02\/22\/pospone-aterrizaje-en-cancun-world2fly-hasta-el-verano\/\"},\"author\":{\"name\":\"Redacci\u00f3n\",\"@id\":\"https:\/\/nitu.mx\/#\/schema\/person\/4a28fe9bd65924f7c90623773daf1b0b\"},\"headline\":\"Pospone aterrizaje en Canc\u00fan World2Fly hasta el verano\",\"datePublished\":\"2021-02-23T03:16:59+00:00\",\"dateModified\":\"2021-02-23T12:51:10+00:00\",\"mainEntityOfPage\":{\"@id\":\"https:\/\/nitu.mx\/index.php\/2021\/02\/22\/pospone-aterrizaje-en-cancun-world2fly-hasta-el-verano\/\"},\"wordCount\":269,\"commentCount\":0,\"publisher\":{\"@id\":\"https:\/\/nitu.mx\/#\/schema\/person\/ae7a53426417292d3dd07b45a33e01bc\"},\"image\":{\"@id\":\"https:\/\/nitu.mx\/index.php\/2021\/02\/22\/pospone-aterrizaje-en-cancun-world2fly-hasta-el-verano\/#primaryimage\"},\"thumbnailUrl\":\"https:\/\/nitu.mx\/wp-content\/uploads\/2021\/02\/World-2-Fly.jpg\",\"keywords\":[\"Gabriel Sub\u00edas\",\"Iberostar\",\"World2Fly\"],\"articleSection\":[\"Aerol\u00edneas\"],\"inLanguage\":\"es-MX\",\"potentialAction\":[{\"@type\":\"CommentAction\",\"name\":\"Comment\",\"target\":[\"https:\/\/nitu.mx\/index.php\/2021\/02\/22\/pospone-aterrizaje-en-cancun-world2fly-hasta-el-verano\/#respond\"]}]},{\"@type\":\"WebPage\",\"@id\":\"https:\/\/nitu.mx\/index.php\/2021\/02\/22\/pospone-aterrizaje-en-cancun-world2fly-hasta-el-verano\/\",\"url\":\"https:\/\/nitu.mx\/index.php\/2021\/02\/22\/pospone-aterrizaje-en-cancun-world2fly-hasta-el-verano\/\",\"name\":\"Pospone aterrizaje en Canc\u00fan World2Fly hasta el verano - Nitu - Noticias de la Industria Turistica\",\"isPartOf\":{\"@id\":\"https:\/\/nitu.mx\/#website\"},\"primaryImageOfPage\":{\"@id\":\"https:\/\/nitu.mx\/index.php\/2021\/02\/22\/pospone-aterrizaje-en-cancun-world2fly-hasta-el-verano\/#primaryimage\"},\"image\":{\"@id\":\"https:\/\/nitu.mx\/index.php\/2021\/02\/22\/pospone-aterrizaje-en-cancun-world2fly-hasta-el-verano\/#primaryimage\"},\"thumbnailUrl\":\"https:\/\/nitu.mx\/wp-content\/uploads\/2021\/02\/World-2-Fly.jpg\",\"datePublished\":\"2021-02-23T03:16:59+00:00\",\"dateModified\":\"2021-02-23T12:51:10+00:00\",\"breadcrumb\":{\"@id\":\"https:\/\/nitu.mx\/index.php\/2021\/02\/22\/pospone-aterrizaje-en-cancun-world2fly-hasta-el-verano\/#breadcrumb\"},\"inLanguage\":\"es-MX\",\"potentialAction\":[{\"@type\":\"ReadAction\",\"target\":[\"https:\/\/nitu.mx\/index.php\/2021\/02\/22\/pospone-aterrizaje-en-cancun-world2fly-hasta-el-verano\/\"]}]},{\"@type\":\"ImageObject\",\"inLanguage\":\"es-MX\",\"@id\":\"https:\/\/nitu.mx\/index.php\/2021\/02\/22\/pospone-aterrizaje-en-cancun-world2fly-hasta-el-verano\/#primaryimage\",\"url\":\"https:\/\/nitu.mx\/wp-content\/uploads\/2021\/02\/World-2-Fly.jpg\",\"contentUrl\":\"https:\/\/nitu.mx\/wp-content\/uploads\/2021\/02\/World-2-Fly.jpg\",\"width\":1200,\"height\":675},{\"@type\":\"BreadcrumbList\",\"@id\":\"https:\/\/nitu.mx\/index.php\/2021\/02\/22\/pospone-aterrizaje-en-cancun-world2fly-hasta-el-verano\/#breadcrumb\",\"itemListElement\":[{\"@type\":\"ListItem\",\"position\":1,\"name\":\"Inicio\",\"item\":\"https:\/\/nitu.mx\/\"},{\"@type\":\"ListItem\",\"position\":2,\"name\":\"Pospone aterrizaje en Canc\u00fan World2Fly hasta el verano\"}]},{\"@type\":\"WebSite\",\"@id\":\"https:\/\/nitu.mx\/#website\",\"url\":\"https:\/\/nitu.mx\/\",\"name\":\"Nitu - Noticias de la Industria Turistica\",\"description\":\"Noticias de la Industria Turistica\",\"publisher\":{\"@id\":\"https:\/\/nitu.mx\/#\/schema\/person\/ae7a53426417292d3dd07b45a33e01bc\"},\"alternateName\":\"Noticias de la Industria Turistica\",\"potentialAction\":[{\"@type\":\"SearchAction\",\"target\":{\"@type\":\"EntryPoint\",\"urlTemplate\":\"https:\/\/nitu.mx\/?s={search_term_string}\"},\"query-input\":\"required name=search_term_string\"}],\"inLanguage\":\"es-MX\"},{\"@type\":[\"Person\",\"Organization\"],\"@id\":\"https:\/\/nitu.mx\/#\/schema\/person\/ae7a53426417292d3dd07b45a33e01bc\",\"name\":\"Arturo Medina\",\"image\":{\"@type\":\"ImageObject\",\"inLanguage\":\"es-MX\",\"@id\":\"https:\/\/nitu.mx\/#\/schema\/person\/image\/\",\"url\":\"https:\/\/nitu.mx\/wp-content\/uploads\/2024\/04\/4A315622-1904-4D5C-B022-878CDC840E04-90x90-1.jpeg\",\"contentUrl\":\"https:\/\/nitu.mx\/wp-content\/uploads\/2024\/04\/4A315622-1904-4D5C-B022-878CDC840E04-90x90-1.jpeg\",\"width\":90,\"height\":90,\"caption\":\"Arturo Medina\"},\"logo\":{\"@id\":\"https:\/\/nitu.mx\/#\/schema\/person\/image\/\"},\"description\":\"Director NITU.mx, Egresado de la Escuela de Periodismo Carlos Septi\u00e9n Garc\u00eda. Periodista y analista especializado en turismo desde hace 35 a\u00f1os, radicado en Canc\u00fan Q.Roo. arturo@nitu.mx\",\"sameAs\":[\"https:\/\/nitu.mx\",\"https:\/\/www.facebook.com\/NITUmx\/\",\"medinacancun\",\"https:\/\/twitter.com\/@Arturo_Medina_G\"]},{\"@type\":\"Person\",\"@id\":\"https:\/\/nitu.mx\/#\/schema\/person\/4a28fe9bd65924f7c90623773daf1b0b\",\"name\":\"Redacci\u00f3n\",\"image\":{\"@type\":\"ImageObject\",\"inLanguage\":\"es-MX\",\"@id\":\"https:\/\/nitu.mx\/#\/schema\/person\/image\/\",\"url\":\"https:\/\/secure.gravatar.com\/avatar\/5dd011c8ccfc5cd7e4c81e42252aab38?s=96&d=mm&r=g\",\"contentUrl\":\"https:\/\/secure.gravatar.com\/avatar\/5dd011c8ccfc5cd7e4c81e42252aab38?s=96&d=mm&r=g\",\"caption\":\"Redacci\u00f3n\"},\"url\":\"https:\/\/nitu.mx\/index.php\/author\/redaccion\/\"}]}<\/script>\n<!-- \/ Yoast SEO plugin. -->","yoast_head_json":{"title":"Pospone aterrizaje en Canc\u00fan World2Fly hasta el verano - Nitu - Noticias de la Industria Turistica","robots":{"index":"index","follow":"follow","max-snippet":"max-snippet:-1","max-image-preview":"max-image-preview:large","max-video-preview":"max-video-preview:-1"},"canonical":"https:\/\/nitu.mx\/index.php\/2021\/02\/22\/pospone-aterrizaje-en-cancun-world2fly-hasta-el-verano\/","twitter_card":"summary_large_image","twitter_title":"Pospone aterrizaje en Canc\u00fan World2Fly hasta el verano - Nitu - Noticias de la Industria Turistica","twitter_description":"La nueva aerol\u00ednea del Grupo Iberostar, World2Fly, ha pospuesto su llegada al Canc\u00fan hasta el pr\u00f3ximo verano luego de haber anunciado que durante la primavera estar\u00edan haciendo sus primeras traves\u00edas, la poca demanda ante la presencia del Coronavirus ha obligado a retrasar sus planes que originalmente ten\u00edan previstos para la Semana Santa. La fecha tentativa [&hellip;]","twitter_image":"https:\/\/nitu.mx\/wp-content\/uploads\/2021\/02\/World-2-Fly.jpg","twitter_creator":"@NITUmx","twitter_site":"@Arturo_Medina_G","twitter_misc":{"Escrito por":"Redacci\u00f3n","Tiempo de lectura":"1 minuto"},"schema":{"@context":"https:\/\/schema.org","@graph":[{"@type":"Article","@id":"https:\/\/nitu.mx\/index.php\/2021\/02\/22\/pospone-aterrizaje-en-cancun-world2fly-hasta-el-verano\/#article","isPartOf":{"@id":"https:\/\/nitu.mx\/index.php\/2021\/02\/22\/pospone-aterrizaje-en-cancun-world2fly-hasta-el-verano\/"},"author":{"name":"Redacci\u00f3n","@id":"https:\/\/nitu.mx\/#\/schema\/person\/4a28fe9bd65924f7c90623773daf1b0b"},"headline":"Pospone aterrizaje en Canc\u00fan World2Fly hasta el verano","datePublished":"2021-02-23T03:16:59+00:00","dateModified":"2021-02-23T12:51:10+00:00","mainEntityOfPage":{"@id":"https:\/\/nitu.mx\/index.php\/2021\/02\/22\/pospone-aterrizaje-en-cancun-world2fly-hasta-el-verano\/"},"wordCount":269,"commentCount":0,"publisher":{"@id":"https:\/\/nitu.mx\/#\/schema\/person\/ae7a53426417292d3dd07b45a33e01bc"},"image":{"@id":"https:\/\/nitu.mx\/index.php\/2021\/02\/22\/pospone-aterrizaje-en-cancun-world2fly-hasta-el-verano\/#primaryimage"},"thumbnailUrl":"https:\/\/nitu.mx\/wp-content\/uploads\/2021\/02\/World-2-Fly.jpg","keywords":["Gabriel Sub\u00edas","Iberostar","World2Fly"],"articleSection":["Aerol\u00edneas"],"inLanguage":"es-MX","potentialAction":[{"@type":"CommentAction","name":"Comment","target":["https:\/\/nitu.mx\/index.php\/2021\/02\/22\/pospone-aterrizaje-en-cancun-world2fly-hasta-el-verano\/#respond"]}]},{"@type":"WebPage","@id":"https:\/\/nitu.mx\/index.php\/2021\/02\/22\/pospone-aterrizaje-en-cancun-world2fly-hasta-el-verano\/","url":"https:\/\/nitu.mx\/index.php\/2021\/02\/22\/pospone-aterrizaje-en-cancun-world2fly-hasta-el-verano\/","name":"Pospone aterrizaje en Canc\u00fan World2Fly hasta el verano - Nitu - Noticias de la Industria Turistica","isPartOf":{"@id":"https:\/\/nitu.mx\/#website"},"primaryImageOfPage":{"@id":"https:\/\/nitu.mx\/index.php\/2021\/02\/22\/pospone-aterrizaje-en-cancun-world2fly-hasta-el-verano\/#primaryimage"},"image":{"@id":"https:\/\/nitu.mx\/index.php\/2021\/02\/22\/pospone-aterrizaje-en-cancun-world2fly-hasta-el-verano\/#primaryimage"},"thumbnailUrl":"https:\/\/nitu.mx\/wp-content\/uploads\/2021\/02\/World-2-Fly.jpg","datePublished":"2021-02-23T03:16:59+00:00","dateModified":"2021-02-23T12:51:10+00:00","breadcrumb":{"@id":"https:\/\/nitu.mx\/index.php\/2021\/02\/22\/pospone-aterrizaje-en-cancun-world2fly-hasta-el-verano\/#breadcrumb"},"inLanguage":"es-MX","potentialAction":[{"@type":"ReadAction","target":["https:\/\/nitu.mx\/index.php\/2021\/02\/22\/pospone-aterrizaje-en-cancun-world2fly-hasta-el-verano\/"]}]},{"@type":"ImageObject","inLanguage":"es-MX","@id":"https:\/\/nitu.mx\/index.php\/2021\/02\/22\/pospone-aterrizaje-en-cancun-world2fly-hasta-el-verano\/#primaryimage","url":"https:\/\/nitu.mx\/wp-content\/uploads\/2021\/02\/World-2-Fly.jpg","contentUrl":"https:\/\/nitu.mx\/wp-content\/uploads\/2021\/02\/World-2-Fly.jpg","width":1200,"height":675},{"@type":"BreadcrumbList","@id":"https:\/\/nitu.mx\/index.php\/2021\/02\/22\/pospone-aterrizaje-en-cancun-world2fly-hasta-el-verano\/#breadcrumb","itemListElement":[{"@type":"ListItem","position":1,"name":"Inicio","item":"https:\/\/nitu.mx\/"},{"@type":"ListItem","position":2,"name":"Pospone aterrizaje en Canc\u00fan World2Fly hasta el verano"}]},{"@type":"WebSite","@id":"https:\/\/nitu.mx\/#website","url":"https:\/\/nitu.mx\/","name":"Nitu - Noticias de la Industria Turistica","description":"Noticias de la Industria Turistica","publisher":{"@id":"https:\/\/nitu.mx\/#\/schema\/person\/ae7a53426417292d3dd07b45a33e01bc"},"alternateName":"Noticias de la Industria Turistica","potentialAction":[{"@type":"SearchAction","target":{"@type":"EntryPoint","urlTemplate":"https:\/\/nitu.mx\/?s={search_term_string}"},"query-input":"required name=search_term_string"}],"inLanguage":"es-MX"},{"@type":["Person","Organization"],"@id":"https:\/\/nitu.mx\/#\/schema\/person\/ae7a53426417292d3dd07b45a33e01bc","name":"Arturo Medina","image":{"@type":"ImageObject","inLanguage":"es-MX","@id":"https:\/\/nitu.mx\/#\/schema\/person\/image\/","url":"https:\/\/nitu.mx\/wp-content\/uploads\/2024\/04\/4A315622-1904-4D5C-B022-878CDC840E04-90x90-1.jpeg","contentUrl":"https:\/\/nitu.mx\/wp-content\/uploads\/2024\/04\/4A315622-1904-4D5C-B022-878CDC840E04-90x90-1.jpeg","width":90,"height":90,"caption":"Arturo Medina"},"logo":{"@id":"https:\/\/nitu.mx\/#\/schema\/person\/image\/"},"description":"Director NITU.mx, Egresado de la Escuela de Periodismo Carlos Septi\u00e9n Garc\u00eda. Periodista y analista especializado en turismo desde hace 35 a\u00f1os, radicado en Canc\u00fan Q.Roo. arturo@nitu.mx","sameAs":["https:\/\/nitu.mx","https:\/\/www.facebook.com\/NITUmx\/","medinacancun","https:\/\/twitter.com\/@Arturo_Medina_G"]},{"@type":"Person","@id":"https:\/\/nitu.mx\/#\/schema\/person\/4a28fe9bd65924f7c90623773daf1b0b","name":"Redacci\u00f3n","image":{"@type":"ImageObject","inLanguage":"es-MX","@id":"https:\/\/nitu.mx\/#\/schema\/person\/image\/","url":"https:\/\/secure.gravatar.com\/avatar\/5dd011c8ccfc5cd7e4c81e42252aab38?s=96&d=mm&r=g","contentUrl":"https:\/\/secure.gravatar.com\/avatar\/5dd011c8ccfc5cd7e4c81e42252aab38?s=96&d=mm&r=g","caption":"Redacci\u00f3n"},"url":"https:\/\/nitu.mx\/index.php\/author\/redaccion\/"}]}},"views":542,"_links":{"self":[{"href":"https:\/\/nitu.mx\/index.php\/wp-json\/wp\/v2\/posts\/50504"}],"collection":[{"href":"https:\/\/nitu.mx\/index.php\/wp-json\/wp\/v2\/posts"}],"about":[{"href":"https:\/\/nitu.mx\/index.php\/wp-json\/wp\/v2\/types\/post"}],"author":[{"embeddable":true,"href":"https:\/\/nitu.mx\/index.php\/wp-json\/wp\/v2\/users\/17"}],"replies":[{"embeddable":true,"href":"https:\/\/nitu.mx\/index.php\/wp-json\/wp\/v2\/comments?post=50504"}],"version-history":[{"count":5,"href":"https:\/\/nitu.mx\/index.php\/wp-json\/wp\/v2\/posts\/50504\/revisions"}],"predecessor-version":[{"id":50525,"href":"https:\/\/nitu.mx\/index.php\/wp-json\/wp\/v2\/posts\/50504\/revisions\/50525"}],"wp:featuredmedia":[{"embeddable":true,"href":"https:\/\/nitu.mx\/index.php\/wp-json\/wp\/v2\/media\/50519"}],"wp:attachment":[{"href":"https:\/\/nitu.mx\/index.php\/wp-json\/wp\/v2\/media?parent=50504"}],"wp:term":[{"taxonomy":"category","embeddable":true,"href":"https:\/\/nitu.mx\/index.php\/wp-json\/wp\/v2\/categories?post=50504"},{"taxonomy":"post_tag","embeddable":true,"href":"https:\/\/nitu.mx\/index.php\/wp-json\/wp\/v2\/tags?post=50504"}],"curies":[{"name":"wp","href":"https:\/\/api.w.org\/{rel}","templated":true}]}}