{"id":50471,"date":"2021-02-21T14:02:34","date_gmt":"2021-02-21T19:02:34","guid":{"rendered":"https:\/\/www.dev.nitu.mx\/?p=50471"},"modified":"2021-02-22T01:37:14","modified_gmt":"2021-02-22T06:37:14","slug":"cnet-advierte-que-febrero-sera-el-peor-mes-para-el-turismo","status":"publish","type":"post","link":"https:\/\/nitu.mx\/index.php\/2021\/02\/21\/cnet-advierte-que-febrero-sera-el-peor-mes-para-el-turismo\/","title":{"rendered":"CNET advierte que febrero ser\u00e1 el peor mes para el turismo"},"content":{"rendered":"<p>Lejos de estar en v\u00edas de recuperaci\u00f3n, el turismo sigue en una franca ca\u00edda en la que se vislumbra a febrero como el peor mes para el sector en lo que va da la pandemia, asegur\u00f3 el presidente del Consejo Nacional Empresarial Tur\u00edstico (CNET), Braulio Arsuaga.<\/p>\n<p>Esta tendencia negativa tambi\u00e9n se observa hacia el periodo de Semana Santa, destac\u00f3 el dirigente de la c\u00fapula empresarial del turismo, pues los niveles de reserva para el pr\u00f3ximo periodo vacacional no son alentadores.<\/p>\n<p>De acuerdo con el presidente del CNET, esta tendencia se explica por una demanda d\u00e9bil por parte del mercado, entre ellas la de Canad\u00e1, que con las restricciones impuestas esta temporada suponen la p\u00e9rdida de un mill\u00f3n de turistas.<\/p>\n<p>Braulio Arsuaga hace \u00e9nfasis en el mercado canadiense que llevaba un ritmo de crecimiento de seis por ciento en promedio, en los \u00faltimos ocho a\u00f1os. Adem\u00e1s que en cuanto a Estados Unidos, el principal emisor de viajeros a M\u00e9xico, tambi\u00e9n tuvo una fuerte ca\u00edda de 50 por ciento.<\/p>\n<p>Al presentar el estudio \u201cTurismo y Pandemia en M\u00e9xico en el 2020: el recuento de da\u00f1os\u201d, que elabora cada cuatrimestre con el Centro de Investigaci\u00f3n y Competitividad Tur\u00edstica An\u00e1huac (Cicotur), Arsuaga urgi\u00f3 nuevamente a las autoridades a atender las peticiones hechas desde mediados del a\u00f1o pasado para ayudar en la reactivaci\u00f3n del sector.<\/p>\n<p>El presidente del CNET reiter\u00f3 las 10 medidas en las que pueden apoyar las autoridades sin que implique aportaci\u00f3n de recursos p\u00fablicos, como el aplazamiento de obligaciones fiscales de las empresas del sector tur\u00edstico.<\/p>\n<p>Braulio Arsuaga a\u00f1adi\u00f3 ahora a estas peticiones considerar a los trabajadores de la industria tur\u00edstica en los primeros lugares de vacunaci\u00f3n, y para ello, los empresarios est\u00e1n dispuestos a hacer la compra de las vacunas para sus colaboradores.\u00a0<a title=\"Analizan WTTC, Coparmex y CNET estrategias para la reactivaci\u00f3n tur\u00edstica\" href=\"https:\/\/www.dev.nitu.mx\/index.php\/2021\/02\/19\/analizan-wttc-coparmex-y-cnet-estrategias-para-la-reactivacion-turistica\/\" rel=\"bookmark\">(Analizan WTTC, Coparmex y CNET estrategias para la reactivaci\u00f3n tur\u00edstica<\/a>).<\/p>\n<p>Uno de los rubros severamente afectados por la pandemia en el turismo es la ocupaci\u00f3n hotelera, que cay\u00f3 de 60 por ciento en promedio a 25 por ciento, sin embargo, el presidente del CNET enfatiz\u00f3 la falta de piso parejo de la hoteler\u00eda formal con las plataformas de alojamiento digitales, pues de acuerdo con Arsuaga, \u00e9stas llegaron a ocupaciones de hasta 80 por ciento, adem\u00e1s que elevaron su tarifa hasta 94 por ciento.<\/p>\n<p>Por su parte, el director del Cicotur, Francisco Madrid, present\u00f3 las estad\u00edsticas del sector, que calific\u00f3 de devastadoras, y con las cuales concluye que la recuperaci\u00f3n del turismo no se ver\u00e1 en 2021.<\/p>\n<p>De los 8.7 puntos porcentuales que cay\u00f3 el PIB Nacional en 2020, la tercera parte se debi\u00f3 al impacto del turismo. El consumo tur\u00edstico interno descendi\u00f3 alrededor de un bill\u00f3n de pesos, y se perdieron de entre 630 mil a 840 mil empleos.<\/p>\n<p>Madrid tambi\u00e9n refiri\u00f3 el golpe que representar\u00e1 a la recaudaci\u00f3n fiscal que ser\u00e1 de alrededor de 39 mil millones de pesos en ISR, 21 mil millones de pesos en IVA, y en el plano estatal tres mil millones de pesos menos en Impuesto al Hospedaje.<\/p>\n","protected":false},"excerpt":{"rendered":"<p>Lejos de estar en v\u00edas de recuperaci\u00f3n, el turismo sigue en una franca ca\u00edda en la que se vislumbra a febrero como el peor mes para el sector en lo que va da la pandemia, asegur\u00f3 el presidente del Consejo Nacional Empresarial Tur\u00edstico (CNET), Braulio Arsuaga. Esta tendencia negativa tambi\u00e9n se observa hacia el periodo [&hellip;]<\/p>\n","protected":false},"author":18,"featured_media":33277,"comment_status":"open","ping_status":"open","sticky":false,"template":"","format":"standard","meta":{"footnotes":""},"categories":[12],"tags":[4195,19310,834,1613],"yoast_head":"<!-- This site is optimized with the Yoast SEO plugin v22.2 - https:\/\/yoast.com\/wordpress\/plugins\/seo\/ -->\n<title>CNET advierte que febrero ser\u00e1 el peor mes para el turismo - Nitu - Noticias de la Industria Turistica<\/title>\n<meta name=\"robots\" content=\"index, follow, max-snippet:-1, max-image-preview:large, max-video-preview:-1\" \/>\n<link rel=\"canonical\" href=\"https:\/\/nitu.mx\/index.php\/2021\/02\/21\/cnet-advierte-que-febrero-sera-el-peor-mes-para-el-turismo\/\" \/>\n<meta name=\"twitter:card\" content=\"summary_large_image\" \/>\n<meta name=\"twitter:title\" content=\"CNET advierte que febrero ser\u00e1 el peor mes para el turismo - Nitu - Noticias de la Industria Turistica\" \/>\n<meta name=\"twitter:description\" content=\"Lejos de estar en v\u00edas de recuperaci\u00f3n, el turismo sigue en una franca ca\u00edda en la que se vislumbra a febrero como el peor mes para el sector en lo que va da la pandemia, asegur\u00f3 el presidente del Consejo Nacional Empresarial Tur\u00edstico (CNET), Braulio Arsuaga. Esta tendencia negativa tambi\u00e9n se observa hacia el periodo [&hellip;]\" \/>\n<meta name=\"twitter:image\" content=\"https:\/\/nitu.mx\/wp-content\/uploads\/2019\/07\/Canc\u00fan-turistas.jpg\" \/>\n<meta name=\"twitter:creator\" content=\"@NITUmx\" \/>\n<meta name=\"twitter:site\" content=\"@Arturo_Medina_G\" \/>\n<meta name=\"twitter:label1\" content=\"Escrito por\" \/>\n\t<meta name=\"twitter:data1\" content=\"Guadalupe Sixto\" \/>\n\t<meta name=\"twitter:label2\" content=\"Tiempo de lectura\" \/>\n\t<meta name=\"twitter:data2\" content=\"3 minutos\" \/>\n<script type=\"application\/ld+json\" class=\"yoast-schema-graph\">{\"@context\":\"https:\/\/schema.org\",\"@graph\":[{\"@type\":\"Article\",\"@id\":\"https:\/\/nitu.mx\/index.php\/2021\/02\/21\/cnet-advierte-que-febrero-sera-el-peor-mes-para-el-turismo\/#article\",\"isPartOf\":{\"@id\":\"https:\/\/nitu.mx\/index.php\/2021\/02\/21\/cnet-advierte-que-febrero-sera-el-peor-mes-para-el-turismo\/\"},\"author\":{\"name\":\"Guadalupe Sixto\",\"@id\":\"https:\/\/nitu.mx\/#\/schema\/person\/3df3082b5e46037e3f13614d28ee0b77\"},\"headline\":\"CNET advierte que febrero ser\u00e1 el peor mes para el turismo\",\"datePublished\":\"2021-02-21T19:02:34+00:00\",\"dateModified\":\"2021-02-22T06:37:14+00:00\",\"mainEntityOfPage\":{\"@id\":\"https:\/\/nitu.mx\/index.php\/2021\/02\/21\/cnet-advierte-que-febrero-sera-el-peor-mes-para-el-turismo\/\"},\"wordCount\":533,\"commentCount\":0,\"publisher\":{\"@id\":\"https:\/\/nitu.mx\/#\/schema\/person\/ae7a53426417292d3dd07b45a33e01bc\"},\"image\":{\"@id\":\"https:\/\/nitu.mx\/index.php\/2021\/02\/21\/cnet-advierte-que-febrero-sera-el-peor-mes-para-el-turismo\/#primaryimage\"},\"thumbnailUrl\":\"https:\/\/nitu.mx\/wp-content\/uploads\/2019\/07\/Canc\u00fan-turistas.jpg\",\"keywords\":[\"Braulio Arsuaga\",\"Cicotur\",\"CNET\",\"Francisco Madrid\"],\"articleSection\":[\"Marketing\"],\"inLanguage\":\"es-MX\",\"potentialAction\":[{\"@type\":\"CommentAction\",\"name\":\"Comment\",\"target\":[\"https:\/\/nitu.mx\/index.php\/2021\/02\/21\/cnet-advierte-que-febrero-sera-el-peor-mes-para-el-turismo\/#respond\"]}]},{\"@type\":\"WebPage\",\"@id\":\"https:\/\/nitu.mx\/index.php\/2021\/02\/21\/cnet-advierte-que-febrero-sera-el-peor-mes-para-el-turismo\/\",\"url\":\"https:\/\/nitu.mx\/index.php\/2021\/02\/21\/cnet-advierte-que-febrero-sera-el-peor-mes-para-el-turismo\/\",\"name\":\"CNET advierte que febrero ser\u00e1 el peor mes para el turismo - Nitu - Noticias de la Industria Turistica\",\"isPartOf\":{\"@id\":\"https:\/\/nitu.mx\/#website\"},\"primaryImageOfPage\":{\"@id\":\"https:\/\/nitu.mx\/index.php\/2021\/02\/21\/cnet-advierte-que-febrero-sera-el-peor-mes-para-el-turismo\/#primaryimage\"},\"image\":{\"@id\":\"https:\/\/nitu.mx\/index.php\/2021\/02\/21\/cnet-advierte-que-febrero-sera-el-peor-mes-para-el-turismo\/#primaryimage\"},\"thumbnailUrl\":\"https:\/\/nitu.mx\/wp-content\/uploads\/2019\/07\/Canc\u00fan-turistas.jpg\",\"datePublished\":\"2021-02-21T19:02:34+00:00\",\"dateModified\":\"2021-02-22T06:37:14+00:00\",\"breadcrumb\":{\"@id\":\"https:\/\/nitu.mx\/index.php\/2021\/02\/21\/cnet-advierte-que-febrero-sera-el-peor-mes-para-el-turismo\/#breadcrumb\"},\"inLanguage\":\"es-MX\",\"potentialAction\":[{\"@type\":\"ReadAction\",\"target\":[\"https:\/\/nitu.mx\/index.php\/2021\/02\/21\/cnet-advierte-que-febrero-sera-el-peor-mes-para-el-turismo\/\"]}]},{\"@type\":\"ImageObject\",\"inLanguage\":\"es-MX\",\"@id\":\"https:\/\/nitu.mx\/index.php\/2021\/02\/21\/cnet-advierte-que-febrero-sera-el-peor-mes-para-el-turismo\/#primaryimage\",\"url\":\"https:\/\/nitu.mx\/wp-content\/uploads\/2019\/07\/Canc\u00fan-turistas.jpg\",\"contentUrl\":\"https:\/\/nitu.mx\/wp-content\/uploads\/2019\/07\/Canc\u00fan-turistas.jpg\",\"width\":850,\"height\":480,\"caption\":\"Sectur federal AMAV Canc\u00fan turistas CNET\"},{\"@type\":\"BreadcrumbList\",\"@id\":\"https:\/\/nitu.mx\/index.php\/2021\/02\/21\/cnet-advierte-que-febrero-sera-el-peor-mes-para-el-turismo\/#breadcrumb\",\"itemListElement\":[{\"@type\":\"ListItem\",\"position\":1,\"name\":\"Inicio\",\"item\":\"https:\/\/nitu.mx\/\"},{\"@type\":\"ListItem\",\"position\":2,\"name\":\"CNET advierte que febrero ser\u00e1 el peor mes para el turismo\"}]},{\"@type\":\"WebSite\",\"@id\":\"https:\/\/nitu.mx\/#website\",\"url\":\"https:\/\/nitu.mx\/\",\"name\":\"Nitu - Noticias de la Industria Turistica\",\"description\":\"Noticias de la Industria Turistica\",\"publisher\":{\"@id\":\"https:\/\/nitu.mx\/#\/schema\/person\/ae7a53426417292d3dd07b45a33e01bc\"},\"alternateName\":\"Noticias de la Industria Turistica\",\"potentialAction\":[{\"@type\":\"SearchAction\",\"target\":{\"@type\":\"EntryPoint\",\"urlTemplate\":\"https:\/\/nitu.mx\/?s={search_term_string}\"},\"query-input\":\"required name=search_term_string\"}],\"inLanguage\":\"es-MX\"},{\"@type\":[\"Person\",\"Organization\"],\"@id\":\"https:\/\/nitu.mx\/#\/schema\/person\/ae7a53426417292d3dd07b45a33e01bc\",\"name\":\"Arturo Medina\",\"image\":{\"@type\":\"ImageObject\",\"inLanguage\":\"es-MX\",\"@id\":\"https:\/\/nitu.mx\/#\/schema\/person\/image\/\",\"url\":\"https:\/\/nitu.mx\/wp-content\/uploads\/2024\/04\/4A315622-1904-4D5C-B022-878CDC840E04-90x90-1.jpeg\",\"contentUrl\":\"https:\/\/nitu.mx\/wp-content\/uploads\/2024\/04\/4A315622-1904-4D5C-B022-878CDC840E04-90x90-1.jpeg\",\"width\":90,\"height\":90,\"caption\":\"Arturo Medina\"},\"logo\":{\"@id\":\"https:\/\/nitu.mx\/#\/schema\/person\/image\/\"},\"description\":\"Director NITU.mx, Egresado de la Escuela de Periodismo Carlos Septi\u00e9n Garc\u00eda. Periodista y analista especializado en turismo desde hace 35 a\u00f1os, radicado en Canc\u00fan Q.Roo. arturo@nitu.mx\",\"sameAs\":[\"https:\/\/nitu.mx\",\"https:\/\/www.facebook.com\/NITUmx\/\",\"medinacancun\",\"https:\/\/twitter.com\/@Arturo_Medina_G\"]},{\"@type\":\"Person\",\"@id\":\"https:\/\/nitu.mx\/#\/schema\/person\/3df3082b5e46037e3f13614d28ee0b77\",\"name\":\"Guadalupe Sixto\",\"image\":{\"@type\":\"ImageObject\",\"inLanguage\":\"es-MX\",\"@id\":\"https:\/\/nitu.mx\/#\/schema\/person\/image\/\",\"url\":\"https:\/\/secure.gravatar.com\/avatar\/13914e1b0e1919e91f9539de4dc584c4?s=96&d=mm&r=g\",\"contentUrl\":\"https:\/\/secure.gravatar.com\/avatar\/13914e1b0e1919e91f9539de4dc584c4?s=96&d=mm&r=g\",\"caption\":\"Guadalupe Sixto\"},\"url\":\"https:\/\/nitu.mx\/index.php\/author\/gsixto\/\"}]}<\/script>\n<!-- \/ Yoast SEO plugin. -->","yoast_head_json":{"title":"CNET advierte que febrero ser\u00e1 el peor mes para el turismo - Nitu - Noticias de la Industria Turistica","robots":{"index":"index","follow":"follow","max-snippet":"max-snippet:-1","max-image-preview":"max-image-preview:large","max-video-preview":"max-video-preview:-1"},"canonical":"https:\/\/nitu.mx\/index.php\/2021\/02\/21\/cnet-advierte-que-febrero-sera-el-peor-mes-para-el-turismo\/","twitter_card":"summary_large_image","twitter_title":"CNET advierte que febrero ser\u00e1 el peor mes para el turismo - Nitu - Noticias de la Industria Turistica","twitter_description":"Lejos de estar en v\u00edas de recuperaci\u00f3n, el turismo sigue en una franca ca\u00edda en la que se vislumbra a febrero como el peor mes para el sector en lo que va da la pandemia, asegur\u00f3 el presidente del Consejo Nacional Empresarial Tur\u00edstico (CNET), Braulio Arsuaga. Esta tendencia negativa tambi\u00e9n se observa hacia el periodo [&hellip;]","twitter_image":"https:\/\/nitu.mx\/wp-content\/uploads\/2019\/07\/Canc\u00fan-turistas.jpg","twitter_creator":"@NITUmx","twitter_site":"@Arturo_Medina_G","twitter_misc":{"Escrito por":"Guadalupe Sixto","Tiempo de lectura":"3 minutos"},"schema":{"@context":"https:\/\/schema.org","@graph":[{"@type":"Article","@id":"https:\/\/nitu.mx\/index.php\/2021\/02\/21\/cnet-advierte-que-febrero-sera-el-peor-mes-para-el-turismo\/#article","isPartOf":{"@id":"https:\/\/nitu.mx\/index.php\/2021\/02\/21\/cnet-advierte-que-febrero-sera-el-peor-mes-para-el-turismo\/"},"author":{"name":"Guadalupe Sixto","@id":"https:\/\/nitu.mx\/#\/schema\/person\/3df3082b5e46037e3f13614d28ee0b77"},"headline":"CNET advierte que febrero ser\u00e1 el peor mes para el turismo","datePublished":"2021-02-21T19:02:34+00:00","dateModified":"2021-02-22T06:37:14+00:00","mainEntityOfPage":{"@id":"https:\/\/nitu.mx\/index.php\/2021\/02\/21\/cnet-advierte-que-febrero-sera-el-peor-mes-para-el-turismo\/"},"wordCount":533,"commentCount":0,"publisher":{"@id":"https:\/\/nitu.mx\/#\/schema\/person\/ae7a53426417292d3dd07b45a33e01bc"},"image":{"@id":"https:\/\/nitu.mx\/index.php\/2021\/02\/21\/cnet-advierte-que-febrero-sera-el-peor-mes-para-el-turismo\/#primaryimage"},"thumbnailUrl":"https:\/\/nitu.mx\/wp-content\/uploads\/2019\/07\/Canc\u00fan-turistas.jpg","keywords":["Braulio Arsuaga","Cicotur","CNET","Francisco Madrid"],"articleSection":["Marketing"],"inLanguage":"es-MX","potentialAction":[{"@type":"CommentAction","name":"Comment","target":["https:\/\/nitu.mx\/index.php\/2021\/02\/21\/cnet-advierte-que-febrero-sera-el-peor-mes-para-el-turismo\/#respond"]}]},{"@type":"WebPage","@id":"https:\/\/nitu.mx\/index.php\/2021\/02\/21\/cnet-advierte-que-febrero-sera-el-peor-mes-para-el-turismo\/","url":"https:\/\/nitu.mx\/index.php\/2021\/02\/21\/cnet-advierte-que-febrero-sera-el-peor-mes-para-el-turismo\/","name":"CNET advierte que febrero ser\u00e1 el peor mes para el turismo - Nitu - Noticias de la Industria Turistica","isPartOf":{"@id":"https:\/\/nitu.mx\/#website"},"primaryImageOfPage":{"@id":"https:\/\/nitu.mx\/index.php\/2021\/02\/21\/cnet-advierte-que-febrero-sera-el-peor-mes-para-el-turismo\/#primaryimage"},"image":{"@id":"https:\/\/nitu.mx\/index.php\/2021\/02\/21\/cnet-advierte-que-febrero-sera-el-peor-mes-para-el-turismo\/#primaryimage"},"thumbnailUrl":"https:\/\/nitu.mx\/wp-content\/uploads\/2019\/07\/Canc\u00fan-turistas.jpg","datePublished":"2021-02-21T19:02:34+00:00","dateModified":"2021-02-22T06:37:14+00:00","breadcrumb":{"@id":"https:\/\/nitu.mx\/index.php\/2021\/02\/21\/cnet-advierte-que-febrero-sera-el-peor-mes-para-el-turismo\/#breadcrumb"},"inLanguage":"es-MX","potentialAction":[{"@type":"ReadAction","target":["https:\/\/nitu.mx\/index.php\/2021\/02\/21\/cnet-advierte-que-febrero-sera-el-peor-mes-para-el-turismo\/"]}]},{"@type":"ImageObject","inLanguage":"es-MX","@id":"https:\/\/nitu.mx\/index.php\/2021\/02\/21\/cnet-advierte-que-febrero-sera-el-peor-mes-para-el-turismo\/#primaryimage","url":"https:\/\/nitu.mx\/wp-content\/uploads\/2019\/07\/Canc\u00fan-turistas.jpg","contentUrl":"https:\/\/nitu.mx\/wp-content\/uploads\/2019\/07\/Canc\u00fan-turistas.jpg","width":850,"height":480,"caption":"Sectur federal AMAV Canc\u00fan turistas CNET"},{"@type":"BreadcrumbList","@id":"https:\/\/nitu.mx\/index.php\/2021\/02\/21\/cnet-advierte-que-febrero-sera-el-peor-mes-para-el-turismo\/#breadcrumb","itemListElement":[{"@type":"ListItem","position":1,"name":"Inicio","item":"https:\/\/nitu.mx\/"},{"@type":"ListItem","position":2,"name":"CNET advierte que febrero ser\u00e1 el peor mes para el turismo"}]},{"@type":"WebSite","@id":"https:\/\/nitu.mx\/#website","url":"https:\/\/nitu.mx\/","name":"Nitu - Noticias de la Industria Turistica","description":"Noticias de la Industria Turistica","publisher":{"@id":"https:\/\/nitu.mx\/#\/schema\/person\/ae7a53426417292d3dd07b45a33e01bc"},"alternateName":"Noticias de la Industria Turistica","potentialAction":[{"@type":"SearchAction","target":{"@type":"EntryPoint","urlTemplate":"https:\/\/nitu.mx\/?s={search_term_string}"},"query-input":"required name=search_term_string"}],"inLanguage":"es-MX"},{"@type":["Person","Organization"],"@id":"https:\/\/nitu.mx\/#\/schema\/person\/ae7a53426417292d3dd07b45a33e01bc","name":"Arturo Medina","image":{"@type":"ImageObject","inLanguage":"es-MX","@id":"https:\/\/nitu.mx\/#\/schema\/person\/image\/","url":"https:\/\/nitu.mx\/wp-content\/uploads\/2024\/04\/4A315622-1904-4D5C-B022-878CDC840E04-90x90-1.jpeg","contentUrl":"https:\/\/nitu.mx\/wp-content\/uploads\/2024\/04\/4A315622-1904-4D5C-B022-878CDC840E04-90x90-1.jpeg","width":90,"height":90,"caption":"Arturo Medina"},"logo":{"@id":"https:\/\/nitu.mx\/#\/schema\/person\/image\/"},"description":"Director NITU.mx, Egresado de la Escuela de Periodismo Carlos Septi\u00e9n Garc\u00eda. Periodista y analista especializado en turismo desde hace 35 a\u00f1os, radicado en Canc\u00fan Q.Roo. arturo@nitu.mx","sameAs":["https:\/\/nitu.mx","https:\/\/www.facebook.com\/NITUmx\/","medinacancun","https:\/\/twitter.com\/@Arturo_Medina_G"]},{"@type":"Person","@id":"https:\/\/nitu.mx\/#\/schema\/person\/3df3082b5e46037e3f13614d28ee0b77","name":"Guadalupe Sixto","image":{"@type":"ImageObject","inLanguage":"es-MX","@id":"https:\/\/nitu.mx\/#\/schema\/person\/image\/","url":"https:\/\/secure.gravatar.com\/avatar\/13914e1b0e1919e91f9539de4dc584c4?s=96&d=mm&r=g","contentUrl":"https:\/\/secure.gravatar.com\/avatar\/13914e1b0e1919e91f9539de4dc584c4?s=96&d=mm&r=g","caption":"Guadalupe Sixto"},"url":"https:\/\/nitu.mx\/index.php\/author\/gsixto\/"}]}},"views":309,"_links":{"self":[{"href":"https:\/\/nitu.mx\/index.php\/wp-json\/wp\/v2\/posts\/50471"}],"collection":[{"href":"https:\/\/nitu.mx\/index.php\/wp-json\/wp\/v2\/posts"}],"about":[{"href":"https:\/\/nitu.mx\/index.php\/wp-json\/wp\/v2\/types\/post"}],"author":[{"embeddable":true,"href":"https:\/\/nitu.mx\/index.php\/wp-json\/wp\/v2\/users\/18"}],"replies":[{"embeddable":true,"href":"https:\/\/nitu.mx\/index.php\/wp-json\/wp\/v2\/comments?post=50471"}],"version-history":[{"count":1,"href":"https:\/\/nitu.mx\/index.php\/wp-json\/wp\/v2\/posts\/50471\/revisions"}],"predecessor-version":[{"id":50472,"href":"https:\/\/nitu.mx\/index.php\/wp-json\/wp\/v2\/posts\/50471\/revisions\/50472"}],"wp:featuredmedia":[{"embeddable":true,"href":"https:\/\/nitu.mx\/index.php\/wp-json\/wp\/v2\/media\/33277"}],"wp:attachment":[{"href":"https:\/\/nitu.mx\/index.php\/wp-json\/wp\/v2\/media?parent=50471"}],"wp:term":[{"taxonomy":"category","embeddable":true,"href":"https:\/\/nitu.mx\/index.php\/wp-json\/wp\/v2\/categories?post=50471"},{"taxonomy":"post_tag","embeddable":true,"href":"https:\/\/nitu.mx\/index.php\/wp-json\/wp\/v2\/tags?post=50471"}],"curies":[{"name":"wp","href":"https:\/\/api.w.org\/{rel}","templated":true}]}}