{"id":50454,"date":"2021-02-19T23:53:23","date_gmt":"2021-02-20T04:53:23","guid":{"rendered":"https:\/\/www.dev.nitu.mx\/?p=50454"},"modified":"2021-02-20T12:46:10","modified_gmt":"2021-02-20T17:46:10","slug":"congresos-y-convenciones-aterrizando-en-el-caribe-mexicano","status":"publish","type":"post","link":"https:\/\/nitu.mx\/index.php\/2021\/02\/19\/congresos-y-convenciones-aterrizando-en-el-caribe-mexicano\/","title":{"rendered":"Congresos y convenciones aterrizando en el Caribe Mexicano"},"content":{"rendered":"<p>Representantes de empresas provenientes de Estados Unidos, M\u00e9xico y Latinoam\u00e9rica realizaron visitas de inspecci\u00f3n en el Caribe Mexicano este mes, con la intenci\u00f3n de llevar a cabo eventos como congresos, convenciones anuales y expos.<\/p>\n<p>\u201cEl Caribe Mexicano es, por la infraestructura hotelera, conectividad a\u00e9rea y atractivos naturales, adem\u00e1s de la calidez de su gente, el lugar ideal para realizar eventos relacionados al Turismo de Reuniones. Es importante mencionar tambi\u00e9n que, desde el inicio de la pandemia, en Quintana Roo se implementan protocolos de prevenci\u00f3n sanitaria que permiten dar certeza a los viajeros\u201d, coment\u00f3 Dar\u00edo Flota Ocampo, director general del Consejo de Promoci\u00f3n Tur\u00edstica de Quintana Roo.<\/p>\n<p>Los representantes de empresas que visitaron recientemente el Caribe Mexicano se mostraron interesados principalmente en los atractivos tur\u00edsticos, como actividades acu\u00e1ticas y de entretenimiento, para una convenci\u00f3n anual de 500 personas provenientes de Estados Unidos, que se realizar\u00eda en septiembre 2021.<\/p>\n<p>Por su parte, los organizadores de una expo en Canc\u00fan que ser\u00e1 para 900 asistentes nacionales, enfocaron su b\u00fasqueda en espacios amplios y al aire libre. Adicionalmente, una empresa de medios digitales especializada en industria de reuniones de Latinoam\u00e9rica visit\u00f3 Grand Costa Maya, en donde realiz\u00f3 grabaciones sobre lugares para realizar bodas, eventos, congresos y convenciones, y obtuvo material gr\u00e1fico que servir\u00e1 para promocionar las bondades del destino en sus plataformas y medios.<\/p>\n<p>A partir del pr\u00f3ximo lunes 22 de febrero, todo el estado de Quintana Roo estar\u00e1 en color amarillo en el Sem\u00e1foro Epidemiol\u00f3gico Estatal, mismo que permite la realizaci\u00f3n de eventos al aire libre con capacidad de hasta el 50%, mientras que en espacios cerrados hasta 30%.<\/p>\n<p>Quintana Roo cuenta con:<br \/>\n\u2022 Tres Centros de Convenciones independientes<br \/>\n\u2022 M\u00e1s de 100 hoteles con Centros de Convenciones<br \/>\n\u2022 M\u00e1s de 25 DMC \u0301s (Realizadores de eventos)<br \/>\n\u2022 Conectividad a\u00e9rea: Vuelos internacionales desde Estados Unidos, Latinoam\u00e9rica y<br \/>\nEuropa<br \/>\n\u2022 Parques tem\u00e1ticos, actividades acu\u00e1ticas, gastronom\u00eda, entre otras actividades<br \/>\nrecreativas Visitas de inspecci\u00f3n:<br \/>\n\u2022 Empresa mexicana, interesada en organizar una expo, asistencia 900 personas<br \/>\n\u2022 Empresa de medios digitales de Latinoam\u00e9rica, interesada en obtener im\u00e1genes y videos para redes sociales, plataformas y env\u00edo de notas sobre Turismo de<br \/>\nReuniones en el Caribe Mexicano<br \/>\n\u2022 Empresa norteamericana, interesada en una convenci\u00f3n anual para 500 personas<br \/>\nPara tranquilidad de quienes nos visitan:<br \/>\n\u2022 La App Guest Assist es una v\u00eda de comunicaci\u00f3n directa con las autoridades, embajadas y consulados; tambi\u00e9n contiene informaci\u00f3n actualizada sobre COVID- 19<br \/>\n\u2022 Mas de 7 mil empresas tur\u00edsticas est\u00e1n registradas en la \u201cCertificaci\u00f3n en Protecci\u00f3n y Prevenci\u00f3n Sanitaria en Instalaciones Tur\u00edsticas\u201d (CPPSIT)<br \/>\n\u2022 El Caribe Mexicano cuenta con el Sello &#8220;Safe Travels&#8221; que otorga el Consejo Mundial de Viajes y Turismo (WTTC)<\/p>\n","protected":false},"excerpt":{"rendered":"<p>Representantes de empresas provenientes de Estados Unidos, M\u00e9xico y Latinoam\u00e9rica realizaron visitas de inspecci\u00f3n en el Caribe Mexicano este mes, con la intenci\u00f3n de llevar a cabo eventos como congresos, convenciones anuales y expos. \u201cEl Caribe Mexicano es, por la infraestructura hotelera, conectividad a\u00e9rea y atractivos naturales, adem\u00e1s de la calidez de su gente, el [&hellip;]<\/p>\n","protected":false},"author":17,"featured_media":50455,"comment_status":"open","ping_status":"open","sticky":false,"template":"","format":"standard","meta":{"footnotes":""},"categories":[18475],"tags":[83],"yoast_head":"<!-- This site is optimized with the Yoast SEO plugin v22.2 - https:\/\/yoast.com\/wordpress\/plugins\/seo\/ -->\n<title>Congresos y convenciones aterrizando en el Caribe Mexicano - Nitu - Noticias de la Industria Turistica<\/title>\n<meta name=\"robots\" content=\"index, follow, max-snippet:-1, max-image-preview:large, max-video-preview:-1\" \/>\n<link rel=\"canonical\" href=\"https:\/\/nitu.mx\/index.php\/2021\/02\/19\/congresos-y-convenciones-aterrizando-en-el-caribe-mexicano\/\" \/>\n<meta name=\"twitter:card\" content=\"summary_large_image\" \/>\n<meta name=\"twitter:title\" content=\"Congresos y convenciones aterrizando en el Caribe Mexicano - Nitu - Noticias de la Industria Turistica\" \/>\n<meta name=\"twitter:description\" content=\"Representantes de empresas provenientes de Estados Unidos, M\u00e9xico y Latinoam\u00e9rica realizaron visitas de inspecci\u00f3n en el Caribe Mexicano este mes, con la intenci\u00f3n de llevar a cabo eventos como congresos, convenciones anuales y expos. \u201cEl Caribe Mexicano es, por la infraestructura hotelera, conectividad a\u00e9rea y atractivos naturales, adem\u00e1s de la calidez de su gente, el [&hellip;]\" \/>\n<meta name=\"twitter:image\" content=\"https:\/\/nitu.mx\/wp-content\/uploads\/2021\/02\/8D8DFD83-D628-4288-B4CF-96692B455B38.jpeg\" \/>\n<meta name=\"twitter:creator\" content=\"@NITUmx\" \/>\n<meta name=\"twitter:site\" content=\"@Arturo_Medina_G\" \/>\n<meta name=\"twitter:label1\" content=\"Escrito por\" \/>\n\t<meta name=\"twitter:data1\" content=\"Redacci\u00f3n\" \/>\n\t<meta name=\"twitter:label2\" content=\"Tiempo de lectura\" \/>\n\t<meta name=\"twitter:data2\" content=\"2 minutos\" \/>\n<script type=\"application\/ld+json\" class=\"yoast-schema-graph\">{\"@context\":\"https:\/\/schema.org\",\"@graph\":[{\"@type\":\"Article\",\"@id\":\"https:\/\/nitu.mx\/index.php\/2021\/02\/19\/congresos-y-convenciones-aterrizando-en-el-caribe-mexicano\/#article\",\"isPartOf\":{\"@id\":\"https:\/\/nitu.mx\/index.php\/2021\/02\/19\/congresos-y-convenciones-aterrizando-en-el-caribe-mexicano\/\"},\"author\":{\"name\":\"Redacci\u00f3n\",\"@id\":\"https:\/\/nitu.mx\/#\/schema\/person\/4a28fe9bd65924f7c90623773daf1b0b\"},\"headline\":\"Congresos y convenciones aterrizando en el Caribe Mexicano\",\"datePublished\":\"2021-02-20T04:53:23+00:00\",\"dateModified\":\"2021-02-20T17:46:10+00:00\",\"mainEntityOfPage\":{\"@id\":\"https:\/\/nitu.mx\/index.php\/2021\/02\/19\/congresos-y-convenciones-aterrizando-en-el-caribe-mexicano\/\"},\"wordCount\":470,\"commentCount\":0,\"publisher\":{\"@id\":\"https:\/\/nitu.mx\/#\/schema\/person\/ae7a53426417292d3dd07b45a33e01bc\"},\"image\":{\"@id\":\"https:\/\/nitu.mx\/index.php\/2021\/02\/19\/congresos-y-convenciones-aterrizando-en-el-caribe-mexicano\/#primaryimage\"},\"thumbnailUrl\":\"https:\/\/nitu.mx\/wp-content\/uploads\/2021\/02\/8D8DFD83-D628-4288-B4CF-96692B455B38.jpeg\",\"keywords\":[\"Caribe mexicano\"],\"articleSection\":[\"Caribe Mexicano\"],\"inLanguage\":\"es-MX\",\"potentialAction\":[{\"@type\":\"CommentAction\",\"name\":\"Comment\",\"target\":[\"https:\/\/nitu.mx\/index.php\/2021\/02\/19\/congresos-y-convenciones-aterrizando-en-el-caribe-mexicano\/#respond\"]}]},{\"@type\":\"WebPage\",\"@id\":\"https:\/\/nitu.mx\/index.php\/2021\/02\/19\/congresos-y-convenciones-aterrizando-en-el-caribe-mexicano\/\",\"url\":\"https:\/\/nitu.mx\/index.php\/2021\/02\/19\/congresos-y-convenciones-aterrizando-en-el-caribe-mexicano\/\",\"name\":\"Congresos y convenciones aterrizando en el Caribe Mexicano - Nitu - Noticias de la Industria Turistica\",\"isPartOf\":{\"@id\":\"https:\/\/nitu.mx\/#website\"},\"primaryImageOfPage\":{\"@id\":\"https:\/\/nitu.mx\/index.php\/2021\/02\/19\/congresos-y-convenciones-aterrizando-en-el-caribe-mexicano\/#primaryimage\"},\"image\":{\"@id\":\"https:\/\/nitu.mx\/index.php\/2021\/02\/19\/congresos-y-convenciones-aterrizando-en-el-caribe-mexicano\/#primaryimage\"},\"thumbnailUrl\":\"https:\/\/nitu.mx\/wp-content\/uploads\/2021\/02\/8D8DFD83-D628-4288-B4CF-96692B455B38.jpeg\",\"datePublished\":\"2021-02-20T04:53:23+00:00\",\"dateModified\":\"2021-02-20T17:46:10+00:00\",\"breadcrumb\":{\"@id\":\"https:\/\/nitu.mx\/index.php\/2021\/02\/19\/congresos-y-convenciones-aterrizando-en-el-caribe-mexicano\/#breadcrumb\"},\"inLanguage\":\"es-MX\",\"potentialAction\":[{\"@type\":\"ReadAction\",\"target\":[\"https:\/\/nitu.mx\/index.php\/2021\/02\/19\/congresos-y-convenciones-aterrizando-en-el-caribe-mexicano\/\"]}]},{\"@type\":\"ImageObject\",\"inLanguage\":\"es-MX\",\"@id\":\"https:\/\/nitu.mx\/index.php\/2021\/02\/19\/congresos-y-convenciones-aterrizando-en-el-caribe-mexicano\/#primaryimage\",\"url\":\"https:\/\/nitu.mx\/wp-content\/uploads\/2021\/02\/8D8DFD83-D628-4288-B4CF-96692B455B38.jpeg\",\"contentUrl\":\"https:\/\/nitu.mx\/wp-content\/uploads\/2021\/02\/8D8DFD83-D628-4288-B4CF-96692B455B38.jpeg\",\"width\":1280,\"height\":853},{\"@type\":\"BreadcrumbList\",\"@id\":\"https:\/\/nitu.mx\/index.php\/2021\/02\/19\/congresos-y-convenciones-aterrizando-en-el-caribe-mexicano\/#breadcrumb\",\"itemListElement\":[{\"@type\":\"ListItem\",\"position\":1,\"name\":\"Inicio\",\"item\":\"https:\/\/nitu.mx\/\"},{\"@type\":\"ListItem\",\"position\":2,\"name\":\"Congresos y convenciones aterrizando en el Caribe Mexicano\"}]},{\"@type\":\"WebSite\",\"@id\":\"https:\/\/nitu.mx\/#website\",\"url\":\"https:\/\/nitu.mx\/\",\"name\":\"Nitu - Noticias de la Industria Turistica\",\"description\":\"Noticias de la Industria Turistica\",\"publisher\":{\"@id\":\"https:\/\/nitu.mx\/#\/schema\/person\/ae7a53426417292d3dd07b45a33e01bc\"},\"alternateName\":\"Noticias de la Industria Turistica\",\"potentialAction\":[{\"@type\":\"SearchAction\",\"target\":{\"@type\":\"EntryPoint\",\"urlTemplate\":\"https:\/\/nitu.mx\/?s={search_term_string}\"},\"query-input\":\"required name=search_term_string\"}],\"inLanguage\":\"es-MX\"},{\"@type\":[\"Person\",\"Organization\"],\"@id\":\"https:\/\/nitu.mx\/#\/schema\/person\/ae7a53426417292d3dd07b45a33e01bc\",\"name\":\"Arturo Medina\",\"image\":{\"@type\":\"ImageObject\",\"inLanguage\":\"es-MX\",\"@id\":\"https:\/\/nitu.mx\/#\/schema\/person\/image\/\",\"url\":\"https:\/\/nitu.mx\/wp-content\/uploads\/2024\/04\/4A315622-1904-4D5C-B022-878CDC840E04-90x90-1.jpeg\",\"contentUrl\":\"https:\/\/nitu.mx\/wp-content\/uploads\/2024\/04\/4A315622-1904-4D5C-B022-878CDC840E04-90x90-1.jpeg\",\"width\":90,\"height\":90,\"caption\":\"Arturo Medina\"},\"logo\":{\"@id\":\"https:\/\/nitu.mx\/#\/schema\/person\/image\/\"},\"description\":\"Director NITU.mx, Egresado de la Escuela de Periodismo Carlos Septi\u00e9n Garc\u00eda. Periodista y analista especializado en turismo desde hace 35 a\u00f1os, radicado en Canc\u00fan Q.Roo. arturo@nitu.mx\",\"sameAs\":[\"https:\/\/nitu.mx\",\"https:\/\/www.facebook.com\/NITUmx\/\",\"medinacancun\",\"https:\/\/twitter.com\/@Arturo_Medina_G\"]},{\"@type\":\"Person\",\"@id\":\"https:\/\/nitu.mx\/#\/schema\/person\/4a28fe9bd65924f7c90623773daf1b0b\",\"name\":\"Redacci\u00f3n\",\"image\":{\"@type\":\"ImageObject\",\"inLanguage\":\"es-MX\",\"@id\":\"https:\/\/nitu.mx\/#\/schema\/person\/image\/\",\"url\":\"https:\/\/secure.gravatar.com\/avatar\/5dd011c8ccfc5cd7e4c81e42252aab38?s=96&d=mm&r=g\",\"contentUrl\":\"https:\/\/secure.gravatar.com\/avatar\/5dd011c8ccfc5cd7e4c81e42252aab38?s=96&d=mm&r=g\",\"caption\":\"Redacci\u00f3n\"},\"url\":\"https:\/\/nitu.mx\/index.php\/author\/redaccion\/\"}]}<\/script>\n<!-- \/ Yoast SEO plugin. -->","yoast_head_json":{"title":"Congresos y convenciones aterrizando en el Caribe Mexicano - Nitu - Noticias de la Industria Turistica","robots":{"index":"index","follow":"follow","max-snippet":"max-snippet:-1","max-image-preview":"max-image-preview:large","max-video-preview":"max-video-preview:-1"},"canonical":"https:\/\/nitu.mx\/index.php\/2021\/02\/19\/congresos-y-convenciones-aterrizando-en-el-caribe-mexicano\/","twitter_card":"summary_large_image","twitter_title":"Congresos y convenciones aterrizando en el Caribe Mexicano - Nitu - Noticias de la Industria Turistica","twitter_description":"Representantes de empresas provenientes de Estados Unidos, M\u00e9xico y Latinoam\u00e9rica realizaron visitas de inspecci\u00f3n en el Caribe Mexicano este mes, con la intenci\u00f3n de llevar a cabo eventos como congresos, convenciones anuales y expos. \u201cEl Caribe Mexicano es, por la infraestructura hotelera, conectividad a\u00e9rea y atractivos naturales, adem\u00e1s de la calidez de su gente, el [&hellip;]","twitter_image":"https:\/\/nitu.mx\/wp-content\/uploads\/2021\/02\/8D8DFD83-D628-4288-B4CF-96692B455B38.jpeg","twitter_creator":"@NITUmx","twitter_site":"@Arturo_Medina_G","twitter_misc":{"Escrito por":"Redacci\u00f3n","Tiempo de lectura":"2 minutos"},"schema":{"@context":"https:\/\/schema.org","@graph":[{"@type":"Article","@id":"https:\/\/nitu.mx\/index.php\/2021\/02\/19\/congresos-y-convenciones-aterrizando-en-el-caribe-mexicano\/#article","isPartOf":{"@id":"https:\/\/nitu.mx\/index.php\/2021\/02\/19\/congresos-y-convenciones-aterrizando-en-el-caribe-mexicano\/"},"author":{"name":"Redacci\u00f3n","@id":"https:\/\/nitu.mx\/#\/schema\/person\/4a28fe9bd65924f7c90623773daf1b0b"},"headline":"Congresos y convenciones aterrizando en el Caribe Mexicano","datePublished":"2021-02-20T04:53:23+00:00","dateModified":"2021-02-20T17:46:10+00:00","mainEntityOfPage":{"@id":"https:\/\/nitu.mx\/index.php\/2021\/02\/19\/congresos-y-convenciones-aterrizando-en-el-caribe-mexicano\/"},"wordCount":470,"commentCount":0,"publisher":{"@id":"https:\/\/nitu.mx\/#\/schema\/person\/ae7a53426417292d3dd07b45a33e01bc"},"image":{"@id":"https:\/\/nitu.mx\/index.php\/2021\/02\/19\/congresos-y-convenciones-aterrizando-en-el-caribe-mexicano\/#primaryimage"},"thumbnailUrl":"https:\/\/nitu.mx\/wp-content\/uploads\/2021\/02\/8D8DFD83-D628-4288-B4CF-96692B455B38.jpeg","keywords":["Caribe mexicano"],"articleSection":["Caribe Mexicano"],"inLanguage":"es-MX","potentialAction":[{"@type":"CommentAction","name":"Comment","target":["https:\/\/nitu.mx\/index.php\/2021\/02\/19\/congresos-y-convenciones-aterrizando-en-el-caribe-mexicano\/#respond"]}]},{"@type":"WebPage","@id":"https:\/\/nitu.mx\/index.php\/2021\/02\/19\/congresos-y-convenciones-aterrizando-en-el-caribe-mexicano\/","url":"https:\/\/nitu.mx\/index.php\/2021\/02\/19\/congresos-y-convenciones-aterrizando-en-el-caribe-mexicano\/","name":"Congresos y convenciones aterrizando en el Caribe Mexicano - Nitu - Noticias de la Industria Turistica","isPartOf":{"@id":"https:\/\/nitu.mx\/#website"},"primaryImageOfPage":{"@id":"https:\/\/nitu.mx\/index.php\/2021\/02\/19\/congresos-y-convenciones-aterrizando-en-el-caribe-mexicano\/#primaryimage"},"image":{"@id":"https:\/\/nitu.mx\/index.php\/2021\/02\/19\/congresos-y-convenciones-aterrizando-en-el-caribe-mexicano\/#primaryimage"},"thumbnailUrl":"https:\/\/nitu.mx\/wp-content\/uploads\/2021\/02\/8D8DFD83-D628-4288-B4CF-96692B455B38.jpeg","datePublished":"2021-02-20T04:53:23+00:00","dateModified":"2021-02-20T17:46:10+00:00","breadcrumb":{"@id":"https:\/\/nitu.mx\/index.php\/2021\/02\/19\/congresos-y-convenciones-aterrizando-en-el-caribe-mexicano\/#breadcrumb"},"inLanguage":"es-MX","potentialAction":[{"@type":"ReadAction","target":["https:\/\/nitu.mx\/index.php\/2021\/02\/19\/congresos-y-convenciones-aterrizando-en-el-caribe-mexicano\/"]}]},{"@type":"ImageObject","inLanguage":"es-MX","@id":"https:\/\/nitu.mx\/index.php\/2021\/02\/19\/congresos-y-convenciones-aterrizando-en-el-caribe-mexicano\/#primaryimage","url":"https:\/\/nitu.mx\/wp-content\/uploads\/2021\/02\/8D8DFD83-D628-4288-B4CF-96692B455B38.jpeg","contentUrl":"https:\/\/nitu.mx\/wp-content\/uploads\/2021\/02\/8D8DFD83-D628-4288-B4CF-96692B455B38.jpeg","width":1280,"height":853},{"@type":"BreadcrumbList","@id":"https:\/\/nitu.mx\/index.php\/2021\/02\/19\/congresos-y-convenciones-aterrizando-en-el-caribe-mexicano\/#breadcrumb","itemListElement":[{"@type":"ListItem","position":1,"name":"Inicio","item":"https:\/\/nitu.mx\/"},{"@type":"ListItem","position":2,"name":"Congresos y convenciones aterrizando en el Caribe Mexicano"}]},{"@type":"WebSite","@id":"https:\/\/nitu.mx\/#website","url":"https:\/\/nitu.mx\/","name":"Nitu - Noticias de la Industria Turistica","description":"Noticias de la Industria Turistica","publisher":{"@id":"https:\/\/nitu.mx\/#\/schema\/person\/ae7a53426417292d3dd07b45a33e01bc"},"alternateName":"Noticias de la Industria Turistica","potentialAction":[{"@type":"SearchAction","target":{"@type":"EntryPoint","urlTemplate":"https:\/\/nitu.mx\/?s={search_term_string}"},"query-input":"required name=search_term_string"}],"inLanguage":"es-MX"},{"@type":["Person","Organization"],"@id":"https:\/\/nitu.mx\/#\/schema\/person\/ae7a53426417292d3dd07b45a33e01bc","name":"Arturo Medina","image":{"@type":"ImageObject","inLanguage":"es-MX","@id":"https:\/\/nitu.mx\/#\/schema\/person\/image\/","url":"https:\/\/nitu.mx\/wp-content\/uploads\/2024\/04\/4A315622-1904-4D5C-B022-878CDC840E04-90x90-1.jpeg","contentUrl":"https:\/\/nitu.mx\/wp-content\/uploads\/2024\/04\/4A315622-1904-4D5C-B022-878CDC840E04-90x90-1.jpeg","width":90,"height":90,"caption":"Arturo Medina"},"logo":{"@id":"https:\/\/nitu.mx\/#\/schema\/person\/image\/"},"description":"Director NITU.mx, Egresado de la Escuela de Periodismo Carlos Septi\u00e9n Garc\u00eda. Periodista y analista especializado en turismo desde hace 35 a\u00f1os, radicado en Canc\u00fan Q.Roo. arturo@nitu.mx","sameAs":["https:\/\/nitu.mx","https:\/\/www.facebook.com\/NITUmx\/","medinacancun","https:\/\/twitter.com\/@Arturo_Medina_G"]},{"@type":"Person","@id":"https:\/\/nitu.mx\/#\/schema\/person\/4a28fe9bd65924f7c90623773daf1b0b","name":"Redacci\u00f3n","image":{"@type":"ImageObject","inLanguage":"es-MX","@id":"https:\/\/nitu.mx\/#\/schema\/person\/image\/","url":"https:\/\/secure.gravatar.com\/avatar\/5dd011c8ccfc5cd7e4c81e42252aab38?s=96&d=mm&r=g","contentUrl":"https:\/\/secure.gravatar.com\/avatar\/5dd011c8ccfc5cd7e4c81e42252aab38?s=96&d=mm&r=g","caption":"Redacci\u00f3n"},"url":"https:\/\/nitu.mx\/index.php\/author\/redaccion\/"}]}},"views":703,"_links":{"self":[{"href":"https:\/\/nitu.mx\/index.php\/wp-json\/wp\/v2\/posts\/50454"}],"collection":[{"href":"https:\/\/nitu.mx\/index.php\/wp-json\/wp\/v2\/posts"}],"about":[{"href":"https:\/\/nitu.mx\/index.php\/wp-json\/wp\/v2\/types\/post"}],"author":[{"embeddable":true,"href":"https:\/\/nitu.mx\/index.php\/wp-json\/wp\/v2\/users\/17"}],"replies":[{"embeddable":true,"href":"https:\/\/nitu.mx\/index.php\/wp-json\/wp\/v2\/comments?post=50454"}],"version-history":[{"count":2,"href":"https:\/\/nitu.mx\/index.php\/wp-json\/wp\/v2\/posts\/50454\/revisions"}],"predecessor-version":[{"id":50457,"href":"https:\/\/nitu.mx\/index.php\/wp-json\/wp\/v2\/posts\/50454\/revisions\/50457"}],"wp:featuredmedia":[{"embeddable":true,"href":"https:\/\/nitu.mx\/index.php\/wp-json\/wp\/v2\/media\/50455"}],"wp:attachment":[{"href":"https:\/\/nitu.mx\/index.php\/wp-json\/wp\/v2\/media?parent=50454"}],"wp:term":[{"taxonomy":"category","embeddable":true,"href":"https:\/\/nitu.mx\/index.php\/wp-json\/wp\/v2\/categories?post=50454"},{"taxonomy":"post_tag","embeddable":true,"href":"https:\/\/nitu.mx\/index.php\/wp-json\/wp\/v2\/tags?post=50454"}],"curies":[{"name":"wp","href":"https:\/\/api.w.org\/{rel}","templated":true}]}}