{"id":50449,"date":"2021-02-19T22:54:30","date_gmt":"2021-02-20T03:54:30","guid":{"rendered":"https:\/\/www.dev.nitu.mx\/?p=50449"},"modified":"2021-02-20T14:02:34","modified_gmt":"2021-02-20T19:02:34","slug":"bajan-contagios-en-eua-sube-ocupacion-en-cancun","status":"publish","type":"post","link":"https:\/\/nitu.mx\/index.php\/2021\/02\/19\/bajan-contagios-en-eua-sube-ocupacion-en-cancun\/","title":{"rendered":"Bajan contagios en EUA, sube ocupaci\u00f3n en Canc\u00fan"},"content":{"rendered":"<p>Luego de un mes de enero en el que se llegaron a cifras &#8220;top&#8221; en contagios por COVID-19 en los Estados Unidos, superado los 300mil casos en un d\u00eda, ayer se lleg\u00f3 a la cifra m\u00e1s baja de contagios diarios en casi 3 meses, todos esto ha sido relacionando con la velocidad en el programa de vacunaci\u00f3n que esta aplicando el gobierno del presidente Joe Biden, todo esto son buenas noticias para el Caribe Mexicano que en la \u00faltima semana subi\u00f3 arriba de los 10 puntos la ocupaci\u00f3n.<\/p>\n<p>El mes de enero fue complicado en la ocupaci\u00f3n hotelera en el Caribe Mexicano, el aumento desmedido de contagios y la muy controversial sucesi\u00f3n en el poder, bajaron a cifras alarmantes la intenci\u00f3n de viaje de los estadounidenses, en enero que habitualmente es uno de los meses de mayor ocupaci\u00f3n se llegaron a tener dias abajo de 30% de los cuartos ocupados en Canc\u00fan, cuando a finales del a\u00f1o pasado se supero el 50%<\/p>\n<p>En el inicio del mes de febrero las cosas no fueron sencillas, pero para este d\u00eda la ocupaci\u00f3n ya muestra un importante registro arriba del 42% de ocupaci\u00f3n a pesar de otros factores que tambi\u00e9n incidieron en la baja ocupaci\u00f3n de enero, nos referimos a la obligatoriedad de presentar al abordar de regreso a los Estados Unidos una prueba anti-Covid negativa, de no m\u00e1s de tres d\u00edas de vigencia y claro la cancelaci\u00f3n de todos los vuelos desde el segundo mercado emisor que es Canada.<\/p>\n<p>El esfuerzo de sector turismo en Quintana Roo, ha provocado que de boca en boca los posibles viajeros no cancelen sus viajes, al enterarse de la facilidad que existe para cumplir con los requisitos de la prueba, y los cuidados y protocolos en todas las actividades tur\u00edsticas que se ha adaptado a la nueva forma de vender el turismo.<\/p>\n<p>La baja de contagios en Estados Unidos es evidente, el pasado 8 de enero tuvieron su d\u00eda con mas alto con 300 mil 619 casos, para el 19 de febrero el registro fue de 78 mil 640 contagios, 75% menos en 40 d\u00edas. En el caso de la vacunaci\u00f3n, el gobierno ha aplicado poco m\u00e1s de 60 millones de dosis y contando, casi el 20% de la poblaci\u00f3n ha recibido al menos una dosis de la vacuna anti-Covid.<\/p>\n<p><img decoding=\"async\" loading=\"lazy\" class=\"aligncenter wp-image-50450 size-full\" src=\"https:\/\/www.dev.nitu.mx\/wp-content\/uploads\/2021\/02\/Captura-de-Pantalla-2021-02-19-a-las-22.44.22.png\" alt=\"\" width=\"656\" height=\"375\" srcset=\"https:\/\/nitu.mx\/wp-content\/uploads\/2021\/02\/Captura-de-Pantalla-2021-02-19-a-las-22.44.22.png 656w, https:\/\/nitu.mx\/wp-content\/uploads\/2021\/02\/Captura-de-Pantalla-2021-02-19-a-las-22.44.22-300x171.png 300w\" sizes=\"(max-width: 656px) 100vw, 656px\" \/><\/p>\n<p><a href=\"https:\/\/www.google.com\/search?q=coronavirus&amp;rlz=1C5CHFA_enMX896MX896&amp;oq=coronavirus&amp;aqs=chrome..69i57j0i131i433j0j0i433j69i60l3j69i65.5035j0j4&amp;sourceid=chrome&amp;ie=UTF-8\">( \u00a0CASOS DIARIOS EN EUA)<\/a><\/p>\n<p>Hoy ya se ve lejano que el gobierno estadounidense tome medidas adicionales para viajar a M\u00e9xico, situaci\u00f3n que ha tenido tenso al sector, se habl\u00f3 de la cuarentena forzada al volver al pa\u00eds, situaci\u00f3n que se desminti\u00f3, e incluso hay quien habl\u00f3 de cancelar los viajes a\u00e9reos entre los dos pa\u00edses, que seria un golpe letal al de por si maltrecho sector turismo.<\/p>\n<p>&nbsp;<\/p>\n","protected":false},"excerpt":{"rendered":"<p>Luego de un mes de enero en el que se llegaron a cifras &#8220;top&#8221; en contagios por COVID-19 en los Estados Unidos, superado los 300mil casos en un d\u00eda, ayer se lleg\u00f3 a la cifra m\u00e1s baja de contagios diarios en casi 3 meses, todos esto ha sido relacionando con la velocidad en el programa [&hellip;]<\/p>\n","protected":false},"author":17,"featured_media":42542,"comment_status":"open","ping_status":"open","sticky":false,"template":"","format":"standard","meta":{"footnotes":""},"categories":[18475,19057],"tags":[43,83],"yoast_head":"<!-- This site is optimized with the Yoast SEO plugin v22.2 - https:\/\/yoast.com\/wordpress\/plugins\/seo\/ -->\n<title>Bajan contagios en EUA, sube ocupaci\u00f3n en Canc\u00fan - Nitu - Noticias de la Industria Turistica<\/title>\n<meta name=\"robots\" content=\"index, follow, max-snippet:-1, max-image-preview:large, max-video-preview:-1\" \/>\n<link rel=\"canonical\" href=\"https:\/\/nitu.mx\/index.php\/2021\/02\/19\/bajan-contagios-en-eua-sube-ocupacion-en-cancun\/\" \/>\n<meta name=\"twitter:card\" content=\"summary_large_image\" \/>\n<meta name=\"twitter:title\" content=\"Bajan contagios en EUA, sube ocupaci\u00f3n en Canc\u00fan - Nitu - Noticias de la Industria Turistica\" \/>\n<meta name=\"twitter:description\" content=\"Luego de un mes de enero en el que se llegaron a cifras &#8220;top&#8221; en contagios por COVID-19 en los Estados Unidos, superado los 300mil casos en un d\u00eda, ayer se lleg\u00f3 a la cifra m\u00e1s baja de contagios diarios en casi 3 meses, todos esto ha sido relacionando con la velocidad en el programa [&hellip;]\" \/>\n<meta name=\"twitter:image\" content=\"https:\/\/nitu.mx\/wp-content\/uploads\/2020\/05\/palace-protocolos-de-sanidad.jpg\" \/>\n<meta name=\"twitter:creator\" content=\"@NITUmx\" \/>\n<meta name=\"twitter:site\" content=\"@Arturo_Medina_G\" \/>\n<meta name=\"twitter:label1\" content=\"Escrito por\" \/>\n\t<meta name=\"twitter:data1\" content=\"Redacci\u00f3n\" \/>\n\t<meta name=\"twitter:label2\" content=\"Tiempo de lectura\" \/>\n\t<meta name=\"twitter:data2\" content=\"2 minutos\" \/>\n<script type=\"application\/ld+json\" class=\"yoast-schema-graph\">{\"@context\":\"https:\/\/schema.org\",\"@graph\":[{\"@type\":\"Article\",\"@id\":\"https:\/\/nitu.mx\/index.php\/2021\/02\/19\/bajan-contagios-en-eua-sube-ocupacion-en-cancun\/#article\",\"isPartOf\":{\"@id\":\"https:\/\/nitu.mx\/index.php\/2021\/02\/19\/bajan-contagios-en-eua-sube-ocupacion-en-cancun\/\"},\"author\":{\"name\":\"Redacci\u00f3n\",\"@id\":\"https:\/\/nitu.mx\/#\/schema\/person\/4a28fe9bd65924f7c90623773daf1b0b\"},\"headline\":\"Bajan contagios en EUA, sube ocupaci\u00f3n en Canc\u00fan\",\"datePublished\":\"2021-02-20T03:54:30+00:00\",\"dateModified\":\"2021-02-20T19:02:34+00:00\",\"mainEntityOfPage\":{\"@id\":\"https:\/\/nitu.mx\/index.php\/2021\/02\/19\/bajan-contagios-en-eua-sube-ocupacion-en-cancun\/\"},\"wordCount\":477,\"commentCount\":0,\"publisher\":{\"@id\":\"https:\/\/nitu.mx\/#\/schema\/person\/ae7a53426417292d3dd07b45a33e01bc\"},\"image\":{\"@id\":\"https:\/\/nitu.mx\/index.php\/2021\/02\/19\/bajan-contagios-en-eua-sube-ocupacion-en-cancun\/#primaryimage\"},\"thumbnailUrl\":\"https:\/\/nitu.mx\/wp-content\/uploads\/2020\/05\/palace-protocolos-de-sanidad.jpg\",\"keywords\":[\"Canc\u00fan\",\"Caribe mexicano\"],\"articleSection\":[\"Caribe Mexicano\",\"COVID-19 CORONAVIRUS\"],\"inLanguage\":\"es-MX\",\"potentialAction\":[{\"@type\":\"CommentAction\",\"name\":\"Comment\",\"target\":[\"https:\/\/nitu.mx\/index.php\/2021\/02\/19\/bajan-contagios-en-eua-sube-ocupacion-en-cancun\/#respond\"]}]},{\"@type\":\"WebPage\",\"@id\":\"https:\/\/nitu.mx\/index.php\/2021\/02\/19\/bajan-contagios-en-eua-sube-ocupacion-en-cancun\/\",\"url\":\"https:\/\/nitu.mx\/index.php\/2021\/02\/19\/bajan-contagios-en-eua-sube-ocupacion-en-cancun\/\",\"name\":\"Bajan contagios en EUA, sube ocupaci\u00f3n en Canc\u00fan - Nitu - Noticias de la Industria Turistica\",\"isPartOf\":{\"@id\":\"https:\/\/nitu.mx\/#website\"},\"primaryImageOfPage\":{\"@id\":\"https:\/\/nitu.mx\/index.php\/2021\/02\/19\/bajan-contagios-en-eua-sube-ocupacion-en-cancun\/#primaryimage\"},\"image\":{\"@id\":\"https:\/\/nitu.mx\/index.php\/2021\/02\/19\/bajan-contagios-en-eua-sube-ocupacion-en-cancun\/#primaryimage\"},\"thumbnailUrl\":\"https:\/\/nitu.mx\/wp-content\/uploads\/2020\/05\/palace-protocolos-de-sanidad.jpg\",\"datePublished\":\"2021-02-20T03:54:30+00:00\",\"dateModified\":\"2021-02-20T19:02:34+00:00\",\"breadcrumb\":{\"@id\":\"https:\/\/nitu.mx\/index.php\/2021\/02\/19\/bajan-contagios-en-eua-sube-ocupacion-en-cancun\/#breadcrumb\"},\"inLanguage\":\"es-MX\",\"potentialAction\":[{\"@type\":\"ReadAction\",\"target\":[\"https:\/\/nitu.mx\/index.php\/2021\/02\/19\/bajan-contagios-en-eua-sube-ocupacion-en-cancun\/\"]}]},{\"@type\":\"ImageObject\",\"inLanguage\":\"es-MX\",\"@id\":\"https:\/\/nitu.mx\/index.php\/2021\/02\/19\/bajan-contagios-en-eua-sube-ocupacion-en-cancun\/#primaryimage\",\"url\":\"https:\/\/nitu.mx\/wp-content\/uploads\/2020\/05\/palace-protocolos-de-sanidad.jpg\",\"contentUrl\":\"https:\/\/nitu.mx\/wp-content\/uploads\/2020\/05\/palace-protocolos-de-sanidad.jpg\",\"width\":850,\"height\":480,\"caption\":\"Travel Consul\"},{\"@type\":\"BreadcrumbList\",\"@id\":\"https:\/\/nitu.mx\/index.php\/2021\/02\/19\/bajan-contagios-en-eua-sube-ocupacion-en-cancun\/#breadcrumb\",\"itemListElement\":[{\"@type\":\"ListItem\",\"position\":1,\"name\":\"Inicio\",\"item\":\"https:\/\/nitu.mx\/\"},{\"@type\":\"ListItem\",\"position\":2,\"name\":\"Bajan contagios en EUA, sube ocupaci\u00f3n en Canc\u00fan\"}]},{\"@type\":\"WebSite\",\"@id\":\"https:\/\/nitu.mx\/#website\",\"url\":\"https:\/\/nitu.mx\/\",\"name\":\"Nitu - Noticias de la Industria Turistica\",\"description\":\"Noticias de la Industria Turistica\",\"publisher\":{\"@id\":\"https:\/\/nitu.mx\/#\/schema\/person\/ae7a53426417292d3dd07b45a33e01bc\"},\"alternateName\":\"Noticias de la Industria Turistica\",\"potentialAction\":[{\"@type\":\"SearchAction\",\"target\":{\"@type\":\"EntryPoint\",\"urlTemplate\":\"https:\/\/nitu.mx\/?s={search_term_string}\"},\"query-input\":\"required name=search_term_string\"}],\"inLanguage\":\"es-MX\"},{\"@type\":[\"Person\",\"Organization\"],\"@id\":\"https:\/\/nitu.mx\/#\/schema\/person\/ae7a53426417292d3dd07b45a33e01bc\",\"name\":\"Arturo Medina\",\"image\":{\"@type\":\"ImageObject\",\"inLanguage\":\"es-MX\",\"@id\":\"https:\/\/nitu.mx\/#\/schema\/person\/image\/\",\"url\":\"https:\/\/nitu.mx\/wp-content\/uploads\/2024\/04\/4A315622-1904-4D5C-B022-878CDC840E04-90x90-1.jpeg\",\"contentUrl\":\"https:\/\/nitu.mx\/wp-content\/uploads\/2024\/04\/4A315622-1904-4D5C-B022-878CDC840E04-90x90-1.jpeg\",\"width\":90,\"height\":90,\"caption\":\"Arturo Medina\"},\"logo\":{\"@id\":\"https:\/\/nitu.mx\/#\/schema\/person\/image\/\"},\"description\":\"Director NITU.mx, Egresado de la Escuela de Periodismo Carlos Septi\u00e9n Garc\u00eda. Periodista y analista especializado en turismo desde hace 35 a\u00f1os, radicado en Canc\u00fan Q.Roo. arturo@nitu.mx\",\"sameAs\":[\"https:\/\/nitu.mx\",\"https:\/\/www.facebook.com\/NITUmx\/\",\"medinacancun\",\"https:\/\/twitter.com\/@Arturo_Medina_G\"]},{\"@type\":\"Person\",\"@id\":\"https:\/\/nitu.mx\/#\/schema\/person\/4a28fe9bd65924f7c90623773daf1b0b\",\"name\":\"Redacci\u00f3n\",\"image\":{\"@type\":\"ImageObject\",\"inLanguage\":\"es-MX\",\"@id\":\"https:\/\/nitu.mx\/#\/schema\/person\/image\/\",\"url\":\"https:\/\/secure.gravatar.com\/avatar\/5dd011c8ccfc5cd7e4c81e42252aab38?s=96&d=mm&r=g\",\"contentUrl\":\"https:\/\/secure.gravatar.com\/avatar\/5dd011c8ccfc5cd7e4c81e42252aab38?s=96&d=mm&r=g\",\"caption\":\"Redacci\u00f3n\"},\"url\":\"https:\/\/nitu.mx\/index.php\/author\/redaccion\/\"}]}<\/script>\n<!-- \/ Yoast SEO plugin. -->","yoast_head_json":{"title":"Bajan contagios en EUA, sube ocupaci\u00f3n en Canc\u00fan - Nitu - Noticias de la Industria Turistica","robots":{"index":"index","follow":"follow","max-snippet":"max-snippet:-1","max-image-preview":"max-image-preview:large","max-video-preview":"max-video-preview:-1"},"canonical":"https:\/\/nitu.mx\/index.php\/2021\/02\/19\/bajan-contagios-en-eua-sube-ocupacion-en-cancun\/","twitter_card":"summary_large_image","twitter_title":"Bajan contagios en EUA, sube ocupaci\u00f3n en Canc\u00fan - Nitu - Noticias de la Industria Turistica","twitter_description":"Luego de un mes de enero en el que se llegaron a cifras &#8220;top&#8221; en contagios por COVID-19 en los Estados Unidos, superado los 300mil casos en un d\u00eda, ayer se lleg\u00f3 a la cifra m\u00e1s baja de contagios diarios en casi 3 meses, todos esto ha sido relacionando con la velocidad en el programa [&hellip;]","twitter_image":"https:\/\/nitu.mx\/wp-content\/uploads\/2020\/05\/palace-protocolos-de-sanidad.jpg","twitter_creator":"@NITUmx","twitter_site":"@Arturo_Medina_G","twitter_misc":{"Escrito por":"Redacci\u00f3n","Tiempo de lectura":"2 minutos"},"schema":{"@context":"https:\/\/schema.org","@graph":[{"@type":"Article","@id":"https:\/\/nitu.mx\/index.php\/2021\/02\/19\/bajan-contagios-en-eua-sube-ocupacion-en-cancun\/#article","isPartOf":{"@id":"https:\/\/nitu.mx\/index.php\/2021\/02\/19\/bajan-contagios-en-eua-sube-ocupacion-en-cancun\/"},"author":{"name":"Redacci\u00f3n","@id":"https:\/\/nitu.mx\/#\/schema\/person\/4a28fe9bd65924f7c90623773daf1b0b"},"headline":"Bajan contagios en EUA, sube ocupaci\u00f3n en Canc\u00fan","datePublished":"2021-02-20T03:54:30+00:00","dateModified":"2021-02-20T19:02:34+00:00","mainEntityOfPage":{"@id":"https:\/\/nitu.mx\/index.php\/2021\/02\/19\/bajan-contagios-en-eua-sube-ocupacion-en-cancun\/"},"wordCount":477,"commentCount":0,"publisher":{"@id":"https:\/\/nitu.mx\/#\/schema\/person\/ae7a53426417292d3dd07b45a33e01bc"},"image":{"@id":"https:\/\/nitu.mx\/index.php\/2021\/02\/19\/bajan-contagios-en-eua-sube-ocupacion-en-cancun\/#primaryimage"},"thumbnailUrl":"https:\/\/nitu.mx\/wp-content\/uploads\/2020\/05\/palace-protocolos-de-sanidad.jpg","keywords":["Canc\u00fan","Caribe mexicano"],"articleSection":["Caribe Mexicano","COVID-19 CORONAVIRUS"],"inLanguage":"es-MX","potentialAction":[{"@type":"CommentAction","name":"Comment","target":["https:\/\/nitu.mx\/index.php\/2021\/02\/19\/bajan-contagios-en-eua-sube-ocupacion-en-cancun\/#respond"]}]},{"@type":"WebPage","@id":"https:\/\/nitu.mx\/index.php\/2021\/02\/19\/bajan-contagios-en-eua-sube-ocupacion-en-cancun\/","url":"https:\/\/nitu.mx\/index.php\/2021\/02\/19\/bajan-contagios-en-eua-sube-ocupacion-en-cancun\/","name":"Bajan contagios en EUA, sube ocupaci\u00f3n en Canc\u00fan - Nitu - Noticias de la Industria Turistica","isPartOf":{"@id":"https:\/\/nitu.mx\/#website"},"primaryImageOfPage":{"@id":"https:\/\/nitu.mx\/index.php\/2021\/02\/19\/bajan-contagios-en-eua-sube-ocupacion-en-cancun\/#primaryimage"},"image":{"@id":"https:\/\/nitu.mx\/index.php\/2021\/02\/19\/bajan-contagios-en-eua-sube-ocupacion-en-cancun\/#primaryimage"},"thumbnailUrl":"https:\/\/nitu.mx\/wp-content\/uploads\/2020\/05\/palace-protocolos-de-sanidad.jpg","datePublished":"2021-02-20T03:54:30+00:00","dateModified":"2021-02-20T19:02:34+00:00","breadcrumb":{"@id":"https:\/\/nitu.mx\/index.php\/2021\/02\/19\/bajan-contagios-en-eua-sube-ocupacion-en-cancun\/#breadcrumb"},"inLanguage":"es-MX","potentialAction":[{"@type":"ReadAction","target":["https:\/\/nitu.mx\/index.php\/2021\/02\/19\/bajan-contagios-en-eua-sube-ocupacion-en-cancun\/"]}]},{"@type":"ImageObject","inLanguage":"es-MX","@id":"https:\/\/nitu.mx\/index.php\/2021\/02\/19\/bajan-contagios-en-eua-sube-ocupacion-en-cancun\/#primaryimage","url":"https:\/\/nitu.mx\/wp-content\/uploads\/2020\/05\/palace-protocolos-de-sanidad.jpg","contentUrl":"https:\/\/nitu.mx\/wp-content\/uploads\/2020\/05\/palace-protocolos-de-sanidad.jpg","width":850,"height":480,"caption":"Travel Consul"},{"@type":"BreadcrumbList","@id":"https:\/\/nitu.mx\/index.php\/2021\/02\/19\/bajan-contagios-en-eua-sube-ocupacion-en-cancun\/#breadcrumb","itemListElement":[{"@type":"ListItem","position":1,"name":"Inicio","item":"https:\/\/nitu.mx\/"},{"@type":"ListItem","position":2,"name":"Bajan contagios en EUA, sube ocupaci\u00f3n en Canc\u00fan"}]},{"@type":"WebSite","@id":"https:\/\/nitu.mx\/#website","url":"https:\/\/nitu.mx\/","name":"Nitu - Noticias de la Industria Turistica","description":"Noticias de la Industria Turistica","publisher":{"@id":"https:\/\/nitu.mx\/#\/schema\/person\/ae7a53426417292d3dd07b45a33e01bc"},"alternateName":"Noticias de la Industria Turistica","potentialAction":[{"@type":"SearchAction","target":{"@type":"EntryPoint","urlTemplate":"https:\/\/nitu.mx\/?s={search_term_string}"},"query-input":"required name=search_term_string"}],"inLanguage":"es-MX"},{"@type":["Person","Organization"],"@id":"https:\/\/nitu.mx\/#\/schema\/person\/ae7a53426417292d3dd07b45a33e01bc","name":"Arturo Medina","image":{"@type":"ImageObject","inLanguage":"es-MX","@id":"https:\/\/nitu.mx\/#\/schema\/person\/image\/","url":"https:\/\/nitu.mx\/wp-content\/uploads\/2024\/04\/4A315622-1904-4D5C-B022-878CDC840E04-90x90-1.jpeg","contentUrl":"https:\/\/nitu.mx\/wp-content\/uploads\/2024\/04\/4A315622-1904-4D5C-B022-878CDC840E04-90x90-1.jpeg","width":90,"height":90,"caption":"Arturo Medina"},"logo":{"@id":"https:\/\/nitu.mx\/#\/schema\/person\/image\/"},"description":"Director NITU.mx, Egresado de la Escuela de Periodismo Carlos Septi\u00e9n Garc\u00eda. Periodista y analista especializado en turismo desde hace 35 a\u00f1os, radicado en Canc\u00fan Q.Roo. arturo@nitu.mx","sameAs":["https:\/\/nitu.mx","https:\/\/www.facebook.com\/NITUmx\/","medinacancun","https:\/\/twitter.com\/@Arturo_Medina_G"]},{"@type":"Person","@id":"https:\/\/nitu.mx\/#\/schema\/person\/4a28fe9bd65924f7c90623773daf1b0b","name":"Redacci\u00f3n","image":{"@type":"ImageObject","inLanguage":"es-MX","@id":"https:\/\/nitu.mx\/#\/schema\/person\/image\/","url":"https:\/\/secure.gravatar.com\/avatar\/5dd011c8ccfc5cd7e4c81e42252aab38?s=96&d=mm&r=g","contentUrl":"https:\/\/secure.gravatar.com\/avatar\/5dd011c8ccfc5cd7e4c81e42252aab38?s=96&d=mm&r=g","caption":"Redacci\u00f3n"},"url":"https:\/\/nitu.mx\/index.php\/author\/redaccion\/"}]}},"views":256,"_links":{"self":[{"href":"https:\/\/nitu.mx\/index.php\/wp-json\/wp\/v2\/posts\/50449"}],"collection":[{"href":"https:\/\/nitu.mx\/index.php\/wp-json\/wp\/v2\/posts"}],"about":[{"href":"https:\/\/nitu.mx\/index.php\/wp-json\/wp\/v2\/types\/post"}],"author":[{"embeddable":true,"href":"https:\/\/nitu.mx\/index.php\/wp-json\/wp\/v2\/users\/17"}],"replies":[{"embeddable":true,"href":"https:\/\/nitu.mx\/index.php\/wp-json\/wp\/v2\/comments?post=50449"}],"version-history":[{"count":4,"href":"https:\/\/nitu.mx\/index.php\/wp-json\/wp\/v2\/posts\/50449\/revisions"}],"predecessor-version":[{"id":50458,"href":"https:\/\/nitu.mx\/index.php\/wp-json\/wp\/v2\/posts\/50449\/revisions\/50458"}],"wp:featuredmedia":[{"embeddable":true,"href":"https:\/\/nitu.mx\/index.php\/wp-json\/wp\/v2\/media\/42542"}],"wp:attachment":[{"href":"https:\/\/nitu.mx\/index.php\/wp-json\/wp\/v2\/media?parent=50449"}],"wp:term":[{"taxonomy":"category","embeddable":true,"href":"https:\/\/nitu.mx\/index.php\/wp-json\/wp\/v2\/categories?post=50449"},{"taxonomy":"post_tag","embeddable":true,"href":"https:\/\/nitu.mx\/index.php\/wp-json\/wp\/v2\/tags?post=50449"}],"curies":[{"name":"wp","href":"https:\/\/api.w.org\/{rel}","templated":true}]}}