{"id":50382,"date":"2021-02-17T01:38:11","date_gmt":"2021-02-17T06:38:11","guid":{"rendered":"https:\/\/www.dev.nitu.mx\/?p=50382"},"modified":"2021-02-17T01:41:08","modified_gmt":"2021-02-17T06:41:08","slug":"sabre-observa-una-tendencia-al-alza-en-las-reservas-aereas","status":"publish","type":"post","link":"https:\/\/nitu.mx\/index.php\/2021\/02\/17\/sabre-observa-una-tendencia-al-alza-en-las-reservas-aereas\/","title":{"rendered":"Sabre observa una tendencia al alza en las reservas a\u00e9reas"},"content":{"rendered":"<p>El director ejecutivo\u00a0 de Sabre, Sean Menke se\u00f1al\u00f3 la mejora secuencial de las reservas a\u00e9reas netas en la \u00faltima parte de 2020: las reservas bajaron un 81% en octubre, luego un 79% en noviembre y luego un 77% en diciembre.\u00a0Todas las regiones mostraron una mejora trimestral.<\/p>\n<p>&#8220;En el mes de enero, el ritmo de mejora se desaceler\u00f3 debido a un resurgimiento de casos de Covid-19, cierres y mayores restricciones de viaje&#8221;, dijo Menke.\u00a0&#8220;Sin embargo, las tendencias de reservas promedio diarias hasta mediados de febrero est\u00e1n por encima de los resultados de enero y est\u00e1n de nuevo en l\u00ednea con los niveles de salida de 2020&#8221;.<\/p>\n<p>A Am\u00e9rica del Norte espec\u00edficamente le fue mejor en febrero, por delante de los niveles de reserva a fines de 2020, agreg\u00f3 Menke.<\/p>\n<p>Menke cree que, a medida que los viajeros ganen confianza, comenzar\u00e1n a viajar de nuevo.\u00a0Esto fue evidenciado por aumentos en los niveles de reserva en el verano de 2020. Los picos de invierno en los casos de Covid-19 causaron una disminuci\u00f3n en el volumen de viajes, pero esas reservas est\u00e1n repuntando y los hoteles se recuperan primero.\u00a0Menke dijo que eso podr\u00eda ser indicativo de viajeros dispuestos a conducir hasta un destino, pero no volar.<\/p>\n<p>&#8220;Esperamos que la vacunaci\u00f3n y las pruebas de Covid-19 aumente a\u00fan m\u00e1s la confianza de los viajeros&#8221;, dijo.<a href=\"http:\/\/\"><br \/>\n<\/a><br \/>\nSeg\u00fan Menke, Norteam\u00e9rica, el mercado m\u00e1s grande de Sabre, probablemente se recuperar\u00e1 antes que Europa, donde las restricciones de viaje m\u00e1s estrictas y una mayor fragmentaci\u00f3n retrasar\u00e1n la recuperaci\u00f3n de los viajes.\u00a0\u00c9l cree que los viajes nacionales se recuperar\u00e1n primero.\u00a0El hecho de que Sabre tenga una participaci\u00f3n del 80% en el negocio norteamericano de las empresas de gesti\u00f3n de viajes deber\u00eda beneficiar a la empresa, dijo.<\/p>\n<p>Los ingresos del cuarto trimestre bajaron un 67% a $ 314 millones, en comparaci\u00f3n con $ 941 millones en el cuarto trimestre de 2019, atribuible a la falta de demanda de viajes debido a la crisis del coronavirus.<\/p>\n<p>Sabre oper\u00f3 con una p\u00e9rdida de $ 220 millones en el trimestre, en comparaci\u00f3n con sus ingresos operativos reportados de $ 58 millones en el cuarto trimestre de 2019. Sabre atribuy\u00f3 esa ca\u00edda a la pandemia, as\u00ed como a $ 14 millones en cargos por abandono despu\u00e9s del cierre de algunas oficinas. y un cargo por deterioro de $ 9 millones relacionado con el software desarrollado para uso interno.<\/p>\n<p>La p\u00e9rdida neta de Sabre ascendi\u00f3 a $ 311 millones, en comparaci\u00f3n con una utilidad neta de $ 10 millones en el cuarto trimestre de 2019.<\/p>\n<p>Para todo el a\u00f1o 2020, los ingresos de Sabre bajaron un 66% a $ 1.3 mil millones.\u00a0Registr\u00f3 una p\u00e9rdida neta de $ 1.28 mil millones en comparaci\u00f3n con un ingreso neto de $ 159 millones en 2019. (Travel Weekly).<\/p>\n","protected":false},"excerpt":{"rendered":"<p>El director ejecutivo\u00a0 de Sabre, Sean Menke se\u00f1al\u00f3 la mejora secuencial de las reservas a\u00e9reas netas en la \u00faltima parte de 2020: las reservas bajaron un 81% en octubre, luego un 79% en noviembre y luego un 77% en diciembre.\u00a0Todas las regiones mostraron una mejora trimestral. &#8220;En el mes de enero, el ritmo de mejora [&hellip;]<\/p>\n","protected":false},"author":17,"featured_media":18684,"comment_status":"open","ping_status":"open","sticky":false,"template":"","format":"standard","meta":{"footnotes":""},"categories":[29,374],"tags":[10920,21658,3557,21659],"yoast_head":"<!-- This site is optimized with the Yoast SEO plugin v22.2 - https:\/\/yoast.com\/wordpress\/plugins\/seo\/ -->\n<title>Sabre observa una tendencia al alza en las reservas a\u00e9reas - Nitu - Noticias de la Industria Turistica<\/title>\n<meta name=\"robots\" content=\"index, follow, max-snippet:-1, max-image-preview:large, max-video-preview:-1\" \/>\n<link rel=\"canonical\" href=\"https:\/\/nitu.mx\/index.php\/2021\/02\/17\/sabre-observa-una-tendencia-al-alza-en-las-reservas-aereas\/\" \/>\n<meta name=\"twitter:card\" content=\"summary_large_image\" \/>\n<meta name=\"twitter:title\" content=\"Sabre observa una tendencia al alza en las reservas a\u00e9reas - Nitu - Noticias de la Industria Turistica\" \/>\n<meta name=\"twitter:description\" content=\"El director ejecutivo\u00a0 de Sabre, Sean Menke se\u00f1al\u00f3 la mejora secuencial de las reservas a\u00e9reas netas en la \u00faltima parte de 2020: las reservas bajaron un 81% en octubre, luego un 79% en noviembre y luego un 77% en diciembre.\u00a0Todas las regiones mostraron una mejora trimestral. &#8220;En el mes de enero, el ritmo de mejora [&hellip;]\" \/>\n<meta name=\"twitter:image\" content=\"https:\/\/nitu.mx\/wp-content\/uploads\/2018\/03\/tecnologia-sabre.jpg\" \/>\n<meta name=\"twitter:creator\" content=\"@NITUmx\" \/>\n<meta name=\"twitter:site\" content=\"@Arturo_Medina_G\" \/>\n<meta name=\"twitter:label1\" content=\"Escrito por\" \/>\n\t<meta name=\"twitter:data1\" content=\"Redacci\u00f3n\" \/>\n\t<meta name=\"twitter:label2\" content=\"Tiempo de lectura\" \/>\n\t<meta name=\"twitter:data2\" content=\"2 minutos\" \/>\n<script type=\"application\/ld+json\" class=\"yoast-schema-graph\">{\"@context\":\"https:\/\/schema.org\",\"@graph\":[{\"@type\":\"Article\",\"@id\":\"https:\/\/nitu.mx\/index.php\/2021\/02\/17\/sabre-observa-una-tendencia-al-alza-en-las-reservas-aereas\/#article\",\"isPartOf\":{\"@id\":\"https:\/\/nitu.mx\/index.php\/2021\/02\/17\/sabre-observa-una-tendencia-al-alza-en-las-reservas-aereas\/\"},\"author\":{\"name\":\"Redacci\u00f3n\",\"@id\":\"https:\/\/nitu.mx\/#\/schema\/person\/4a28fe9bd65924f7c90623773daf1b0b\"},\"headline\":\"Sabre observa una tendencia al alza en las reservas a\u00e9reas\",\"datePublished\":\"2021-02-17T06:38:11+00:00\",\"dateModified\":\"2021-02-17T06:41:08+00:00\",\"mainEntityOfPage\":{\"@id\":\"https:\/\/nitu.mx\/index.php\/2021\/02\/17\/sabre-observa-una-tendencia-al-alza-en-las-reservas-aereas\/\"},\"wordCount\":474,\"commentCount\":0,\"publisher\":{\"@id\":\"https:\/\/nitu.mx\/#\/schema\/person\/ae7a53426417292d3dd07b45a33e01bc\"},\"image\":{\"@id\":\"https:\/\/nitu.mx\/index.php\/2021\/02\/17\/sabre-observa-una-tendencia-al-alza-en-las-reservas-aereas\/#primaryimage\"},\"thumbnailUrl\":\"https:\/\/nitu.mx\/wp-content\/uploads\/2018\/03\/tecnologia-sabre.jpg\",\"keywords\":[\"recuperaci\u00f3n\",\"reservas a\u00e9reas\",\"Sabre\",\"Sean Menke\"],\"articleSection\":[\"Aerol\u00edneas\",\"Internacional\"],\"inLanguage\":\"es-MX\",\"potentialAction\":[{\"@type\":\"CommentAction\",\"name\":\"Comment\",\"target\":[\"https:\/\/nitu.mx\/index.php\/2021\/02\/17\/sabre-observa-una-tendencia-al-alza-en-las-reservas-aereas\/#respond\"]}]},{\"@type\":\"WebPage\",\"@id\":\"https:\/\/nitu.mx\/index.php\/2021\/02\/17\/sabre-observa-una-tendencia-al-alza-en-las-reservas-aereas\/\",\"url\":\"https:\/\/nitu.mx\/index.php\/2021\/02\/17\/sabre-observa-una-tendencia-al-alza-en-las-reservas-aereas\/\",\"name\":\"Sabre observa una tendencia al alza en las reservas a\u00e9reas - Nitu - Noticias de la Industria Turistica\",\"isPartOf\":{\"@id\":\"https:\/\/nitu.mx\/#website\"},\"primaryImageOfPage\":{\"@id\":\"https:\/\/nitu.mx\/index.php\/2021\/02\/17\/sabre-observa-una-tendencia-al-alza-en-las-reservas-aereas\/#primaryimage\"},\"image\":{\"@id\":\"https:\/\/nitu.mx\/index.php\/2021\/02\/17\/sabre-observa-una-tendencia-al-alza-en-las-reservas-aereas\/#primaryimage\"},\"thumbnailUrl\":\"https:\/\/nitu.mx\/wp-content\/uploads\/2018\/03\/tecnologia-sabre.jpg\",\"datePublished\":\"2021-02-17T06:38:11+00:00\",\"dateModified\":\"2021-02-17T06:41:08+00:00\",\"breadcrumb\":{\"@id\":\"https:\/\/nitu.mx\/index.php\/2021\/02\/17\/sabre-observa-una-tendencia-al-alza-en-las-reservas-aereas\/#breadcrumb\"},\"inLanguage\":\"es-MX\",\"potentialAction\":[{\"@type\":\"ReadAction\",\"target\":[\"https:\/\/nitu.mx\/index.php\/2021\/02\/17\/sabre-observa-una-tendencia-al-alza-en-las-reservas-aereas\/\"]}]},{\"@type\":\"ImageObject\",\"inLanguage\":\"es-MX\",\"@id\":\"https:\/\/nitu.mx\/index.php\/2021\/02\/17\/sabre-observa-una-tendencia-al-alza-en-las-reservas-aereas\/#primaryimage\",\"url\":\"https:\/\/nitu.mx\/wp-content\/uploads\/2018\/03\/tecnologia-sabre.jpg\",\"contentUrl\":\"https:\/\/nitu.mx\/wp-content\/uploads\/2018\/03\/tecnologia-sabre.jpg\",\"width\":850,\"height\":480,\"caption\":\"Sabre One\"},{\"@type\":\"BreadcrumbList\",\"@id\":\"https:\/\/nitu.mx\/index.php\/2021\/02\/17\/sabre-observa-una-tendencia-al-alza-en-las-reservas-aereas\/#breadcrumb\",\"itemListElement\":[{\"@type\":\"ListItem\",\"position\":1,\"name\":\"Inicio\",\"item\":\"https:\/\/nitu.mx\/\"},{\"@type\":\"ListItem\",\"position\":2,\"name\":\"Sabre observa una tendencia al alza en las reservas a\u00e9reas\"}]},{\"@type\":\"WebSite\",\"@id\":\"https:\/\/nitu.mx\/#website\",\"url\":\"https:\/\/nitu.mx\/\",\"name\":\"Nitu - Noticias de la Industria Turistica\",\"description\":\"Noticias de la Industria Turistica\",\"publisher\":{\"@id\":\"https:\/\/nitu.mx\/#\/schema\/person\/ae7a53426417292d3dd07b45a33e01bc\"},\"alternateName\":\"Noticias de la Industria Turistica\",\"potentialAction\":[{\"@type\":\"SearchAction\",\"target\":{\"@type\":\"EntryPoint\",\"urlTemplate\":\"https:\/\/nitu.mx\/?s={search_term_string}\"},\"query-input\":\"required name=search_term_string\"}],\"inLanguage\":\"es-MX\"},{\"@type\":[\"Person\",\"Organization\"],\"@id\":\"https:\/\/nitu.mx\/#\/schema\/person\/ae7a53426417292d3dd07b45a33e01bc\",\"name\":\"Arturo Medina\",\"image\":{\"@type\":\"ImageObject\",\"inLanguage\":\"es-MX\",\"@id\":\"https:\/\/nitu.mx\/#\/schema\/person\/image\/\",\"url\":\"https:\/\/nitu.mx\/wp-content\/uploads\/2024\/04\/4A315622-1904-4D5C-B022-878CDC840E04-90x90-1.jpeg\",\"contentUrl\":\"https:\/\/nitu.mx\/wp-content\/uploads\/2024\/04\/4A315622-1904-4D5C-B022-878CDC840E04-90x90-1.jpeg\",\"width\":90,\"height\":90,\"caption\":\"Arturo Medina\"},\"logo\":{\"@id\":\"https:\/\/nitu.mx\/#\/schema\/person\/image\/\"},\"description\":\"Director NITU.mx, Egresado de la Escuela de Periodismo Carlos Septi\u00e9n Garc\u00eda. Periodista y analista especializado en turismo desde hace 35 a\u00f1os, radicado en Canc\u00fan Q.Roo. arturo@nitu.mx\",\"sameAs\":[\"https:\/\/nitu.mx\",\"https:\/\/www.facebook.com\/NITUmx\/\",\"medinacancun\",\"https:\/\/twitter.com\/@Arturo_Medina_G\"]},{\"@type\":\"Person\",\"@id\":\"https:\/\/nitu.mx\/#\/schema\/person\/4a28fe9bd65924f7c90623773daf1b0b\",\"name\":\"Redacci\u00f3n\",\"image\":{\"@type\":\"ImageObject\",\"inLanguage\":\"es-MX\",\"@id\":\"https:\/\/nitu.mx\/#\/schema\/person\/image\/\",\"url\":\"https:\/\/secure.gravatar.com\/avatar\/5dd011c8ccfc5cd7e4c81e42252aab38?s=96&d=mm&r=g\",\"contentUrl\":\"https:\/\/secure.gravatar.com\/avatar\/5dd011c8ccfc5cd7e4c81e42252aab38?s=96&d=mm&r=g\",\"caption\":\"Redacci\u00f3n\"},\"url\":\"https:\/\/nitu.mx\/index.php\/author\/redaccion\/\"}]}<\/script>\n<!-- \/ Yoast SEO plugin. -->","yoast_head_json":{"title":"Sabre observa una tendencia al alza en las reservas a\u00e9reas - Nitu - Noticias de la Industria Turistica","robots":{"index":"index","follow":"follow","max-snippet":"max-snippet:-1","max-image-preview":"max-image-preview:large","max-video-preview":"max-video-preview:-1"},"canonical":"https:\/\/nitu.mx\/index.php\/2021\/02\/17\/sabre-observa-una-tendencia-al-alza-en-las-reservas-aereas\/","twitter_card":"summary_large_image","twitter_title":"Sabre observa una tendencia al alza en las reservas a\u00e9reas - Nitu - Noticias de la Industria Turistica","twitter_description":"El director ejecutivo\u00a0 de Sabre, Sean Menke se\u00f1al\u00f3 la mejora secuencial de las reservas a\u00e9reas netas en la \u00faltima parte de 2020: las reservas bajaron un 81% en octubre, luego un 79% en noviembre y luego un 77% en diciembre.\u00a0Todas las regiones mostraron una mejora trimestral. &#8220;En el mes de enero, el ritmo de mejora [&hellip;]","twitter_image":"https:\/\/nitu.mx\/wp-content\/uploads\/2018\/03\/tecnologia-sabre.jpg","twitter_creator":"@NITUmx","twitter_site":"@Arturo_Medina_G","twitter_misc":{"Escrito por":"Redacci\u00f3n","Tiempo de lectura":"2 minutos"},"schema":{"@context":"https:\/\/schema.org","@graph":[{"@type":"Article","@id":"https:\/\/nitu.mx\/index.php\/2021\/02\/17\/sabre-observa-una-tendencia-al-alza-en-las-reservas-aereas\/#article","isPartOf":{"@id":"https:\/\/nitu.mx\/index.php\/2021\/02\/17\/sabre-observa-una-tendencia-al-alza-en-las-reservas-aereas\/"},"author":{"name":"Redacci\u00f3n","@id":"https:\/\/nitu.mx\/#\/schema\/person\/4a28fe9bd65924f7c90623773daf1b0b"},"headline":"Sabre observa una tendencia al alza en las reservas a\u00e9reas","datePublished":"2021-02-17T06:38:11+00:00","dateModified":"2021-02-17T06:41:08+00:00","mainEntityOfPage":{"@id":"https:\/\/nitu.mx\/index.php\/2021\/02\/17\/sabre-observa-una-tendencia-al-alza-en-las-reservas-aereas\/"},"wordCount":474,"commentCount":0,"publisher":{"@id":"https:\/\/nitu.mx\/#\/schema\/person\/ae7a53426417292d3dd07b45a33e01bc"},"image":{"@id":"https:\/\/nitu.mx\/index.php\/2021\/02\/17\/sabre-observa-una-tendencia-al-alza-en-las-reservas-aereas\/#primaryimage"},"thumbnailUrl":"https:\/\/nitu.mx\/wp-content\/uploads\/2018\/03\/tecnologia-sabre.jpg","keywords":["recuperaci\u00f3n","reservas a\u00e9reas","Sabre","Sean Menke"],"articleSection":["Aerol\u00edneas","Internacional"],"inLanguage":"es-MX","potentialAction":[{"@type":"CommentAction","name":"Comment","target":["https:\/\/nitu.mx\/index.php\/2021\/02\/17\/sabre-observa-una-tendencia-al-alza-en-las-reservas-aereas\/#respond"]}]},{"@type":"WebPage","@id":"https:\/\/nitu.mx\/index.php\/2021\/02\/17\/sabre-observa-una-tendencia-al-alza-en-las-reservas-aereas\/","url":"https:\/\/nitu.mx\/index.php\/2021\/02\/17\/sabre-observa-una-tendencia-al-alza-en-las-reservas-aereas\/","name":"Sabre observa una tendencia al alza en las reservas a\u00e9reas - Nitu - Noticias de la Industria Turistica","isPartOf":{"@id":"https:\/\/nitu.mx\/#website"},"primaryImageOfPage":{"@id":"https:\/\/nitu.mx\/index.php\/2021\/02\/17\/sabre-observa-una-tendencia-al-alza-en-las-reservas-aereas\/#primaryimage"},"image":{"@id":"https:\/\/nitu.mx\/index.php\/2021\/02\/17\/sabre-observa-una-tendencia-al-alza-en-las-reservas-aereas\/#primaryimage"},"thumbnailUrl":"https:\/\/nitu.mx\/wp-content\/uploads\/2018\/03\/tecnologia-sabre.jpg","datePublished":"2021-02-17T06:38:11+00:00","dateModified":"2021-02-17T06:41:08+00:00","breadcrumb":{"@id":"https:\/\/nitu.mx\/index.php\/2021\/02\/17\/sabre-observa-una-tendencia-al-alza-en-las-reservas-aereas\/#breadcrumb"},"inLanguage":"es-MX","potentialAction":[{"@type":"ReadAction","target":["https:\/\/nitu.mx\/index.php\/2021\/02\/17\/sabre-observa-una-tendencia-al-alza-en-las-reservas-aereas\/"]}]},{"@type":"ImageObject","inLanguage":"es-MX","@id":"https:\/\/nitu.mx\/index.php\/2021\/02\/17\/sabre-observa-una-tendencia-al-alza-en-las-reservas-aereas\/#primaryimage","url":"https:\/\/nitu.mx\/wp-content\/uploads\/2018\/03\/tecnologia-sabre.jpg","contentUrl":"https:\/\/nitu.mx\/wp-content\/uploads\/2018\/03\/tecnologia-sabre.jpg","width":850,"height":480,"caption":"Sabre One"},{"@type":"BreadcrumbList","@id":"https:\/\/nitu.mx\/index.php\/2021\/02\/17\/sabre-observa-una-tendencia-al-alza-en-las-reservas-aereas\/#breadcrumb","itemListElement":[{"@type":"ListItem","position":1,"name":"Inicio","item":"https:\/\/nitu.mx\/"},{"@type":"ListItem","position":2,"name":"Sabre observa una tendencia al alza en las reservas a\u00e9reas"}]},{"@type":"WebSite","@id":"https:\/\/nitu.mx\/#website","url":"https:\/\/nitu.mx\/","name":"Nitu - Noticias de la Industria Turistica","description":"Noticias de la Industria Turistica","publisher":{"@id":"https:\/\/nitu.mx\/#\/schema\/person\/ae7a53426417292d3dd07b45a33e01bc"},"alternateName":"Noticias de la Industria Turistica","potentialAction":[{"@type":"SearchAction","target":{"@type":"EntryPoint","urlTemplate":"https:\/\/nitu.mx\/?s={search_term_string}"},"query-input":"required name=search_term_string"}],"inLanguage":"es-MX"},{"@type":["Person","Organization"],"@id":"https:\/\/nitu.mx\/#\/schema\/person\/ae7a53426417292d3dd07b45a33e01bc","name":"Arturo Medina","image":{"@type":"ImageObject","inLanguage":"es-MX","@id":"https:\/\/nitu.mx\/#\/schema\/person\/image\/","url":"https:\/\/nitu.mx\/wp-content\/uploads\/2024\/04\/4A315622-1904-4D5C-B022-878CDC840E04-90x90-1.jpeg","contentUrl":"https:\/\/nitu.mx\/wp-content\/uploads\/2024\/04\/4A315622-1904-4D5C-B022-878CDC840E04-90x90-1.jpeg","width":90,"height":90,"caption":"Arturo Medina"},"logo":{"@id":"https:\/\/nitu.mx\/#\/schema\/person\/image\/"},"description":"Director NITU.mx, Egresado de la Escuela de Periodismo Carlos Septi\u00e9n Garc\u00eda. Periodista y analista especializado en turismo desde hace 35 a\u00f1os, radicado en Canc\u00fan Q.Roo. arturo@nitu.mx","sameAs":["https:\/\/nitu.mx","https:\/\/www.facebook.com\/NITUmx\/","medinacancun","https:\/\/twitter.com\/@Arturo_Medina_G"]},{"@type":"Person","@id":"https:\/\/nitu.mx\/#\/schema\/person\/4a28fe9bd65924f7c90623773daf1b0b","name":"Redacci\u00f3n","image":{"@type":"ImageObject","inLanguage":"es-MX","@id":"https:\/\/nitu.mx\/#\/schema\/person\/image\/","url":"https:\/\/secure.gravatar.com\/avatar\/5dd011c8ccfc5cd7e4c81e42252aab38?s=96&d=mm&r=g","contentUrl":"https:\/\/secure.gravatar.com\/avatar\/5dd011c8ccfc5cd7e4c81e42252aab38?s=96&d=mm&r=g","caption":"Redacci\u00f3n"},"url":"https:\/\/nitu.mx\/index.php\/author\/redaccion\/"}]}},"views":290,"_links":{"self":[{"href":"https:\/\/nitu.mx\/index.php\/wp-json\/wp\/v2\/posts\/50382"}],"collection":[{"href":"https:\/\/nitu.mx\/index.php\/wp-json\/wp\/v2\/posts"}],"about":[{"href":"https:\/\/nitu.mx\/index.php\/wp-json\/wp\/v2\/types\/post"}],"author":[{"embeddable":true,"href":"https:\/\/nitu.mx\/index.php\/wp-json\/wp\/v2\/users\/17"}],"replies":[{"embeddable":true,"href":"https:\/\/nitu.mx\/index.php\/wp-json\/wp\/v2\/comments?post=50382"}],"version-history":[{"count":1,"href":"https:\/\/nitu.mx\/index.php\/wp-json\/wp\/v2\/posts\/50382\/revisions"}],"predecessor-version":[{"id":50383,"href":"https:\/\/nitu.mx\/index.php\/wp-json\/wp\/v2\/posts\/50382\/revisions\/50383"}],"wp:featuredmedia":[{"embeddable":true,"href":"https:\/\/nitu.mx\/index.php\/wp-json\/wp\/v2\/media\/18684"}],"wp:attachment":[{"href":"https:\/\/nitu.mx\/index.php\/wp-json\/wp\/v2\/media?parent=50382"}],"wp:term":[{"taxonomy":"category","embeddable":true,"href":"https:\/\/nitu.mx\/index.php\/wp-json\/wp\/v2\/categories?post=50382"},{"taxonomy":"post_tag","embeddable":true,"href":"https:\/\/nitu.mx\/index.php\/wp-json\/wp\/v2\/tags?post=50382"}],"curies":[{"name":"wp","href":"https:\/\/api.w.org\/{rel}","templated":true}]}}