{"id":50372,"date":"2021-02-16T21:18:18","date_gmt":"2021-02-17T02:18:18","guid":{"rendered":"https:\/\/www.dev.nitu.mx\/?p=50372"},"modified":"2021-02-17T01:41:01","modified_gmt":"2021-02-17T06:41:01","slug":"muere-arne-sorenson-ceo-de-marriott-victima-de-cancer-de-pancreas","status":"publish","type":"post","link":"https:\/\/nitu.mx\/index.php\/2021\/02\/16\/muere-arne-sorenson-ceo-de-marriott-victima-de-cancer-de-pancreas\/","title":{"rendered":"Muere Arne Sorenson, CEO de Marriott, v\u00edctima de c\u00e1ncer de p\u00e1ncreas"},"content":{"rendered":"<p>El director ejecutivo de Marriott International, Arne Sorenson, quien supervis\u00f3 adquisiciones importantes y la expansi\u00f3n de la marca en todo el mundo para consolidar su posici\u00f3n como la marca hotelera m\u00e1s grande e influyente, muri\u00f3 el lunes despu\u00e9s de una batalla contra el c\u00e1ncer de p\u00e1ncreas. Ten\u00eda 62 a\u00f1os.<\/p>\n<p>Adem\u00e1s de supervisar el crecimiento de la empresa y lidiar con una pandemia que amenazaba su trayectoria, tambi\u00e9n era conocido por su liderazgo progresivo en temas como diversidad, equidad e inclusi\u00f3n, sostenibilidad ambiental y conciencia sobre la trata de personas.<\/p>\n<p>El CEO de Marriott es recordado como un hombre de negocios astuto, un amigo y socio confiable y un l\u00edder inspirador en temas globales.<\/p>\n<p>&#8220;Arne era un ejecutivo excepcional, pero m\u00e1s que eso, era un ser humano excepcional&#8221;, dijo JW Marriott Jr., presidente ejecutivo y presidente de la junta directiva de Marriott International, en un comunicado. &#8220;En nombre de la junta y de los cientos de miles de asociados de Marriott en todo el mundo, extendemos nuestro m\u00e1s sentido p\u00e9same a la esposa de Arne y sus cuatro hijos. Compartimos su angustia y extra\u00f1aremos profundamente a Arne&#8221;.<\/p>\n<p>A principios de este mes, Marriott dijo que dejar\u00eda sus deberes de tiempo completo durante varios meses para poder someterse a un &#8220;tratamiento m\u00e1s exigente&#8221;. Sin embargo, hab\u00eda planeado mantener su participaci\u00f3n en la direcci\u00f3n de la empresa y seguir siendo miembro de la junta directiva del grupo, seg\u00fan Marriott.<\/p>\n<p>Sorenson, quien se incorpor\u00f3 a Marriott International en 1996, fue nombrado por primera vez director ejecutivo del grupo en 2012. Durante su mandato, supervis\u00f3 la adquisici\u00f3n de Starwood Hotels &amp; Resorts por 13.000 millones de d\u00f3lares , un movimiento que se atribuye al crecimiento de Marriott hasta convertirse en el principal actor hotelero del mundo.<\/p>\n<p>Tras los planes de Sorenson de tomar una pausa parcial a principios de febrero, dos ejecutivos de Marriott, la presidenta del grupo para operaciones de consumo, tecnolog\u00eda y negocios emergentes, Stephanie Linnartz, y el presidente del grupo para servicios de desarrollo, dise\u00f1o y operaciones globales, Tony Capuano, fueron nombrados para asumir la responsabilidad. de las operaciones diarias de la empresa.<\/p>\n<p>Linnartz y Capuano continuar\u00e1n en esta capacidad mientras la junta de Marriott hace planes para nombrar un nuevo CEO. Se espera que anuncien su decisi\u00f3n en las pr\u00f3ximas dos semanas.<\/p>\n","protected":false},"excerpt":{"rendered":"<p>El director ejecutivo de Marriott International, Arne Sorenson, quien supervis\u00f3 adquisiciones importantes y la expansi\u00f3n de la marca en todo el mundo para consolidar su posici\u00f3n como la marca hotelera m\u00e1s grande e influyente, muri\u00f3 el lunes despu\u00e9s de una batalla contra el c\u00e1ncer de p\u00e1ncreas. Ten\u00eda 62 a\u00f1os. Adem\u00e1s de supervisar el crecimiento de [&hellip;]<\/p>\n","protected":false},"author":3,"featured_media":50387,"comment_status":"open","ping_status":"open","sticky":false,"template":"","format":"standard","meta":{"footnotes":""},"categories":[2,374],"tags":[660,646],"yoast_head":"<!-- This site is optimized with the Yoast SEO plugin v22.2 - https:\/\/yoast.com\/wordpress\/plugins\/seo\/ -->\n<title>Muere Arne Sorenson, CEO de Marriott, v\u00edctima de c\u00e1ncer de p\u00e1ncreas - Nitu - Noticias de la Industria Turistica<\/title>\n<meta name=\"robots\" content=\"index, follow, max-snippet:-1, max-image-preview:large, max-video-preview:-1\" \/>\n<link rel=\"canonical\" href=\"https:\/\/nitu.mx\/index.php\/2021\/02\/16\/muere-arne-sorenson-ceo-de-marriott-victima-de-cancer-de-pancreas\/\" \/>\n<meta name=\"twitter:card\" content=\"summary_large_image\" \/>\n<meta name=\"twitter:title\" content=\"Muere Arne Sorenson, CEO de Marriott, v\u00edctima de c\u00e1ncer de p\u00e1ncreas - Nitu - Noticias de la Industria Turistica\" \/>\n<meta name=\"twitter:description\" content=\"El director ejecutivo de Marriott International, Arne Sorenson, quien supervis\u00f3 adquisiciones importantes y la expansi\u00f3n de la marca en todo el mundo para consolidar su posici\u00f3n como la marca hotelera m\u00e1s grande e influyente, muri\u00f3 el lunes despu\u00e9s de una batalla contra el c\u00e1ncer de p\u00e1ncreas. Ten\u00eda 62 a\u00f1os. Adem\u00e1s de supervisar el crecimiento de [&hellip;]\" \/>\n<meta name=\"twitter:image\" content=\"https:\/\/nitu.mx\/wp-content\/uploads\/2021\/02\/Arne-Sorenson.jpg\" \/>\n<meta name=\"twitter:creator\" content=\"@NITUmx\" \/>\n<meta name=\"twitter:site\" content=\"@Arturo_Medina_G\" \/>\n<meta name=\"twitter:label1\" content=\"Escrito por\" \/>\n\t<meta name=\"twitter:data1\" content=\"Alejandra Moncisbays\" \/>\n\t<meta name=\"twitter:label2\" content=\"Tiempo de lectura\" \/>\n\t<meta name=\"twitter:data2\" content=\"2 minutos\" \/>\n<script type=\"application\/ld+json\" class=\"yoast-schema-graph\">{\"@context\":\"https:\/\/schema.org\",\"@graph\":[{\"@type\":\"Article\",\"@id\":\"https:\/\/nitu.mx\/index.php\/2021\/02\/16\/muere-arne-sorenson-ceo-de-marriott-victima-de-cancer-de-pancreas\/#article\",\"isPartOf\":{\"@id\":\"https:\/\/nitu.mx\/index.php\/2021\/02\/16\/muere-arne-sorenson-ceo-de-marriott-victima-de-cancer-de-pancreas\/\"},\"author\":{\"name\":\"Alejandra Moncisbays\",\"@id\":\"https:\/\/nitu.mx\/#\/schema\/person\/2ecd887b19dfd3382d1f14fc5acf24a8\"},\"headline\":\"Muere Arne Sorenson, CEO de Marriott, v\u00edctima de c\u00e1ncer de p\u00e1ncreas\",\"datePublished\":\"2021-02-17T02:18:18+00:00\",\"dateModified\":\"2021-02-17T06:41:01+00:00\",\"mainEntityOfPage\":{\"@id\":\"https:\/\/nitu.mx\/index.php\/2021\/02\/16\/muere-arne-sorenson-ceo-de-marriott-victima-de-cancer-de-pancreas\/\"},\"wordCount\":419,\"commentCount\":0,\"publisher\":{\"@id\":\"https:\/\/nitu.mx\/#\/schema\/person\/ae7a53426417292d3dd07b45a33e01bc\"},\"image\":{\"@id\":\"https:\/\/nitu.mx\/index.php\/2021\/02\/16\/muere-arne-sorenson-ceo-de-marriott-victima-de-cancer-de-pancreas\/#primaryimage\"},\"thumbnailUrl\":\"https:\/\/nitu.mx\/wp-content\/uploads\/2021\/02\/Arne-Sorenson.jpg\",\"keywords\":[\"Arne Sorenson\",\"Marriott International\"],\"articleSection\":[\"Hoteles\",\"Internacional\"],\"inLanguage\":\"es-MX\",\"potentialAction\":[{\"@type\":\"CommentAction\",\"name\":\"Comment\",\"target\":[\"https:\/\/nitu.mx\/index.php\/2021\/02\/16\/muere-arne-sorenson-ceo-de-marriott-victima-de-cancer-de-pancreas\/#respond\"]}]},{\"@type\":\"WebPage\",\"@id\":\"https:\/\/nitu.mx\/index.php\/2021\/02\/16\/muere-arne-sorenson-ceo-de-marriott-victima-de-cancer-de-pancreas\/\",\"url\":\"https:\/\/nitu.mx\/index.php\/2021\/02\/16\/muere-arne-sorenson-ceo-de-marriott-victima-de-cancer-de-pancreas\/\",\"name\":\"Muere Arne Sorenson, CEO de Marriott, v\u00edctima de c\u00e1ncer de p\u00e1ncreas - Nitu - Noticias de la Industria Turistica\",\"isPartOf\":{\"@id\":\"https:\/\/nitu.mx\/#website\"},\"primaryImageOfPage\":{\"@id\":\"https:\/\/nitu.mx\/index.php\/2021\/02\/16\/muere-arne-sorenson-ceo-de-marriott-victima-de-cancer-de-pancreas\/#primaryimage\"},\"image\":{\"@id\":\"https:\/\/nitu.mx\/index.php\/2021\/02\/16\/muere-arne-sorenson-ceo-de-marriott-victima-de-cancer-de-pancreas\/#primaryimage\"},\"thumbnailUrl\":\"https:\/\/nitu.mx\/wp-content\/uploads\/2021\/02\/Arne-Sorenson.jpg\",\"datePublished\":\"2021-02-17T02:18:18+00:00\",\"dateModified\":\"2021-02-17T06:41:01+00:00\",\"breadcrumb\":{\"@id\":\"https:\/\/nitu.mx\/index.php\/2021\/02\/16\/muere-arne-sorenson-ceo-de-marriott-victima-de-cancer-de-pancreas\/#breadcrumb\"},\"inLanguage\":\"es-MX\",\"potentialAction\":[{\"@type\":\"ReadAction\",\"target\":[\"https:\/\/nitu.mx\/index.php\/2021\/02\/16\/muere-arne-sorenson-ceo-de-marriott-victima-de-cancer-de-pancreas\/\"]}]},{\"@type\":\"ImageObject\",\"inLanguage\":\"es-MX\",\"@id\":\"https:\/\/nitu.mx\/index.php\/2021\/02\/16\/muere-arne-sorenson-ceo-de-marriott-victima-de-cancer-de-pancreas\/#primaryimage\",\"url\":\"https:\/\/nitu.mx\/wp-content\/uploads\/2021\/02\/Arne-Sorenson.jpg\",\"contentUrl\":\"https:\/\/nitu.mx\/wp-content\/uploads\/2021\/02\/Arne-Sorenson.jpg\",\"width\":1200,\"height\":675},{\"@type\":\"BreadcrumbList\",\"@id\":\"https:\/\/nitu.mx\/index.php\/2021\/02\/16\/muere-arne-sorenson-ceo-de-marriott-victima-de-cancer-de-pancreas\/#breadcrumb\",\"itemListElement\":[{\"@type\":\"ListItem\",\"position\":1,\"name\":\"Inicio\",\"item\":\"https:\/\/nitu.mx\/\"},{\"@type\":\"ListItem\",\"position\":2,\"name\":\"Muere Arne Sorenson, CEO de Marriott, v\u00edctima de c\u00e1ncer de p\u00e1ncreas\"}]},{\"@type\":\"WebSite\",\"@id\":\"https:\/\/nitu.mx\/#website\",\"url\":\"https:\/\/nitu.mx\/\",\"name\":\"Nitu - Noticias de la Industria Turistica\",\"description\":\"Noticias de la Industria Turistica\",\"publisher\":{\"@id\":\"https:\/\/nitu.mx\/#\/schema\/person\/ae7a53426417292d3dd07b45a33e01bc\"},\"alternateName\":\"Noticias de la Industria Turistica\",\"potentialAction\":[{\"@type\":\"SearchAction\",\"target\":{\"@type\":\"EntryPoint\",\"urlTemplate\":\"https:\/\/nitu.mx\/?s={search_term_string}\"},\"query-input\":\"required name=search_term_string\"}],\"inLanguage\":\"es-MX\"},{\"@type\":[\"Person\",\"Organization\"],\"@id\":\"https:\/\/nitu.mx\/#\/schema\/person\/ae7a53426417292d3dd07b45a33e01bc\",\"name\":\"Arturo Medina\",\"image\":{\"@type\":\"ImageObject\",\"inLanguage\":\"es-MX\",\"@id\":\"https:\/\/nitu.mx\/#\/schema\/person\/image\/\",\"url\":\"https:\/\/nitu.mx\/wp-content\/uploads\/2024\/04\/4A315622-1904-4D5C-B022-878CDC840E04-90x90-1.jpeg\",\"contentUrl\":\"https:\/\/nitu.mx\/wp-content\/uploads\/2024\/04\/4A315622-1904-4D5C-B022-878CDC840E04-90x90-1.jpeg\",\"width\":90,\"height\":90,\"caption\":\"Arturo Medina\"},\"logo\":{\"@id\":\"https:\/\/nitu.mx\/#\/schema\/person\/image\/\"},\"description\":\"Director NITU.mx, Egresado de la Escuela de Periodismo Carlos Septi\u00e9n Garc\u00eda. Periodista y analista especializado en turismo desde hace 35 a\u00f1os, radicado en Canc\u00fan Q.Roo. arturo@nitu.mx\",\"sameAs\":[\"https:\/\/nitu.mx\",\"https:\/\/www.facebook.com\/NITUmx\/\",\"medinacancun\",\"https:\/\/twitter.com\/@Arturo_Medina_G\"]},{\"@type\":\"Person\",\"@id\":\"https:\/\/nitu.mx\/#\/schema\/person\/2ecd887b19dfd3382d1f14fc5acf24a8\",\"name\":\"Alejandra Moncisbays\",\"image\":{\"@type\":\"ImageObject\",\"inLanguage\":\"es-MX\",\"@id\":\"https:\/\/nitu.mx\/#\/schema\/person\/image\/\",\"url\":\"https:\/\/secure.gravatar.com\/avatar\/e74f7af0be172b7804dacfd0bfbef787?s=96&d=mm&r=g\",\"contentUrl\":\"https:\/\/secure.gravatar.com\/avatar\/e74f7af0be172b7804dacfd0bfbef787?s=96&d=mm&r=g\",\"caption\":\"Alejandra Moncisbays\"},\"description\":\"Curs\u00e9 la carrera de Periodismo y Comunicaci\u00f3n en la Facultad de Estudios Profesionales Acatl\u00e1n. Vivo en Canc\u00fan desde hace 24 a\u00f1os. Fui reportera de La Tarde de Canc\u00fan, y Novedades de Quintana Roo, colabor\u00e9 en TVCUN, edit\u00e9 Cancun\u00edssimo y colabor\u00e9 en las revistas Latitud21, entre otras, con principal enfoque en los sectores empresarial y tur\u00edstico. Desde hace varios a\u00f1os soy Agente de Seguros con c\u00e9dula de la Comisi\u00f3n Nacional de Seguros y Fianzas. Actualmente, me desarrollo en los \u00e1mbitos del periodismo y el sector asegurador.\",\"sameAs\":[\"https:\/\/nitu.mx\"],\"url\":\"https:\/\/nitu.mx\/index.php\/author\/alejandra\/\"}]}<\/script>\n<!-- \/ Yoast SEO plugin. -->","yoast_head_json":{"title":"Muere Arne Sorenson, CEO de Marriott, v\u00edctima de c\u00e1ncer de p\u00e1ncreas - Nitu - Noticias de la Industria Turistica","robots":{"index":"index","follow":"follow","max-snippet":"max-snippet:-1","max-image-preview":"max-image-preview:large","max-video-preview":"max-video-preview:-1"},"canonical":"https:\/\/nitu.mx\/index.php\/2021\/02\/16\/muere-arne-sorenson-ceo-de-marriott-victima-de-cancer-de-pancreas\/","twitter_card":"summary_large_image","twitter_title":"Muere Arne Sorenson, CEO de Marriott, v\u00edctima de c\u00e1ncer de p\u00e1ncreas - Nitu - Noticias de la Industria Turistica","twitter_description":"El director ejecutivo de Marriott International, Arne Sorenson, quien supervis\u00f3 adquisiciones importantes y la expansi\u00f3n de la marca en todo el mundo para consolidar su posici\u00f3n como la marca hotelera m\u00e1s grande e influyente, muri\u00f3 el lunes despu\u00e9s de una batalla contra el c\u00e1ncer de p\u00e1ncreas. Ten\u00eda 62 a\u00f1os. Adem\u00e1s de supervisar el crecimiento de [&hellip;]","twitter_image":"https:\/\/nitu.mx\/wp-content\/uploads\/2021\/02\/Arne-Sorenson.jpg","twitter_creator":"@NITUmx","twitter_site":"@Arturo_Medina_G","twitter_misc":{"Escrito por":"Alejandra Moncisbays","Tiempo de lectura":"2 minutos"},"schema":{"@context":"https:\/\/schema.org","@graph":[{"@type":"Article","@id":"https:\/\/nitu.mx\/index.php\/2021\/02\/16\/muere-arne-sorenson-ceo-de-marriott-victima-de-cancer-de-pancreas\/#article","isPartOf":{"@id":"https:\/\/nitu.mx\/index.php\/2021\/02\/16\/muere-arne-sorenson-ceo-de-marriott-victima-de-cancer-de-pancreas\/"},"author":{"name":"Alejandra Moncisbays","@id":"https:\/\/nitu.mx\/#\/schema\/person\/2ecd887b19dfd3382d1f14fc5acf24a8"},"headline":"Muere Arne Sorenson, CEO de Marriott, v\u00edctima de c\u00e1ncer de p\u00e1ncreas","datePublished":"2021-02-17T02:18:18+00:00","dateModified":"2021-02-17T06:41:01+00:00","mainEntityOfPage":{"@id":"https:\/\/nitu.mx\/index.php\/2021\/02\/16\/muere-arne-sorenson-ceo-de-marriott-victima-de-cancer-de-pancreas\/"},"wordCount":419,"commentCount":0,"publisher":{"@id":"https:\/\/nitu.mx\/#\/schema\/person\/ae7a53426417292d3dd07b45a33e01bc"},"image":{"@id":"https:\/\/nitu.mx\/index.php\/2021\/02\/16\/muere-arne-sorenson-ceo-de-marriott-victima-de-cancer-de-pancreas\/#primaryimage"},"thumbnailUrl":"https:\/\/nitu.mx\/wp-content\/uploads\/2021\/02\/Arne-Sorenson.jpg","keywords":["Arne Sorenson","Marriott International"],"articleSection":["Hoteles","Internacional"],"inLanguage":"es-MX","potentialAction":[{"@type":"CommentAction","name":"Comment","target":["https:\/\/nitu.mx\/index.php\/2021\/02\/16\/muere-arne-sorenson-ceo-de-marriott-victima-de-cancer-de-pancreas\/#respond"]}]},{"@type":"WebPage","@id":"https:\/\/nitu.mx\/index.php\/2021\/02\/16\/muere-arne-sorenson-ceo-de-marriott-victima-de-cancer-de-pancreas\/","url":"https:\/\/nitu.mx\/index.php\/2021\/02\/16\/muere-arne-sorenson-ceo-de-marriott-victima-de-cancer-de-pancreas\/","name":"Muere Arne Sorenson, CEO de Marriott, v\u00edctima de c\u00e1ncer de p\u00e1ncreas - Nitu - Noticias de la Industria Turistica","isPartOf":{"@id":"https:\/\/nitu.mx\/#website"},"primaryImageOfPage":{"@id":"https:\/\/nitu.mx\/index.php\/2021\/02\/16\/muere-arne-sorenson-ceo-de-marriott-victima-de-cancer-de-pancreas\/#primaryimage"},"image":{"@id":"https:\/\/nitu.mx\/index.php\/2021\/02\/16\/muere-arne-sorenson-ceo-de-marriott-victima-de-cancer-de-pancreas\/#primaryimage"},"thumbnailUrl":"https:\/\/nitu.mx\/wp-content\/uploads\/2021\/02\/Arne-Sorenson.jpg","datePublished":"2021-02-17T02:18:18+00:00","dateModified":"2021-02-17T06:41:01+00:00","breadcrumb":{"@id":"https:\/\/nitu.mx\/index.php\/2021\/02\/16\/muere-arne-sorenson-ceo-de-marriott-victima-de-cancer-de-pancreas\/#breadcrumb"},"inLanguage":"es-MX","potentialAction":[{"@type":"ReadAction","target":["https:\/\/nitu.mx\/index.php\/2021\/02\/16\/muere-arne-sorenson-ceo-de-marriott-victima-de-cancer-de-pancreas\/"]}]},{"@type":"ImageObject","inLanguage":"es-MX","@id":"https:\/\/nitu.mx\/index.php\/2021\/02\/16\/muere-arne-sorenson-ceo-de-marriott-victima-de-cancer-de-pancreas\/#primaryimage","url":"https:\/\/nitu.mx\/wp-content\/uploads\/2021\/02\/Arne-Sorenson.jpg","contentUrl":"https:\/\/nitu.mx\/wp-content\/uploads\/2021\/02\/Arne-Sorenson.jpg","width":1200,"height":675},{"@type":"BreadcrumbList","@id":"https:\/\/nitu.mx\/index.php\/2021\/02\/16\/muere-arne-sorenson-ceo-de-marriott-victima-de-cancer-de-pancreas\/#breadcrumb","itemListElement":[{"@type":"ListItem","position":1,"name":"Inicio","item":"https:\/\/nitu.mx\/"},{"@type":"ListItem","position":2,"name":"Muere Arne Sorenson, CEO de Marriott, v\u00edctima de c\u00e1ncer de p\u00e1ncreas"}]},{"@type":"WebSite","@id":"https:\/\/nitu.mx\/#website","url":"https:\/\/nitu.mx\/","name":"Nitu - Noticias de la Industria Turistica","description":"Noticias de la Industria Turistica","publisher":{"@id":"https:\/\/nitu.mx\/#\/schema\/person\/ae7a53426417292d3dd07b45a33e01bc"},"alternateName":"Noticias de la Industria Turistica","potentialAction":[{"@type":"SearchAction","target":{"@type":"EntryPoint","urlTemplate":"https:\/\/nitu.mx\/?s={search_term_string}"},"query-input":"required name=search_term_string"}],"inLanguage":"es-MX"},{"@type":["Person","Organization"],"@id":"https:\/\/nitu.mx\/#\/schema\/person\/ae7a53426417292d3dd07b45a33e01bc","name":"Arturo Medina","image":{"@type":"ImageObject","inLanguage":"es-MX","@id":"https:\/\/nitu.mx\/#\/schema\/person\/image\/","url":"https:\/\/nitu.mx\/wp-content\/uploads\/2024\/04\/4A315622-1904-4D5C-B022-878CDC840E04-90x90-1.jpeg","contentUrl":"https:\/\/nitu.mx\/wp-content\/uploads\/2024\/04\/4A315622-1904-4D5C-B022-878CDC840E04-90x90-1.jpeg","width":90,"height":90,"caption":"Arturo Medina"},"logo":{"@id":"https:\/\/nitu.mx\/#\/schema\/person\/image\/"},"description":"Director NITU.mx, Egresado de la Escuela de Periodismo Carlos Septi\u00e9n Garc\u00eda. Periodista y analista especializado en turismo desde hace 35 a\u00f1os, radicado en Canc\u00fan Q.Roo. arturo@nitu.mx","sameAs":["https:\/\/nitu.mx","https:\/\/www.facebook.com\/NITUmx\/","medinacancun","https:\/\/twitter.com\/@Arturo_Medina_G"]},{"@type":"Person","@id":"https:\/\/nitu.mx\/#\/schema\/person\/2ecd887b19dfd3382d1f14fc5acf24a8","name":"Alejandra Moncisbays","image":{"@type":"ImageObject","inLanguage":"es-MX","@id":"https:\/\/nitu.mx\/#\/schema\/person\/image\/","url":"https:\/\/secure.gravatar.com\/avatar\/e74f7af0be172b7804dacfd0bfbef787?s=96&d=mm&r=g","contentUrl":"https:\/\/secure.gravatar.com\/avatar\/e74f7af0be172b7804dacfd0bfbef787?s=96&d=mm&r=g","caption":"Alejandra Moncisbays"},"description":"Curs\u00e9 la carrera de Periodismo y Comunicaci\u00f3n en la Facultad de Estudios Profesionales Acatl\u00e1n. Vivo en Canc\u00fan desde hace 24 a\u00f1os. Fui reportera de La Tarde de Canc\u00fan, y Novedades de Quintana Roo, colabor\u00e9 en TVCUN, edit\u00e9 Cancun\u00edssimo y colabor\u00e9 en las revistas Latitud21, entre otras, con principal enfoque en los sectores empresarial y tur\u00edstico. Desde hace varios a\u00f1os soy Agente de Seguros con c\u00e9dula de la Comisi\u00f3n Nacional de Seguros y Fianzas. Actualmente, me desarrollo en los \u00e1mbitos del periodismo y el sector asegurador.","sameAs":["https:\/\/nitu.mx"],"url":"https:\/\/nitu.mx\/index.php\/author\/alejandra\/"}]}},"views":221,"_links":{"self":[{"href":"https:\/\/nitu.mx\/index.php\/wp-json\/wp\/v2\/posts\/50372"}],"collection":[{"href":"https:\/\/nitu.mx\/index.php\/wp-json\/wp\/v2\/posts"}],"about":[{"href":"https:\/\/nitu.mx\/index.php\/wp-json\/wp\/v2\/types\/post"}],"author":[{"embeddable":true,"href":"https:\/\/nitu.mx\/index.php\/wp-json\/wp\/v2\/users\/3"}],"replies":[{"embeddable":true,"href":"https:\/\/nitu.mx\/index.php\/wp-json\/wp\/v2\/comments?post=50372"}],"version-history":[{"count":3,"href":"https:\/\/nitu.mx\/index.php\/wp-json\/wp\/v2\/posts\/50372\/revisions"}],"predecessor-version":[{"id":50388,"href":"https:\/\/nitu.mx\/index.php\/wp-json\/wp\/v2\/posts\/50372\/revisions\/50388"}],"wp:featuredmedia":[{"embeddable":true,"href":"https:\/\/nitu.mx\/index.php\/wp-json\/wp\/v2\/media\/50387"}],"wp:attachment":[{"href":"https:\/\/nitu.mx\/index.php\/wp-json\/wp\/v2\/media?parent=50372"}],"wp:term":[{"taxonomy":"category","embeddable":true,"href":"https:\/\/nitu.mx\/index.php\/wp-json\/wp\/v2\/categories?post=50372"},{"taxonomy":"post_tag","embeddable":true,"href":"https:\/\/nitu.mx\/index.php\/wp-json\/wp\/v2\/tags?post=50372"}],"curies":[{"name":"wp","href":"https:\/\/api.w.org\/{rel}","templated":true}]}}