{"id":50365,"date":"2021-02-16T17:01:43","date_gmt":"2021-02-16T22:01:43","guid":{"rendered":"https:\/\/www.dev.nitu.mx\/?p=50365"},"modified":"2021-02-17T01:39:47","modified_gmt":"2021-02-17T06:39:47","slug":"wttc-pospone-un-mes-mas-su-cumbre-global-en-cancun","status":"publish","type":"post","link":"https:\/\/nitu.mx\/index.php\/2021\/02\/16\/wttc-pospone-un-mes-mas-su-cumbre-global-en-cancun\/","title":{"rendered":"WTTC pospone un mes m\u00e1s su Cumbre Global en Canc\u00fan"},"content":{"rendered":"<p>El Consejo Mundial de Viajes y Turismo (WTTC, por sus siglas en ingl\u00e9s) realiz\u00f3 un nuevo ajuste a la fecha de su Cumbre Global Anual que celebrar\u00e1 en Canc\u00fan, esta vez reprogramada del 25 al 27 de abril.<\/p>\n<p>El evento que se organiza en conjunto con el gobierno de Quintana Roo, reunir\u00e1 a los l\u00edderes del sector p\u00fablico y privado para trabajar en la agenda que impulse la reactivaci\u00f3n de la industria tur\u00edstica.<\/p>\n<p>Desde inicios de 2021, la presidenta y CEO del WTTC, Gloria Guevara Manzo, y el gobernador Carlos Joaqu\u00edn Gonz\u00e1lez, declararon que todo estaba listo para recibir la Cumbre Global en marzo, que se ha pospuesto desde el a\u00f1o pasado por motivos de la pandemia.\u00a0<a title=\"Quintana Roo se prepara para la Cumbre Mundial del WTTC\" href=\"https:\/\/www.dev.nitu.mx\/index.php\/2021\/01\/07\/quintana-roo-se-prepara-para-la-cumbre-mundial-del-wttc\/\" rel=\"bookmark\">(Quintana Roo se prepara para la Cumbre Mundial del WTTC<\/a>).<\/p>\n<p>La decisi\u00f3n de mover el encuentro para abril es para que coincida con la flexibilizaci\u00f3n de las restricciones de viaje y el comienzo de la recuperaci\u00f3n, inform\u00f3 el organismo, que conf\u00eda en que la reprogramaci\u00f3n permitir\u00e1 la participaci\u00f3n de m\u00e1s participantes internacionales.<\/p>\n<p>La Cumbre Global del WTTC re\u00fane cada a\u00f1o a presidentes, CEO\u2019s y directivos de las empresas m\u00e1s importantes de la industria tur\u00edstica a nivel mundial, con l\u00edderes gubernamentales clave para actuar sobre los temas m\u00e1s importantes del sector.<\/p>\n<p>\u201cA medida que el despliegue mundial de la vacunaci\u00f3n se acelera y se espera que las reglas de movilidad internacional se relajen en las pr\u00f3ximas semanas, m\u00e1s personas de regiones clave podr\u00e1n participar y sumarse a la conversaci\u00f3n para el camino hacia la recuperaci\u00f3n\u201d, coment\u00f3 Gloria Guevara.<\/p>\n<p>Por la pandemia de Covid-19, se perdieron 174 millones de empleos en el sector de viajes y turismo, lo que hace la Cumbre Global del WTTC m\u00e1s relevante que nunca.\u00a0<a title=\"WTTC aprueba uso de pruebas r\u00e1pidas y va en contra de las cuarentenas\" href=\"https:\/\/www.dev.nitu.mx\/index.php\/2021\/01\/26\/wttc-aprueba-uso-de-pruebas-rapidas-y-va-en-contra-de-las-cuarentenas\/\" rel=\"bookmark\">(WTTC aprueba uso de pruebas r\u00e1pidas y va en contra de las cuarentenas<\/a>)<\/p>\n<p>El evento tambi\u00e9n permitir\u00e1 mostrar la oferta tur\u00edstica de Canc\u00fan, uno de los destinos m\u00e1s reconocidos el mundo, as\u00ed como los protocolos de salud y seguridad que se han implementado.<\/p>\n<p>El gobernador de Quintana Roo, Carlos Joaqu\u00edn Gonz\u00e1lez, asegur\u00f3 que la Cumbre Global ser\u00e1 una gran plataforma nacional e internacional, que permitir\u00e1 fortalecer al sector de viajes y turismo frente a la situaci\u00f3n econ\u00f3mica y de salud que se vive a nivel global.<\/p>\n<p>\u201cEs importante garantizar la seguridad sanitaria de todos los invitados y personalidades de este evento, por lo que se han implementado rigurosos protocolos y medidas sanitarias que responden a actual situaci\u00f3n global\u201d, asegur\u00f3 el mandatario.<\/p>\n","protected":false},"excerpt":{"rendered":"<p>El Consejo Mundial de Viajes y Turismo (WTTC, por sus siglas en ingl\u00e9s) realiz\u00f3 un nuevo ajuste a la fecha de su Cumbre Global Anual que celebrar\u00e1 en Canc\u00fan, esta vez reprogramada del 25 al 27 de abril. El evento que se organiza en conjunto con el gobierno de Quintana Roo, reunir\u00e1 a los l\u00edderes [&hellip;]<\/p>\n","protected":false},"author":17,"featured_media":44034,"comment_status":"open","ping_status":"open","sticky":false,"template":"","format":"standard","meta":{"footnotes":""},"categories":[21403],"tags":[18820,1494,4931],"yoast_head":"<!-- This site is optimized with the Yoast SEO plugin v22.2 - https:\/\/yoast.com\/wordpress\/plugins\/seo\/ -->\n<title>WTTC pospone un mes m\u00e1s su Cumbre Global en Canc\u00fan - Nitu - Noticias de la Industria Turistica<\/title>\n<meta name=\"robots\" content=\"index, follow, max-snippet:-1, max-image-preview:large, max-video-preview:-1\" \/>\n<link rel=\"canonical\" href=\"https:\/\/nitu.mx\/index.php\/2021\/02\/16\/wttc-pospone-un-mes-mas-su-cumbre-global-en-cancun\/\" \/>\n<meta name=\"twitter:card\" content=\"summary_large_image\" \/>\n<meta name=\"twitter:title\" content=\"WTTC pospone un mes m\u00e1s su Cumbre Global en Canc\u00fan - Nitu - Noticias de la Industria Turistica\" \/>\n<meta name=\"twitter:description\" content=\"El Consejo Mundial de Viajes y Turismo (WTTC, por sus siglas en ingl\u00e9s) realiz\u00f3 un nuevo ajuste a la fecha de su Cumbre Global Anual que celebrar\u00e1 en Canc\u00fan, esta vez reprogramada del 25 al 27 de abril. El evento que se organiza en conjunto con el gobierno de Quintana Roo, reunir\u00e1 a los l\u00edderes [&hellip;]\" \/>\n<meta name=\"twitter:image\" content=\"https:\/\/nitu.mx\/wp-content\/uploads\/2020\/07\/Gloria-Guevara-WTTC-ANCH.jpg\" \/>\n<meta name=\"twitter:creator\" content=\"@NITUmx\" \/>\n<meta name=\"twitter:site\" content=\"@Arturo_Medina_G\" \/>\n<meta name=\"twitter:label1\" content=\"Escrito por\" \/>\n\t<meta name=\"twitter:data1\" content=\"Redacci\u00f3n\" \/>\n\t<meta name=\"twitter:label2\" content=\"Tiempo de lectura\" \/>\n\t<meta name=\"twitter:data2\" content=\"2 minutos\" \/>\n<script type=\"application\/ld+json\" class=\"yoast-schema-graph\">{\"@context\":\"https:\/\/schema.org\",\"@graph\":[{\"@type\":\"Article\",\"@id\":\"https:\/\/nitu.mx\/index.php\/2021\/02\/16\/wttc-pospone-un-mes-mas-su-cumbre-global-en-cancun\/#article\",\"isPartOf\":{\"@id\":\"https:\/\/nitu.mx\/index.php\/2021\/02\/16\/wttc-pospone-un-mes-mas-su-cumbre-global-en-cancun\/\"},\"author\":{\"name\":\"Redacci\u00f3n\",\"@id\":\"https:\/\/nitu.mx\/#\/schema\/person\/4a28fe9bd65924f7c90623773daf1b0b\"},\"headline\":\"WTTC pospone un mes m\u00e1s su Cumbre Global en Canc\u00fan\",\"datePublished\":\"2021-02-16T22:01:43+00:00\",\"dateModified\":\"2021-02-17T06:39:47+00:00\",\"mainEntityOfPage\":{\"@id\":\"https:\/\/nitu.mx\/index.php\/2021\/02\/16\/wttc-pospone-un-mes-mas-su-cumbre-global-en-cancun\/\"},\"wordCount\":453,\"commentCount\":0,\"publisher\":{\"@id\":\"https:\/\/nitu.mx\/#\/schema\/person\/ae7a53426417292d3dd07b45a33e01bc\"},\"image\":{\"@id\":\"https:\/\/nitu.mx\/index.php\/2021\/02\/16\/wttc-pospone-un-mes-mas-su-cumbre-global-en-cancun\/#primaryimage\"},\"thumbnailUrl\":\"https:\/\/nitu.mx\/wp-content\/uploads\/2020\/07\/Gloria-Guevara-WTTC-ANCH.jpg\",\"keywords\":[\"Cumbre Global\",\"Gloria Guevara\",\"WTTC\"],\"articleSection\":[\"Canc\u00fan\"],\"inLanguage\":\"es-MX\",\"potentialAction\":[{\"@type\":\"CommentAction\",\"name\":\"Comment\",\"target\":[\"https:\/\/nitu.mx\/index.php\/2021\/02\/16\/wttc-pospone-un-mes-mas-su-cumbre-global-en-cancun\/#respond\"]}]},{\"@type\":\"WebPage\",\"@id\":\"https:\/\/nitu.mx\/index.php\/2021\/02\/16\/wttc-pospone-un-mes-mas-su-cumbre-global-en-cancun\/\",\"url\":\"https:\/\/nitu.mx\/index.php\/2021\/02\/16\/wttc-pospone-un-mes-mas-su-cumbre-global-en-cancun\/\",\"name\":\"WTTC pospone un mes m\u00e1s su Cumbre Global en Canc\u00fan - Nitu - Noticias de la Industria Turistica\",\"isPartOf\":{\"@id\":\"https:\/\/nitu.mx\/#website\"},\"primaryImageOfPage\":{\"@id\":\"https:\/\/nitu.mx\/index.php\/2021\/02\/16\/wttc-pospone-un-mes-mas-su-cumbre-global-en-cancun\/#primaryimage\"},\"image\":{\"@id\":\"https:\/\/nitu.mx\/index.php\/2021\/02\/16\/wttc-pospone-un-mes-mas-su-cumbre-global-en-cancun\/#primaryimage\"},\"thumbnailUrl\":\"https:\/\/nitu.mx\/wp-content\/uploads\/2020\/07\/Gloria-Guevara-WTTC-ANCH.jpg\",\"datePublished\":\"2021-02-16T22:01:43+00:00\",\"dateModified\":\"2021-02-17T06:39:47+00:00\",\"breadcrumb\":{\"@id\":\"https:\/\/nitu.mx\/index.php\/2021\/02\/16\/wttc-pospone-un-mes-mas-su-cumbre-global-en-cancun\/#breadcrumb\"},\"inLanguage\":\"es-MX\",\"potentialAction\":[{\"@type\":\"ReadAction\",\"target\":[\"https:\/\/nitu.mx\/index.php\/2021\/02\/16\/wttc-pospone-un-mes-mas-su-cumbre-global-en-cancun\/\"]}]},{\"@type\":\"ImageObject\",\"inLanguage\":\"es-MX\",\"@id\":\"https:\/\/nitu.mx\/index.php\/2021\/02\/16\/wttc-pospone-un-mes-mas-su-cumbre-global-en-cancun\/#primaryimage\",\"url\":\"https:\/\/nitu.mx\/wp-content\/uploads\/2020\/07\/Gloria-Guevara-WTTC-ANCH.jpg\",\"contentUrl\":\"https:\/\/nitu.mx\/wp-content\/uploads\/2020\/07\/Gloria-Guevara-WTTC-ANCH.jpg\",\"width\":850,\"height\":480,\"caption\":\"WTTC\"},{\"@type\":\"BreadcrumbList\",\"@id\":\"https:\/\/nitu.mx\/index.php\/2021\/02\/16\/wttc-pospone-un-mes-mas-su-cumbre-global-en-cancun\/#breadcrumb\",\"itemListElement\":[{\"@type\":\"ListItem\",\"position\":1,\"name\":\"Inicio\",\"item\":\"https:\/\/nitu.mx\/\"},{\"@type\":\"ListItem\",\"position\":2,\"name\":\"WTTC pospone un mes m\u00e1s su Cumbre Global en Canc\u00fan\"}]},{\"@type\":\"WebSite\",\"@id\":\"https:\/\/nitu.mx\/#website\",\"url\":\"https:\/\/nitu.mx\/\",\"name\":\"Nitu - Noticias de la Industria Turistica\",\"description\":\"Noticias de la Industria Turistica\",\"publisher\":{\"@id\":\"https:\/\/nitu.mx\/#\/schema\/person\/ae7a53426417292d3dd07b45a33e01bc\"},\"alternateName\":\"Noticias de la Industria Turistica\",\"potentialAction\":[{\"@type\":\"SearchAction\",\"target\":{\"@type\":\"EntryPoint\",\"urlTemplate\":\"https:\/\/nitu.mx\/?s={search_term_string}\"},\"query-input\":\"required name=search_term_string\"}],\"inLanguage\":\"es-MX\"},{\"@type\":[\"Person\",\"Organization\"],\"@id\":\"https:\/\/nitu.mx\/#\/schema\/person\/ae7a53426417292d3dd07b45a33e01bc\",\"name\":\"Arturo Medina\",\"image\":{\"@type\":\"ImageObject\",\"inLanguage\":\"es-MX\",\"@id\":\"https:\/\/nitu.mx\/#\/schema\/person\/image\/\",\"url\":\"https:\/\/nitu.mx\/wp-content\/uploads\/2024\/04\/4A315622-1904-4D5C-B022-878CDC840E04-90x90-1.jpeg\",\"contentUrl\":\"https:\/\/nitu.mx\/wp-content\/uploads\/2024\/04\/4A315622-1904-4D5C-B022-878CDC840E04-90x90-1.jpeg\",\"width\":90,\"height\":90,\"caption\":\"Arturo Medina\"},\"logo\":{\"@id\":\"https:\/\/nitu.mx\/#\/schema\/person\/image\/\"},\"description\":\"Director NITU.mx, Egresado de la Escuela de Periodismo Carlos Septi\u00e9n Garc\u00eda. Periodista y analista especializado en turismo desde hace 35 a\u00f1os, radicado en Canc\u00fan Q.Roo. arturo@nitu.mx\",\"sameAs\":[\"https:\/\/nitu.mx\",\"https:\/\/www.facebook.com\/NITUmx\/\",\"medinacancun\",\"https:\/\/twitter.com\/@Arturo_Medina_G\"]},{\"@type\":\"Person\",\"@id\":\"https:\/\/nitu.mx\/#\/schema\/person\/4a28fe9bd65924f7c90623773daf1b0b\",\"name\":\"Redacci\u00f3n\",\"image\":{\"@type\":\"ImageObject\",\"inLanguage\":\"es-MX\",\"@id\":\"https:\/\/nitu.mx\/#\/schema\/person\/image\/\",\"url\":\"https:\/\/secure.gravatar.com\/avatar\/5dd011c8ccfc5cd7e4c81e42252aab38?s=96&d=mm&r=g\",\"contentUrl\":\"https:\/\/secure.gravatar.com\/avatar\/5dd011c8ccfc5cd7e4c81e42252aab38?s=96&d=mm&r=g\",\"caption\":\"Redacci\u00f3n\"},\"url\":\"https:\/\/nitu.mx\/index.php\/author\/redaccion\/\"}]}<\/script>\n<!-- \/ Yoast SEO plugin. -->","yoast_head_json":{"title":"WTTC pospone un mes m\u00e1s su Cumbre Global en Canc\u00fan - Nitu - Noticias de la Industria Turistica","robots":{"index":"index","follow":"follow","max-snippet":"max-snippet:-1","max-image-preview":"max-image-preview:large","max-video-preview":"max-video-preview:-1"},"canonical":"https:\/\/nitu.mx\/index.php\/2021\/02\/16\/wttc-pospone-un-mes-mas-su-cumbre-global-en-cancun\/","twitter_card":"summary_large_image","twitter_title":"WTTC pospone un mes m\u00e1s su Cumbre Global en Canc\u00fan - Nitu - Noticias de la Industria Turistica","twitter_description":"El Consejo Mundial de Viajes y Turismo (WTTC, por sus siglas en ingl\u00e9s) realiz\u00f3 un nuevo ajuste a la fecha de su Cumbre Global Anual que celebrar\u00e1 en Canc\u00fan, esta vez reprogramada del 25 al 27 de abril. El evento que se organiza en conjunto con el gobierno de Quintana Roo, reunir\u00e1 a los l\u00edderes [&hellip;]","twitter_image":"https:\/\/nitu.mx\/wp-content\/uploads\/2020\/07\/Gloria-Guevara-WTTC-ANCH.jpg","twitter_creator":"@NITUmx","twitter_site":"@Arturo_Medina_G","twitter_misc":{"Escrito por":"Redacci\u00f3n","Tiempo de lectura":"2 minutos"},"schema":{"@context":"https:\/\/schema.org","@graph":[{"@type":"Article","@id":"https:\/\/nitu.mx\/index.php\/2021\/02\/16\/wttc-pospone-un-mes-mas-su-cumbre-global-en-cancun\/#article","isPartOf":{"@id":"https:\/\/nitu.mx\/index.php\/2021\/02\/16\/wttc-pospone-un-mes-mas-su-cumbre-global-en-cancun\/"},"author":{"name":"Redacci\u00f3n","@id":"https:\/\/nitu.mx\/#\/schema\/person\/4a28fe9bd65924f7c90623773daf1b0b"},"headline":"WTTC pospone un mes m\u00e1s su Cumbre Global en Canc\u00fan","datePublished":"2021-02-16T22:01:43+00:00","dateModified":"2021-02-17T06:39:47+00:00","mainEntityOfPage":{"@id":"https:\/\/nitu.mx\/index.php\/2021\/02\/16\/wttc-pospone-un-mes-mas-su-cumbre-global-en-cancun\/"},"wordCount":453,"commentCount":0,"publisher":{"@id":"https:\/\/nitu.mx\/#\/schema\/person\/ae7a53426417292d3dd07b45a33e01bc"},"image":{"@id":"https:\/\/nitu.mx\/index.php\/2021\/02\/16\/wttc-pospone-un-mes-mas-su-cumbre-global-en-cancun\/#primaryimage"},"thumbnailUrl":"https:\/\/nitu.mx\/wp-content\/uploads\/2020\/07\/Gloria-Guevara-WTTC-ANCH.jpg","keywords":["Cumbre Global","Gloria Guevara","WTTC"],"articleSection":["Canc\u00fan"],"inLanguage":"es-MX","potentialAction":[{"@type":"CommentAction","name":"Comment","target":["https:\/\/nitu.mx\/index.php\/2021\/02\/16\/wttc-pospone-un-mes-mas-su-cumbre-global-en-cancun\/#respond"]}]},{"@type":"WebPage","@id":"https:\/\/nitu.mx\/index.php\/2021\/02\/16\/wttc-pospone-un-mes-mas-su-cumbre-global-en-cancun\/","url":"https:\/\/nitu.mx\/index.php\/2021\/02\/16\/wttc-pospone-un-mes-mas-su-cumbre-global-en-cancun\/","name":"WTTC pospone un mes m\u00e1s su Cumbre Global en Canc\u00fan - Nitu - Noticias de la Industria Turistica","isPartOf":{"@id":"https:\/\/nitu.mx\/#website"},"primaryImageOfPage":{"@id":"https:\/\/nitu.mx\/index.php\/2021\/02\/16\/wttc-pospone-un-mes-mas-su-cumbre-global-en-cancun\/#primaryimage"},"image":{"@id":"https:\/\/nitu.mx\/index.php\/2021\/02\/16\/wttc-pospone-un-mes-mas-su-cumbre-global-en-cancun\/#primaryimage"},"thumbnailUrl":"https:\/\/nitu.mx\/wp-content\/uploads\/2020\/07\/Gloria-Guevara-WTTC-ANCH.jpg","datePublished":"2021-02-16T22:01:43+00:00","dateModified":"2021-02-17T06:39:47+00:00","breadcrumb":{"@id":"https:\/\/nitu.mx\/index.php\/2021\/02\/16\/wttc-pospone-un-mes-mas-su-cumbre-global-en-cancun\/#breadcrumb"},"inLanguage":"es-MX","potentialAction":[{"@type":"ReadAction","target":["https:\/\/nitu.mx\/index.php\/2021\/02\/16\/wttc-pospone-un-mes-mas-su-cumbre-global-en-cancun\/"]}]},{"@type":"ImageObject","inLanguage":"es-MX","@id":"https:\/\/nitu.mx\/index.php\/2021\/02\/16\/wttc-pospone-un-mes-mas-su-cumbre-global-en-cancun\/#primaryimage","url":"https:\/\/nitu.mx\/wp-content\/uploads\/2020\/07\/Gloria-Guevara-WTTC-ANCH.jpg","contentUrl":"https:\/\/nitu.mx\/wp-content\/uploads\/2020\/07\/Gloria-Guevara-WTTC-ANCH.jpg","width":850,"height":480,"caption":"WTTC"},{"@type":"BreadcrumbList","@id":"https:\/\/nitu.mx\/index.php\/2021\/02\/16\/wttc-pospone-un-mes-mas-su-cumbre-global-en-cancun\/#breadcrumb","itemListElement":[{"@type":"ListItem","position":1,"name":"Inicio","item":"https:\/\/nitu.mx\/"},{"@type":"ListItem","position":2,"name":"WTTC pospone un mes m\u00e1s su Cumbre Global en Canc\u00fan"}]},{"@type":"WebSite","@id":"https:\/\/nitu.mx\/#website","url":"https:\/\/nitu.mx\/","name":"Nitu - Noticias de la Industria Turistica","description":"Noticias de la Industria Turistica","publisher":{"@id":"https:\/\/nitu.mx\/#\/schema\/person\/ae7a53426417292d3dd07b45a33e01bc"},"alternateName":"Noticias de la Industria Turistica","potentialAction":[{"@type":"SearchAction","target":{"@type":"EntryPoint","urlTemplate":"https:\/\/nitu.mx\/?s={search_term_string}"},"query-input":"required name=search_term_string"}],"inLanguage":"es-MX"},{"@type":["Person","Organization"],"@id":"https:\/\/nitu.mx\/#\/schema\/person\/ae7a53426417292d3dd07b45a33e01bc","name":"Arturo Medina","image":{"@type":"ImageObject","inLanguage":"es-MX","@id":"https:\/\/nitu.mx\/#\/schema\/person\/image\/","url":"https:\/\/nitu.mx\/wp-content\/uploads\/2024\/04\/4A315622-1904-4D5C-B022-878CDC840E04-90x90-1.jpeg","contentUrl":"https:\/\/nitu.mx\/wp-content\/uploads\/2024\/04\/4A315622-1904-4D5C-B022-878CDC840E04-90x90-1.jpeg","width":90,"height":90,"caption":"Arturo Medina"},"logo":{"@id":"https:\/\/nitu.mx\/#\/schema\/person\/image\/"},"description":"Director NITU.mx, Egresado de la Escuela de Periodismo Carlos Septi\u00e9n Garc\u00eda. Periodista y analista especializado en turismo desde hace 35 a\u00f1os, radicado en Canc\u00fan Q.Roo. arturo@nitu.mx","sameAs":["https:\/\/nitu.mx","https:\/\/www.facebook.com\/NITUmx\/","medinacancun","https:\/\/twitter.com\/@Arturo_Medina_G"]},{"@type":"Person","@id":"https:\/\/nitu.mx\/#\/schema\/person\/4a28fe9bd65924f7c90623773daf1b0b","name":"Redacci\u00f3n","image":{"@type":"ImageObject","inLanguage":"es-MX","@id":"https:\/\/nitu.mx\/#\/schema\/person\/image\/","url":"https:\/\/secure.gravatar.com\/avatar\/5dd011c8ccfc5cd7e4c81e42252aab38?s=96&d=mm&r=g","contentUrl":"https:\/\/secure.gravatar.com\/avatar\/5dd011c8ccfc5cd7e4c81e42252aab38?s=96&d=mm&r=g","caption":"Redacci\u00f3n"},"url":"https:\/\/nitu.mx\/index.php\/author\/redaccion\/"}]}},"views":379,"_links":{"self":[{"href":"https:\/\/nitu.mx\/index.php\/wp-json\/wp\/v2\/posts\/50365"}],"collection":[{"href":"https:\/\/nitu.mx\/index.php\/wp-json\/wp\/v2\/posts"}],"about":[{"href":"https:\/\/nitu.mx\/index.php\/wp-json\/wp\/v2\/types\/post"}],"author":[{"embeddable":true,"href":"https:\/\/nitu.mx\/index.php\/wp-json\/wp\/v2\/users\/17"}],"replies":[{"embeddable":true,"href":"https:\/\/nitu.mx\/index.php\/wp-json\/wp\/v2\/comments?post=50365"}],"version-history":[{"count":2,"href":"https:\/\/nitu.mx\/index.php\/wp-json\/wp\/v2\/posts\/50365\/revisions"}],"predecessor-version":[{"id":50369,"href":"https:\/\/nitu.mx\/index.php\/wp-json\/wp\/v2\/posts\/50365\/revisions\/50369"}],"wp:featuredmedia":[{"embeddable":true,"href":"https:\/\/nitu.mx\/index.php\/wp-json\/wp\/v2\/media\/44034"}],"wp:attachment":[{"href":"https:\/\/nitu.mx\/index.php\/wp-json\/wp\/v2\/media?parent=50365"}],"wp:term":[{"taxonomy":"category","embeddable":true,"href":"https:\/\/nitu.mx\/index.php\/wp-json\/wp\/v2\/categories?post=50365"},{"taxonomy":"post_tag","embeddable":true,"href":"https:\/\/nitu.mx\/index.php\/wp-json\/wp\/v2\/tags?post=50365"}],"curies":[{"name":"wp","href":"https:\/\/api.w.org\/{rel}","templated":true}]}}