{"id":50352,"date":"2021-02-15T22:54:20","date_gmt":"2021-02-16T03:54:20","guid":{"rendered":"https:\/\/www.dev.nitu.mx\/?p=50352"},"modified":"2021-02-16T00:59:56","modified_gmt":"2021-02-16T05:59:56","slug":"volaris-y-viva-aerobus-van-por-colombia","status":"publish","type":"post","link":"https:\/\/nitu.mx\/index.php\/2021\/02\/15\/volaris-y-viva-aerobus-van-por-colombia\/","title":{"rendered":"Volaris y Viva Aerobus van por Colombia"},"content":{"rendered":"<p>Luego que Interjet fuera la principal conexi\u00f3n entre M\u00e9xico y Colombia, y ante la actual suspensi\u00f3n de actividades, las otras dos lineas a\u00e9reas de bajo costo mexicanas, Viva Aerobus y \u00a0Volaris, han presentado oficialmente la solicitud para &#8220;atacar&#8221; este mercado principalmente con conexi\u00f3n a la Ciudad de M\u00e9xico y Canc\u00fan.<\/p>\n<p>Viva Aerobus\u00a0planea operar vuelos\u00a0entre Ciudad de M\u00e9xico y Bogot\u00e1, con hasta siete frecuencias semanales a bordo de su flota Airbus A320 y A321,\u00a0Para lograrlo, la aerol\u00ednea comandada por Juan Carlos Zuazua espera una\u00a0audiencia p\u00fablica el pr\u00f3ximo jueves 25 de febrero de 2021, donde el organismo de regulaci\u00f3n y control del pa\u00eds sudamericano, Aerocivil Colombia, emitir\u00e1 su concepto de viabilidad acerca de la solicitud.<\/p>\n<p>De concretarse,\u00a0Colombia ser\u00eda el tercer destino internacional de Viva Aerobus. Actualmente tambi\u00e9n vuela a Estados Unidos y Cuba.<\/p>\n<p>Por su parte,\u00a0Volaris\u00a0tambi\u00e9n busca unir al Aeropuerto Internacional de la\u00a0Ciudad de M\u00e9xico con Bogot\u00e1\u00a0con cuatro frecuencias semanales; a\u00a0Medell\u00edn\u00a0con dos frecuencias semanales;\u00a0Canc\u00fan y Bogot\u00e1\u00a0con tres frecuencias semanales; y\u00a0Canc\u00fan con Medell\u00edn\u00a0con dos frecuencias semanales a bordo de su flota de aviones A320-233 y A320-271N<\/p>\n<p>Actualmente,\u00a0Aerom\u00e9xico vuela a Bogot\u00e1 y Medell\u00edn desde Ciudad de M\u00e9xico; Avianca vuela desde Bogot\u00e1 a Ciudad de M\u00e9xico y Canc\u00fan; LATAM vuela desde Ciudad de M\u00e9xico a Bogot\u00e1 y Medell\u00edn y Wingo conecta Bogot\u00e1 con Canc\u00fan, \u00fanicamente, aunque espera lanzar servicios a Ciudad de M\u00e9xico pr\u00f3ximamente.<\/p>\n<p>El mercado a\u00e9reo hacia Colombia es el m\u00e1s importante en Sudam\u00e9rica para M\u00e9xico. En 2019, un total de\u00a0un mill\u00f3n 506 mil pasajeros viajaron entre ambos pa\u00edses, de acuerdo con estad\u00edsticas de la Secretar\u00eda de Comunicaciones y Transportes (SCT). El a\u00f1o pasado, como resultado de la crisis por el Covid-19, el flujo de pasajeros cay\u00f3 71.4%.<\/p>\n","protected":false},"excerpt":{"rendered":"<p>Luego que Interjet fuera la principal conexi\u00f3n entre M\u00e9xico y Colombia, y ante la actual suspensi\u00f3n de actividades, las otras dos lineas a\u00e9reas de bajo costo mexicanas, Viva Aerobus y \u00a0Volaris, han presentado oficialmente la solicitud para &#8220;atacar&#8221; este mercado principalmente con conexi\u00f3n a la Ciudad de M\u00e9xico y Canc\u00fan. Viva Aerobus\u00a0planea operar vuelos\u00a0entre Ciudad [&hellip;]<\/p>\n","protected":false},"author":17,"featured_media":4038,"comment_status":"open","ping_status":"open","sticky":false,"template":"","format":"standard","meta":{"footnotes":""},"categories":[29],"tags":[2102,131],"yoast_head":"<!-- This site is optimized with the Yoast SEO plugin v22.2 - https:\/\/yoast.com\/wordpress\/plugins\/seo\/ -->\n<title>Volaris y Viva Aerobus van por Colombia - Nitu - Noticias de la Industria Turistica<\/title>\n<meta name=\"robots\" content=\"index, follow, max-snippet:-1, max-image-preview:large, max-video-preview:-1\" \/>\n<link rel=\"canonical\" href=\"https:\/\/nitu.mx\/index.php\/2021\/02\/15\/volaris-y-viva-aerobus-van-por-colombia\/\" \/>\n<meta name=\"twitter:card\" content=\"summary_large_image\" \/>\n<meta name=\"twitter:title\" content=\"Volaris y Viva Aerobus van por Colombia - Nitu - Noticias de la Industria Turistica\" \/>\n<meta name=\"twitter:description\" content=\"Luego que Interjet fuera la principal conexi\u00f3n entre M\u00e9xico y Colombia, y ante la actual suspensi\u00f3n de actividades, las otras dos lineas a\u00e9reas de bajo costo mexicanas, Viva Aerobus y \u00a0Volaris, han presentado oficialmente la solicitud para &#8220;atacar&#8221; este mercado principalmente con conexi\u00f3n a la Ciudad de M\u00e9xico y Canc\u00fan. Viva Aerobus\u00a0planea operar vuelos\u00a0entre Ciudad [&hellip;]\" \/>\n<meta name=\"twitter:image\" content=\"https:\/\/nitu.mx\/wp-content\/uploads\/2016\/11\/avi\u00f3n-volaris.jpg\" \/>\n<meta name=\"twitter:creator\" content=\"@NITUmx\" \/>\n<meta name=\"twitter:site\" content=\"@Arturo_Medina_G\" \/>\n<meta name=\"twitter:label1\" content=\"Escrito por\" \/>\n\t<meta name=\"twitter:data1\" content=\"Redacci\u00f3n\" \/>\n\t<meta name=\"twitter:label2\" content=\"Tiempo de lectura\" \/>\n\t<meta name=\"twitter:data2\" content=\"2 minutos\" \/>\n<script type=\"application\/ld+json\" class=\"yoast-schema-graph\">{\"@context\":\"https:\/\/schema.org\",\"@graph\":[{\"@type\":\"Article\",\"@id\":\"https:\/\/nitu.mx\/index.php\/2021\/02\/15\/volaris-y-viva-aerobus-van-por-colombia\/#article\",\"isPartOf\":{\"@id\":\"https:\/\/nitu.mx\/index.php\/2021\/02\/15\/volaris-y-viva-aerobus-van-por-colombia\/\"},\"author\":{\"name\":\"Redacci\u00f3n\",\"@id\":\"https:\/\/nitu.mx\/#\/schema\/person\/4a28fe9bd65924f7c90623773daf1b0b\"},\"headline\":\"Volaris y Viva Aerobus van por Colombia\",\"datePublished\":\"2021-02-16T03:54:20+00:00\",\"dateModified\":\"2021-02-16T05:59:56+00:00\",\"mainEntityOfPage\":{\"@id\":\"https:\/\/nitu.mx\/index.php\/2021\/02\/15\/volaris-y-viva-aerobus-van-por-colombia\/\"},\"wordCount\":336,\"commentCount\":0,\"publisher\":{\"@id\":\"https:\/\/nitu.mx\/#\/schema\/person\/ae7a53426417292d3dd07b45a33e01bc\"},\"image\":{\"@id\":\"https:\/\/nitu.mx\/index.php\/2021\/02\/15\/volaris-y-viva-aerobus-van-por-colombia\/#primaryimage\"},\"thumbnailUrl\":\"https:\/\/nitu.mx\/wp-content\/uploads\/2016\/11\/avi\u00f3n-volaris.jpg\",\"keywords\":[\"Viva Aerobus\",\"Volaris\"],\"articleSection\":[\"Aerol\u00edneas\"],\"inLanguage\":\"es-MX\",\"potentialAction\":[{\"@type\":\"CommentAction\",\"name\":\"Comment\",\"target\":[\"https:\/\/nitu.mx\/index.php\/2021\/02\/15\/volaris-y-viva-aerobus-van-por-colombia\/#respond\"]}]},{\"@type\":\"WebPage\",\"@id\":\"https:\/\/nitu.mx\/index.php\/2021\/02\/15\/volaris-y-viva-aerobus-van-por-colombia\/\",\"url\":\"https:\/\/nitu.mx\/index.php\/2021\/02\/15\/volaris-y-viva-aerobus-van-por-colombia\/\",\"name\":\"Volaris y Viva Aerobus van por Colombia - Nitu - Noticias de la Industria Turistica\",\"isPartOf\":{\"@id\":\"https:\/\/nitu.mx\/#website\"},\"primaryImageOfPage\":{\"@id\":\"https:\/\/nitu.mx\/index.php\/2021\/02\/15\/volaris-y-viva-aerobus-van-por-colombia\/#primaryimage\"},\"image\":{\"@id\":\"https:\/\/nitu.mx\/index.php\/2021\/02\/15\/volaris-y-viva-aerobus-van-por-colombia\/#primaryimage\"},\"thumbnailUrl\":\"https:\/\/nitu.mx\/wp-content\/uploads\/2016\/11\/avi\u00f3n-volaris.jpg\",\"datePublished\":\"2021-02-16T03:54:20+00:00\",\"dateModified\":\"2021-02-16T05:59:56+00:00\",\"breadcrumb\":{\"@id\":\"https:\/\/nitu.mx\/index.php\/2021\/02\/15\/volaris-y-viva-aerobus-van-por-colombia\/#breadcrumb\"},\"inLanguage\":\"es-MX\",\"potentialAction\":[{\"@type\":\"ReadAction\",\"target\":[\"https:\/\/nitu.mx\/index.php\/2021\/02\/15\/volaris-y-viva-aerobus-van-por-colombia\/\"]}]},{\"@type\":\"ImageObject\",\"inLanguage\":\"es-MX\",\"@id\":\"https:\/\/nitu.mx\/index.php\/2021\/02\/15\/volaris-y-viva-aerobus-van-por-colombia\/#primaryimage\",\"url\":\"https:\/\/nitu.mx\/wp-content\/uploads\/2016\/11\/avi\u00f3n-volaris.jpg\",\"contentUrl\":\"https:\/\/nitu.mx\/wp-content\/uploads\/2016\/11\/avi\u00f3n-volaris.jpg\",\"width\":1356,\"height\":874,\"caption\":\"avion volaris\"},{\"@type\":\"BreadcrumbList\",\"@id\":\"https:\/\/nitu.mx\/index.php\/2021\/02\/15\/volaris-y-viva-aerobus-van-por-colombia\/#breadcrumb\",\"itemListElement\":[{\"@type\":\"ListItem\",\"position\":1,\"name\":\"Inicio\",\"item\":\"https:\/\/nitu.mx\/\"},{\"@type\":\"ListItem\",\"position\":2,\"name\":\"Volaris y Viva Aerobus van por Colombia\"}]},{\"@type\":\"WebSite\",\"@id\":\"https:\/\/nitu.mx\/#website\",\"url\":\"https:\/\/nitu.mx\/\",\"name\":\"Nitu - Noticias de la Industria Turistica\",\"description\":\"Noticias de la Industria Turistica\",\"publisher\":{\"@id\":\"https:\/\/nitu.mx\/#\/schema\/person\/ae7a53426417292d3dd07b45a33e01bc\"},\"alternateName\":\"Noticias de la Industria Turistica\",\"potentialAction\":[{\"@type\":\"SearchAction\",\"target\":{\"@type\":\"EntryPoint\",\"urlTemplate\":\"https:\/\/nitu.mx\/?s={search_term_string}\"},\"query-input\":\"required name=search_term_string\"}],\"inLanguage\":\"es-MX\"},{\"@type\":[\"Person\",\"Organization\"],\"@id\":\"https:\/\/nitu.mx\/#\/schema\/person\/ae7a53426417292d3dd07b45a33e01bc\",\"name\":\"Arturo Medina\",\"image\":{\"@type\":\"ImageObject\",\"inLanguage\":\"es-MX\",\"@id\":\"https:\/\/nitu.mx\/#\/schema\/person\/image\/\",\"url\":\"https:\/\/nitu.mx\/wp-content\/uploads\/2024\/04\/4A315622-1904-4D5C-B022-878CDC840E04-90x90-1.jpeg\",\"contentUrl\":\"https:\/\/nitu.mx\/wp-content\/uploads\/2024\/04\/4A315622-1904-4D5C-B022-878CDC840E04-90x90-1.jpeg\",\"width\":90,\"height\":90,\"caption\":\"Arturo Medina\"},\"logo\":{\"@id\":\"https:\/\/nitu.mx\/#\/schema\/person\/image\/\"},\"description\":\"Director NITU.mx, Egresado de la Escuela de Periodismo Carlos Septi\u00e9n Garc\u00eda. Periodista y analista especializado en turismo desde hace 35 a\u00f1os, radicado en Canc\u00fan Q.Roo. arturo@nitu.mx\",\"sameAs\":[\"https:\/\/nitu.mx\",\"https:\/\/www.facebook.com\/NITUmx\/\",\"medinacancun\",\"https:\/\/twitter.com\/@Arturo_Medina_G\"]},{\"@type\":\"Person\",\"@id\":\"https:\/\/nitu.mx\/#\/schema\/person\/4a28fe9bd65924f7c90623773daf1b0b\",\"name\":\"Redacci\u00f3n\",\"image\":{\"@type\":\"ImageObject\",\"inLanguage\":\"es-MX\",\"@id\":\"https:\/\/nitu.mx\/#\/schema\/person\/image\/\",\"url\":\"https:\/\/secure.gravatar.com\/avatar\/5dd011c8ccfc5cd7e4c81e42252aab38?s=96&d=mm&r=g\",\"contentUrl\":\"https:\/\/secure.gravatar.com\/avatar\/5dd011c8ccfc5cd7e4c81e42252aab38?s=96&d=mm&r=g\",\"caption\":\"Redacci\u00f3n\"},\"url\":\"https:\/\/nitu.mx\/index.php\/author\/redaccion\/\"}]}<\/script>\n<!-- \/ Yoast SEO plugin. -->","yoast_head_json":{"title":"Volaris y Viva Aerobus van por Colombia - Nitu - Noticias de la Industria Turistica","robots":{"index":"index","follow":"follow","max-snippet":"max-snippet:-1","max-image-preview":"max-image-preview:large","max-video-preview":"max-video-preview:-1"},"canonical":"https:\/\/nitu.mx\/index.php\/2021\/02\/15\/volaris-y-viva-aerobus-van-por-colombia\/","twitter_card":"summary_large_image","twitter_title":"Volaris y Viva Aerobus van por Colombia - Nitu - Noticias de la Industria Turistica","twitter_description":"Luego que Interjet fuera la principal conexi\u00f3n entre M\u00e9xico y Colombia, y ante la actual suspensi\u00f3n de actividades, las otras dos lineas a\u00e9reas de bajo costo mexicanas, Viva Aerobus y \u00a0Volaris, han presentado oficialmente la solicitud para &#8220;atacar&#8221; este mercado principalmente con conexi\u00f3n a la Ciudad de M\u00e9xico y Canc\u00fan. Viva Aerobus\u00a0planea operar vuelos\u00a0entre Ciudad [&hellip;]","twitter_image":"https:\/\/nitu.mx\/wp-content\/uploads\/2016\/11\/avi\u00f3n-volaris.jpg","twitter_creator":"@NITUmx","twitter_site":"@Arturo_Medina_G","twitter_misc":{"Escrito por":"Redacci\u00f3n","Tiempo de lectura":"2 minutos"},"schema":{"@context":"https:\/\/schema.org","@graph":[{"@type":"Article","@id":"https:\/\/nitu.mx\/index.php\/2021\/02\/15\/volaris-y-viva-aerobus-van-por-colombia\/#article","isPartOf":{"@id":"https:\/\/nitu.mx\/index.php\/2021\/02\/15\/volaris-y-viva-aerobus-van-por-colombia\/"},"author":{"name":"Redacci\u00f3n","@id":"https:\/\/nitu.mx\/#\/schema\/person\/4a28fe9bd65924f7c90623773daf1b0b"},"headline":"Volaris y Viva Aerobus van por Colombia","datePublished":"2021-02-16T03:54:20+00:00","dateModified":"2021-02-16T05:59:56+00:00","mainEntityOfPage":{"@id":"https:\/\/nitu.mx\/index.php\/2021\/02\/15\/volaris-y-viva-aerobus-van-por-colombia\/"},"wordCount":336,"commentCount":0,"publisher":{"@id":"https:\/\/nitu.mx\/#\/schema\/person\/ae7a53426417292d3dd07b45a33e01bc"},"image":{"@id":"https:\/\/nitu.mx\/index.php\/2021\/02\/15\/volaris-y-viva-aerobus-van-por-colombia\/#primaryimage"},"thumbnailUrl":"https:\/\/nitu.mx\/wp-content\/uploads\/2016\/11\/avi\u00f3n-volaris.jpg","keywords":["Viva Aerobus","Volaris"],"articleSection":["Aerol\u00edneas"],"inLanguage":"es-MX","potentialAction":[{"@type":"CommentAction","name":"Comment","target":["https:\/\/nitu.mx\/index.php\/2021\/02\/15\/volaris-y-viva-aerobus-van-por-colombia\/#respond"]}]},{"@type":"WebPage","@id":"https:\/\/nitu.mx\/index.php\/2021\/02\/15\/volaris-y-viva-aerobus-van-por-colombia\/","url":"https:\/\/nitu.mx\/index.php\/2021\/02\/15\/volaris-y-viva-aerobus-van-por-colombia\/","name":"Volaris y Viva Aerobus van por Colombia - Nitu - Noticias de la Industria Turistica","isPartOf":{"@id":"https:\/\/nitu.mx\/#website"},"primaryImageOfPage":{"@id":"https:\/\/nitu.mx\/index.php\/2021\/02\/15\/volaris-y-viva-aerobus-van-por-colombia\/#primaryimage"},"image":{"@id":"https:\/\/nitu.mx\/index.php\/2021\/02\/15\/volaris-y-viva-aerobus-van-por-colombia\/#primaryimage"},"thumbnailUrl":"https:\/\/nitu.mx\/wp-content\/uploads\/2016\/11\/avi\u00f3n-volaris.jpg","datePublished":"2021-02-16T03:54:20+00:00","dateModified":"2021-02-16T05:59:56+00:00","breadcrumb":{"@id":"https:\/\/nitu.mx\/index.php\/2021\/02\/15\/volaris-y-viva-aerobus-van-por-colombia\/#breadcrumb"},"inLanguage":"es-MX","potentialAction":[{"@type":"ReadAction","target":["https:\/\/nitu.mx\/index.php\/2021\/02\/15\/volaris-y-viva-aerobus-van-por-colombia\/"]}]},{"@type":"ImageObject","inLanguage":"es-MX","@id":"https:\/\/nitu.mx\/index.php\/2021\/02\/15\/volaris-y-viva-aerobus-van-por-colombia\/#primaryimage","url":"https:\/\/nitu.mx\/wp-content\/uploads\/2016\/11\/avi\u00f3n-volaris.jpg","contentUrl":"https:\/\/nitu.mx\/wp-content\/uploads\/2016\/11\/avi\u00f3n-volaris.jpg","width":1356,"height":874,"caption":"avion volaris"},{"@type":"BreadcrumbList","@id":"https:\/\/nitu.mx\/index.php\/2021\/02\/15\/volaris-y-viva-aerobus-van-por-colombia\/#breadcrumb","itemListElement":[{"@type":"ListItem","position":1,"name":"Inicio","item":"https:\/\/nitu.mx\/"},{"@type":"ListItem","position":2,"name":"Volaris y Viva Aerobus van por Colombia"}]},{"@type":"WebSite","@id":"https:\/\/nitu.mx\/#website","url":"https:\/\/nitu.mx\/","name":"Nitu - Noticias de la Industria Turistica","description":"Noticias de la Industria Turistica","publisher":{"@id":"https:\/\/nitu.mx\/#\/schema\/person\/ae7a53426417292d3dd07b45a33e01bc"},"alternateName":"Noticias de la Industria Turistica","potentialAction":[{"@type":"SearchAction","target":{"@type":"EntryPoint","urlTemplate":"https:\/\/nitu.mx\/?s={search_term_string}"},"query-input":"required name=search_term_string"}],"inLanguage":"es-MX"},{"@type":["Person","Organization"],"@id":"https:\/\/nitu.mx\/#\/schema\/person\/ae7a53426417292d3dd07b45a33e01bc","name":"Arturo Medina","image":{"@type":"ImageObject","inLanguage":"es-MX","@id":"https:\/\/nitu.mx\/#\/schema\/person\/image\/","url":"https:\/\/nitu.mx\/wp-content\/uploads\/2024\/04\/4A315622-1904-4D5C-B022-878CDC840E04-90x90-1.jpeg","contentUrl":"https:\/\/nitu.mx\/wp-content\/uploads\/2024\/04\/4A315622-1904-4D5C-B022-878CDC840E04-90x90-1.jpeg","width":90,"height":90,"caption":"Arturo Medina"},"logo":{"@id":"https:\/\/nitu.mx\/#\/schema\/person\/image\/"},"description":"Director NITU.mx, Egresado de la Escuela de Periodismo Carlos Septi\u00e9n Garc\u00eda. Periodista y analista especializado en turismo desde hace 35 a\u00f1os, radicado en Canc\u00fan Q.Roo. arturo@nitu.mx","sameAs":["https:\/\/nitu.mx","https:\/\/www.facebook.com\/NITUmx\/","medinacancun","https:\/\/twitter.com\/@Arturo_Medina_G"]},{"@type":"Person","@id":"https:\/\/nitu.mx\/#\/schema\/person\/4a28fe9bd65924f7c90623773daf1b0b","name":"Redacci\u00f3n","image":{"@type":"ImageObject","inLanguage":"es-MX","@id":"https:\/\/nitu.mx\/#\/schema\/person\/image\/","url":"https:\/\/secure.gravatar.com\/avatar\/5dd011c8ccfc5cd7e4c81e42252aab38?s=96&d=mm&r=g","contentUrl":"https:\/\/secure.gravatar.com\/avatar\/5dd011c8ccfc5cd7e4c81e42252aab38?s=96&d=mm&r=g","caption":"Redacci\u00f3n"},"url":"https:\/\/nitu.mx\/index.php\/author\/redaccion\/"}]}},"views":279,"_links":{"self":[{"href":"https:\/\/nitu.mx\/index.php\/wp-json\/wp\/v2\/posts\/50352"}],"collection":[{"href":"https:\/\/nitu.mx\/index.php\/wp-json\/wp\/v2\/posts"}],"about":[{"href":"https:\/\/nitu.mx\/index.php\/wp-json\/wp\/v2\/types\/post"}],"author":[{"embeddable":true,"href":"https:\/\/nitu.mx\/index.php\/wp-json\/wp\/v2\/users\/17"}],"replies":[{"embeddable":true,"href":"https:\/\/nitu.mx\/index.php\/wp-json\/wp\/v2\/comments?post=50352"}],"version-history":[{"count":4,"href":"https:\/\/nitu.mx\/index.php\/wp-json\/wp\/v2\/posts\/50352\/revisions"}],"predecessor-version":[{"id":50359,"href":"https:\/\/nitu.mx\/index.php\/wp-json\/wp\/v2\/posts\/50352\/revisions\/50359"}],"wp:featuredmedia":[{"embeddable":true,"href":"https:\/\/nitu.mx\/index.php\/wp-json\/wp\/v2\/media\/4038"}],"wp:attachment":[{"href":"https:\/\/nitu.mx\/index.php\/wp-json\/wp\/v2\/media?parent=50352"}],"wp:term":[{"taxonomy":"category","embeddable":true,"href":"https:\/\/nitu.mx\/index.php\/wp-json\/wp\/v2\/categories?post=50352"},{"taxonomy":"post_tag","embeddable":true,"href":"https:\/\/nitu.mx\/index.php\/wp-json\/wp\/v2\/tags?post=50352"}],"curies":[{"name":"wp","href":"https:\/\/api.w.org\/{rel}","templated":true}]}}