{"id":50350,"date":"2021-02-15T22:35:12","date_gmt":"2021-02-16T03:35:12","guid":{"rendered":"https:\/\/www.dev.nitu.mx\/?p=50350"},"modified":"2021-02-16T06:22:50","modified_gmt":"2021-02-16T11:22:50","slug":"iberojet-confirma-4-rutas-semanales-a-cancun-y-estrena-cozumel","status":"publish","type":"post","link":"https:\/\/nitu.mx\/index.php\/2021\/02\/15\/iberojet-confirma-4-rutas-semanales-a-cancun-y-estrena-cozumel\/","title":{"rendered":"Iberojet confirma 4 rutas semanales a Canc\u00fan y estrena Cozumel"},"content":{"rendered":"<p>En plena pandemia y a pesar de las actuales circunstancias, Iberojet, la nueva marca de la fusi\u00f3n de Evelop de Espa\u00f1a y Orbest de Portugal, de Grupo Barcelo, \u00a0ha anunciado que para el verano ya puede confirmar 5 rutas\u00a0semanales al Caribe Mexicano, desde Madrid, 4 a Canc\u00fan y\u00a0estreno a la\u00a0isla de Cozumel, que de esta forma fortalece su\u00a0posici\u00f3n de impulsar las\u00a0estad\u00edas largas en la isla y no depender solo de los desembarcos de los viajeros de\u00a0cruceros.<\/p>\n<p>En total Iberojet tedr\u00e1 en el verano 25 rutas a destinos del Caribe y Centroam\u00e9rica desde Madrid y Lisboa, dentro de su nuevo programa para este verano 2021, que incluyen destinos en Cuba, Rep\u00fablica Dominicana, Islas Mauricio, y se estrenaran en Costa Rica.<\/p>\n<p>Mientras que la operadora portuguesa\u00a0ofrecer\u00e1 desde Lisboa las rutas a Canc\u00fan y PuntaCana, con\u00a0dos frecuencias semanales y\u00a0a Varadero, Cuba, con una frecuencia semanal. Asimismo, la programaci\u00f3n incluye en temporada alta una\u00a0ruta circular a Montego Bay, Jamaica, y Saman\u00e1, Rep\u00fablica Dominicana, con una frecuencia semanal.<\/p>\n","protected":false},"excerpt":{"rendered":"<p>En plena pandemia y a pesar de las actuales circunstancias, Iberojet, la nueva marca de la fusi\u00f3n de Evelop de Espa\u00f1a y Orbest de Portugal, de Grupo Barcelo, \u00a0ha anunciado que para el verano ya puede confirmar 5 rutas\u00a0semanales al Caribe Mexicano, desde Madrid, 4 a Canc\u00fan y\u00a0estreno a la\u00a0isla de Cozumel, que de esta [&hellip;]<\/p>\n","protected":false},"author":17,"featured_media":50362,"comment_status":"open","ping_status":"open","sticky":false,"template":"","format":"standard","meta":{"footnotes":""},"categories":[29],"tags":[83,110,21646],"yoast_head":"<!-- This site is optimized with the Yoast SEO plugin v22.2 - https:\/\/yoast.com\/wordpress\/plugins\/seo\/ -->\n<title>Iberojet confirma 4 rutas semanales a Canc\u00fan y estrena Cozumel - Nitu - Noticias de la Industria Turistica<\/title>\n<meta name=\"robots\" content=\"index, follow, max-snippet:-1, max-image-preview:large, max-video-preview:-1\" \/>\n<link rel=\"canonical\" href=\"https:\/\/nitu.mx\/index.php\/2021\/02\/15\/iberojet-confirma-4-rutas-semanales-a-cancun-y-estrena-cozumel\/\" \/>\n<meta name=\"twitter:card\" content=\"summary_large_image\" \/>\n<meta name=\"twitter:title\" content=\"Iberojet confirma 4 rutas semanales a Canc\u00fan y estrena Cozumel - Nitu - Noticias de la Industria Turistica\" \/>\n<meta name=\"twitter:description\" content=\"En plena pandemia y a pesar de las actuales circunstancias, Iberojet, la nueva marca de la fusi\u00f3n de Evelop de Espa\u00f1a y Orbest de Portugal, de Grupo Barcelo, \u00a0ha anunciado que para el verano ya puede confirmar 5 rutas\u00a0semanales al Caribe Mexicano, desde Madrid, 4 a Canc\u00fan y\u00a0estreno a la\u00a0isla de Cozumel, que de esta [&hellip;]\" \/>\n<meta name=\"twitter:image\" content=\"https:\/\/nitu.mx\/wp-content\/uploads\/2021\/02\/ibeojet-caribe.jpg\" \/>\n<meta name=\"twitter:creator\" content=\"@NITUmx\" \/>\n<meta name=\"twitter:site\" content=\"@Arturo_Medina_G\" \/>\n<meta name=\"twitter:label1\" content=\"Escrito por\" \/>\n\t<meta name=\"twitter:data1\" content=\"Redacci\u00f3n\" \/>\n\t<meta name=\"twitter:label2\" content=\"Tiempo de lectura\" \/>\n\t<meta name=\"twitter:data2\" content=\"1 minuto\" \/>\n<script type=\"application\/ld+json\" class=\"yoast-schema-graph\">{\"@context\":\"https:\/\/schema.org\",\"@graph\":[{\"@type\":\"Article\",\"@id\":\"https:\/\/nitu.mx\/index.php\/2021\/02\/15\/iberojet-confirma-4-rutas-semanales-a-cancun-y-estrena-cozumel\/#article\",\"isPartOf\":{\"@id\":\"https:\/\/nitu.mx\/index.php\/2021\/02\/15\/iberojet-confirma-4-rutas-semanales-a-cancun-y-estrena-cozumel\/\"},\"author\":{\"name\":\"Redacci\u00f3n\",\"@id\":\"https:\/\/nitu.mx\/#\/schema\/person\/4a28fe9bd65924f7c90623773daf1b0b\"},\"headline\":\"Iberojet confirma 4 rutas semanales a Canc\u00fan y estrena Cozumel\",\"datePublished\":\"2021-02-16T03:35:12+00:00\",\"dateModified\":\"2021-02-16T11:22:50+00:00\",\"mainEntityOfPage\":{\"@id\":\"https:\/\/nitu.mx\/index.php\/2021\/02\/15\/iberojet-confirma-4-rutas-semanales-a-cancun-y-estrena-cozumel\/\"},\"wordCount\":189,\"commentCount\":4,\"publisher\":{\"@id\":\"https:\/\/nitu.mx\/#\/schema\/person\/ae7a53426417292d3dd07b45a33e01bc\"},\"image\":{\"@id\":\"https:\/\/nitu.mx\/index.php\/2021\/02\/15\/iberojet-confirma-4-rutas-semanales-a-cancun-y-estrena-cozumel\/#primaryimage\"},\"thumbnailUrl\":\"https:\/\/nitu.mx\/wp-content\/uploads\/2021\/02\/ibeojet-caribe.jpg\",\"keywords\":[\"Caribe mexicano\",\"Cozumel\",\"Iberojet\"],\"articleSection\":[\"Aerol\u00edneas\"],\"inLanguage\":\"es-MX\",\"potentialAction\":[{\"@type\":\"CommentAction\",\"name\":\"Comment\",\"target\":[\"https:\/\/nitu.mx\/index.php\/2021\/02\/15\/iberojet-confirma-4-rutas-semanales-a-cancun-y-estrena-cozumel\/#respond\"]}]},{\"@type\":\"WebPage\",\"@id\":\"https:\/\/nitu.mx\/index.php\/2021\/02\/15\/iberojet-confirma-4-rutas-semanales-a-cancun-y-estrena-cozumel\/\",\"url\":\"https:\/\/nitu.mx\/index.php\/2021\/02\/15\/iberojet-confirma-4-rutas-semanales-a-cancun-y-estrena-cozumel\/\",\"name\":\"Iberojet confirma 4 rutas semanales a Canc\u00fan y estrena Cozumel - Nitu - Noticias de la Industria Turistica\",\"isPartOf\":{\"@id\":\"https:\/\/nitu.mx\/#website\"},\"primaryImageOfPage\":{\"@id\":\"https:\/\/nitu.mx\/index.php\/2021\/02\/15\/iberojet-confirma-4-rutas-semanales-a-cancun-y-estrena-cozumel\/#primaryimage\"},\"image\":{\"@id\":\"https:\/\/nitu.mx\/index.php\/2021\/02\/15\/iberojet-confirma-4-rutas-semanales-a-cancun-y-estrena-cozumel\/#primaryimage\"},\"thumbnailUrl\":\"https:\/\/nitu.mx\/wp-content\/uploads\/2021\/02\/ibeojet-caribe.jpg\",\"datePublished\":\"2021-02-16T03:35:12+00:00\",\"dateModified\":\"2021-02-16T11:22:50+00:00\",\"breadcrumb\":{\"@id\":\"https:\/\/nitu.mx\/index.php\/2021\/02\/15\/iberojet-confirma-4-rutas-semanales-a-cancun-y-estrena-cozumel\/#breadcrumb\"},\"inLanguage\":\"es-MX\",\"potentialAction\":[{\"@type\":\"ReadAction\",\"target\":[\"https:\/\/nitu.mx\/index.php\/2021\/02\/15\/iberojet-confirma-4-rutas-semanales-a-cancun-y-estrena-cozumel\/\"]}]},{\"@type\":\"ImageObject\",\"inLanguage\":\"es-MX\",\"@id\":\"https:\/\/nitu.mx\/index.php\/2021\/02\/15\/iberojet-confirma-4-rutas-semanales-a-cancun-y-estrena-cozumel\/#primaryimage\",\"url\":\"https:\/\/nitu.mx\/wp-content\/uploads\/2021\/02\/ibeojet-caribe.jpg\",\"contentUrl\":\"https:\/\/nitu.mx\/wp-content\/uploads\/2021\/02\/ibeojet-caribe.jpg\",\"width\":1200,\"height\":675},{\"@type\":\"BreadcrumbList\",\"@id\":\"https:\/\/nitu.mx\/index.php\/2021\/02\/15\/iberojet-confirma-4-rutas-semanales-a-cancun-y-estrena-cozumel\/#breadcrumb\",\"itemListElement\":[{\"@type\":\"ListItem\",\"position\":1,\"name\":\"Inicio\",\"item\":\"https:\/\/nitu.mx\/\"},{\"@type\":\"ListItem\",\"position\":2,\"name\":\"Iberojet confirma 4 rutas semanales a Canc\u00fan y estrena Cozumel\"}]},{\"@type\":\"WebSite\",\"@id\":\"https:\/\/nitu.mx\/#website\",\"url\":\"https:\/\/nitu.mx\/\",\"name\":\"Nitu - Noticias de la Industria Turistica\",\"description\":\"Noticias de la Industria Turistica\",\"publisher\":{\"@id\":\"https:\/\/nitu.mx\/#\/schema\/person\/ae7a53426417292d3dd07b45a33e01bc\"},\"alternateName\":\"Noticias de la Industria Turistica\",\"potentialAction\":[{\"@type\":\"SearchAction\",\"target\":{\"@type\":\"EntryPoint\",\"urlTemplate\":\"https:\/\/nitu.mx\/?s={search_term_string}\"},\"query-input\":\"required name=search_term_string\"}],\"inLanguage\":\"es-MX\"},{\"@type\":[\"Person\",\"Organization\"],\"@id\":\"https:\/\/nitu.mx\/#\/schema\/person\/ae7a53426417292d3dd07b45a33e01bc\",\"name\":\"Arturo Medina\",\"image\":{\"@type\":\"ImageObject\",\"inLanguage\":\"es-MX\",\"@id\":\"https:\/\/nitu.mx\/#\/schema\/person\/image\/\",\"url\":\"https:\/\/nitu.mx\/wp-content\/uploads\/2024\/04\/4A315622-1904-4D5C-B022-878CDC840E04-90x90-1.jpeg\",\"contentUrl\":\"https:\/\/nitu.mx\/wp-content\/uploads\/2024\/04\/4A315622-1904-4D5C-B022-878CDC840E04-90x90-1.jpeg\",\"width\":90,\"height\":90,\"caption\":\"Arturo Medina\"},\"logo\":{\"@id\":\"https:\/\/nitu.mx\/#\/schema\/person\/image\/\"},\"description\":\"Director NITU.mx, Egresado de la Escuela de Periodismo Carlos Septi\u00e9n Garc\u00eda. Periodista y analista especializado en turismo desde hace 35 a\u00f1os, radicado en Canc\u00fan Q.Roo. arturo@nitu.mx\",\"sameAs\":[\"https:\/\/nitu.mx\",\"https:\/\/www.facebook.com\/NITUmx\/\",\"medinacancun\",\"https:\/\/twitter.com\/@Arturo_Medina_G\"]},{\"@type\":\"Person\",\"@id\":\"https:\/\/nitu.mx\/#\/schema\/person\/4a28fe9bd65924f7c90623773daf1b0b\",\"name\":\"Redacci\u00f3n\",\"image\":{\"@type\":\"ImageObject\",\"inLanguage\":\"es-MX\",\"@id\":\"https:\/\/nitu.mx\/#\/schema\/person\/image\/\",\"url\":\"https:\/\/secure.gravatar.com\/avatar\/5dd011c8ccfc5cd7e4c81e42252aab38?s=96&d=mm&r=g\",\"contentUrl\":\"https:\/\/secure.gravatar.com\/avatar\/5dd011c8ccfc5cd7e4c81e42252aab38?s=96&d=mm&r=g\",\"caption\":\"Redacci\u00f3n\"},\"url\":\"https:\/\/nitu.mx\/index.php\/author\/redaccion\/\"}]}<\/script>\n<!-- \/ Yoast SEO plugin. -->","yoast_head_json":{"title":"Iberojet confirma 4 rutas semanales a Canc\u00fan y estrena Cozumel - Nitu - Noticias de la Industria Turistica","robots":{"index":"index","follow":"follow","max-snippet":"max-snippet:-1","max-image-preview":"max-image-preview:large","max-video-preview":"max-video-preview:-1"},"canonical":"https:\/\/nitu.mx\/index.php\/2021\/02\/15\/iberojet-confirma-4-rutas-semanales-a-cancun-y-estrena-cozumel\/","twitter_card":"summary_large_image","twitter_title":"Iberojet confirma 4 rutas semanales a Canc\u00fan y estrena Cozumel - Nitu - Noticias de la Industria Turistica","twitter_description":"En plena pandemia y a pesar de las actuales circunstancias, Iberojet, la nueva marca de la fusi\u00f3n de Evelop de Espa\u00f1a y Orbest de Portugal, de Grupo Barcelo, \u00a0ha anunciado que para el verano ya puede confirmar 5 rutas\u00a0semanales al Caribe Mexicano, desde Madrid, 4 a Canc\u00fan y\u00a0estreno a la\u00a0isla de Cozumel, que de esta [&hellip;]","twitter_image":"https:\/\/nitu.mx\/wp-content\/uploads\/2021\/02\/ibeojet-caribe.jpg","twitter_creator":"@NITUmx","twitter_site":"@Arturo_Medina_G","twitter_misc":{"Escrito por":"Redacci\u00f3n","Tiempo de lectura":"1 minuto"},"schema":{"@context":"https:\/\/schema.org","@graph":[{"@type":"Article","@id":"https:\/\/nitu.mx\/index.php\/2021\/02\/15\/iberojet-confirma-4-rutas-semanales-a-cancun-y-estrena-cozumel\/#article","isPartOf":{"@id":"https:\/\/nitu.mx\/index.php\/2021\/02\/15\/iberojet-confirma-4-rutas-semanales-a-cancun-y-estrena-cozumel\/"},"author":{"name":"Redacci\u00f3n","@id":"https:\/\/nitu.mx\/#\/schema\/person\/4a28fe9bd65924f7c90623773daf1b0b"},"headline":"Iberojet confirma 4 rutas semanales a Canc\u00fan y estrena Cozumel","datePublished":"2021-02-16T03:35:12+00:00","dateModified":"2021-02-16T11:22:50+00:00","mainEntityOfPage":{"@id":"https:\/\/nitu.mx\/index.php\/2021\/02\/15\/iberojet-confirma-4-rutas-semanales-a-cancun-y-estrena-cozumel\/"},"wordCount":189,"commentCount":4,"publisher":{"@id":"https:\/\/nitu.mx\/#\/schema\/person\/ae7a53426417292d3dd07b45a33e01bc"},"image":{"@id":"https:\/\/nitu.mx\/index.php\/2021\/02\/15\/iberojet-confirma-4-rutas-semanales-a-cancun-y-estrena-cozumel\/#primaryimage"},"thumbnailUrl":"https:\/\/nitu.mx\/wp-content\/uploads\/2021\/02\/ibeojet-caribe.jpg","keywords":["Caribe mexicano","Cozumel","Iberojet"],"articleSection":["Aerol\u00edneas"],"inLanguage":"es-MX","potentialAction":[{"@type":"CommentAction","name":"Comment","target":["https:\/\/nitu.mx\/index.php\/2021\/02\/15\/iberojet-confirma-4-rutas-semanales-a-cancun-y-estrena-cozumel\/#respond"]}]},{"@type":"WebPage","@id":"https:\/\/nitu.mx\/index.php\/2021\/02\/15\/iberojet-confirma-4-rutas-semanales-a-cancun-y-estrena-cozumel\/","url":"https:\/\/nitu.mx\/index.php\/2021\/02\/15\/iberojet-confirma-4-rutas-semanales-a-cancun-y-estrena-cozumel\/","name":"Iberojet confirma 4 rutas semanales a Canc\u00fan y estrena Cozumel - Nitu - Noticias de la Industria Turistica","isPartOf":{"@id":"https:\/\/nitu.mx\/#website"},"primaryImageOfPage":{"@id":"https:\/\/nitu.mx\/index.php\/2021\/02\/15\/iberojet-confirma-4-rutas-semanales-a-cancun-y-estrena-cozumel\/#primaryimage"},"image":{"@id":"https:\/\/nitu.mx\/index.php\/2021\/02\/15\/iberojet-confirma-4-rutas-semanales-a-cancun-y-estrena-cozumel\/#primaryimage"},"thumbnailUrl":"https:\/\/nitu.mx\/wp-content\/uploads\/2021\/02\/ibeojet-caribe.jpg","datePublished":"2021-02-16T03:35:12+00:00","dateModified":"2021-02-16T11:22:50+00:00","breadcrumb":{"@id":"https:\/\/nitu.mx\/index.php\/2021\/02\/15\/iberojet-confirma-4-rutas-semanales-a-cancun-y-estrena-cozumel\/#breadcrumb"},"inLanguage":"es-MX","potentialAction":[{"@type":"ReadAction","target":["https:\/\/nitu.mx\/index.php\/2021\/02\/15\/iberojet-confirma-4-rutas-semanales-a-cancun-y-estrena-cozumel\/"]}]},{"@type":"ImageObject","inLanguage":"es-MX","@id":"https:\/\/nitu.mx\/index.php\/2021\/02\/15\/iberojet-confirma-4-rutas-semanales-a-cancun-y-estrena-cozumel\/#primaryimage","url":"https:\/\/nitu.mx\/wp-content\/uploads\/2021\/02\/ibeojet-caribe.jpg","contentUrl":"https:\/\/nitu.mx\/wp-content\/uploads\/2021\/02\/ibeojet-caribe.jpg","width":1200,"height":675},{"@type":"BreadcrumbList","@id":"https:\/\/nitu.mx\/index.php\/2021\/02\/15\/iberojet-confirma-4-rutas-semanales-a-cancun-y-estrena-cozumel\/#breadcrumb","itemListElement":[{"@type":"ListItem","position":1,"name":"Inicio","item":"https:\/\/nitu.mx\/"},{"@type":"ListItem","position":2,"name":"Iberojet confirma 4 rutas semanales a Canc\u00fan y estrena Cozumel"}]},{"@type":"WebSite","@id":"https:\/\/nitu.mx\/#website","url":"https:\/\/nitu.mx\/","name":"Nitu - Noticias de la Industria Turistica","description":"Noticias de la Industria Turistica","publisher":{"@id":"https:\/\/nitu.mx\/#\/schema\/person\/ae7a53426417292d3dd07b45a33e01bc"},"alternateName":"Noticias de la Industria Turistica","potentialAction":[{"@type":"SearchAction","target":{"@type":"EntryPoint","urlTemplate":"https:\/\/nitu.mx\/?s={search_term_string}"},"query-input":"required name=search_term_string"}],"inLanguage":"es-MX"},{"@type":["Person","Organization"],"@id":"https:\/\/nitu.mx\/#\/schema\/person\/ae7a53426417292d3dd07b45a33e01bc","name":"Arturo Medina","image":{"@type":"ImageObject","inLanguage":"es-MX","@id":"https:\/\/nitu.mx\/#\/schema\/person\/image\/","url":"https:\/\/nitu.mx\/wp-content\/uploads\/2024\/04\/4A315622-1904-4D5C-B022-878CDC840E04-90x90-1.jpeg","contentUrl":"https:\/\/nitu.mx\/wp-content\/uploads\/2024\/04\/4A315622-1904-4D5C-B022-878CDC840E04-90x90-1.jpeg","width":90,"height":90,"caption":"Arturo Medina"},"logo":{"@id":"https:\/\/nitu.mx\/#\/schema\/person\/image\/"},"description":"Director NITU.mx, Egresado de la Escuela de Periodismo Carlos Septi\u00e9n Garc\u00eda. Periodista y analista especializado en turismo desde hace 35 a\u00f1os, radicado en Canc\u00fan Q.Roo. arturo@nitu.mx","sameAs":["https:\/\/nitu.mx","https:\/\/www.facebook.com\/NITUmx\/","medinacancun","https:\/\/twitter.com\/@Arturo_Medina_G"]},{"@type":"Person","@id":"https:\/\/nitu.mx\/#\/schema\/person\/4a28fe9bd65924f7c90623773daf1b0b","name":"Redacci\u00f3n","image":{"@type":"ImageObject","inLanguage":"es-MX","@id":"https:\/\/nitu.mx\/#\/schema\/person\/image\/","url":"https:\/\/secure.gravatar.com\/avatar\/5dd011c8ccfc5cd7e4c81e42252aab38?s=96&d=mm&r=g","contentUrl":"https:\/\/secure.gravatar.com\/avatar\/5dd011c8ccfc5cd7e4c81e42252aab38?s=96&d=mm&r=g","caption":"Redacci\u00f3n"},"url":"https:\/\/nitu.mx\/index.php\/author\/redaccion\/"}]}},"views":610,"_links":{"self":[{"href":"https:\/\/nitu.mx\/index.php\/wp-json\/wp\/v2\/posts\/50350"}],"collection":[{"href":"https:\/\/nitu.mx\/index.php\/wp-json\/wp\/v2\/posts"}],"about":[{"href":"https:\/\/nitu.mx\/index.php\/wp-json\/wp\/v2\/types\/post"}],"author":[{"embeddable":true,"href":"https:\/\/nitu.mx\/index.php\/wp-json\/wp\/v2\/users\/17"}],"replies":[{"embeddable":true,"href":"https:\/\/nitu.mx\/index.php\/wp-json\/wp\/v2\/comments?post=50350"}],"version-history":[{"count":3,"href":"https:\/\/nitu.mx\/index.php\/wp-json\/wp\/v2\/posts\/50350\/revisions"}],"predecessor-version":[{"id":50364,"href":"https:\/\/nitu.mx\/index.php\/wp-json\/wp\/v2\/posts\/50350\/revisions\/50364"}],"wp:featuredmedia":[{"embeddable":true,"href":"https:\/\/nitu.mx\/index.php\/wp-json\/wp\/v2\/media\/50362"}],"wp:attachment":[{"href":"https:\/\/nitu.mx\/index.php\/wp-json\/wp\/v2\/media?parent=50350"}],"wp:term":[{"taxonomy":"category","embeddable":true,"href":"https:\/\/nitu.mx\/index.php\/wp-json\/wp\/v2\/categories?post=50350"},{"taxonomy":"post_tag","embeddable":true,"href":"https:\/\/nitu.mx\/index.php\/wp-json\/wp\/v2\/tags?post=50350"}],"curies":[{"name":"wp","href":"https:\/\/api.w.org\/{rel}","templated":true}]}}