{"id":5013,"date":"2016-12-21T00:24:24","date_gmt":"2016-12-21T05:24:24","guid":{"rendered":"http:\/\/www.dev.nitu.mx\/?p=5013"},"modified":"2016-12-21T00:24:24","modified_gmt":"2016-12-21T05:24:24","slug":"puerto-morelos-inicio-diciembre-con-una-ocupacion-promedio-de-75-por-ciento","status":"publish","type":"post","link":"https:\/\/nitu.mx\/index.php\/2016\/12\/21\/puerto-morelos-inicio-diciembre-con-una-ocupacion-promedio-de-75-por-ciento\/","title":{"rendered":"Puerto Morelos tiene en diciembre ocupaci\u00f3n de 75 por ciento"},"content":{"rendered":"<p>Autoridades y prestadores de servicios se preparan para atender a por lo menos 10 mil turistas de pernocta que se espera lleguen a Puerto Morelos, informaron autoridades locales, de acuerdo con Notimex.<\/p>\n<p>&#8220;Ser\u00e1 una temporada vacacional exitosa para Puerto Morelos, en la que los m\u00e1s de cinco mil cuartos hoteleros se mantendr\u00e1n ocupados&#8221;, explic\u00f3 la alcaldesa Laura Fern\u00e1ndez Pi\u00f1a.<\/p>\n<p>De acuerdo con datos de la Asociaci\u00f3n de Hoteles de Canc\u00fan y Puerto Morelos, este destino tur\u00edstico inici\u00f3 diciembre con una ocupaci\u00f3n promedio de 75 por ciento, lo que habla de la excelente afluencia de visitantes de cara a la temporada vacacional. (<a title=\"Asociaci\u00f3n de Hoteles de Canc\u00fan solicita analizar aumento de tarifas por afectar a turismo nacional\" href=\"http:\/\/www.dev.nitu.mx\/index.php\/2016\/10\/23\/asociacion-de-hoteles-solicita-analizar-aumento-de-tarifas-por-afectar-a-turismo-nacional\/\" rel=\"bookmark\">Asociaci\u00f3n de Hoteles de Canc\u00fan solicita analizar aumento de tarifas por afectar a turismo nacional<\/a>).<\/p>\n<p>Seg\u00fan las estimaciones de los hoteleros, Puerto Morelos tendr\u00e1 al menos 10 mil turistas de pernocta por d\u00eda en las m\u00e1s de cinco mil habitaciones de los 51 hoteles del destino, sin contar al turismo dom\u00e9stico que llega a casas de familiares y amigos.<\/p>\n<p>Este destino ha adquirido gran relevancia, entre otros factores, por haberse erigido como municipio, lo que permiti\u00f3 que hubiera una administraci\u00f3n dedicada a fortalecer su potencial tur\u00edstico ya existente y generar m\u00e1s producto e infraestructura, como se ha ido informando en <em><strong>NITU.mx. (<\/strong><\/em><a title=\"Travelocity promociona Puerto Morelos\" href=\"http:\/\/www.dev.nitu.mx\/index.php\/2016\/10\/25\/travelocity-promociona-puerto-morelos\/\" rel=\"bookmark\">Travelocity promociona Puerto Morelos<\/a>)<\/p>\n","protected":false},"excerpt":{"rendered":"<p>Autoridades y prestadores de servicios se preparan para atender a por lo menos 10 mil turistas de pernocta que se espera lleguen a Puerto Morelos, informaron autoridades locales, de acuerdo con Notimex. &#8220;Ser\u00e1 una temporada vacacional exitosa para Puerto Morelos, en la que los m\u00e1s de cinco mil cuartos hoteleros se mantendr\u00e1n ocupados&#8221;, explic\u00f3 la [&hellip;]<\/p>\n","protected":false},"author":17,"featured_media":5046,"comment_status":"open","ping_status":"open","sticky":false,"template":"","format":"standard","meta":{"footnotes":""},"categories":[5,2],"tags":[1196,1272,86],"yoast_head":"<!-- This site is optimized with the Yoast SEO plugin v22.2 - https:\/\/yoast.com\/wordpress\/plugins\/seo\/ -->\n<title>Puerto Morelos tiene en diciembre ocupaci\u00f3n de 75 por ciento - Nitu - Noticias de la Industria Turistica<\/title>\n<meta name=\"description\" content=\"Autoridades y prestadores de servicios se preparan para atender a por lo menos 10 mil turistas que se esperan en Puerto Morelos en temporada decembrina.\" \/>\n<meta name=\"robots\" content=\"index, follow, max-snippet:-1, max-image-preview:large, max-video-preview:-1\" \/>\n<link rel=\"canonical\" href=\"https:\/\/nitu.mx\/index.php\/2016\/12\/21\/puerto-morelos-inicio-diciembre-con-una-ocupacion-promedio-de-75-por-ciento\/\" \/>\n<meta name=\"twitter:card\" content=\"summary_large_image\" \/>\n<meta name=\"twitter:title\" content=\"Puerto Morelos tiene en diciembre ocupaci\u00f3n de 75 por ciento - Nitu - Noticias de la Industria Turistica\" \/>\n<meta name=\"twitter:description\" content=\"Autoridades y prestadores de servicios se preparan para atender a por lo menos 10 mil turistas que se esperan en Puerto Morelos en temporada decembrina.\" \/>\n<meta name=\"twitter:image\" content=\"https:\/\/nitu.mx\/wp-content\/uploads\/2016\/12\/puerto-morelos-turismo.jpg\" \/>\n<meta name=\"twitter:creator\" content=\"@NITUmx\" \/>\n<meta name=\"twitter:site\" content=\"@Arturo_Medina_G\" \/>\n<meta name=\"twitter:label1\" content=\"Escrito por\" \/>\n\t<meta name=\"twitter:data1\" content=\"Redacci\u00f3n\" \/>\n\t<meta name=\"twitter:label2\" content=\"Tiempo de lectura\" \/>\n\t<meta name=\"twitter:data2\" content=\"1 minuto\" \/>\n<script type=\"application\/ld+json\" class=\"yoast-schema-graph\">{\"@context\":\"https:\/\/schema.org\",\"@graph\":[{\"@type\":\"Article\",\"@id\":\"https:\/\/nitu.mx\/index.php\/2016\/12\/21\/puerto-morelos-inicio-diciembre-con-una-ocupacion-promedio-de-75-por-ciento\/#article\",\"isPartOf\":{\"@id\":\"https:\/\/nitu.mx\/index.php\/2016\/12\/21\/puerto-morelos-inicio-diciembre-con-una-ocupacion-promedio-de-75-por-ciento\/\"},\"author\":{\"name\":\"Redacci\u00f3n\",\"@id\":\"https:\/\/nitu.mx\/#\/schema\/person\/4a28fe9bd65924f7c90623773daf1b0b\"},\"headline\":\"Puerto Morelos tiene en diciembre ocupaci\u00f3n de 75 por ciento\",\"datePublished\":\"2016-12-21T05:24:24+00:00\",\"dateModified\":\"2016-12-21T05:24:24+00:00\",\"mainEntityOfPage\":{\"@id\":\"https:\/\/nitu.mx\/index.php\/2016\/12\/21\/puerto-morelos-inicio-diciembre-con-una-ocupacion-promedio-de-75-por-ciento\/\"},\"wordCount\":230,\"commentCount\":0,\"publisher\":{\"@id\":\"https:\/\/nitu.mx\/#\/schema\/person\/ae7a53426417292d3dd07b45a33e01bc\"},\"image\":{\"@id\":\"https:\/\/nitu.mx\/index.php\/2016\/12\/21\/puerto-morelos-inicio-diciembre-con-una-ocupacion-promedio-de-75-por-ciento\/#primaryimage\"},\"thumbnailUrl\":\"https:\/\/nitu.mx\/wp-content\/uploads\/2016\/12\/puerto-morelos-turismo.jpg\",\"keywords\":[\"Asociaci\u00f3n de Hoteles de Canc\u00fan y Puerto Morelos\",\"Laura Fern\u00e1ndez Pi\u00f1a\",\"Puerto Morelos\"],\"articleSection\":[\"Destinos\",\"Hoteles\"],\"inLanguage\":\"es-MX\",\"potentialAction\":[{\"@type\":\"CommentAction\",\"name\":\"Comment\",\"target\":[\"https:\/\/nitu.mx\/index.php\/2016\/12\/21\/puerto-morelos-inicio-diciembre-con-una-ocupacion-promedio-de-75-por-ciento\/#respond\"]}]},{\"@type\":\"WebPage\",\"@id\":\"https:\/\/nitu.mx\/index.php\/2016\/12\/21\/puerto-morelos-inicio-diciembre-con-una-ocupacion-promedio-de-75-por-ciento\/\",\"url\":\"https:\/\/nitu.mx\/index.php\/2016\/12\/21\/puerto-morelos-inicio-diciembre-con-una-ocupacion-promedio-de-75-por-ciento\/\",\"name\":\"Puerto Morelos tiene en diciembre ocupaci\u00f3n de 75 por ciento - Nitu - Noticias de la Industria Turistica\",\"isPartOf\":{\"@id\":\"https:\/\/nitu.mx\/#website\"},\"primaryImageOfPage\":{\"@id\":\"https:\/\/nitu.mx\/index.php\/2016\/12\/21\/puerto-morelos-inicio-diciembre-con-una-ocupacion-promedio-de-75-por-ciento\/#primaryimage\"},\"image\":{\"@id\":\"https:\/\/nitu.mx\/index.php\/2016\/12\/21\/puerto-morelos-inicio-diciembre-con-una-ocupacion-promedio-de-75-por-ciento\/#primaryimage\"},\"thumbnailUrl\":\"https:\/\/nitu.mx\/wp-content\/uploads\/2016\/12\/puerto-morelos-turismo.jpg\",\"datePublished\":\"2016-12-21T05:24:24+00:00\",\"dateModified\":\"2016-12-21T05:24:24+00:00\",\"description\":\"Autoridades y prestadores de servicios se preparan para atender a por lo menos 10 mil turistas que se esperan en Puerto Morelos en temporada decembrina.\",\"breadcrumb\":{\"@id\":\"https:\/\/nitu.mx\/index.php\/2016\/12\/21\/puerto-morelos-inicio-diciembre-con-una-ocupacion-promedio-de-75-por-ciento\/#breadcrumb\"},\"inLanguage\":\"es-MX\",\"potentialAction\":[{\"@type\":\"ReadAction\",\"target\":[\"https:\/\/nitu.mx\/index.php\/2016\/12\/21\/puerto-morelos-inicio-diciembre-con-una-ocupacion-promedio-de-75-por-ciento\/\"]}]},{\"@type\":\"ImageObject\",\"inLanguage\":\"es-MX\",\"@id\":\"https:\/\/nitu.mx\/index.php\/2016\/12\/21\/puerto-morelos-inicio-diciembre-con-una-ocupacion-promedio-de-75-por-ciento\/#primaryimage\",\"url\":\"https:\/\/nitu.mx\/wp-content\/uploads\/2016\/12\/puerto-morelos-turismo.jpg\",\"contentUrl\":\"https:\/\/nitu.mx\/wp-content\/uploads\/2016\/12\/puerto-morelos-turismo.jpg\",\"width\":1516,\"height\":981,\"caption\":\"puerto morelos turismo\"},{\"@type\":\"BreadcrumbList\",\"@id\":\"https:\/\/nitu.mx\/index.php\/2016\/12\/21\/puerto-morelos-inicio-diciembre-con-una-ocupacion-promedio-de-75-por-ciento\/#breadcrumb\",\"itemListElement\":[{\"@type\":\"ListItem\",\"position\":1,\"name\":\"Inicio\",\"item\":\"https:\/\/nitu.mx\/\"},{\"@type\":\"ListItem\",\"position\":2,\"name\":\"Puerto Morelos tiene en diciembre ocupaci\u00f3n de 75 por ciento\"}]},{\"@type\":\"WebSite\",\"@id\":\"https:\/\/nitu.mx\/#website\",\"url\":\"https:\/\/nitu.mx\/\",\"name\":\"Nitu - Noticias de la Industria Turistica\",\"description\":\"Noticias de la Industria Turistica\",\"publisher\":{\"@id\":\"https:\/\/nitu.mx\/#\/schema\/person\/ae7a53426417292d3dd07b45a33e01bc\"},\"alternateName\":\"Noticias de la Industria Turistica\",\"potentialAction\":[{\"@type\":\"SearchAction\",\"target\":{\"@type\":\"EntryPoint\",\"urlTemplate\":\"https:\/\/nitu.mx\/?s={search_term_string}\"},\"query-input\":\"required name=search_term_string\"}],\"inLanguage\":\"es-MX\"},{\"@type\":[\"Person\",\"Organization\"],\"@id\":\"https:\/\/nitu.mx\/#\/schema\/person\/ae7a53426417292d3dd07b45a33e01bc\",\"name\":\"Arturo Medina\",\"image\":{\"@type\":\"ImageObject\",\"inLanguage\":\"es-MX\",\"@id\":\"https:\/\/nitu.mx\/#\/schema\/person\/image\/\",\"url\":\"https:\/\/nitu.mx\/wp-content\/uploads\/2024\/04\/4A315622-1904-4D5C-B022-878CDC840E04-90x90-1.jpeg\",\"contentUrl\":\"https:\/\/nitu.mx\/wp-content\/uploads\/2024\/04\/4A315622-1904-4D5C-B022-878CDC840E04-90x90-1.jpeg\",\"width\":90,\"height\":90,\"caption\":\"Arturo Medina\"},\"logo\":{\"@id\":\"https:\/\/nitu.mx\/#\/schema\/person\/image\/\"},\"description\":\"Director NITU.mx, Egresado de la Escuela de Periodismo Carlos Septi\u00e9n Garc\u00eda. Periodista y analista especializado en turismo desde hace 35 a\u00f1os, radicado en Canc\u00fan Q.Roo. arturo@nitu.mx\",\"sameAs\":[\"https:\/\/nitu.mx\",\"https:\/\/www.facebook.com\/NITUmx\/\",\"medinacancun\",\"https:\/\/twitter.com\/@Arturo_Medina_G\"]},{\"@type\":\"Person\",\"@id\":\"https:\/\/nitu.mx\/#\/schema\/person\/4a28fe9bd65924f7c90623773daf1b0b\",\"name\":\"Redacci\u00f3n\",\"image\":{\"@type\":\"ImageObject\",\"inLanguage\":\"es-MX\",\"@id\":\"https:\/\/nitu.mx\/#\/schema\/person\/image\/\",\"url\":\"https:\/\/secure.gravatar.com\/avatar\/5dd011c8ccfc5cd7e4c81e42252aab38?s=96&d=mm&r=g\",\"contentUrl\":\"https:\/\/secure.gravatar.com\/avatar\/5dd011c8ccfc5cd7e4c81e42252aab38?s=96&d=mm&r=g\",\"caption\":\"Redacci\u00f3n\"},\"url\":\"https:\/\/nitu.mx\/index.php\/author\/redaccion\/\"}]}<\/script>\n<!-- \/ Yoast SEO plugin. -->","yoast_head_json":{"title":"Puerto Morelos tiene en diciembre ocupaci\u00f3n de 75 por ciento - Nitu - Noticias de la Industria Turistica","description":"Autoridades y prestadores de servicios se preparan para atender a por lo menos 10 mil turistas que se esperan en Puerto Morelos en temporada decembrina.","robots":{"index":"index","follow":"follow","max-snippet":"max-snippet:-1","max-image-preview":"max-image-preview:large","max-video-preview":"max-video-preview:-1"},"canonical":"https:\/\/nitu.mx\/index.php\/2016\/12\/21\/puerto-morelos-inicio-diciembre-con-una-ocupacion-promedio-de-75-por-ciento\/","twitter_card":"summary_large_image","twitter_title":"Puerto Morelos tiene en diciembre ocupaci\u00f3n de 75 por ciento - Nitu - Noticias de la Industria Turistica","twitter_description":"Autoridades y prestadores de servicios se preparan para atender a por lo menos 10 mil turistas que se esperan en Puerto Morelos en temporada decembrina.","twitter_image":"https:\/\/nitu.mx\/wp-content\/uploads\/2016\/12\/puerto-morelos-turismo.jpg","twitter_creator":"@NITUmx","twitter_site":"@Arturo_Medina_G","twitter_misc":{"Escrito por":"Redacci\u00f3n","Tiempo de lectura":"1 minuto"},"schema":{"@context":"https:\/\/schema.org","@graph":[{"@type":"Article","@id":"https:\/\/nitu.mx\/index.php\/2016\/12\/21\/puerto-morelos-inicio-diciembre-con-una-ocupacion-promedio-de-75-por-ciento\/#article","isPartOf":{"@id":"https:\/\/nitu.mx\/index.php\/2016\/12\/21\/puerto-morelos-inicio-diciembre-con-una-ocupacion-promedio-de-75-por-ciento\/"},"author":{"name":"Redacci\u00f3n","@id":"https:\/\/nitu.mx\/#\/schema\/person\/4a28fe9bd65924f7c90623773daf1b0b"},"headline":"Puerto Morelos tiene en diciembre ocupaci\u00f3n de 75 por ciento","datePublished":"2016-12-21T05:24:24+00:00","dateModified":"2016-12-21T05:24:24+00:00","mainEntityOfPage":{"@id":"https:\/\/nitu.mx\/index.php\/2016\/12\/21\/puerto-morelos-inicio-diciembre-con-una-ocupacion-promedio-de-75-por-ciento\/"},"wordCount":230,"commentCount":0,"publisher":{"@id":"https:\/\/nitu.mx\/#\/schema\/person\/ae7a53426417292d3dd07b45a33e01bc"},"image":{"@id":"https:\/\/nitu.mx\/index.php\/2016\/12\/21\/puerto-morelos-inicio-diciembre-con-una-ocupacion-promedio-de-75-por-ciento\/#primaryimage"},"thumbnailUrl":"https:\/\/nitu.mx\/wp-content\/uploads\/2016\/12\/puerto-morelos-turismo.jpg","keywords":["Asociaci\u00f3n de Hoteles de Canc\u00fan y Puerto Morelos","Laura Fern\u00e1ndez Pi\u00f1a","Puerto Morelos"],"articleSection":["Destinos","Hoteles"],"inLanguage":"es-MX","potentialAction":[{"@type":"CommentAction","name":"Comment","target":["https:\/\/nitu.mx\/index.php\/2016\/12\/21\/puerto-morelos-inicio-diciembre-con-una-ocupacion-promedio-de-75-por-ciento\/#respond"]}]},{"@type":"WebPage","@id":"https:\/\/nitu.mx\/index.php\/2016\/12\/21\/puerto-morelos-inicio-diciembre-con-una-ocupacion-promedio-de-75-por-ciento\/","url":"https:\/\/nitu.mx\/index.php\/2016\/12\/21\/puerto-morelos-inicio-diciembre-con-una-ocupacion-promedio-de-75-por-ciento\/","name":"Puerto Morelos tiene en diciembre ocupaci\u00f3n de 75 por ciento - Nitu - Noticias de la Industria Turistica","isPartOf":{"@id":"https:\/\/nitu.mx\/#website"},"primaryImageOfPage":{"@id":"https:\/\/nitu.mx\/index.php\/2016\/12\/21\/puerto-morelos-inicio-diciembre-con-una-ocupacion-promedio-de-75-por-ciento\/#primaryimage"},"image":{"@id":"https:\/\/nitu.mx\/index.php\/2016\/12\/21\/puerto-morelos-inicio-diciembre-con-una-ocupacion-promedio-de-75-por-ciento\/#primaryimage"},"thumbnailUrl":"https:\/\/nitu.mx\/wp-content\/uploads\/2016\/12\/puerto-morelos-turismo.jpg","datePublished":"2016-12-21T05:24:24+00:00","dateModified":"2016-12-21T05:24:24+00:00","description":"Autoridades y prestadores de servicios se preparan para atender a por lo menos 10 mil turistas que se esperan en Puerto Morelos en temporada decembrina.","breadcrumb":{"@id":"https:\/\/nitu.mx\/index.php\/2016\/12\/21\/puerto-morelos-inicio-diciembre-con-una-ocupacion-promedio-de-75-por-ciento\/#breadcrumb"},"inLanguage":"es-MX","potentialAction":[{"@type":"ReadAction","target":["https:\/\/nitu.mx\/index.php\/2016\/12\/21\/puerto-morelos-inicio-diciembre-con-una-ocupacion-promedio-de-75-por-ciento\/"]}]},{"@type":"ImageObject","inLanguage":"es-MX","@id":"https:\/\/nitu.mx\/index.php\/2016\/12\/21\/puerto-morelos-inicio-diciembre-con-una-ocupacion-promedio-de-75-por-ciento\/#primaryimage","url":"https:\/\/nitu.mx\/wp-content\/uploads\/2016\/12\/puerto-morelos-turismo.jpg","contentUrl":"https:\/\/nitu.mx\/wp-content\/uploads\/2016\/12\/puerto-morelos-turismo.jpg","width":1516,"height":981,"caption":"puerto morelos turismo"},{"@type":"BreadcrumbList","@id":"https:\/\/nitu.mx\/index.php\/2016\/12\/21\/puerto-morelos-inicio-diciembre-con-una-ocupacion-promedio-de-75-por-ciento\/#breadcrumb","itemListElement":[{"@type":"ListItem","position":1,"name":"Inicio","item":"https:\/\/nitu.mx\/"},{"@type":"ListItem","position":2,"name":"Puerto Morelos tiene en diciembre ocupaci\u00f3n de 75 por ciento"}]},{"@type":"WebSite","@id":"https:\/\/nitu.mx\/#website","url":"https:\/\/nitu.mx\/","name":"Nitu - Noticias de la Industria Turistica","description":"Noticias de la Industria Turistica","publisher":{"@id":"https:\/\/nitu.mx\/#\/schema\/person\/ae7a53426417292d3dd07b45a33e01bc"},"alternateName":"Noticias de la Industria Turistica","potentialAction":[{"@type":"SearchAction","target":{"@type":"EntryPoint","urlTemplate":"https:\/\/nitu.mx\/?s={search_term_string}"},"query-input":"required name=search_term_string"}],"inLanguage":"es-MX"},{"@type":["Person","Organization"],"@id":"https:\/\/nitu.mx\/#\/schema\/person\/ae7a53426417292d3dd07b45a33e01bc","name":"Arturo Medina","image":{"@type":"ImageObject","inLanguage":"es-MX","@id":"https:\/\/nitu.mx\/#\/schema\/person\/image\/","url":"https:\/\/nitu.mx\/wp-content\/uploads\/2024\/04\/4A315622-1904-4D5C-B022-878CDC840E04-90x90-1.jpeg","contentUrl":"https:\/\/nitu.mx\/wp-content\/uploads\/2024\/04\/4A315622-1904-4D5C-B022-878CDC840E04-90x90-1.jpeg","width":90,"height":90,"caption":"Arturo Medina"},"logo":{"@id":"https:\/\/nitu.mx\/#\/schema\/person\/image\/"},"description":"Director NITU.mx, Egresado de la Escuela de Periodismo Carlos Septi\u00e9n Garc\u00eda. Periodista y analista especializado en turismo desde hace 35 a\u00f1os, radicado en Canc\u00fan Q.Roo. arturo@nitu.mx","sameAs":["https:\/\/nitu.mx","https:\/\/www.facebook.com\/NITUmx\/","medinacancun","https:\/\/twitter.com\/@Arturo_Medina_G"]},{"@type":"Person","@id":"https:\/\/nitu.mx\/#\/schema\/person\/4a28fe9bd65924f7c90623773daf1b0b","name":"Redacci\u00f3n","image":{"@type":"ImageObject","inLanguage":"es-MX","@id":"https:\/\/nitu.mx\/#\/schema\/person\/image\/","url":"https:\/\/secure.gravatar.com\/avatar\/5dd011c8ccfc5cd7e4c81e42252aab38?s=96&d=mm&r=g","contentUrl":"https:\/\/secure.gravatar.com\/avatar\/5dd011c8ccfc5cd7e4c81e42252aab38?s=96&d=mm&r=g","caption":"Redacci\u00f3n"},"url":"https:\/\/nitu.mx\/index.php\/author\/redaccion\/"}]}},"views":258,"_links":{"self":[{"href":"https:\/\/nitu.mx\/index.php\/wp-json\/wp\/v2\/posts\/5013"}],"collection":[{"href":"https:\/\/nitu.mx\/index.php\/wp-json\/wp\/v2\/posts"}],"about":[{"href":"https:\/\/nitu.mx\/index.php\/wp-json\/wp\/v2\/types\/post"}],"author":[{"embeddable":true,"href":"https:\/\/nitu.mx\/index.php\/wp-json\/wp\/v2\/users\/17"}],"replies":[{"embeddable":true,"href":"https:\/\/nitu.mx\/index.php\/wp-json\/wp\/v2\/comments?post=5013"}],"version-history":[{"count":5,"href":"https:\/\/nitu.mx\/index.php\/wp-json\/wp\/v2\/posts\/5013\/revisions"}],"predecessor-version":[{"id":5124,"href":"https:\/\/nitu.mx\/index.php\/wp-json\/wp\/v2\/posts\/5013\/revisions\/5124"}],"wp:featuredmedia":[{"embeddable":true,"href":"https:\/\/nitu.mx\/index.php\/wp-json\/wp\/v2\/media\/5046"}],"wp:attachment":[{"href":"https:\/\/nitu.mx\/index.php\/wp-json\/wp\/v2\/media?parent=5013"}],"wp:term":[{"taxonomy":"category","embeddable":true,"href":"https:\/\/nitu.mx\/index.php\/wp-json\/wp\/v2\/categories?post=5013"},{"taxonomy":"post_tag","embeddable":true,"href":"https:\/\/nitu.mx\/index.php\/wp-json\/wp\/v2\/tags?post=5013"}],"curies":[{"name":"wp","href":"https:\/\/api.w.org\/{rel}","templated":true}]}}