{"id":50124,"date":"2021-02-05T01:16:00","date_gmt":"2021-02-05T06:16:00","guid":{"rendered":"https:\/\/www.dev.nitu.mx\/?p=50124"},"modified":"2021-02-05T01:24:37","modified_gmt":"2021-02-05T06:24:37","slug":"asur-reporta-disminucion-de-trafico-de-pasajeros-en-enero-en-mexico-del-44-1","status":"publish","type":"post","link":"https:\/\/nitu.mx\/index.php\/2021\/02\/05\/asur-reporta-disminucion-de-trafico-de-pasajeros-en-enero-en-mexico-del-44-1\/","title":{"rendered":"ASUR reporta disminuci\u00f3n de tr\u00e1fico de pasajeros en enero en M\u00e9xico del 44.1%"},"content":{"rendered":"<p>Grupo Aeroportuario del Sureste (ASUR) ,Grupo l\u00edder internacional de aeropuertos con operaciones en M\u00e9xico, Estados Unidos y Colombia, anunci\u00f3 que el total de pasajeros por el periodo del mes de enero de 2021 disminuy\u00f3 en 43.7% comparado con enero de 2020, reflejando decrementos de 44.1% en M\u00e9xico, de 40.1% en Puerto Rico y en Colombia 45.4% impactado por graves recesiones en los viajes de negocios y de esparcimiento derivados de la pandemia de COVID-19.<\/p>\n<p>Los Centros para el Control y la Prevenci\u00f3n de Enfermedades (CDC) de los Estados Unidos han ampliado el requisito de pruebas negativas de COVID-19 a todos los pasajeros a\u00e9reos que ingresan a los EE. UU. A partir del 26 de enero de 2021.<\/p>\n<p>Seg\u00fan los CDC, las pruebas antes y despu\u00e9s del viaje son una capa cr\u00edtica para frenar la introducci\u00f3n y propagaci\u00f3n de COVID-19.<\/p>\n<p>Esta estrategia es consistente con la fase actual de la pandemia y tiene la intenci\u00f3n de proteger de manera m\u00e1s efectiva la salud de los ciudadanos estadounidenses. Dentro de los tres d\u00edas posteriores a la salida a los Estados Unidos, los pasajeros deben obtener una prueba viral y proporcionar a la aerol\u00ednea en la que viajan documentaci\u00f3n escrita del resultado negativo de la prueba o documentaci\u00f3n que demuestre que se han recuperado del COVID-19.<\/p>\n<p>Adem\u00e1s, los pasajeros deben volver a hacerse la prueba de 3 a 5 d\u00edas despu\u00e9s de su llegada a los EU y ponerse en cuarentena durante 7 d\u00edas despu\u00e9s de su llegada.<\/p>\n<p>A partir del 7 de enero de 2021, hubo requisitos de pruebas similares para los pasajeros a\u00e9reos que viajan a Canad\u00e1. Posteriormente, el gobierno suspendi\u00f3 los vuelos entre Canad\u00e1, M\u00e9xico y el Caribe hasta el 30 de abril de 2021. (<a title=\"Establecer\u00e1 ASUR laboratorios para pruebas COVID-19 en Aeropuerto de Canc\u00fan\" href=\"https:\/\/www.dev.nitu.mx\/index.php\/2021\/01\/25\/establecera-asur-laboratorios-para-pruebas-covid-19-en-aeropuerto-de-cancun\/\" rel=\"bookmark\">Establecer\u00e1 ASUR laboratorios para pruebas COVID-19 en Aeropuerto de Canc\u00fan<\/a>).<\/p>\n<p>Todas las cifras en este comunicado reflejan comparaciones entre el periodo del 1 al 31 de Enero de 2021 y del 1 al 31 de Enero de 2020. Se excluyen pasajeros en tr\u00e1nsito y de aviaci\u00f3n general solo para M\u00e9xico y Colombia.<br \/>\n<img decoding=\"async\" loading=\"lazy\" class=\"wp-image-50125 size-large aligncenter\" src=\"https:\/\/www.dev.nitu.mx\/wp-content\/uploads\/2021\/02\/ENEROASURREPORTE1-1024x414.png\" alt=\"\" width=\"1024\" height=\"414\" srcset=\"https:\/\/nitu.mx\/wp-content\/uploads\/2021\/02\/ENEROASURREPORTE1-1024x414.png 1024w, https:\/\/nitu.mx\/wp-content\/uploads\/2021\/02\/ENEROASURREPORTE1-300x121.png 300w, https:\/\/nitu.mx\/wp-content\/uploads\/2021\/02\/ENEROASURREPORTE1-768x311.png 768w, https:\/\/nitu.mx\/wp-content\/uploads\/2021\/02\/ENEROASURREPORTE1.png 1352w\" sizes=\"(max-width: 1024px) 100vw, 1024px\" \/><\/p>\n<p><img decoding=\"async\" loading=\"lazy\" class=\"wp-image-50126 size-large aligncenter\" src=\"https:\/\/www.dev.nitu.mx\/wp-content\/uploads\/2021\/02\/ENEROASUREPORTE2-1024x414.png\" alt=\"\" width=\"1024\" height=\"414\" srcset=\"https:\/\/nitu.mx\/wp-content\/uploads\/2021\/02\/ENEROASUREPORTE2-1024x414.png 1024w, https:\/\/nitu.mx\/wp-content\/uploads\/2021\/02\/ENEROASUREPORTE2-300x121.png 300w, https:\/\/nitu.mx\/wp-content\/uploads\/2021\/02\/ENEROASUREPORTE2-768x311.png 768w, https:\/\/nitu.mx\/wp-content\/uploads\/2021\/02\/ENEROASUREPORTE2.png 1352w\" sizes=\"(max-width: 1024px) 100vw, 1024px\" \/><\/p>\n","protected":false},"excerpt":{"rendered":"<p>Grupo Aeroportuario del Sureste (ASUR) ,Grupo l\u00edder internacional de aeropuertos con operaciones en M\u00e9xico, Estados Unidos y Colombia, anunci\u00f3 que el total de pasajeros por el periodo del mes de enero de 2021 disminuy\u00f3 en 43.7% comparado con enero de 2020, reflejando decrementos de 44.1% en M\u00e9xico, de 40.1% en Puerto Rico y en Colombia [&hellip;]<\/p>\n","protected":false},"author":3,"featured_media":11228,"comment_status":"open","ping_status":"open","sticky":false,"template":"","format":"standard","meta":{"footnotes":""},"categories":[19462,21403],"tags":[198,224,18906,68,1383],"yoast_head":"<!-- This site is optimized with the Yoast SEO plugin v22.2 - https:\/\/yoast.com\/wordpress\/plugins\/seo\/ -->\n<title>ASUR reporta disminuci\u00f3n de tr\u00e1fico de pasajeros en enero en M\u00e9xico del 44.1% - Nitu - Noticias de la Industria Turistica<\/title>\n<meta name=\"robots\" content=\"index, follow, max-snippet:-1, max-image-preview:large, max-video-preview:-1\" \/>\n<link rel=\"canonical\" href=\"https:\/\/nitu.mx\/index.php\/2021\/02\/05\/asur-reporta-disminucion-de-trafico-de-pasajeros-en-enero-en-mexico-del-44-1\/\" \/>\n<meta name=\"twitter:card\" content=\"summary_large_image\" \/>\n<meta name=\"twitter:title\" content=\"ASUR reporta disminuci\u00f3n de tr\u00e1fico de pasajeros en enero en M\u00e9xico del 44.1% - Nitu - Noticias de la Industria Turistica\" \/>\n<meta name=\"twitter:description\" content=\"Grupo Aeroportuario del Sureste (ASUR) ,Grupo l\u00edder internacional de aeropuertos con operaciones en M\u00e9xico, Estados Unidos y Colombia, anunci\u00f3 que el total de pasajeros por el periodo del mes de enero de 2021 disminuy\u00f3 en 43.7% comparado con enero de 2020, reflejando decrementos de 44.1% en M\u00e9xico, de 40.1% en Puerto Rico y en Colombia [&hellip;]\" \/>\n<meta name=\"twitter:image\" content=\"https:\/\/nitu.mx\/wp-content\/uploads\/2017\/07\/aeropuertos-asur.jpg\" \/>\n<meta name=\"twitter:creator\" content=\"@NITUmx\" \/>\n<meta name=\"twitter:site\" content=\"@Arturo_Medina_G\" \/>\n<meta name=\"twitter:label1\" content=\"Escrito por\" \/>\n\t<meta name=\"twitter:data1\" content=\"Alejandra Moncisbays\" \/>\n\t<meta name=\"twitter:label2\" content=\"Tiempo de lectura\" \/>\n\t<meta name=\"twitter:data2\" content=\"2 minutos\" \/>\n<script type=\"application\/ld+json\" class=\"yoast-schema-graph\">{\"@context\":\"https:\/\/schema.org\",\"@graph\":[{\"@type\":\"Article\",\"@id\":\"https:\/\/nitu.mx\/index.php\/2021\/02\/05\/asur-reporta-disminucion-de-trafico-de-pasajeros-en-enero-en-mexico-del-44-1\/#article\",\"isPartOf\":{\"@id\":\"https:\/\/nitu.mx\/index.php\/2021\/02\/05\/asur-reporta-disminucion-de-trafico-de-pasajeros-en-enero-en-mexico-del-44-1\/\"},\"author\":{\"name\":\"Alejandra Moncisbays\",\"@id\":\"https:\/\/nitu.mx\/#\/schema\/person\/2ecd887b19dfd3382d1f14fc5acf24a8\"},\"headline\":\"ASUR reporta disminuci\u00f3n de tr\u00e1fico de pasajeros en enero en M\u00e9xico del 44.1%\",\"datePublished\":\"2021-02-05T06:16:00+00:00\",\"dateModified\":\"2021-02-05T06:24:37+00:00\",\"mainEntityOfPage\":{\"@id\":\"https:\/\/nitu.mx\/index.php\/2021\/02\/05\/asur-reporta-disminucion-de-trafico-de-pasajeros-en-enero-en-mexico-del-44-1\/\"},\"wordCount\":358,\"commentCount\":0,\"publisher\":{\"@id\":\"https:\/\/nitu.mx\/#\/schema\/person\/ae7a53426417292d3dd07b45a33e01bc\"},\"image\":{\"@id\":\"https:\/\/nitu.mx\/index.php\/2021\/02\/05\/asur-reporta-disminucion-de-trafico-de-pasajeros-en-enero-en-mexico-del-44-1\/#primaryimage\"},\"thumbnailUrl\":\"https:\/\/nitu.mx\/wp-content\/uploads\/2017\/07\/aeropuertos-asur.jpg\",\"keywords\":[\"ASUR\",\"Colombia\",\"Covid-19\",\"M\u00e9xico\",\"Puerto Rico\"],\"articleSection\":[\"Aeropuertos\",\"Canc\u00fan\"],\"inLanguage\":\"es-MX\",\"potentialAction\":[{\"@type\":\"CommentAction\",\"name\":\"Comment\",\"target\":[\"https:\/\/nitu.mx\/index.php\/2021\/02\/05\/asur-reporta-disminucion-de-trafico-de-pasajeros-en-enero-en-mexico-del-44-1\/#respond\"]}]},{\"@type\":\"WebPage\",\"@id\":\"https:\/\/nitu.mx\/index.php\/2021\/02\/05\/asur-reporta-disminucion-de-trafico-de-pasajeros-en-enero-en-mexico-del-44-1\/\",\"url\":\"https:\/\/nitu.mx\/index.php\/2021\/02\/05\/asur-reporta-disminucion-de-trafico-de-pasajeros-en-enero-en-mexico-del-44-1\/\",\"name\":\"ASUR reporta disminuci\u00f3n de tr\u00e1fico de pasajeros en enero en M\u00e9xico del 44.1% - Nitu - Noticias de la Industria Turistica\",\"isPartOf\":{\"@id\":\"https:\/\/nitu.mx\/#website\"},\"primaryImageOfPage\":{\"@id\":\"https:\/\/nitu.mx\/index.php\/2021\/02\/05\/asur-reporta-disminucion-de-trafico-de-pasajeros-en-enero-en-mexico-del-44-1\/#primaryimage\"},\"image\":{\"@id\":\"https:\/\/nitu.mx\/index.php\/2021\/02\/05\/asur-reporta-disminucion-de-trafico-de-pasajeros-en-enero-en-mexico-del-44-1\/#primaryimage\"},\"thumbnailUrl\":\"https:\/\/nitu.mx\/wp-content\/uploads\/2017\/07\/aeropuertos-asur.jpg\",\"datePublished\":\"2021-02-05T06:16:00+00:00\",\"dateModified\":\"2021-02-05T06:24:37+00:00\",\"breadcrumb\":{\"@id\":\"https:\/\/nitu.mx\/index.php\/2021\/02\/05\/asur-reporta-disminucion-de-trafico-de-pasajeros-en-enero-en-mexico-del-44-1\/#breadcrumb\"},\"inLanguage\":\"es-MX\",\"potentialAction\":[{\"@type\":\"ReadAction\",\"target\":[\"https:\/\/nitu.mx\/index.php\/2021\/02\/05\/asur-reporta-disminucion-de-trafico-de-pasajeros-en-enero-en-mexico-del-44-1\/\"]}]},{\"@type\":\"ImageObject\",\"inLanguage\":\"es-MX\",\"@id\":\"https:\/\/nitu.mx\/index.php\/2021\/02\/05\/asur-reporta-disminucion-de-trafico-de-pasajeros-en-enero-en-mexico-del-44-1\/#primaryimage\",\"url\":\"https:\/\/nitu.mx\/wp-content\/uploads\/2017\/07\/aeropuertos-asur.jpg\",\"contentUrl\":\"https:\/\/nitu.mx\/wp-content\/uploads\/2017\/07\/aeropuertos-asur.jpg\",\"width\":850,\"height\":480,\"caption\":\"aeropuerto de Canc\u00fan asur CPTQ\"},{\"@type\":\"BreadcrumbList\",\"@id\":\"https:\/\/nitu.mx\/index.php\/2021\/02\/05\/asur-reporta-disminucion-de-trafico-de-pasajeros-en-enero-en-mexico-del-44-1\/#breadcrumb\",\"itemListElement\":[{\"@type\":\"ListItem\",\"position\":1,\"name\":\"Inicio\",\"item\":\"https:\/\/nitu.mx\/\"},{\"@type\":\"ListItem\",\"position\":2,\"name\":\"ASUR reporta disminuci\u00f3n de tr\u00e1fico de pasajeros en enero en M\u00e9xico del 44.1%\"}]},{\"@type\":\"WebSite\",\"@id\":\"https:\/\/nitu.mx\/#website\",\"url\":\"https:\/\/nitu.mx\/\",\"name\":\"Nitu - Noticias de la Industria Turistica\",\"description\":\"Noticias de la Industria Turistica\",\"publisher\":{\"@id\":\"https:\/\/nitu.mx\/#\/schema\/person\/ae7a53426417292d3dd07b45a33e01bc\"},\"alternateName\":\"Noticias de la Industria Turistica\",\"potentialAction\":[{\"@type\":\"SearchAction\",\"target\":{\"@type\":\"EntryPoint\",\"urlTemplate\":\"https:\/\/nitu.mx\/?s={search_term_string}\"},\"query-input\":\"required name=search_term_string\"}],\"inLanguage\":\"es-MX\"},{\"@type\":[\"Person\",\"Organization\"],\"@id\":\"https:\/\/nitu.mx\/#\/schema\/person\/ae7a53426417292d3dd07b45a33e01bc\",\"name\":\"Arturo Medina\",\"image\":{\"@type\":\"ImageObject\",\"inLanguage\":\"es-MX\",\"@id\":\"https:\/\/nitu.mx\/#\/schema\/person\/image\/\",\"url\":\"https:\/\/nitu.mx\/wp-content\/uploads\/2024\/04\/4A315622-1904-4D5C-B022-878CDC840E04-90x90-1.jpeg\",\"contentUrl\":\"https:\/\/nitu.mx\/wp-content\/uploads\/2024\/04\/4A315622-1904-4D5C-B022-878CDC840E04-90x90-1.jpeg\",\"width\":90,\"height\":90,\"caption\":\"Arturo Medina\"},\"logo\":{\"@id\":\"https:\/\/nitu.mx\/#\/schema\/person\/image\/\"},\"description\":\"Director NITU.mx, Egresado de la Escuela de Periodismo Carlos Septi\u00e9n Garc\u00eda. Periodista y analista especializado en turismo desde hace 35 a\u00f1os, radicado en Canc\u00fan Q.Roo. arturo@nitu.mx\",\"sameAs\":[\"https:\/\/nitu.mx\",\"https:\/\/www.facebook.com\/NITUmx\/\",\"medinacancun\",\"https:\/\/twitter.com\/@Arturo_Medina_G\"]},{\"@type\":\"Person\",\"@id\":\"https:\/\/nitu.mx\/#\/schema\/person\/2ecd887b19dfd3382d1f14fc5acf24a8\",\"name\":\"Alejandra Moncisbays\",\"image\":{\"@type\":\"ImageObject\",\"inLanguage\":\"es-MX\",\"@id\":\"https:\/\/nitu.mx\/#\/schema\/person\/image\/\",\"url\":\"https:\/\/secure.gravatar.com\/avatar\/e74f7af0be172b7804dacfd0bfbef787?s=96&d=mm&r=g\",\"contentUrl\":\"https:\/\/secure.gravatar.com\/avatar\/e74f7af0be172b7804dacfd0bfbef787?s=96&d=mm&r=g\",\"caption\":\"Alejandra Moncisbays\"},\"description\":\"Curs\u00e9 la carrera de Periodismo y Comunicaci\u00f3n en la Facultad de Estudios Profesionales Acatl\u00e1n. Vivo en Canc\u00fan desde hace 24 a\u00f1os. Fui reportera de La Tarde de Canc\u00fan, y Novedades de Quintana Roo, colabor\u00e9 en TVCUN, edit\u00e9 Cancun\u00edssimo y colabor\u00e9 en las revistas Latitud21, entre otras, con principal enfoque en los sectores empresarial y tur\u00edstico. Desde hace varios a\u00f1os soy Agente de Seguros con c\u00e9dula de la Comisi\u00f3n Nacional de Seguros y Fianzas. Actualmente, me desarrollo en los \u00e1mbitos del periodismo y el sector asegurador.\",\"sameAs\":[\"https:\/\/nitu.mx\"],\"url\":\"https:\/\/nitu.mx\/index.php\/author\/alejandra\/\"}]}<\/script>\n<!-- \/ Yoast SEO plugin. -->","yoast_head_json":{"title":"ASUR reporta disminuci\u00f3n de tr\u00e1fico de pasajeros en enero en M\u00e9xico del 44.1% - Nitu - Noticias de la Industria Turistica","robots":{"index":"index","follow":"follow","max-snippet":"max-snippet:-1","max-image-preview":"max-image-preview:large","max-video-preview":"max-video-preview:-1"},"canonical":"https:\/\/nitu.mx\/index.php\/2021\/02\/05\/asur-reporta-disminucion-de-trafico-de-pasajeros-en-enero-en-mexico-del-44-1\/","twitter_card":"summary_large_image","twitter_title":"ASUR reporta disminuci\u00f3n de tr\u00e1fico de pasajeros en enero en M\u00e9xico del 44.1% - Nitu - Noticias de la Industria Turistica","twitter_description":"Grupo Aeroportuario del Sureste (ASUR) ,Grupo l\u00edder internacional de aeropuertos con operaciones en M\u00e9xico, Estados Unidos y Colombia, anunci\u00f3 que el total de pasajeros por el periodo del mes de enero de 2021 disminuy\u00f3 en 43.7% comparado con enero de 2020, reflejando decrementos de 44.1% en M\u00e9xico, de 40.1% en Puerto Rico y en Colombia [&hellip;]","twitter_image":"https:\/\/nitu.mx\/wp-content\/uploads\/2017\/07\/aeropuertos-asur.jpg","twitter_creator":"@NITUmx","twitter_site":"@Arturo_Medina_G","twitter_misc":{"Escrito por":"Alejandra Moncisbays","Tiempo de lectura":"2 minutos"},"schema":{"@context":"https:\/\/schema.org","@graph":[{"@type":"Article","@id":"https:\/\/nitu.mx\/index.php\/2021\/02\/05\/asur-reporta-disminucion-de-trafico-de-pasajeros-en-enero-en-mexico-del-44-1\/#article","isPartOf":{"@id":"https:\/\/nitu.mx\/index.php\/2021\/02\/05\/asur-reporta-disminucion-de-trafico-de-pasajeros-en-enero-en-mexico-del-44-1\/"},"author":{"name":"Alejandra Moncisbays","@id":"https:\/\/nitu.mx\/#\/schema\/person\/2ecd887b19dfd3382d1f14fc5acf24a8"},"headline":"ASUR reporta disminuci\u00f3n de tr\u00e1fico de pasajeros en enero en M\u00e9xico del 44.1%","datePublished":"2021-02-05T06:16:00+00:00","dateModified":"2021-02-05T06:24:37+00:00","mainEntityOfPage":{"@id":"https:\/\/nitu.mx\/index.php\/2021\/02\/05\/asur-reporta-disminucion-de-trafico-de-pasajeros-en-enero-en-mexico-del-44-1\/"},"wordCount":358,"commentCount":0,"publisher":{"@id":"https:\/\/nitu.mx\/#\/schema\/person\/ae7a53426417292d3dd07b45a33e01bc"},"image":{"@id":"https:\/\/nitu.mx\/index.php\/2021\/02\/05\/asur-reporta-disminucion-de-trafico-de-pasajeros-en-enero-en-mexico-del-44-1\/#primaryimage"},"thumbnailUrl":"https:\/\/nitu.mx\/wp-content\/uploads\/2017\/07\/aeropuertos-asur.jpg","keywords":["ASUR","Colombia","Covid-19","M\u00e9xico","Puerto Rico"],"articleSection":["Aeropuertos","Canc\u00fan"],"inLanguage":"es-MX","potentialAction":[{"@type":"CommentAction","name":"Comment","target":["https:\/\/nitu.mx\/index.php\/2021\/02\/05\/asur-reporta-disminucion-de-trafico-de-pasajeros-en-enero-en-mexico-del-44-1\/#respond"]}]},{"@type":"WebPage","@id":"https:\/\/nitu.mx\/index.php\/2021\/02\/05\/asur-reporta-disminucion-de-trafico-de-pasajeros-en-enero-en-mexico-del-44-1\/","url":"https:\/\/nitu.mx\/index.php\/2021\/02\/05\/asur-reporta-disminucion-de-trafico-de-pasajeros-en-enero-en-mexico-del-44-1\/","name":"ASUR reporta disminuci\u00f3n de tr\u00e1fico de pasajeros en enero en M\u00e9xico del 44.1% - Nitu - Noticias de la Industria Turistica","isPartOf":{"@id":"https:\/\/nitu.mx\/#website"},"primaryImageOfPage":{"@id":"https:\/\/nitu.mx\/index.php\/2021\/02\/05\/asur-reporta-disminucion-de-trafico-de-pasajeros-en-enero-en-mexico-del-44-1\/#primaryimage"},"image":{"@id":"https:\/\/nitu.mx\/index.php\/2021\/02\/05\/asur-reporta-disminucion-de-trafico-de-pasajeros-en-enero-en-mexico-del-44-1\/#primaryimage"},"thumbnailUrl":"https:\/\/nitu.mx\/wp-content\/uploads\/2017\/07\/aeropuertos-asur.jpg","datePublished":"2021-02-05T06:16:00+00:00","dateModified":"2021-02-05T06:24:37+00:00","breadcrumb":{"@id":"https:\/\/nitu.mx\/index.php\/2021\/02\/05\/asur-reporta-disminucion-de-trafico-de-pasajeros-en-enero-en-mexico-del-44-1\/#breadcrumb"},"inLanguage":"es-MX","potentialAction":[{"@type":"ReadAction","target":["https:\/\/nitu.mx\/index.php\/2021\/02\/05\/asur-reporta-disminucion-de-trafico-de-pasajeros-en-enero-en-mexico-del-44-1\/"]}]},{"@type":"ImageObject","inLanguage":"es-MX","@id":"https:\/\/nitu.mx\/index.php\/2021\/02\/05\/asur-reporta-disminucion-de-trafico-de-pasajeros-en-enero-en-mexico-del-44-1\/#primaryimage","url":"https:\/\/nitu.mx\/wp-content\/uploads\/2017\/07\/aeropuertos-asur.jpg","contentUrl":"https:\/\/nitu.mx\/wp-content\/uploads\/2017\/07\/aeropuertos-asur.jpg","width":850,"height":480,"caption":"aeropuerto de Canc\u00fan asur CPTQ"},{"@type":"BreadcrumbList","@id":"https:\/\/nitu.mx\/index.php\/2021\/02\/05\/asur-reporta-disminucion-de-trafico-de-pasajeros-en-enero-en-mexico-del-44-1\/#breadcrumb","itemListElement":[{"@type":"ListItem","position":1,"name":"Inicio","item":"https:\/\/nitu.mx\/"},{"@type":"ListItem","position":2,"name":"ASUR reporta disminuci\u00f3n de tr\u00e1fico de pasajeros en enero en M\u00e9xico del 44.1%"}]},{"@type":"WebSite","@id":"https:\/\/nitu.mx\/#website","url":"https:\/\/nitu.mx\/","name":"Nitu - Noticias de la Industria Turistica","description":"Noticias de la Industria Turistica","publisher":{"@id":"https:\/\/nitu.mx\/#\/schema\/person\/ae7a53426417292d3dd07b45a33e01bc"},"alternateName":"Noticias de la Industria Turistica","potentialAction":[{"@type":"SearchAction","target":{"@type":"EntryPoint","urlTemplate":"https:\/\/nitu.mx\/?s={search_term_string}"},"query-input":"required name=search_term_string"}],"inLanguage":"es-MX"},{"@type":["Person","Organization"],"@id":"https:\/\/nitu.mx\/#\/schema\/person\/ae7a53426417292d3dd07b45a33e01bc","name":"Arturo Medina","image":{"@type":"ImageObject","inLanguage":"es-MX","@id":"https:\/\/nitu.mx\/#\/schema\/person\/image\/","url":"https:\/\/nitu.mx\/wp-content\/uploads\/2024\/04\/4A315622-1904-4D5C-B022-878CDC840E04-90x90-1.jpeg","contentUrl":"https:\/\/nitu.mx\/wp-content\/uploads\/2024\/04\/4A315622-1904-4D5C-B022-878CDC840E04-90x90-1.jpeg","width":90,"height":90,"caption":"Arturo Medina"},"logo":{"@id":"https:\/\/nitu.mx\/#\/schema\/person\/image\/"},"description":"Director NITU.mx, Egresado de la Escuela de Periodismo Carlos Septi\u00e9n Garc\u00eda. Periodista y analista especializado en turismo desde hace 35 a\u00f1os, radicado en Canc\u00fan Q.Roo. arturo@nitu.mx","sameAs":["https:\/\/nitu.mx","https:\/\/www.facebook.com\/NITUmx\/","medinacancun","https:\/\/twitter.com\/@Arturo_Medina_G"]},{"@type":"Person","@id":"https:\/\/nitu.mx\/#\/schema\/person\/2ecd887b19dfd3382d1f14fc5acf24a8","name":"Alejandra Moncisbays","image":{"@type":"ImageObject","inLanguage":"es-MX","@id":"https:\/\/nitu.mx\/#\/schema\/person\/image\/","url":"https:\/\/secure.gravatar.com\/avatar\/e74f7af0be172b7804dacfd0bfbef787?s=96&d=mm&r=g","contentUrl":"https:\/\/secure.gravatar.com\/avatar\/e74f7af0be172b7804dacfd0bfbef787?s=96&d=mm&r=g","caption":"Alejandra Moncisbays"},"description":"Curs\u00e9 la carrera de Periodismo y Comunicaci\u00f3n en la Facultad de Estudios Profesionales Acatl\u00e1n. Vivo en Canc\u00fan desde hace 24 a\u00f1os. Fui reportera de La Tarde de Canc\u00fan, y Novedades de Quintana Roo, colabor\u00e9 en TVCUN, edit\u00e9 Cancun\u00edssimo y colabor\u00e9 en las revistas Latitud21, entre otras, con principal enfoque en los sectores empresarial y tur\u00edstico. Desde hace varios a\u00f1os soy Agente de Seguros con c\u00e9dula de la Comisi\u00f3n Nacional de Seguros y Fianzas. Actualmente, me desarrollo en los \u00e1mbitos del periodismo y el sector asegurador.","sameAs":["https:\/\/nitu.mx"],"url":"https:\/\/nitu.mx\/index.php\/author\/alejandra\/"}]}},"views":459,"_links":{"self":[{"href":"https:\/\/nitu.mx\/index.php\/wp-json\/wp\/v2\/posts\/50124"}],"collection":[{"href":"https:\/\/nitu.mx\/index.php\/wp-json\/wp\/v2\/posts"}],"about":[{"href":"https:\/\/nitu.mx\/index.php\/wp-json\/wp\/v2\/types\/post"}],"author":[{"embeddable":true,"href":"https:\/\/nitu.mx\/index.php\/wp-json\/wp\/v2\/users\/3"}],"replies":[{"embeddable":true,"href":"https:\/\/nitu.mx\/index.php\/wp-json\/wp\/v2\/comments?post=50124"}],"version-history":[{"count":3,"href":"https:\/\/nitu.mx\/index.php\/wp-json\/wp\/v2\/posts\/50124\/revisions"}],"predecessor-version":[{"id":50145,"href":"https:\/\/nitu.mx\/index.php\/wp-json\/wp\/v2\/posts\/50124\/revisions\/50145"}],"wp:featuredmedia":[{"embeddable":true,"href":"https:\/\/nitu.mx\/index.php\/wp-json\/wp\/v2\/media\/11228"}],"wp:attachment":[{"href":"https:\/\/nitu.mx\/index.php\/wp-json\/wp\/v2\/media?parent=50124"}],"wp:term":[{"taxonomy":"category","embeddable":true,"href":"https:\/\/nitu.mx\/index.php\/wp-json\/wp\/v2\/categories?post=50124"},{"taxonomy":"post_tag","embeddable":true,"href":"https:\/\/nitu.mx\/index.php\/wp-json\/wp\/v2\/tags?post=50124"}],"curies":[{"name":"wp","href":"https:\/\/api.w.org\/{rel}","templated":true}]}}