{"id":50079,"date":"2021-02-03T23:40:37","date_gmt":"2021-02-04T04:40:37","guid":{"rendered":"https:\/\/www.dev.nitu.mx\/?p=50079"},"modified":"2021-02-04T01:00:36","modified_gmt":"2021-02-04T06:00:36","slug":"rechaza-asetur-medida-que-cancela-vuelos-procedentes-de-canada","status":"publish","type":"post","link":"https:\/\/nitu.mx\/index.php\/2021\/02\/03\/rechaza-asetur-medida-que-cancela-vuelos-procedentes-de-canada\/","title":{"rendered":"Rechaza Asetur medida que cancela vuelos procedentes de Canad\u00e1"},"content":{"rendered":"<p>Los secretarios de turismo del pa\u00eds, a trav\u00e9s de la Asociaci\u00f3n de Secretarios de Turismo de M\u00e9xico (ASETUR), expresaron su preocupaci\u00f3n por la decisi\u00f3n del gobierno de Canad\u00e1, de cancelar todos sus vuelos a M\u00e9xico y el Caribe hasta el pr\u00f3ximo 30 de abril, como medida para evitar la propagaci\u00f3n del COVID-19.<\/p>\n<p>\u201cEsta decisi\u00f3n tendr\u00e1 serias afectaciones a la industria de los viajes y el turismo\u201d, asegur\u00f3 Juan Carlos Rivera Castellanos, Secretario de Turismo de Oaxaca y Presidente de la ASETUR.<\/p>\n<p>Consider\u00f3 que la suspensi\u00f3n de vuelos han demostrado no ser la soluci\u00f3n para contener el virus, y lo conveniente es la aplicaci\u00f3n de pruebas r\u00e1pidas en los aeropuertos, as\u00ed como el uso de mascarillas y todas las medidas de higiene y sanitizaci\u00f3n. De esta forma, los turistas tendr\u00e1n la certeza de un viaje seguro.<\/p>\n<p>Record\u00f3 que los destinos y prestadores de servicios tur\u00edsticos han trabajado en la aplicaci\u00f3n de protocolos de bioseguridad, para proteger la salud de los visitantes, locales y prestadores de servicios. Es as\u00ed, que los principales destinos tur\u00edsticos de M\u00e9xico han obtenido certificados como el Sello de Viaje Seguro (Safe Travels Stamp) del Consejo Mundial de Viajes y Turismo (WTTC), o el distintivo Punto Limpio que emite la Secretar\u00eda de Turismo federal.\u00a0(<a title=\"CNET estima descenso de m\u00e1s de un mill\u00f3n de turistas canadienses por restricciones\" href=\"https:\/\/www.dev.nitu.mx\/index.php\/2021\/01\/31\/cnet-estima-mas-de-un-millon-de-turistas-canadienses-por-restricciones\/\" rel=\"bookmark\">CNET estima descenso de m\u00e1s de un mill\u00f3n de turistas canadienses por restricciones<\/a>).<\/p>\n<p>La ASETUR considera que los viajes y el turismo son una actividad esencial, por lo que est\u00e1 a favor de mantener los esfuerzos que permitan la reactivaci\u00f3n segura y responsable de esta industria, teniendo como prioridad el cuidado de la salud.<\/p>\n","protected":false},"excerpt":{"rendered":"<p>Los secretarios de turismo del pa\u00eds, a trav\u00e9s de la Asociaci\u00f3n de Secretarios de Turismo de M\u00e9xico (ASETUR), expresaron su preocupaci\u00f3n por la decisi\u00f3n del gobierno de Canad\u00e1, de cancelar todos sus vuelos a M\u00e9xico y el Caribe hasta el pr\u00f3ximo 30 de abril, como medida para evitar la propagaci\u00f3n del COVID-19. \u201cEsta decisi\u00f3n tendr\u00e1 [&hellip;]<\/p>\n","protected":false},"author":17,"featured_media":50094,"comment_status":"open","ping_status":"open","sticky":false,"template":"","format":"standard","meta":{"footnotes":""},"categories":[374,6],"tags":[1118,3329,906,421],"yoast_head":"<!-- This site is optimized with the Yoast SEO plugin v22.2 - https:\/\/yoast.com\/wordpress\/plugins\/seo\/ -->\n<title>Rechaza Asetur medida que cancela vuelos procedentes de Canad\u00e1 - Nitu - Noticias de la Industria Turistica<\/title>\n<meta name=\"robots\" content=\"index, follow, max-snippet:-1, max-image-preview:large, max-video-preview:-1\" \/>\n<link rel=\"canonical\" href=\"https:\/\/nitu.mx\/index.php\/2021\/02\/03\/rechaza-asetur-medida-que-cancela-vuelos-procedentes-de-canada\/\" \/>\n<meta name=\"twitter:card\" content=\"summary_large_image\" \/>\n<meta name=\"twitter:title\" content=\"Rechaza Asetur medida que cancela vuelos procedentes de Canad\u00e1 - Nitu - Noticias de la Industria Turistica\" \/>\n<meta name=\"twitter:description\" content=\"Los secretarios de turismo del pa\u00eds, a trav\u00e9s de la Asociaci\u00f3n de Secretarios de Turismo de M\u00e9xico (ASETUR), expresaron su preocupaci\u00f3n por la decisi\u00f3n del gobierno de Canad\u00e1, de cancelar todos sus vuelos a M\u00e9xico y el Caribe hasta el pr\u00f3ximo 30 de abril, como medida para evitar la propagaci\u00f3n del COVID-19. \u201cEsta decisi\u00f3n tendr\u00e1 [&hellip;]\" \/>\n<meta name=\"twitter:image\" content=\"https:\/\/nitu.mx\/wp-content\/uploads\/2021\/02\/Asetur-Juan-Carlos-Rivera.jpg\" \/>\n<meta name=\"twitter:creator\" content=\"@NITUmx\" \/>\n<meta name=\"twitter:site\" content=\"@Arturo_Medina_G\" \/>\n<meta name=\"twitter:label1\" content=\"Escrito por\" \/>\n\t<meta name=\"twitter:data1\" content=\"Redacci\u00f3n\" \/>\n\t<meta name=\"twitter:label2\" content=\"Tiempo de lectura\" \/>\n\t<meta name=\"twitter:data2\" content=\"1 minuto\" \/>\n<script type=\"application\/ld+json\" class=\"yoast-schema-graph\">{\"@context\":\"https:\/\/schema.org\",\"@graph\":[{\"@type\":\"Article\",\"@id\":\"https:\/\/nitu.mx\/index.php\/2021\/02\/03\/rechaza-asetur-medida-que-cancela-vuelos-procedentes-de-canada\/#article\",\"isPartOf\":{\"@id\":\"https:\/\/nitu.mx\/index.php\/2021\/02\/03\/rechaza-asetur-medida-que-cancela-vuelos-procedentes-de-canada\/\"},\"author\":{\"name\":\"Redacci\u00f3n\",\"@id\":\"https:\/\/nitu.mx\/#\/schema\/person\/4a28fe9bd65924f7c90623773daf1b0b\"},\"headline\":\"Rechaza Asetur medida que cancela vuelos procedentes de Canad\u00e1\",\"datePublished\":\"2021-02-04T04:40:37+00:00\",\"dateModified\":\"2021-02-04T06:00:36+00:00\",\"mainEntityOfPage\":{\"@id\":\"https:\/\/nitu.mx\/index.php\/2021\/02\/03\/rechaza-asetur-medida-que-cancela-vuelos-procedentes-de-canada\/\"},\"wordCount\":292,\"commentCount\":0,\"publisher\":{\"@id\":\"https:\/\/nitu.mx\/#\/schema\/person\/ae7a53426417292d3dd07b45a33e01bc\"},\"image\":{\"@id\":\"https:\/\/nitu.mx\/index.php\/2021\/02\/03\/rechaza-asetur-medida-que-cancela-vuelos-procedentes-de-canada\/#primaryimage\"},\"thumbnailUrl\":\"https:\/\/nitu.mx\/wp-content\/uploads\/2021\/02\/Asetur-Juan-Carlos-Rivera.jpg\",\"keywords\":[\"Asetur\",\"Juan Carlos Rivera Castellanos\",\"Oaxaca\",\"turismo\"],\"articleSection\":[\"Internacional\",\"M\u00e9xico\"],\"inLanguage\":\"es-MX\",\"potentialAction\":[{\"@type\":\"CommentAction\",\"name\":\"Comment\",\"target\":[\"https:\/\/nitu.mx\/index.php\/2021\/02\/03\/rechaza-asetur-medida-que-cancela-vuelos-procedentes-de-canada\/#respond\"]}]},{\"@type\":\"WebPage\",\"@id\":\"https:\/\/nitu.mx\/index.php\/2021\/02\/03\/rechaza-asetur-medida-que-cancela-vuelos-procedentes-de-canada\/\",\"url\":\"https:\/\/nitu.mx\/index.php\/2021\/02\/03\/rechaza-asetur-medida-que-cancela-vuelos-procedentes-de-canada\/\",\"name\":\"Rechaza Asetur medida que cancela vuelos procedentes de Canad\u00e1 - Nitu - Noticias de la Industria Turistica\",\"isPartOf\":{\"@id\":\"https:\/\/nitu.mx\/#website\"},\"primaryImageOfPage\":{\"@id\":\"https:\/\/nitu.mx\/index.php\/2021\/02\/03\/rechaza-asetur-medida-que-cancela-vuelos-procedentes-de-canada\/#primaryimage\"},\"image\":{\"@id\":\"https:\/\/nitu.mx\/index.php\/2021\/02\/03\/rechaza-asetur-medida-que-cancela-vuelos-procedentes-de-canada\/#primaryimage\"},\"thumbnailUrl\":\"https:\/\/nitu.mx\/wp-content\/uploads\/2021\/02\/Asetur-Juan-Carlos-Rivera.jpg\",\"datePublished\":\"2021-02-04T04:40:37+00:00\",\"dateModified\":\"2021-02-04T06:00:36+00:00\",\"breadcrumb\":{\"@id\":\"https:\/\/nitu.mx\/index.php\/2021\/02\/03\/rechaza-asetur-medida-que-cancela-vuelos-procedentes-de-canada\/#breadcrumb\"},\"inLanguage\":\"es-MX\",\"potentialAction\":[{\"@type\":\"ReadAction\",\"target\":[\"https:\/\/nitu.mx\/index.php\/2021\/02\/03\/rechaza-asetur-medida-que-cancela-vuelos-procedentes-de-canada\/\"]}]},{\"@type\":\"ImageObject\",\"inLanguage\":\"es-MX\",\"@id\":\"https:\/\/nitu.mx\/index.php\/2021\/02\/03\/rechaza-asetur-medida-que-cancela-vuelos-procedentes-de-canada\/#primaryimage\",\"url\":\"https:\/\/nitu.mx\/wp-content\/uploads\/2021\/02\/Asetur-Juan-Carlos-Rivera.jpg\",\"contentUrl\":\"https:\/\/nitu.mx\/wp-content\/uploads\/2021\/02\/Asetur-Juan-Carlos-Rivera.jpg\",\"width\":1200,\"height\":675,\"caption\":\"Asetur\"},{\"@type\":\"BreadcrumbList\",\"@id\":\"https:\/\/nitu.mx\/index.php\/2021\/02\/03\/rechaza-asetur-medida-que-cancela-vuelos-procedentes-de-canada\/#breadcrumb\",\"itemListElement\":[{\"@type\":\"ListItem\",\"position\":1,\"name\":\"Inicio\",\"item\":\"https:\/\/nitu.mx\/\"},{\"@type\":\"ListItem\",\"position\":2,\"name\":\"Rechaza Asetur medida que cancela vuelos procedentes de Canad\u00e1\"}]},{\"@type\":\"WebSite\",\"@id\":\"https:\/\/nitu.mx\/#website\",\"url\":\"https:\/\/nitu.mx\/\",\"name\":\"Nitu - Noticias de la Industria Turistica\",\"description\":\"Noticias de la Industria Turistica\",\"publisher\":{\"@id\":\"https:\/\/nitu.mx\/#\/schema\/person\/ae7a53426417292d3dd07b45a33e01bc\"},\"alternateName\":\"Noticias de la Industria Turistica\",\"potentialAction\":[{\"@type\":\"SearchAction\",\"target\":{\"@type\":\"EntryPoint\",\"urlTemplate\":\"https:\/\/nitu.mx\/?s={search_term_string}\"},\"query-input\":\"required name=search_term_string\"}],\"inLanguage\":\"es-MX\"},{\"@type\":[\"Person\",\"Organization\"],\"@id\":\"https:\/\/nitu.mx\/#\/schema\/person\/ae7a53426417292d3dd07b45a33e01bc\",\"name\":\"Arturo Medina\",\"image\":{\"@type\":\"ImageObject\",\"inLanguage\":\"es-MX\",\"@id\":\"https:\/\/nitu.mx\/#\/schema\/person\/image\/\",\"url\":\"https:\/\/nitu.mx\/wp-content\/uploads\/2024\/04\/4A315622-1904-4D5C-B022-878CDC840E04-90x90-1.jpeg\",\"contentUrl\":\"https:\/\/nitu.mx\/wp-content\/uploads\/2024\/04\/4A315622-1904-4D5C-B022-878CDC840E04-90x90-1.jpeg\",\"width\":90,\"height\":90,\"caption\":\"Arturo Medina\"},\"logo\":{\"@id\":\"https:\/\/nitu.mx\/#\/schema\/person\/image\/\"},\"description\":\"Director NITU.mx, Egresado de la Escuela de Periodismo Carlos Septi\u00e9n Garc\u00eda. Periodista y analista especializado en turismo desde hace 35 a\u00f1os, radicado en Canc\u00fan Q.Roo. arturo@nitu.mx\",\"sameAs\":[\"https:\/\/nitu.mx\",\"https:\/\/www.facebook.com\/NITUmx\/\",\"medinacancun\",\"https:\/\/twitter.com\/@Arturo_Medina_G\"]},{\"@type\":\"Person\",\"@id\":\"https:\/\/nitu.mx\/#\/schema\/person\/4a28fe9bd65924f7c90623773daf1b0b\",\"name\":\"Redacci\u00f3n\",\"image\":{\"@type\":\"ImageObject\",\"inLanguage\":\"es-MX\",\"@id\":\"https:\/\/nitu.mx\/#\/schema\/person\/image\/\",\"url\":\"https:\/\/secure.gravatar.com\/avatar\/5dd011c8ccfc5cd7e4c81e42252aab38?s=96&d=mm&r=g\",\"contentUrl\":\"https:\/\/secure.gravatar.com\/avatar\/5dd011c8ccfc5cd7e4c81e42252aab38?s=96&d=mm&r=g\",\"caption\":\"Redacci\u00f3n\"},\"url\":\"https:\/\/nitu.mx\/index.php\/author\/redaccion\/\"}]}<\/script>\n<!-- \/ Yoast SEO plugin. -->","yoast_head_json":{"title":"Rechaza Asetur medida que cancela vuelos procedentes de Canad\u00e1 - Nitu - Noticias de la Industria Turistica","robots":{"index":"index","follow":"follow","max-snippet":"max-snippet:-1","max-image-preview":"max-image-preview:large","max-video-preview":"max-video-preview:-1"},"canonical":"https:\/\/nitu.mx\/index.php\/2021\/02\/03\/rechaza-asetur-medida-que-cancela-vuelos-procedentes-de-canada\/","twitter_card":"summary_large_image","twitter_title":"Rechaza Asetur medida que cancela vuelos procedentes de Canad\u00e1 - Nitu - Noticias de la Industria Turistica","twitter_description":"Los secretarios de turismo del pa\u00eds, a trav\u00e9s de la Asociaci\u00f3n de Secretarios de Turismo de M\u00e9xico (ASETUR), expresaron su preocupaci\u00f3n por la decisi\u00f3n del gobierno de Canad\u00e1, de cancelar todos sus vuelos a M\u00e9xico y el Caribe hasta el pr\u00f3ximo 30 de abril, como medida para evitar la propagaci\u00f3n del COVID-19. \u201cEsta decisi\u00f3n tendr\u00e1 [&hellip;]","twitter_image":"https:\/\/nitu.mx\/wp-content\/uploads\/2021\/02\/Asetur-Juan-Carlos-Rivera.jpg","twitter_creator":"@NITUmx","twitter_site":"@Arturo_Medina_G","twitter_misc":{"Escrito por":"Redacci\u00f3n","Tiempo de lectura":"1 minuto"},"schema":{"@context":"https:\/\/schema.org","@graph":[{"@type":"Article","@id":"https:\/\/nitu.mx\/index.php\/2021\/02\/03\/rechaza-asetur-medida-que-cancela-vuelos-procedentes-de-canada\/#article","isPartOf":{"@id":"https:\/\/nitu.mx\/index.php\/2021\/02\/03\/rechaza-asetur-medida-que-cancela-vuelos-procedentes-de-canada\/"},"author":{"name":"Redacci\u00f3n","@id":"https:\/\/nitu.mx\/#\/schema\/person\/4a28fe9bd65924f7c90623773daf1b0b"},"headline":"Rechaza Asetur medida que cancela vuelos procedentes de Canad\u00e1","datePublished":"2021-02-04T04:40:37+00:00","dateModified":"2021-02-04T06:00:36+00:00","mainEntityOfPage":{"@id":"https:\/\/nitu.mx\/index.php\/2021\/02\/03\/rechaza-asetur-medida-que-cancela-vuelos-procedentes-de-canada\/"},"wordCount":292,"commentCount":0,"publisher":{"@id":"https:\/\/nitu.mx\/#\/schema\/person\/ae7a53426417292d3dd07b45a33e01bc"},"image":{"@id":"https:\/\/nitu.mx\/index.php\/2021\/02\/03\/rechaza-asetur-medida-que-cancela-vuelos-procedentes-de-canada\/#primaryimage"},"thumbnailUrl":"https:\/\/nitu.mx\/wp-content\/uploads\/2021\/02\/Asetur-Juan-Carlos-Rivera.jpg","keywords":["Asetur","Juan Carlos Rivera Castellanos","Oaxaca","turismo"],"articleSection":["Internacional","M\u00e9xico"],"inLanguage":"es-MX","potentialAction":[{"@type":"CommentAction","name":"Comment","target":["https:\/\/nitu.mx\/index.php\/2021\/02\/03\/rechaza-asetur-medida-que-cancela-vuelos-procedentes-de-canada\/#respond"]}]},{"@type":"WebPage","@id":"https:\/\/nitu.mx\/index.php\/2021\/02\/03\/rechaza-asetur-medida-que-cancela-vuelos-procedentes-de-canada\/","url":"https:\/\/nitu.mx\/index.php\/2021\/02\/03\/rechaza-asetur-medida-que-cancela-vuelos-procedentes-de-canada\/","name":"Rechaza Asetur medida que cancela vuelos procedentes de Canad\u00e1 - Nitu - Noticias de la Industria Turistica","isPartOf":{"@id":"https:\/\/nitu.mx\/#website"},"primaryImageOfPage":{"@id":"https:\/\/nitu.mx\/index.php\/2021\/02\/03\/rechaza-asetur-medida-que-cancela-vuelos-procedentes-de-canada\/#primaryimage"},"image":{"@id":"https:\/\/nitu.mx\/index.php\/2021\/02\/03\/rechaza-asetur-medida-que-cancela-vuelos-procedentes-de-canada\/#primaryimage"},"thumbnailUrl":"https:\/\/nitu.mx\/wp-content\/uploads\/2021\/02\/Asetur-Juan-Carlos-Rivera.jpg","datePublished":"2021-02-04T04:40:37+00:00","dateModified":"2021-02-04T06:00:36+00:00","breadcrumb":{"@id":"https:\/\/nitu.mx\/index.php\/2021\/02\/03\/rechaza-asetur-medida-que-cancela-vuelos-procedentes-de-canada\/#breadcrumb"},"inLanguage":"es-MX","potentialAction":[{"@type":"ReadAction","target":["https:\/\/nitu.mx\/index.php\/2021\/02\/03\/rechaza-asetur-medida-que-cancela-vuelos-procedentes-de-canada\/"]}]},{"@type":"ImageObject","inLanguage":"es-MX","@id":"https:\/\/nitu.mx\/index.php\/2021\/02\/03\/rechaza-asetur-medida-que-cancela-vuelos-procedentes-de-canada\/#primaryimage","url":"https:\/\/nitu.mx\/wp-content\/uploads\/2021\/02\/Asetur-Juan-Carlos-Rivera.jpg","contentUrl":"https:\/\/nitu.mx\/wp-content\/uploads\/2021\/02\/Asetur-Juan-Carlos-Rivera.jpg","width":1200,"height":675,"caption":"Asetur"},{"@type":"BreadcrumbList","@id":"https:\/\/nitu.mx\/index.php\/2021\/02\/03\/rechaza-asetur-medida-que-cancela-vuelos-procedentes-de-canada\/#breadcrumb","itemListElement":[{"@type":"ListItem","position":1,"name":"Inicio","item":"https:\/\/nitu.mx\/"},{"@type":"ListItem","position":2,"name":"Rechaza Asetur medida que cancela vuelos procedentes de Canad\u00e1"}]},{"@type":"WebSite","@id":"https:\/\/nitu.mx\/#website","url":"https:\/\/nitu.mx\/","name":"Nitu - Noticias de la Industria Turistica","description":"Noticias de la Industria Turistica","publisher":{"@id":"https:\/\/nitu.mx\/#\/schema\/person\/ae7a53426417292d3dd07b45a33e01bc"},"alternateName":"Noticias de la Industria Turistica","potentialAction":[{"@type":"SearchAction","target":{"@type":"EntryPoint","urlTemplate":"https:\/\/nitu.mx\/?s={search_term_string}"},"query-input":"required name=search_term_string"}],"inLanguage":"es-MX"},{"@type":["Person","Organization"],"@id":"https:\/\/nitu.mx\/#\/schema\/person\/ae7a53426417292d3dd07b45a33e01bc","name":"Arturo Medina","image":{"@type":"ImageObject","inLanguage":"es-MX","@id":"https:\/\/nitu.mx\/#\/schema\/person\/image\/","url":"https:\/\/nitu.mx\/wp-content\/uploads\/2024\/04\/4A315622-1904-4D5C-B022-878CDC840E04-90x90-1.jpeg","contentUrl":"https:\/\/nitu.mx\/wp-content\/uploads\/2024\/04\/4A315622-1904-4D5C-B022-878CDC840E04-90x90-1.jpeg","width":90,"height":90,"caption":"Arturo Medina"},"logo":{"@id":"https:\/\/nitu.mx\/#\/schema\/person\/image\/"},"description":"Director NITU.mx, Egresado de la Escuela de Periodismo Carlos Septi\u00e9n Garc\u00eda. Periodista y analista especializado en turismo desde hace 35 a\u00f1os, radicado en Canc\u00fan Q.Roo. arturo@nitu.mx","sameAs":["https:\/\/nitu.mx","https:\/\/www.facebook.com\/NITUmx\/","medinacancun","https:\/\/twitter.com\/@Arturo_Medina_G"]},{"@type":"Person","@id":"https:\/\/nitu.mx\/#\/schema\/person\/4a28fe9bd65924f7c90623773daf1b0b","name":"Redacci\u00f3n","image":{"@type":"ImageObject","inLanguage":"es-MX","@id":"https:\/\/nitu.mx\/#\/schema\/person\/image\/","url":"https:\/\/secure.gravatar.com\/avatar\/5dd011c8ccfc5cd7e4c81e42252aab38?s=96&d=mm&r=g","contentUrl":"https:\/\/secure.gravatar.com\/avatar\/5dd011c8ccfc5cd7e4c81e42252aab38?s=96&d=mm&r=g","caption":"Redacci\u00f3n"},"url":"https:\/\/nitu.mx\/index.php\/author\/redaccion\/"}]}},"views":263,"_links":{"self":[{"href":"https:\/\/nitu.mx\/index.php\/wp-json\/wp\/v2\/posts\/50079"}],"collection":[{"href":"https:\/\/nitu.mx\/index.php\/wp-json\/wp\/v2\/posts"}],"about":[{"href":"https:\/\/nitu.mx\/index.php\/wp-json\/wp\/v2\/types\/post"}],"author":[{"embeddable":true,"href":"https:\/\/nitu.mx\/index.php\/wp-json\/wp\/v2\/users\/17"}],"replies":[{"embeddable":true,"href":"https:\/\/nitu.mx\/index.php\/wp-json\/wp\/v2\/comments?post=50079"}],"version-history":[{"count":2,"href":"https:\/\/nitu.mx\/index.php\/wp-json\/wp\/v2\/posts\/50079\/revisions"}],"predecessor-version":[{"id":50095,"href":"https:\/\/nitu.mx\/index.php\/wp-json\/wp\/v2\/posts\/50079\/revisions\/50095"}],"wp:featuredmedia":[{"embeddable":true,"href":"https:\/\/nitu.mx\/index.php\/wp-json\/wp\/v2\/media\/50094"}],"wp:attachment":[{"href":"https:\/\/nitu.mx\/index.php\/wp-json\/wp\/v2\/media?parent=50079"}],"wp:term":[{"taxonomy":"category","embeddable":true,"href":"https:\/\/nitu.mx\/index.php\/wp-json\/wp\/v2\/categories?post=50079"},{"taxonomy":"post_tag","embeddable":true,"href":"https:\/\/nitu.mx\/index.php\/wp-json\/wp\/v2\/tags?post=50079"}],"curies":[{"name":"wp","href":"https:\/\/api.w.org\/{rel}","templated":true}]}}