{"id":50049,"date":"2021-02-03T01:37:16","date_gmt":"2021-02-03T06:37:16","guid":{"rendered":"https:\/\/www.dev.nitu.mx\/?p=50049"},"modified":"2021-02-03T02:02:53","modified_gmt":"2021-02-03T07:02:53","slug":"cptq-no-se-espera-reduccion-de-rutas-aereas-en-las-proximas-semanas","status":"publish","type":"post","link":"https:\/\/nitu.mx\/index.php\/2021\/02\/03\/cptq-no-se-espera-reduccion-de-rutas-aereas-en-las-proximas-semanas\/","title":{"rendered":"CPTQ: &#8220;No se espera reducci\u00f3n de rutas a\u00e9reas en las pr\u00f3ximas semanas&#8221;"},"content":{"rendered":"<p>El director general del Consejo de Promoci\u00f3n Tur\u00edstica de Quintana Roo (CPTQ), Dar\u00edo Flota Ocampo, afirm\u00f3 que en est no hay reducci\u00f3n de rutas a\u00e9reas, por el contrario, se mantienen los planes de incremento en frecuencias.<\/p>\n<p>La \u00fanica excepci\u00f3n, acot\u00f3, son las aerol\u00edneas canadienses, que con las nuevas restricciones s\u00f3lo llegar\u00e1n en busca de turistas rezagados. Empero, de otros mercados, principalmente desde Estados Unidos, se estar\u00e1n generando vuelos entre febrero y marzo.<\/p>\n<p>\u201cEl d\u00eda de hoy en la serie de llamadas que hemos tenido con las aerol\u00edneas norteamericanas, hoy toc\u00f3 el turno a Spirit, y al igual que con las anteriores con las que hemos hablado, como American Airlines, United, Delta, no hay de momento en el horizonte, ninguna reducci\u00f3n de rutas, por el contrario se mantienen los planes de incremento de frecuencias\u201d, afirm\u00f3.<\/p>\n<p>En el caso de las aerol\u00edneas canadienses, detall\u00f3, van a continuar llegando al aeropuerto de Canc\u00fan sin pasajeros, para llevarse a los turistas conforme vayan venciendo sus estancias, probablemente por dos semanas m\u00e1s, los vuelos seguir\u00e1n llegando.<\/p>\n<p>Pero los canadienses adem\u00e1s de los 14 d\u00edas de confinamiento obligado, deber\u00e1n estar esperando en un hotel durante tres d\u00edas los resultados de la prueba PCR, principalmente de ciudad como Toronto y Calgary, entre otros.<\/p>\n<p><strong>Europa mantiene su presencia<\/strong><\/p>\n<p>Respecto a los vuelos que llegan de Europa a trav\u00e9s de Air France, desde Francia, Alemania a trav\u00e9s de Lufthansa y desde Inglaterra con British Airways, dijo que las tres aerol\u00edneas hasta este 2 de febrero no hab\u00edan anunciado de alg\u00fan cambio, aunque si deber\u00e1n someterse a pruebas.<\/p>\n<p>Remarc\u00f3 que los vuelos de Lufthansa tienen una fuerte demanda porque ha sido utilizada como alternativa para llegar despu\u00e9s a Estados Unidos.<\/p>\n<p>\u201cNadie que haya estado en Europa puede volar a Estados Unidos, por lo que M\u00e9xico se convirti\u00f3 en destino para permanecer y luego viajar a Estados Unidos. Por lo menos eso ha convenido a la aerol\u00ednea para tener mayor tr\u00e1fico al destino y conviene tambi\u00e9n en cuanto a que se est\u00e1n quedando 14 d\u00edas en el destino, aunque s\u00f3lo sea para cumplir con el plazo para llegar a Estados Unidos\u201d, inform\u00f3. (<a title=\"CPTQ solicita 629 MDP para enfrentar p\u00e9rdida de 6 millones de turistas\" href=\"https:\/\/www.dev.nitu.mx\/index.php\/2020\/12\/02\/cptq-solicita-629-mdp-para-enfrentar-perdida-de-6-millones-de-turistas\/\" rel=\"bookmark\">CPTQ solicita 629 MDP para enfrentar p\u00e9rdida de 6 millones de turistas<\/a>).<\/p>\n","protected":false},"excerpt":{"rendered":"<p>El director general del Consejo de Promoci\u00f3n Tur\u00edstica de Quintana Roo (CPTQ), Dar\u00edo Flota Ocampo, afirm\u00f3 que en est no hay reducci\u00f3n de rutas a\u00e9reas, por el contrario, se mantienen los planes de incremento en frecuencias. La \u00fanica excepci\u00f3n, acot\u00f3, son las aerol\u00edneas canadienses, que con las nuevas restricciones s\u00f3lo llegar\u00e1n en busca de turistas [&hellip;]<\/p>\n","protected":false},"author":3,"featured_media":43535,"comment_status":"open","ping_status":"open","sticky":false,"template":"","format":"standard","meta":{"footnotes":""},"categories":[29,18475],"tags":[8145,874,100,120,21580],"yoast_head":"<!-- This site is optimized with the Yoast SEO plugin v22.2 - https:\/\/yoast.com\/wordpress\/plugins\/seo\/ -->\n<title>CPTQ: &quot;No se espera reducci\u00f3n de rutas a\u00e9reas en las pr\u00f3ximas semanas&quot; - Nitu - Noticias de la Industria Turistica<\/title>\n<meta name=\"robots\" content=\"index, follow, max-snippet:-1, max-image-preview:large, max-video-preview:-1\" \/>\n<link rel=\"canonical\" href=\"https:\/\/nitu.mx\/index.php\/2021\/02\/03\/cptq-no-se-espera-reduccion-de-rutas-aereas-en-las-proximas-semanas\/\" \/>\n<meta name=\"twitter:card\" content=\"summary_large_image\" \/>\n<meta name=\"twitter:title\" content=\"CPTQ: &quot;No se espera reducci\u00f3n de rutas a\u00e9reas en las pr\u00f3ximas semanas&quot; - Nitu - Noticias de la Industria Turistica\" \/>\n<meta name=\"twitter:description\" content=\"El director general del Consejo de Promoci\u00f3n Tur\u00edstica de Quintana Roo (CPTQ), Dar\u00edo Flota Ocampo, afirm\u00f3 que en est no hay reducci\u00f3n de rutas a\u00e9reas, por el contrario, se mantienen los planes de incremento en frecuencias. La \u00fanica excepci\u00f3n, acot\u00f3, son las aerol\u00edneas canadienses, que con las nuevas restricciones s\u00f3lo llegar\u00e1n en busca de turistas [&hellip;]\" \/>\n<meta name=\"twitter:image\" content=\"https:\/\/nitu.mx\/wp-content\/uploads\/2020\/06\/Dario-Flota-protocolos-CPTQ.jpg\" \/>\n<meta name=\"twitter:creator\" content=\"@NITUmx\" \/>\n<meta name=\"twitter:site\" content=\"@Arturo_Medina_G\" \/>\n<meta name=\"twitter:label1\" content=\"Escrito por\" \/>\n\t<meta name=\"twitter:data1\" content=\"Alejandra Moncisbays\" \/>\n\t<meta name=\"twitter:label2\" content=\"Tiempo de lectura\" \/>\n\t<meta name=\"twitter:data2\" content=\"2 minutos\" \/>\n<script type=\"application\/ld+json\" class=\"yoast-schema-graph\">{\"@context\":\"https:\/\/schema.org\",\"@graph\":[{\"@type\":\"Article\",\"@id\":\"https:\/\/nitu.mx\/index.php\/2021\/02\/03\/cptq-no-se-espera-reduccion-de-rutas-aereas-en-las-proximas-semanas\/#article\",\"isPartOf\":{\"@id\":\"https:\/\/nitu.mx\/index.php\/2021\/02\/03\/cptq-no-se-espera-reduccion-de-rutas-aereas-en-las-proximas-semanas\/\"},\"author\":{\"name\":\"Alejandra Moncisbays\",\"@id\":\"https:\/\/nitu.mx\/#\/schema\/person\/2ecd887b19dfd3382d1f14fc5acf24a8\"},\"headline\":\"CPTQ: &#8220;No se espera reducci\u00f3n de rutas a\u00e9reas en las pr\u00f3ximas semanas&#8221;\",\"datePublished\":\"2021-02-03T06:37:16+00:00\",\"dateModified\":\"2021-02-03T07:02:53+00:00\",\"mainEntityOfPage\":{\"@id\":\"https:\/\/nitu.mx\/index.php\/2021\/02\/03\/cptq-no-se-espera-reduccion-de-rutas-aereas-en-las-proximas-semanas\/\"},\"wordCount\":409,\"commentCount\":0,\"publisher\":{\"@id\":\"https:\/\/nitu.mx\/#\/schema\/person\/ae7a53426417292d3dd07b45a33e01bc\"},\"image\":{\"@id\":\"https:\/\/nitu.mx\/index.php\/2021\/02\/03\/cptq-no-se-espera-reduccion-de-rutas-aereas-en-las-proximas-semanas\/#primaryimage\"},\"thumbnailUrl\":\"https:\/\/nitu.mx\/wp-content\/uploads\/2020\/06\/Dario-Flota-protocolos-CPTQ.jpg\",\"keywords\":[\"CPTQ\",\"Dar\u00edo Flota Ocampo\",\"Estados Unidos\",\"Europa\",\"frecuencias a\u00e9reas\"],\"articleSection\":[\"Aerol\u00edneas\",\"Caribe Mexicano\"],\"inLanguage\":\"es-MX\",\"potentialAction\":[{\"@type\":\"CommentAction\",\"name\":\"Comment\",\"target\":[\"https:\/\/nitu.mx\/index.php\/2021\/02\/03\/cptq-no-se-espera-reduccion-de-rutas-aereas-en-las-proximas-semanas\/#respond\"]}]},{\"@type\":\"WebPage\",\"@id\":\"https:\/\/nitu.mx\/index.php\/2021\/02\/03\/cptq-no-se-espera-reduccion-de-rutas-aereas-en-las-proximas-semanas\/\",\"url\":\"https:\/\/nitu.mx\/index.php\/2021\/02\/03\/cptq-no-se-espera-reduccion-de-rutas-aereas-en-las-proximas-semanas\/\",\"name\":\"CPTQ: \\\"No se espera reducci\u00f3n de rutas a\u00e9reas en las pr\u00f3ximas semanas\\\" - Nitu - Noticias de la Industria Turistica\",\"isPartOf\":{\"@id\":\"https:\/\/nitu.mx\/#website\"},\"primaryImageOfPage\":{\"@id\":\"https:\/\/nitu.mx\/index.php\/2021\/02\/03\/cptq-no-se-espera-reduccion-de-rutas-aereas-en-las-proximas-semanas\/#primaryimage\"},\"image\":{\"@id\":\"https:\/\/nitu.mx\/index.php\/2021\/02\/03\/cptq-no-se-espera-reduccion-de-rutas-aereas-en-las-proximas-semanas\/#primaryimage\"},\"thumbnailUrl\":\"https:\/\/nitu.mx\/wp-content\/uploads\/2020\/06\/Dario-Flota-protocolos-CPTQ.jpg\",\"datePublished\":\"2021-02-03T06:37:16+00:00\",\"dateModified\":\"2021-02-03T07:02:53+00:00\",\"breadcrumb\":{\"@id\":\"https:\/\/nitu.mx\/index.php\/2021\/02\/03\/cptq-no-se-espera-reduccion-de-rutas-aereas-en-las-proximas-semanas\/#breadcrumb\"},\"inLanguage\":\"es-MX\",\"potentialAction\":[{\"@type\":\"ReadAction\",\"target\":[\"https:\/\/nitu.mx\/index.php\/2021\/02\/03\/cptq-no-se-espera-reduccion-de-rutas-aereas-en-las-proximas-semanas\/\"]}]},{\"@type\":\"ImageObject\",\"inLanguage\":\"es-MX\",\"@id\":\"https:\/\/nitu.mx\/index.php\/2021\/02\/03\/cptq-no-se-espera-reduccion-de-rutas-aereas-en-las-proximas-semanas\/#primaryimage\",\"url\":\"https:\/\/nitu.mx\/wp-content\/uploads\/2020\/06\/Dario-Flota-protocolos-CPTQ.jpg\",\"contentUrl\":\"https:\/\/nitu.mx\/wp-content\/uploads\/2020\/06\/Dario-Flota-protocolos-CPTQ.jpg\",\"width\":850,\"height\":480,\"caption\":\"CPTQ\"},{\"@type\":\"BreadcrumbList\",\"@id\":\"https:\/\/nitu.mx\/index.php\/2021\/02\/03\/cptq-no-se-espera-reduccion-de-rutas-aereas-en-las-proximas-semanas\/#breadcrumb\",\"itemListElement\":[{\"@type\":\"ListItem\",\"position\":1,\"name\":\"Inicio\",\"item\":\"https:\/\/nitu.mx\/\"},{\"@type\":\"ListItem\",\"position\":2,\"name\":\"CPTQ: &#8220;No se espera reducci\u00f3n de rutas a\u00e9reas en las pr\u00f3ximas semanas&#8221;\"}]},{\"@type\":\"WebSite\",\"@id\":\"https:\/\/nitu.mx\/#website\",\"url\":\"https:\/\/nitu.mx\/\",\"name\":\"Nitu - Noticias de la Industria Turistica\",\"description\":\"Noticias de la Industria Turistica\",\"publisher\":{\"@id\":\"https:\/\/nitu.mx\/#\/schema\/person\/ae7a53426417292d3dd07b45a33e01bc\"},\"alternateName\":\"Noticias de la Industria Turistica\",\"potentialAction\":[{\"@type\":\"SearchAction\",\"target\":{\"@type\":\"EntryPoint\",\"urlTemplate\":\"https:\/\/nitu.mx\/?s={search_term_string}\"},\"query-input\":\"required name=search_term_string\"}],\"inLanguage\":\"es-MX\"},{\"@type\":[\"Person\",\"Organization\"],\"@id\":\"https:\/\/nitu.mx\/#\/schema\/person\/ae7a53426417292d3dd07b45a33e01bc\",\"name\":\"Arturo Medina\",\"image\":{\"@type\":\"ImageObject\",\"inLanguage\":\"es-MX\",\"@id\":\"https:\/\/nitu.mx\/#\/schema\/person\/image\/\",\"url\":\"https:\/\/nitu.mx\/wp-content\/uploads\/2024\/04\/4A315622-1904-4D5C-B022-878CDC840E04-90x90-1.jpeg\",\"contentUrl\":\"https:\/\/nitu.mx\/wp-content\/uploads\/2024\/04\/4A315622-1904-4D5C-B022-878CDC840E04-90x90-1.jpeg\",\"width\":90,\"height\":90,\"caption\":\"Arturo Medina\"},\"logo\":{\"@id\":\"https:\/\/nitu.mx\/#\/schema\/person\/image\/\"},\"description\":\"Director NITU.mx, Egresado de la Escuela de Periodismo Carlos Septi\u00e9n Garc\u00eda. Periodista y analista especializado en turismo desde hace 35 a\u00f1os, radicado en Canc\u00fan Q.Roo. arturo@nitu.mx\",\"sameAs\":[\"https:\/\/nitu.mx\",\"https:\/\/www.facebook.com\/NITUmx\/\",\"medinacancun\",\"https:\/\/twitter.com\/@Arturo_Medina_G\"]},{\"@type\":\"Person\",\"@id\":\"https:\/\/nitu.mx\/#\/schema\/person\/2ecd887b19dfd3382d1f14fc5acf24a8\",\"name\":\"Alejandra Moncisbays\",\"image\":{\"@type\":\"ImageObject\",\"inLanguage\":\"es-MX\",\"@id\":\"https:\/\/nitu.mx\/#\/schema\/person\/image\/\",\"url\":\"https:\/\/secure.gravatar.com\/avatar\/e74f7af0be172b7804dacfd0bfbef787?s=96&d=mm&r=g\",\"contentUrl\":\"https:\/\/secure.gravatar.com\/avatar\/e74f7af0be172b7804dacfd0bfbef787?s=96&d=mm&r=g\",\"caption\":\"Alejandra Moncisbays\"},\"description\":\"Curs\u00e9 la carrera de Periodismo y Comunicaci\u00f3n en la Facultad de Estudios Profesionales Acatl\u00e1n. Vivo en Canc\u00fan desde hace 24 a\u00f1os. Fui reportera de La Tarde de Canc\u00fan, y Novedades de Quintana Roo, colabor\u00e9 en TVCUN, edit\u00e9 Cancun\u00edssimo y colabor\u00e9 en las revistas Latitud21, entre otras, con principal enfoque en los sectores empresarial y tur\u00edstico. Desde hace varios a\u00f1os soy Agente de Seguros con c\u00e9dula de la Comisi\u00f3n Nacional de Seguros y Fianzas. Actualmente, me desarrollo en los \u00e1mbitos del periodismo y el sector asegurador.\",\"sameAs\":[\"https:\/\/nitu.mx\"],\"url\":\"https:\/\/nitu.mx\/index.php\/author\/alejandra\/\"}]}<\/script>\n<!-- \/ Yoast SEO plugin. -->","yoast_head_json":{"title":"CPTQ: \"No se espera reducci\u00f3n de rutas a\u00e9reas en las pr\u00f3ximas semanas\" - Nitu - Noticias de la Industria Turistica","robots":{"index":"index","follow":"follow","max-snippet":"max-snippet:-1","max-image-preview":"max-image-preview:large","max-video-preview":"max-video-preview:-1"},"canonical":"https:\/\/nitu.mx\/index.php\/2021\/02\/03\/cptq-no-se-espera-reduccion-de-rutas-aereas-en-las-proximas-semanas\/","twitter_card":"summary_large_image","twitter_title":"CPTQ: \"No se espera reducci\u00f3n de rutas a\u00e9reas en las pr\u00f3ximas semanas\" - Nitu - Noticias de la Industria Turistica","twitter_description":"El director general del Consejo de Promoci\u00f3n Tur\u00edstica de Quintana Roo (CPTQ), Dar\u00edo Flota Ocampo, afirm\u00f3 que en est no hay reducci\u00f3n de rutas a\u00e9reas, por el contrario, se mantienen los planes de incremento en frecuencias. La \u00fanica excepci\u00f3n, acot\u00f3, son las aerol\u00edneas canadienses, que con las nuevas restricciones s\u00f3lo llegar\u00e1n en busca de turistas [&hellip;]","twitter_image":"https:\/\/nitu.mx\/wp-content\/uploads\/2020\/06\/Dario-Flota-protocolos-CPTQ.jpg","twitter_creator":"@NITUmx","twitter_site":"@Arturo_Medina_G","twitter_misc":{"Escrito por":"Alejandra Moncisbays","Tiempo de lectura":"2 minutos"},"schema":{"@context":"https:\/\/schema.org","@graph":[{"@type":"Article","@id":"https:\/\/nitu.mx\/index.php\/2021\/02\/03\/cptq-no-se-espera-reduccion-de-rutas-aereas-en-las-proximas-semanas\/#article","isPartOf":{"@id":"https:\/\/nitu.mx\/index.php\/2021\/02\/03\/cptq-no-se-espera-reduccion-de-rutas-aereas-en-las-proximas-semanas\/"},"author":{"name":"Alejandra Moncisbays","@id":"https:\/\/nitu.mx\/#\/schema\/person\/2ecd887b19dfd3382d1f14fc5acf24a8"},"headline":"CPTQ: &#8220;No se espera reducci\u00f3n de rutas a\u00e9reas en las pr\u00f3ximas semanas&#8221;","datePublished":"2021-02-03T06:37:16+00:00","dateModified":"2021-02-03T07:02:53+00:00","mainEntityOfPage":{"@id":"https:\/\/nitu.mx\/index.php\/2021\/02\/03\/cptq-no-se-espera-reduccion-de-rutas-aereas-en-las-proximas-semanas\/"},"wordCount":409,"commentCount":0,"publisher":{"@id":"https:\/\/nitu.mx\/#\/schema\/person\/ae7a53426417292d3dd07b45a33e01bc"},"image":{"@id":"https:\/\/nitu.mx\/index.php\/2021\/02\/03\/cptq-no-se-espera-reduccion-de-rutas-aereas-en-las-proximas-semanas\/#primaryimage"},"thumbnailUrl":"https:\/\/nitu.mx\/wp-content\/uploads\/2020\/06\/Dario-Flota-protocolos-CPTQ.jpg","keywords":["CPTQ","Dar\u00edo Flota Ocampo","Estados Unidos","Europa","frecuencias a\u00e9reas"],"articleSection":["Aerol\u00edneas","Caribe Mexicano"],"inLanguage":"es-MX","potentialAction":[{"@type":"CommentAction","name":"Comment","target":["https:\/\/nitu.mx\/index.php\/2021\/02\/03\/cptq-no-se-espera-reduccion-de-rutas-aereas-en-las-proximas-semanas\/#respond"]}]},{"@type":"WebPage","@id":"https:\/\/nitu.mx\/index.php\/2021\/02\/03\/cptq-no-se-espera-reduccion-de-rutas-aereas-en-las-proximas-semanas\/","url":"https:\/\/nitu.mx\/index.php\/2021\/02\/03\/cptq-no-se-espera-reduccion-de-rutas-aereas-en-las-proximas-semanas\/","name":"CPTQ: \"No se espera reducci\u00f3n de rutas a\u00e9reas en las pr\u00f3ximas semanas\" - Nitu - Noticias de la Industria Turistica","isPartOf":{"@id":"https:\/\/nitu.mx\/#website"},"primaryImageOfPage":{"@id":"https:\/\/nitu.mx\/index.php\/2021\/02\/03\/cptq-no-se-espera-reduccion-de-rutas-aereas-en-las-proximas-semanas\/#primaryimage"},"image":{"@id":"https:\/\/nitu.mx\/index.php\/2021\/02\/03\/cptq-no-se-espera-reduccion-de-rutas-aereas-en-las-proximas-semanas\/#primaryimage"},"thumbnailUrl":"https:\/\/nitu.mx\/wp-content\/uploads\/2020\/06\/Dario-Flota-protocolos-CPTQ.jpg","datePublished":"2021-02-03T06:37:16+00:00","dateModified":"2021-02-03T07:02:53+00:00","breadcrumb":{"@id":"https:\/\/nitu.mx\/index.php\/2021\/02\/03\/cptq-no-se-espera-reduccion-de-rutas-aereas-en-las-proximas-semanas\/#breadcrumb"},"inLanguage":"es-MX","potentialAction":[{"@type":"ReadAction","target":["https:\/\/nitu.mx\/index.php\/2021\/02\/03\/cptq-no-se-espera-reduccion-de-rutas-aereas-en-las-proximas-semanas\/"]}]},{"@type":"ImageObject","inLanguage":"es-MX","@id":"https:\/\/nitu.mx\/index.php\/2021\/02\/03\/cptq-no-se-espera-reduccion-de-rutas-aereas-en-las-proximas-semanas\/#primaryimage","url":"https:\/\/nitu.mx\/wp-content\/uploads\/2020\/06\/Dario-Flota-protocolos-CPTQ.jpg","contentUrl":"https:\/\/nitu.mx\/wp-content\/uploads\/2020\/06\/Dario-Flota-protocolos-CPTQ.jpg","width":850,"height":480,"caption":"CPTQ"},{"@type":"BreadcrumbList","@id":"https:\/\/nitu.mx\/index.php\/2021\/02\/03\/cptq-no-se-espera-reduccion-de-rutas-aereas-en-las-proximas-semanas\/#breadcrumb","itemListElement":[{"@type":"ListItem","position":1,"name":"Inicio","item":"https:\/\/nitu.mx\/"},{"@type":"ListItem","position":2,"name":"CPTQ: &#8220;No se espera reducci\u00f3n de rutas a\u00e9reas en las pr\u00f3ximas semanas&#8221;"}]},{"@type":"WebSite","@id":"https:\/\/nitu.mx\/#website","url":"https:\/\/nitu.mx\/","name":"Nitu - Noticias de la Industria Turistica","description":"Noticias de la Industria Turistica","publisher":{"@id":"https:\/\/nitu.mx\/#\/schema\/person\/ae7a53426417292d3dd07b45a33e01bc"},"alternateName":"Noticias de la Industria Turistica","potentialAction":[{"@type":"SearchAction","target":{"@type":"EntryPoint","urlTemplate":"https:\/\/nitu.mx\/?s={search_term_string}"},"query-input":"required name=search_term_string"}],"inLanguage":"es-MX"},{"@type":["Person","Organization"],"@id":"https:\/\/nitu.mx\/#\/schema\/person\/ae7a53426417292d3dd07b45a33e01bc","name":"Arturo Medina","image":{"@type":"ImageObject","inLanguage":"es-MX","@id":"https:\/\/nitu.mx\/#\/schema\/person\/image\/","url":"https:\/\/nitu.mx\/wp-content\/uploads\/2024\/04\/4A315622-1904-4D5C-B022-878CDC840E04-90x90-1.jpeg","contentUrl":"https:\/\/nitu.mx\/wp-content\/uploads\/2024\/04\/4A315622-1904-4D5C-B022-878CDC840E04-90x90-1.jpeg","width":90,"height":90,"caption":"Arturo Medina"},"logo":{"@id":"https:\/\/nitu.mx\/#\/schema\/person\/image\/"},"description":"Director NITU.mx, Egresado de la Escuela de Periodismo Carlos Septi\u00e9n Garc\u00eda. Periodista y analista especializado en turismo desde hace 35 a\u00f1os, radicado en Canc\u00fan Q.Roo. arturo@nitu.mx","sameAs":["https:\/\/nitu.mx","https:\/\/www.facebook.com\/NITUmx\/","medinacancun","https:\/\/twitter.com\/@Arturo_Medina_G"]},{"@type":"Person","@id":"https:\/\/nitu.mx\/#\/schema\/person\/2ecd887b19dfd3382d1f14fc5acf24a8","name":"Alejandra Moncisbays","image":{"@type":"ImageObject","inLanguage":"es-MX","@id":"https:\/\/nitu.mx\/#\/schema\/person\/image\/","url":"https:\/\/secure.gravatar.com\/avatar\/e74f7af0be172b7804dacfd0bfbef787?s=96&d=mm&r=g","contentUrl":"https:\/\/secure.gravatar.com\/avatar\/e74f7af0be172b7804dacfd0bfbef787?s=96&d=mm&r=g","caption":"Alejandra Moncisbays"},"description":"Curs\u00e9 la carrera de Periodismo y Comunicaci\u00f3n en la Facultad de Estudios Profesionales Acatl\u00e1n. Vivo en Canc\u00fan desde hace 24 a\u00f1os. Fui reportera de La Tarde de Canc\u00fan, y Novedades de Quintana Roo, colabor\u00e9 en TVCUN, edit\u00e9 Cancun\u00edssimo y colabor\u00e9 en las revistas Latitud21, entre otras, con principal enfoque en los sectores empresarial y tur\u00edstico. Desde hace varios a\u00f1os soy Agente de Seguros con c\u00e9dula de la Comisi\u00f3n Nacional de Seguros y Fianzas. Actualmente, me desarrollo en los \u00e1mbitos del periodismo y el sector asegurador.","sameAs":["https:\/\/nitu.mx"],"url":"https:\/\/nitu.mx\/index.php\/author\/alejandra\/"}]}},"views":272,"_links":{"self":[{"href":"https:\/\/nitu.mx\/index.php\/wp-json\/wp\/v2\/posts\/50049"}],"collection":[{"href":"https:\/\/nitu.mx\/index.php\/wp-json\/wp\/v2\/posts"}],"about":[{"href":"https:\/\/nitu.mx\/index.php\/wp-json\/wp\/v2\/types\/post"}],"author":[{"embeddable":true,"href":"https:\/\/nitu.mx\/index.php\/wp-json\/wp\/v2\/users\/3"}],"replies":[{"embeddable":true,"href":"https:\/\/nitu.mx\/index.php\/wp-json\/wp\/v2\/comments?post=50049"}],"version-history":[{"count":3,"href":"https:\/\/nitu.mx\/index.php\/wp-json\/wp\/v2\/posts\/50049\/revisions"}],"predecessor-version":[{"id":50066,"href":"https:\/\/nitu.mx\/index.php\/wp-json\/wp\/v2\/posts\/50049\/revisions\/50066"}],"wp:featuredmedia":[{"embeddable":true,"href":"https:\/\/nitu.mx\/index.php\/wp-json\/wp\/v2\/media\/43535"}],"wp:attachment":[{"href":"https:\/\/nitu.mx\/index.php\/wp-json\/wp\/v2\/media?parent=50049"}],"wp:term":[{"taxonomy":"category","embeddable":true,"href":"https:\/\/nitu.mx\/index.php\/wp-json\/wp\/v2\/categories?post=50049"},{"taxonomy":"post_tag","embeddable":true,"href":"https:\/\/nitu.mx\/index.php\/wp-json\/wp\/v2\/tags?post=50049"}],"curies":[{"name":"wp","href":"https:\/\/api.w.org\/{rel}","templated":true}]}}