{"id":49964,"date":"2021-01-29T00:35:07","date_gmt":"2021-01-29T05:35:07","guid":{"rendered":"https:\/\/www.dev.nitu.mx\/?p=49964"},"modified":"2021-01-29T01:39:00","modified_gmt":"2021-01-29T06:39:00","slug":"anuncia-sectur-segunda-edicion-de-la-carrera-de-la-ruta-del-pescado-de-moctezuma","status":"publish","type":"post","link":"https:\/\/nitu.mx\/index.php\/2021\/01\/29\/anuncia-sectur-segunda-edicion-de-la-carrera-de-la-ruta-del-pescado-de-moctezuma\/","title":{"rendered":"Anuncia Sectur segunda edici\u00f3n de la \u201cCarrera de la Ruta del Pescado de Moctezuma\u201d"},"content":{"rendered":"<p>El secretario de Turismo del Gobierno de M\u00e9xico, Miguel Torruco Marqu\u00e9s, anunci\u00f3 que la segunda edici\u00f3n de la \u201cCarrera de la Ruta del Pescado de Moctezuma\u201d se llevar\u00e1 a cabo del 4 a 6 de noviembre del presente a\u00f1o.<\/p>\n<p>Indic\u00f3 que despu\u00e9s del \u00e9xito alcanzado en su primera edici\u00f3n en 2020, ahora el objetivo ser\u00e1 posicionar tur\u00edsticamente la ruta, tanto a nivel nacional como internacional.<\/p>\n<p>A\u00f1adi\u00f3 que en este evento, que se integra con una carrera pedestre, de ciclismo y caminata, en un recorrido de 271 kil\u00f3metros de los 403 kil\u00f3metros con que cuenta la ruta, se prev\u00e9 una participaci\u00f3n mayor a la registrada en 2020, cuanto tomaron parte mil 700 competidores provenientes de veinte estados de la Rep\u00fablica Mexicana y pa\u00edses como Canad\u00e1, Estados Unidos, Espa\u00f1a, Argentina, Alemania y Francia, quienes dejaron una derrama econ\u00f3mica de 26 millones de pesos.<\/p>\n<p>El titular de la Sectur precis\u00f3 que en este evento se involucran tambi\u00e9n autoridades municipales, estatales y federales; la Secretar\u00eda de Educaci\u00f3n P\u00fablica; comunidades otom\u00edes, nahuas y totonacas; Guardia Nacional; Instituto Nacional de Antropolog\u00eda e Historia; y la empresa Altius.<\/p>\n<p>\u201cLa Ruta del Pescado de Moctezuma forma parte de la estrategia M\u00e9xico Renace Sostenible, que se enmarca en el proyecto Caminos del Renacimiento Mexicano, el cual busca implementar circuitos tur\u00edsticos de bienestar social y de armon\u00eda con la naturaleza, fortaleciendo la identidad biocultural\u201d, afirm\u00f3.<\/p>\n<p>Esta ruta pasa por seis entidades federativas: Veracruz, Puebla, Tlaxcala, Hidalgo, Estado de M\u00e9xico y Ciudad de M\u00e9xico; 31 municipios; ocho Pueblos M\u00e1gicos: Papantla y Zozocolco, en Veracruz; Cuetzalan, Zacatl\u00e1n y Chignahuapan, en Puebla; Tlaxco, en Tlaxcala; y San Mart\u00edn de las Pir\u00e1mides y San Juan Teotihuac\u00e1n, en el Estado de M\u00e9xico.<\/p>\n<p>Adem\u00e1s, incluye cinco Patrimonios de la Humanidad designados por la Unesco: zona arqueol\u00f3gica El Taj\u00edn; el ritual de los Voladores; Acueducto del padre Tembleque; Teotihuac\u00e1n; y el Templo Mayor del Centro Hist\u00f3rico de la Ciudad de M\u00e9xico; as\u00ed como el Centro de Artes Ind\u00edgenas, un lugar reconocido por la Unesco para la conservaci\u00f3n de mejores pr\u00e1cticas; y cinco diferentes ecosistemas.<\/p>\n<p>El secretario Torruco Marqu\u00e9s record\u00f3 que la ruta est\u00e1 inspirada en la leyenda de los painanis, quienes llevaban pescado fresco al emperador Moctezuma en Tenochtitlan, desde las costas de Veracruz.<\/p>\n<p>Por \u00faltimo, destac\u00f3 que el recorrido permite a los turistas aprender de su entorno natural, social y cultural, a trav\u00e9s de experiencias directas con las comunidades que visitan. (<a title=\"Sectur apuesta por regionalizaci\u00f3n para diversificar la oferta tur\u00edstica\" href=\"https:\/\/www.dev.nitu.mx\/index.php\/2021\/01\/04\/sectur-apuesta-por-regionalizacion-para-diversificar-la-oferta-turistica\/\" rel=\"bookmark\">Sectur apuesta por regionalizaci\u00f3n para diversificar la oferta tur\u00edstica<\/a>).<\/p>\n","protected":false},"excerpt":{"rendered":"<p>El secretario de Turismo del Gobierno de M\u00e9xico, Miguel Torruco Marqu\u00e9s, anunci\u00f3 que la segunda edici\u00f3n de la \u201cCarrera de la Ruta del Pescado de Moctezuma\u201d se llevar\u00e1 a cabo del 4 a 6 de noviembre del presente a\u00f1o. Indic\u00f3 que despu\u00e9s del \u00e9xito alcanzado en su primera edici\u00f3n en 2020, ahora el objetivo ser\u00e1 [&hellip;]<\/p>\n","protected":false},"author":17,"featured_media":49978,"comment_status":"open","ping_status":"open","sticky":false,"template":"","format":"standard","meta":{"footnotes":""},"categories":[12,6],"tags":[21565,68,1238,93],"yoast_head":"<!-- This site is optimized with the Yoast SEO plugin v22.2 - https:\/\/yoast.com\/wordpress\/plugins\/seo\/ -->\n<title>Anuncia Sectur segunda edici\u00f3n de la \u201cCarrera de la Ruta del Pescado de Moctezuma\u201d - Nitu - Noticias de la Industria Turistica<\/title>\n<meta name=\"robots\" content=\"index, follow, max-snippet:-1, max-image-preview:large, max-video-preview:-1\" \/>\n<link rel=\"canonical\" href=\"https:\/\/nitu.mx\/index.php\/2021\/01\/29\/anuncia-sectur-segunda-edicion-de-la-carrera-de-la-ruta-del-pescado-de-moctezuma\/\" \/>\n<meta name=\"twitter:card\" content=\"summary_large_image\" \/>\n<meta name=\"twitter:title\" content=\"Anuncia Sectur segunda edici\u00f3n de la \u201cCarrera de la Ruta del Pescado de Moctezuma\u201d - Nitu - Noticias de la Industria Turistica\" \/>\n<meta name=\"twitter:description\" content=\"El secretario de Turismo del Gobierno de M\u00e9xico, Miguel Torruco Marqu\u00e9s, anunci\u00f3 que la segunda edici\u00f3n de la \u201cCarrera de la Ruta del Pescado de Moctezuma\u201d se llevar\u00e1 a cabo del 4 a 6 de noviembre del presente a\u00f1o. Indic\u00f3 que despu\u00e9s del \u00e9xito alcanzado en su primera edici\u00f3n en 2020, ahora el objetivo ser\u00e1 [&hellip;]\" \/>\n<meta name=\"twitter:image\" content=\"https:\/\/nitu.mx\/wp-content\/uploads\/2021\/01\/ruta-pescado-moctezuma.jpg\" \/>\n<meta name=\"twitter:creator\" content=\"@NITUmx\" \/>\n<meta name=\"twitter:site\" content=\"@Arturo_Medina_G\" \/>\n<meta name=\"twitter:label1\" content=\"Escrito por\" \/>\n\t<meta name=\"twitter:data1\" content=\"Redacci\u00f3n\" \/>\n\t<meta name=\"twitter:label2\" content=\"Tiempo de lectura\" \/>\n\t<meta name=\"twitter:data2\" content=\"2 minutos\" \/>\n<script type=\"application\/ld+json\" class=\"yoast-schema-graph\">{\"@context\":\"https:\/\/schema.org\",\"@graph\":[{\"@type\":\"Article\",\"@id\":\"https:\/\/nitu.mx\/index.php\/2021\/01\/29\/anuncia-sectur-segunda-edicion-de-la-carrera-de-la-ruta-del-pescado-de-moctezuma\/#article\",\"isPartOf\":{\"@id\":\"https:\/\/nitu.mx\/index.php\/2021\/01\/29\/anuncia-sectur-segunda-edicion-de-la-carrera-de-la-ruta-del-pescado-de-moctezuma\/\"},\"author\":{\"name\":\"Redacci\u00f3n\",\"@id\":\"https:\/\/nitu.mx\/#\/schema\/person\/4a28fe9bd65924f7c90623773daf1b0b\"},\"headline\":\"Anuncia Sectur segunda edici\u00f3n de la \u201cCarrera de la Ruta del Pescado de Moctezuma\u201d\",\"datePublished\":\"2021-01-29T05:35:07+00:00\",\"dateModified\":\"2021-01-29T06:39:00+00:00\",\"mainEntityOfPage\":{\"@id\":\"https:\/\/nitu.mx\/index.php\/2021\/01\/29\/anuncia-sectur-segunda-edicion-de-la-carrera-de-la-ruta-del-pescado-de-moctezuma\/\"},\"wordCount\":455,\"commentCount\":0,\"publisher\":{\"@id\":\"https:\/\/nitu.mx\/#\/schema\/person\/ae7a53426417292d3dd07b45a33e01bc\"},\"image\":{\"@id\":\"https:\/\/nitu.mx\/index.php\/2021\/01\/29\/anuncia-sectur-segunda-edicion-de-la-carrera-de-la-ruta-del-pescado-de-moctezuma\/#primaryimage\"},\"thumbnailUrl\":\"https:\/\/nitu.mx\/wp-content\/uploads\/2021\/01\/ruta-pescado-moctezuma.jpg\",\"keywords\":[\"\u201cCarrera de la Ruta del Pescado de Moctezuma\u201d\",\"M\u00e9xico\",\"Miguel Torruco Marqu\u00e9s\",\"Sectur\"],\"articleSection\":[\"Marketing\",\"M\u00e9xico\"],\"inLanguage\":\"es-MX\",\"potentialAction\":[{\"@type\":\"CommentAction\",\"name\":\"Comment\",\"target\":[\"https:\/\/nitu.mx\/index.php\/2021\/01\/29\/anuncia-sectur-segunda-edicion-de-la-carrera-de-la-ruta-del-pescado-de-moctezuma\/#respond\"]}]},{\"@type\":\"WebPage\",\"@id\":\"https:\/\/nitu.mx\/index.php\/2021\/01\/29\/anuncia-sectur-segunda-edicion-de-la-carrera-de-la-ruta-del-pescado-de-moctezuma\/\",\"url\":\"https:\/\/nitu.mx\/index.php\/2021\/01\/29\/anuncia-sectur-segunda-edicion-de-la-carrera-de-la-ruta-del-pescado-de-moctezuma\/\",\"name\":\"Anuncia Sectur segunda edici\u00f3n de la \u201cCarrera de la Ruta del Pescado de Moctezuma\u201d - Nitu - Noticias de la Industria Turistica\",\"isPartOf\":{\"@id\":\"https:\/\/nitu.mx\/#website\"},\"primaryImageOfPage\":{\"@id\":\"https:\/\/nitu.mx\/index.php\/2021\/01\/29\/anuncia-sectur-segunda-edicion-de-la-carrera-de-la-ruta-del-pescado-de-moctezuma\/#primaryimage\"},\"image\":{\"@id\":\"https:\/\/nitu.mx\/index.php\/2021\/01\/29\/anuncia-sectur-segunda-edicion-de-la-carrera-de-la-ruta-del-pescado-de-moctezuma\/#primaryimage\"},\"thumbnailUrl\":\"https:\/\/nitu.mx\/wp-content\/uploads\/2021\/01\/ruta-pescado-moctezuma.jpg\",\"datePublished\":\"2021-01-29T05:35:07+00:00\",\"dateModified\":\"2021-01-29T06:39:00+00:00\",\"breadcrumb\":{\"@id\":\"https:\/\/nitu.mx\/index.php\/2021\/01\/29\/anuncia-sectur-segunda-edicion-de-la-carrera-de-la-ruta-del-pescado-de-moctezuma\/#breadcrumb\"},\"inLanguage\":\"es-MX\",\"potentialAction\":[{\"@type\":\"ReadAction\",\"target\":[\"https:\/\/nitu.mx\/index.php\/2021\/01\/29\/anuncia-sectur-segunda-edicion-de-la-carrera-de-la-ruta-del-pescado-de-moctezuma\/\"]}]},{\"@type\":\"ImageObject\",\"inLanguage\":\"es-MX\",\"@id\":\"https:\/\/nitu.mx\/index.php\/2021\/01\/29\/anuncia-sectur-segunda-edicion-de-la-carrera-de-la-ruta-del-pescado-de-moctezuma\/#primaryimage\",\"url\":\"https:\/\/nitu.mx\/wp-content\/uploads\/2021\/01\/ruta-pescado-moctezuma.jpg\",\"contentUrl\":\"https:\/\/nitu.mx\/wp-content\/uploads\/2021\/01\/ruta-pescado-moctezuma.jpg\",\"width\":1200,\"height\":675},{\"@type\":\"BreadcrumbList\",\"@id\":\"https:\/\/nitu.mx\/index.php\/2021\/01\/29\/anuncia-sectur-segunda-edicion-de-la-carrera-de-la-ruta-del-pescado-de-moctezuma\/#breadcrumb\",\"itemListElement\":[{\"@type\":\"ListItem\",\"position\":1,\"name\":\"Inicio\",\"item\":\"https:\/\/nitu.mx\/\"},{\"@type\":\"ListItem\",\"position\":2,\"name\":\"Anuncia Sectur segunda edici\u00f3n de la \u201cCarrera de la Ruta del Pescado de Moctezuma\u201d\"}]},{\"@type\":\"WebSite\",\"@id\":\"https:\/\/nitu.mx\/#website\",\"url\":\"https:\/\/nitu.mx\/\",\"name\":\"Nitu - Noticias de la Industria Turistica\",\"description\":\"Noticias de la Industria Turistica\",\"publisher\":{\"@id\":\"https:\/\/nitu.mx\/#\/schema\/person\/ae7a53426417292d3dd07b45a33e01bc\"},\"alternateName\":\"Noticias de la Industria Turistica\",\"potentialAction\":[{\"@type\":\"SearchAction\",\"target\":{\"@type\":\"EntryPoint\",\"urlTemplate\":\"https:\/\/nitu.mx\/?s={search_term_string}\"},\"query-input\":\"required name=search_term_string\"}],\"inLanguage\":\"es-MX\"},{\"@type\":[\"Person\",\"Organization\"],\"@id\":\"https:\/\/nitu.mx\/#\/schema\/person\/ae7a53426417292d3dd07b45a33e01bc\",\"name\":\"Arturo Medina\",\"image\":{\"@type\":\"ImageObject\",\"inLanguage\":\"es-MX\",\"@id\":\"https:\/\/nitu.mx\/#\/schema\/person\/image\/\",\"url\":\"https:\/\/nitu.mx\/wp-content\/uploads\/2024\/04\/4A315622-1904-4D5C-B022-878CDC840E04-90x90-1.jpeg\",\"contentUrl\":\"https:\/\/nitu.mx\/wp-content\/uploads\/2024\/04\/4A315622-1904-4D5C-B022-878CDC840E04-90x90-1.jpeg\",\"width\":90,\"height\":90,\"caption\":\"Arturo Medina\"},\"logo\":{\"@id\":\"https:\/\/nitu.mx\/#\/schema\/person\/image\/\"},\"description\":\"Director NITU.mx, Egresado de la Escuela de Periodismo Carlos Septi\u00e9n Garc\u00eda. Periodista y analista especializado en turismo desde hace 35 a\u00f1os, radicado en Canc\u00fan Q.Roo. arturo@nitu.mx\",\"sameAs\":[\"https:\/\/nitu.mx\",\"https:\/\/www.facebook.com\/NITUmx\/\",\"medinacancun\",\"https:\/\/twitter.com\/@Arturo_Medina_G\"]},{\"@type\":\"Person\",\"@id\":\"https:\/\/nitu.mx\/#\/schema\/person\/4a28fe9bd65924f7c90623773daf1b0b\",\"name\":\"Redacci\u00f3n\",\"image\":{\"@type\":\"ImageObject\",\"inLanguage\":\"es-MX\",\"@id\":\"https:\/\/nitu.mx\/#\/schema\/person\/image\/\",\"url\":\"https:\/\/secure.gravatar.com\/avatar\/5dd011c8ccfc5cd7e4c81e42252aab38?s=96&d=mm&r=g\",\"contentUrl\":\"https:\/\/secure.gravatar.com\/avatar\/5dd011c8ccfc5cd7e4c81e42252aab38?s=96&d=mm&r=g\",\"caption\":\"Redacci\u00f3n\"},\"url\":\"https:\/\/nitu.mx\/index.php\/author\/redaccion\/\"}]}<\/script>\n<!-- \/ Yoast SEO plugin. -->","yoast_head_json":{"title":"Anuncia Sectur segunda edici\u00f3n de la \u201cCarrera de la Ruta del Pescado de Moctezuma\u201d - Nitu - Noticias de la Industria Turistica","robots":{"index":"index","follow":"follow","max-snippet":"max-snippet:-1","max-image-preview":"max-image-preview:large","max-video-preview":"max-video-preview:-1"},"canonical":"https:\/\/nitu.mx\/index.php\/2021\/01\/29\/anuncia-sectur-segunda-edicion-de-la-carrera-de-la-ruta-del-pescado-de-moctezuma\/","twitter_card":"summary_large_image","twitter_title":"Anuncia Sectur segunda edici\u00f3n de la \u201cCarrera de la Ruta del Pescado de Moctezuma\u201d - Nitu - Noticias de la Industria Turistica","twitter_description":"El secretario de Turismo del Gobierno de M\u00e9xico, Miguel Torruco Marqu\u00e9s, anunci\u00f3 que la segunda edici\u00f3n de la \u201cCarrera de la Ruta del Pescado de Moctezuma\u201d se llevar\u00e1 a cabo del 4 a 6 de noviembre del presente a\u00f1o. Indic\u00f3 que despu\u00e9s del \u00e9xito alcanzado en su primera edici\u00f3n en 2020, ahora el objetivo ser\u00e1 [&hellip;]","twitter_image":"https:\/\/nitu.mx\/wp-content\/uploads\/2021\/01\/ruta-pescado-moctezuma.jpg","twitter_creator":"@NITUmx","twitter_site":"@Arturo_Medina_G","twitter_misc":{"Escrito por":"Redacci\u00f3n","Tiempo de lectura":"2 minutos"},"schema":{"@context":"https:\/\/schema.org","@graph":[{"@type":"Article","@id":"https:\/\/nitu.mx\/index.php\/2021\/01\/29\/anuncia-sectur-segunda-edicion-de-la-carrera-de-la-ruta-del-pescado-de-moctezuma\/#article","isPartOf":{"@id":"https:\/\/nitu.mx\/index.php\/2021\/01\/29\/anuncia-sectur-segunda-edicion-de-la-carrera-de-la-ruta-del-pescado-de-moctezuma\/"},"author":{"name":"Redacci\u00f3n","@id":"https:\/\/nitu.mx\/#\/schema\/person\/4a28fe9bd65924f7c90623773daf1b0b"},"headline":"Anuncia Sectur segunda edici\u00f3n de la \u201cCarrera de la Ruta del Pescado de Moctezuma\u201d","datePublished":"2021-01-29T05:35:07+00:00","dateModified":"2021-01-29T06:39:00+00:00","mainEntityOfPage":{"@id":"https:\/\/nitu.mx\/index.php\/2021\/01\/29\/anuncia-sectur-segunda-edicion-de-la-carrera-de-la-ruta-del-pescado-de-moctezuma\/"},"wordCount":455,"commentCount":0,"publisher":{"@id":"https:\/\/nitu.mx\/#\/schema\/person\/ae7a53426417292d3dd07b45a33e01bc"},"image":{"@id":"https:\/\/nitu.mx\/index.php\/2021\/01\/29\/anuncia-sectur-segunda-edicion-de-la-carrera-de-la-ruta-del-pescado-de-moctezuma\/#primaryimage"},"thumbnailUrl":"https:\/\/nitu.mx\/wp-content\/uploads\/2021\/01\/ruta-pescado-moctezuma.jpg","keywords":["\u201cCarrera de la Ruta del Pescado de Moctezuma\u201d","M\u00e9xico","Miguel Torruco Marqu\u00e9s","Sectur"],"articleSection":["Marketing","M\u00e9xico"],"inLanguage":"es-MX","potentialAction":[{"@type":"CommentAction","name":"Comment","target":["https:\/\/nitu.mx\/index.php\/2021\/01\/29\/anuncia-sectur-segunda-edicion-de-la-carrera-de-la-ruta-del-pescado-de-moctezuma\/#respond"]}]},{"@type":"WebPage","@id":"https:\/\/nitu.mx\/index.php\/2021\/01\/29\/anuncia-sectur-segunda-edicion-de-la-carrera-de-la-ruta-del-pescado-de-moctezuma\/","url":"https:\/\/nitu.mx\/index.php\/2021\/01\/29\/anuncia-sectur-segunda-edicion-de-la-carrera-de-la-ruta-del-pescado-de-moctezuma\/","name":"Anuncia Sectur segunda edici\u00f3n de la \u201cCarrera de la Ruta del Pescado de Moctezuma\u201d - Nitu - Noticias de la Industria Turistica","isPartOf":{"@id":"https:\/\/nitu.mx\/#website"},"primaryImageOfPage":{"@id":"https:\/\/nitu.mx\/index.php\/2021\/01\/29\/anuncia-sectur-segunda-edicion-de-la-carrera-de-la-ruta-del-pescado-de-moctezuma\/#primaryimage"},"image":{"@id":"https:\/\/nitu.mx\/index.php\/2021\/01\/29\/anuncia-sectur-segunda-edicion-de-la-carrera-de-la-ruta-del-pescado-de-moctezuma\/#primaryimage"},"thumbnailUrl":"https:\/\/nitu.mx\/wp-content\/uploads\/2021\/01\/ruta-pescado-moctezuma.jpg","datePublished":"2021-01-29T05:35:07+00:00","dateModified":"2021-01-29T06:39:00+00:00","breadcrumb":{"@id":"https:\/\/nitu.mx\/index.php\/2021\/01\/29\/anuncia-sectur-segunda-edicion-de-la-carrera-de-la-ruta-del-pescado-de-moctezuma\/#breadcrumb"},"inLanguage":"es-MX","potentialAction":[{"@type":"ReadAction","target":["https:\/\/nitu.mx\/index.php\/2021\/01\/29\/anuncia-sectur-segunda-edicion-de-la-carrera-de-la-ruta-del-pescado-de-moctezuma\/"]}]},{"@type":"ImageObject","inLanguage":"es-MX","@id":"https:\/\/nitu.mx\/index.php\/2021\/01\/29\/anuncia-sectur-segunda-edicion-de-la-carrera-de-la-ruta-del-pescado-de-moctezuma\/#primaryimage","url":"https:\/\/nitu.mx\/wp-content\/uploads\/2021\/01\/ruta-pescado-moctezuma.jpg","contentUrl":"https:\/\/nitu.mx\/wp-content\/uploads\/2021\/01\/ruta-pescado-moctezuma.jpg","width":1200,"height":675},{"@type":"BreadcrumbList","@id":"https:\/\/nitu.mx\/index.php\/2021\/01\/29\/anuncia-sectur-segunda-edicion-de-la-carrera-de-la-ruta-del-pescado-de-moctezuma\/#breadcrumb","itemListElement":[{"@type":"ListItem","position":1,"name":"Inicio","item":"https:\/\/nitu.mx\/"},{"@type":"ListItem","position":2,"name":"Anuncia Sectur segunda edici\u00f3n de la \u201cCarrera de la Ruta del Pescado de Moctezuma\u201d"}]},{"@type":"WebSite","@id":"https:\/\/nitu.mx\/#website","url":"https:\/\/nitu.mx\/","name":"Nitu - Noticias de la Industria Turistica","description":"Noticias de la Industria Turistica","publisher":{"@id":"https:\/\/nitu.mx\/#\/schema\/person\/ae7a53426417292d3dd07b45a33e01bc"},"alternateName":"Noticias de la Industria Turistica","potentialAction":[{"@type":"SearchAction","target":{"@type":"EntryPoint","urlTemplate":"https:\/\/nitu.mx\/?s={search_term_string}"},"query-input":"required name=search_term_string"}],"inLanguage":"es-MX"},{"@type":["Person","Organization"],"@id":"https:\/\/nitu.mx\/#\/schema\/person\/ae7a53426417292d3dd07b45a33e01bc","name":"Arturo Medina","image":{"@type":"ImageObject","inLanguage":"es-MX","@id":"https:\/\/nitu.mx\/#\/schema\/person\/image\/","url":"https:\/\/nitu.mx\/wp-content\/uploads\/2024\/04\/4A315622-1904-4D5C-B022-878CDC840E04-90x90-1.jpeg","contentUrl":"https:\/\/nitu.mx\/wp-content\/uploads\/2024\/04\/4A315622-1904-4D5C-B022-878CDC840E04-90x90-1.jpeg","width":90,"height":90,"caption":"Arturo Medina"},"logo":{"@id":"https:\/\/nitu.mx\/#\/schema\/person\/image\/"},"description":"Director NITU.mx, Egresado de la Escuela de Periodismo Carlos Septi\u00e9n Garc\u00eda. Periodista y analista especializado en turismo desde hace 35 a\u00f1os, radicado en Canc\u00fan Q.Roo. arturo@nitu.mx","sameAs":["https:\/\/nitu.mx","https:\/\/www.facebook.com\/NITUmx\/","medinacancun","https:\/\/twitter.com\/@Arturo_Medina_G"]},{"@type":"Person","@id":"https:\/\/nitu.mx\/#\/schema\/person\/4a28fe9bd65924f7c90623773daf1b0b","name":"Redacci\u00f3n","image":{"@type":"ImageObject","inLanguage":"es-MX","@id":"https:\/\/nitu.mx\/#\/schema\/person\/image\/","url":"https:\/\/secure.gravatar.com\/avatar\/5dd011c8ccfc5cd7e4c81e42252aab38?s=96&d=mm&r=g","contentUrl":"https:\/\/secure.gravatar.com\/avatar\/5dd011c8ccfc5cd7e4c81e42252aab38?s=96&d=mm&r=g","caption":"Redacci\u00f3n"},"url":"https:\/\/nitu.mx\/index.php\/author\/redaccion\/"}]}},"views":673,"_links":{"self":[{"href":"https:\/\/nitu.mx\/index.php\/wp-json\/wp\/v2\/posts\/49964"}],"collection":[{"href":"https:\/\/nitu.mx\/index.php\/wp-json\/wp\/v2\/posts"}],"about":[{"href":"https:\/\/nitu.mx\/index.php\/wp-json\/wp\/v2\/types\/post"}],"author":[{"embeddable":true,"href":"https:\/\/nitu.mx\/index.php\/wp-json\/wp\/v2\/users\/17"}],"replies":[{"embeddable":true,"href":"https:\/\/nitu.mx\/index.php\/wp-json\/wp\/v2\/comments?post=49964"}],"version-history":[{"count":2,"href":"https:\/\/nitu.mx\/index.php\/wp-json\/wp\/v2\/posts\/49964\/revisions"}],"predecessor-version":[{"id":49979,"href":"https:\/\/nitu.mx\/index.php\/wp-json\/wp\/v2\/posts\/49964\/revisions\/49979"}],"wp:featuredmedia":[{"embeddable":true,"href":"https:\/\/nitu.mx\/index.php\/wp-json\/wp\/v2\/media\/49978"}],"wp:attachment":[{"href":"https:\/\/nitu.mx\/index.php\/wp-json\/wp\/v2\/media?parent=49964"}],"wp:term":[{"taxonomy":"category","embeddable":true,"href":"https:\/\/nitu.mx\/index.php\/wp-json\/wp\/v2\/categories?post=49964"},{"taxonomy":"post_tag","embeddable":true,"href":"https:\/\/nitu.mx\/index.php\/wp-json\/wp\/v2\/tags?post=49964"}],"curies":[{"name":"wp","href":"https:\/\/api.w.org\/{rel}","templated":true}]}}