{"id":49845,"date":"2021-01-25T19:56:02","date_gmt":"2021-01-26T00:56:02","guid":{"rendered":"https:\/\/www.dev.nitu.mx\/?p=49845"},"modified":"2021-01-26T01:27:55","modified_gmt":"2021-01-26T06:27:55","slug":"niega-estados-unidos-que-exija-cuarentena-a-viajeros-internacionales","status":"publish","type":"post","link":"https:\/\/nitu.mx\/index.php\/2021\/01\/25\/niega-estados-unidos-que-exija-cuarentena-a-viajeros-internacionales\/","title":{"rendered":"Niega Estados Unidos que exija cuarentena a viajeros internacionales"},"content":{"rendered":"<p>Tras la incertidumbre que gener\u00f3 la medida de un aislamiento para los viajeros internacionales hacia Estados Unidos, la embajada de ese pa\u00eds en M\u00e9xico confirm\u00f3 que se trata solo de una sugerencia de los Centros de Control y Prevenci\u00f3n de Enfermedades (CDC) y no un requisito obligatorio.<\/p>\n<p>A partir de hoy, los viajeros que ingresen a Estados Unidos por v\u00eda a\u00e9rea solo deben presentar una prueba negativa de Covid-19 ya sea impresa o digital, en la aerol\u00ednea que vayan a viajar para que les autorice el abordaje.<\/p>\n<p>Esta medida anunciada hace dos semanas sigue vigente y no ha cambiado con la entrada del presidente Joe Biden, sin embargo, se reiter\u00f3 la recomendaci\u00f3n de hacer una cuarentena a la llegada para descartar la aparici\u00f3n de la enfermedad en d\u00edas posteriores.<\/p>\n<p>Al hacer la precisi\u00f3n sobre este requisito, Nirma Bustamante, directora de la Oficina en M\u00e9xico de los CDC, consider\u00f3 importante agregar que el organismo recomienda que los viajeros se hagan una prueba tres o cinco d\u00edas despu\u00e9s del viaje y se queden en una cuarentena voluntaria de siete d\u00edas.<\/p>\n<p>\u201cEsto se aplica aunque el resultado de la prueba de Covid-19 obtenido antes de salir de viaje haya sido negativo, ya que, como ustedes saben, a veces el virus se detecta varios d\u00edas despu\u00e9s de que la persona se haya infectado\u201d, agreg\u00f3 Bustamante.<\/p>\n<p>Por su parte, Mar\u00eda Julia Marinissen, agregada de Salud en la Embajada de Estados Unidos en M\u00e9xico, detall\u00f3 que el requisito de la prueba negativa aplica para todas las personas a partir de los dos a\u00f1os, y tanto extranjeros, como ciudadanos y residentes del pa\u00eds.<\/p>\n<p>Las \u00fanicas pruebas v\u00e1lidas para cumplir la medida son las PCR o de ant\u00edgenos, y no se aceptar\u00e1n las serol\u00f3gicas. Adem\u00e1s, la prueba deber\u00e1 tener un m\u00e1ximo de tres d\u00edas de haberse realizado, o presentar un documento que demuestre que ya han tenido Covid-19 dentro de los tres meses anteriores a viajar y que ya se han recuperado.\u00a0<a title=\"Incertidumbre sobre medida de aislamiento de viajeros a EUA\" href=\"https:\/\/www.dev.nitu.mx\/index.php\/2021\/01\/25\/incertidumbre-sobre-medida-de-aislamiento-de-viajeros-a-eua\/\" rel=\"bookmark\">(Incertidumbre sobre medida de aislamiento de viajeros a EUA<\/a>).<\/p>\n","protected":false},"excerpt":{"rendered":"<p>Tras la incertidumbre que gener\u00f3 la medida de un aislamiento para los viajeros internacionales hacia Estados Unidos, la embajada de ese pa\u00eds en M\u00e9xico confirm\u00f3 que se trata solo de una sugerencia de los Centros de Control y Prevenci\u00f3n de Enfermedades (CDC) y no un requisito obligatorio. A partir de hoy, los viajeros que ingresen [&hellip;]<\/p>\n","protected":false},"author":18,"featured_media":49145,"comment_status":"open","ping_status":"open","sticky":false,"template":"","format":"standard","meta":{"footnotes":""},"categories":[7],"tags":[19170,100,21474],"yoast_head":"<!-- This site is optimized with the Yoast SEO plugin v22.2 - https:\/\/yoast.com\/wordpress\/plugins\/seo\/ -->\n<title>Niega Estados Unidos que exija cuarentena a viajeros internacionales - Nitu - Noticias de la Industria Turistica<\/title>\n<meta name=\"robots\" content=\"index, follow, max-snippet:-1, max-image-preview:large, max-video-preview:-1\" \/>\n<link rel=\"canonical\" href=\"https:\/\/nitu.mx\/index.php\/2021\/01\/25\/niega-estados-unidos-que-exija-cuarentena-a-viajeros-internacionales\/\" \/>\n<meta name=\"twitter:card\" content=\"summary_large_image\" \/>\n<meta name=\"twitter:title\" content=\"Niega Estados Unidos que exija cuarentena a viajeros internacionales - Nitu - Noticias de la Industria Turistica\" \/>\n<meta name=\"twitter:description\" content=\"Tras la incertidumbre que gener\u00f3 la medida de un aislamiento para los viajeros internacionales hacia Estados Unidos, la embajada de ese pa\u00eds en M\u00e9xico confirm\u00f3 que se trata solo de una sugerencia de los Centros de Control y Prevenci\u00f3n de Enfermedades (CDC) y no un requisito obligatorio. A partir de hoy, los viajeros que ingresen [&hellip;]\" \/>\n<meta name=\"twitter:image\" content=\"https:\/\/nitu.mx\/wp-content\/uploads\/2020\/12\/consulado-EU-Cancu\u0301n.jpg\" \/>\n<meta name=\"twitter:creator\" content=\"@NITUmx\" \/>\n<meta name=\"twitter:site\" content=\"@Arturo_Medina_G\" \/>\n<meta name=\"twitter:label1\" content=\"Escrito por\" \/>\n\t<meta name=\"twitter:data1\" content=\"Guadalupe Sixto\" \/>\n\t<meta name=\"twitter:label2\" content=\"Tiempo de lectura\" \/>\n\t<meta name=\"twitter:data2\" content=\"2 minutos\" \/>\n<script type=\"application\/ld+json\" class=\"yoast-schema-graph\">{\"@context\":\"https:\/\/schema.org\",\"@graph\":[{\"@type\":\"Article\",\"@id\":\"https:\/\/nitu.mx\/index.php\/2021\/01\/25\/niega-estados-unidos-que-exija-cuarentena-a-viajeros-internacionales\/#article\",\"isPartOf\":{\"@id\":\"https:\/\/nitu.mx\/index.php\/2021\/01\/25\/niega-estados-unidos-que-exija-cuarentena-a-viajeros-internacionales\/\"},\"author\":{\"name\":\"Guadalupe Sixto\",\"@id\":\"https:\/\/nitu.mx\/#\/schema\/person\/3df3082b5e46037e3f13614d28ee0b77\"},\"headline\":\"Niega Estados Unidos que exija cuarentena a viajeros internacionales\",\"datePublished\":\"2021-01-26T00:56:02+00:00\",\"dateModified\":\"2021-01-26T06:27:55+00:00\",\"mainEntityOfPage\":{\"@id\":\"https:\/\/nitu.mx\/index.php\/2021\/01\/25\/niega-estados-unidos-que-exija-cuarentena-a-viajeros-internacionales\/\"},\"wordCount\":369,\"commentCount\":0,\"publisher\":{\"@id\":\"https:\/\/nitu.mx\/#\/schema\/person\/ae7a53426417292d3dd07b45a33e01bc\"},\"image\":{\"@id\":\"https:\/\/nitu.mx\/index.php\/2021\/01\/25\/niega-estados-unidos-que-exija-cuarentena-a-viajeros-internacionales\/#primaryimage\"},\"thumbnailUrl\":\"https:\/\/nitu.mx\/wp-content\/uploads\/2020\/12\/consulado-EU-Cancu\u0301n.jpg\",\"keywords\":[\"CDC\",\"Estados Unidos\",\"pruebas COVID-19\"],\"articleSection\":[\"Estados Unidos\"],\"inLanguage\":\"es-MX\",\"potentialAction\":[{\"@type\":\"CommentAction\",\"name\":\"Comment\",\"target\":[\"https:\/\/nitu.mx\/index.php\/2021\/01\/25\/niega-estados-unidos-que-exija-cuarentena-a-viajeros-internacionales\/#respond\"]}]},{\"@type\":\"WebPage\",\"@id\":\"https:\/\/nitu.mx\/index.php\/2021\/01\/25\/niega-estados-unidos-que-exija-cuarentena-a-viajeros-internacionales\/\",\"url\":\"https:\/\/nitu.mx\/index.php\/2021\/01\/25\/niega-estados-unidos-que-exija-cuarentena-a-viajeros-internacionales\/\",\"name\":\"Niega Estados Unidos que exija cuarentena a viajeros internacionales - Nitu - Noticias de la Industria Turistica\",\"isPartOf\":{\"@id\":\"https:\/\/nitu.mx\/#website\"},\"primaryImageOfPage\":{\"@id\":\"https:\/\/nitu.mx\/index.php\/2021\/01\/25\/niega-estados-unidos-que-exija-cuarentena-a-viajeros-internacionales\/#primaryimage\"},\"image\":{\"@id\":\"https:\/\/nitu.mx\/index.php\/2021\/01\/25\/niega-estados-unidos-que-exija-cuarentena-a-viajeros-internacionales\/#primaryimage\"},\"thumbnailUrl\":\"https:\/\/nitu.mx\/wp-content\/uploads\/2020\/12\/consulado-EU-Cancu\u0301n.jpg\",\"datePublished\":\"2021-01-26T00:56:02+00:00\",\"dateModified\":\"2021-01-26T06:27:55+00:00\",\"breadcrumb\":{\"@id\":\"https:\/\/nitu.mx\/index.php\/2021\/01\/25\/niega-estados-unidos-que-exija-cuarentena-a-viajeros-internacionales\/#breadcrumb\"},\"inLanguage\":\"es-MX\",\"potentialAction\":[{\"@type\":\"ReadAction\",\"target\":[\"https:\/\/nitu.mx\/index.php\/2021\/01\/25\/niega-estados-unidos-que-exija-cuarentena-a-viajeros-internacionales\/\"]}]},{\"@type\":\"ImageObject\",\"inLanguage\":\"es-MX\",\"@id\":\"https:\/\/nitu.mx\/index.php\/2021\/01\/25\/niega-estados-unidos-que-exija-cuarentena-a-viajeros-internacionales\/#primaryimage\",\"url\":\"https:\/\/nitu.mx\/wp-content\/uploads\/2020\/12\/consulado-EU-Cancu\u0301n.jpg\",\"contentUrl\":\"https:\/\/nitu.mx\/wp-content\/uploads\/2020\/12\/consulado-EU-Cancu\u0301n.jpg\",\"width\":1200,\"height\":675,\"caption\":\"Estados Unidos\"},{\"@type\":\"BreadcrumbList\",\"@id\":\"https:\/\/nitu.mx\/index.php\/2021\/01\/25\/niega-estados-unidos-que-exija-cuarentena-a-viajeros-internacionales\/#breadcrumb\",\"itemListElement\":[{\"@type\":\"ListItem\",\"position\":1,\"name\":\"Inicio\",\"item\":\"https:\/\/nitu.mx\/\"},{\"@type\":\"ListItem\",\"position\":2,\"name\":\"Niega Estados Unidos que exija cuarentena a viajeros internacionales\"}]},{\"@type\":\"WebSite\",\"@id\":\"https:\/\/nitu.mx\/#website\",\"url\":\"https:\/\/nitu.mx\/\",\"name\":\"Nitu - Noticias de la Industria Turistica\",\"description\":\"Noticias de la Industria Turistica\",\"publisher\":{\"@id\":\"https:\/\/nitu.mx\/#\/schema\/person\/ae7a53426417292d3dd07b45a33e01bc\"},\"alternateName\":\"Noticias de la Industria Turistica\",\"potentialAction\":[{\"@type\":\"SearchAction\",\"target\":{\"@type\":\"EntryPoint\",\"urlTemplate\":\"https:\/\/nitu.mx\/?s={search_term_string}\"},\"query-input\":\"required name=search_term_string\"}],\"inLanguage\":\"es-MX\"},{\"@type\":[\"Person\",\"Organization\"],\"@id\":\"https:\/\/nitu.mx\/#\/schema\/person\/ae7a53426417292d3dd07b45a33e01bc\",\"name\":\"Arturo Medina\",\"image\":{\"@type\":\"ImageObject\",\"inLanguage\":\"es-MX\",\"@id\":\"https:\/\/nitu.mx\/#\/schema\/person\/image\/\",\"url\":\"https:\/\/nitu.mx\/wp-content\/uploads\/2024\/04\/4A315622-1904-4D5C-B022-878CDC840E04-90x90-1.jpeg\",\"contentUrl\":\"https:\/\/nitu.mx\/wp-content\/uploads\/2024\/04\/4A315622-1904-4D5C-B022-878CDC840E04-90x90-1.jpeg\",\"width\":90,\"height\":90,\"caption\":\"Arturo Medina\"},\"logo\":{\"@id\":\"https:\/\/nitu.mx\/#\/schema\/person\/image\/\"},\"description\":\"Director NITU.mx, Egresado de la Escuela de Periodismo Carlos Septi\u00e9n Garc\u00eda. Periodista y analista especializado en turismo desde hace 35 a\u00f1os, radicado en Canc\u00fan Q.Roo. arturo@nitu.mx\",\"sameAs\":[\"https:\/\/nitu.mx\",\"https:\/\/www.facebook.com\/NITUmx\/\",\"medinacancun\",\"https:\/\/twitter.com\/@Arturo_Medina_G\"]},{\"@type\":\"Person\",\"@id\":\"https:\/\/nitu.mx\/#\/schema\/person\/3df3082b5e46037e3f13614d28ee0b77\",\"name\":\"Guadalupe Sixto\",\"image\":{\"@type\":\"ImageObject\",\"inLanguage\":\"es-MX\",\"@id\":\"https:\/\/nitu.mx\/#\/schema\/person\/image\/\",\"url\":\"https:\/\/secure.gravatar.com\/avatar\/13914e1b0e1919e91f9539de4dc584c4?s=96&d=mm&r=g\",\"contentUrl\":\"https:\/\/secure.gravatar.com\/avatar\/13914e1b0e1919e91f9539de4dc584c4?s=96&d=mm&r=g\",\"caption\":\"Guadalupe Sixto\"},\"url\":\"https:\/\/nitu.mx\/index.php\/author\/gsixto\/\"}]}<\/script>\n<!-- \/ Yoast SEO plugin. -->","yoast_head_json":{"title":"Niega Estados Unidos que exija cuarentena a viajeros internacionales - Nitu - Noticias de la Industria Turistica","robots":{"index":"index","follow":"follow","max-snippet":"max-snippet:-1","max-image-preview":"max-image-preview:large","max-video-preview":"max-video-preview:-1"},"canonical":"https:\/\/nitu.mx\/index.php\/2021\/01\/25\/niega-estados-unidos-que-exija-cuarentena-a-viajeros-internacionales\/","twitter_card":"summary_large_image","twitter_title":"Niega Estados Unidos que exija cuarentena a viajeros internacionales - Nitu - Noticias de la Industria Turistica","twitter_description":"Tras la incertidumbre que gener\u00f3 la medida de un aislamiento para los viajeros internacionales hacia Estados Unidos, la embajada de ese pa\u00eds en M\u00e9xico confirm\u00f3 que se trata solo de una sugerencia de los Centros de Control y Prevenci\u00f3n de Enfermedades (CDC) y no un requisito obligatorio. A partir de hoy, los viajeros que ingresen [&hellip;]","twitter_image":"https:\/\/nitu.mx\/wp-content\/uploads\/2020\/12\/consulado-EU-Cancu\u0301n.jpg","twitter_creator":"@NITUmx","twitter_site":"@Arturo_Medina_G","twitter_misc":{"Escrito por":"Guadalupe Sixto","Tiempo de lectura":"2 minutos"},"schema":{"@context":"https:\/\/schema.org","@graph":[{"@type":"Article","@id":"https:\/\/nitu.mx\/index.php\/2021\/01\/25\/niega-estados-unidos-que-exija-cuarentena-a-viajeros-internacionales\/#article","isPartOf":{"@id":"https:\/\/nitu.mx\/index.php\/2021\/01\/25\/niega-estados-unidos-que-exija-cuarentena-a-viajeros-internacionales\/"},"author":{"name":"Guadalupe Sixto","@id":"https:\/\/nitu.mx\/#\/schema\/person\/3df3082b5e46037e3f13614d28ee0b77"},"headline":"Niega Estados Unidos que exija cuarentena a viajeros internacionales","datePublished":"2021-01-26T00:56:02+00:00","dateModified":"2021-01-26T06:27:55+00:00","mainEntityOfPage":{"@id":"https:\/\/nitu.mx\/index.php\/2021\/01\/25\/niega-estados-unidos-que-exija-cuarentena-a-viajeros-internacionales\/"},"wordCount":369,"commentCount":0,"publisher":{"@id":"https:\/\/nitu.mx\/#\/schema\/person\/ae7a53426417292d3dd07b45a33e01bc"},"image":{"@id":"https:\/\/nitu.mx\/index.php\/2021\/01\/25\/niega-estados-unidos-que-exija-cuarentena-a-viajeros-internacionales\/#primaryimage"},"thumbnailUrl":"https:\/\/nitu.mx\/wp-content\/uploads\/2020\/12\/consulado-EU-Cancu\u0301n.jpg","keywords":["CDC","Estados Unidos","pruebas COVID-19"],"articleSection":["Estados Unidos"],"inLanguage":"es-MX","potentialAction":[{"@type":"CommentAction","name":"Comment","target":["https:\/\/nitu.mx\/index.php\/2021\/01\/25\/niega-estados-unidos-que-exija-cuarentena-a-viajeros-internacionales\/#respond"]}]},{"@type":"WebPage","@id":"https:\/\/nitu.mx\/index.php\/2021\/01\/25\/niega-estados-unidos-que-exija-cuarentena-a-viajeros-internacionales\/","url":"https:\/\/nitu.mx\/index.php\/2021\/01\/25\/niega-estados-unidos-que-exija-cuarentena-a-viajeros-internacionales\/","name":"Niega Estados Unidos que exija cuarentena a viajeros internacionales - Nitu - Noticias de la Industria Turistica","isPartOf":{"@id":"https:\/\/nitu.mx\/#website"},"primaryImageOfPage":{"@id":"https:\/\/nitu.mx\/index.php\/2021\/01\/25\/niega-estados-unidos-que-exija-cuarentena-a-viajeros-internacionales\/#primaryimage"},"image":{"@id":"https:\/\/nitu.mx\/index.php\/2021\/01\/25\/niega-estados-unidos-que-exija-cuarentena-a-viajeros-internacionales\/#primaryimage"},"thumbnailUrl":"https:\/\/nitu.mx\/wp-content\/uploads\/2020\/12\/consulado-EU-Cancu\u0301n.jpg","datePublished":"2021-01-26T00:56:02+00:00","dateModified":"2021-01-26T06:27:55+00:00","breadcrumb":{"@id":"https:\/\/nitu.mx\/index.php\/2021\/01\/25\/niega-estados-unidos-que-exija-cuarentena-a-viajeros-internacionales\/#breadcrumb"},"inLanguage":"es-MX","potentialAction":[{"@type":"ReadAction","target":["https:\/\/nitu.mx\/index.php\/2021\/01\/25\/niega-estados-unidos-que-exija-cuarentena-a-viajeros-internacionales\/"]}]},{"@type":"ImageObject","inLanguage":"es-MX","@id":"https:\/\/nitu.mx\/index.php\/2021\/01\/25\/niega-estados-unidos-que-exija-cuarentena-a-viajeros-internacionales\/#primaryimage","url":"https:\/\/nitu.mx\/wp-content\/uploads\/2020\/12\/consulado-EU-Cancu\u0301n.jpg","contentUrl":"https:\/\/nitu.mx\/wp-content\/uploads\/2020\/12\/consulado-EU-Cancu\u0301n.jpg","width":1200,"height":675,"caption":"Estados Unidos"},{"@type":"BreadcrumbList","@id":"https:\/\/nitu.mx\/index.php\/2021\/01\/25\/niega-estados-unidos-que-exija-cuarentena-a-viajeros-internacionales\/#breadcrumb","itemListElement":[{"@type":"ListItem","position":1,"name":"Inicio","item":"https:\/\/nitu.mx\/"},{"@type":"ListItem","position":2,"name":"Niega Estados Unidos que exija cuarentena a viajeros internacionales"}]},{"@type":"WebSite","@id":"https:\/\/nitu.mx\/#website","url":"https:\/\/nitu.mx\/","name":"Nitu - Noticias de la Industria Turistica","description":"Noticias de la Industria Turistica","publisher":{"@id":"https:\/\/nitu.mx\/#\/schema\/person\/ae7a53426417292d3dd07b45a33e01bc"},"alternateName":"Noticias de la Industria Turistica","potentialAction":[{"@type":"SearchAction","target":{"@type":"EntryPoint","urlTemplate":"https:\/\/nitu.mx\/?s={search_term_string}"},"query-input":"required name=search_term_string"}],"inLanguage":"es-MX"},{"@type":["Person","Organization"],"@id":"https:\/\/nitu.mx\/#\/schema\/person\/ae7a53426417292d3dd07b45a33e01bc","name":"Arturo Medina","image":{"@type":"ImageObject","inLanguage":"es-MX","@id":"https:\/\/nitu.mx\/#\/schema\/person\/image\/","url":"https:\/\/nitu.mx\/wp-content\/uploads\/2024\/04\/4A315622-1904-4D5C-B022-878CDC840E04-90x90-1.jpeg","contentUrl":"https:\/\/nitu.mx\/wp-content\/uploads\/2024\/04\/4A315622-1904-4D5C-B022-878CDC840E04-90x90-1.jpeg","width":90,"height":90,"caption":"Arturo Medina"},"logo":{"@id":"https:\/\/nitu.mx\/#\/schema\/person\/image\/"},"description":"Director NITU.mx, Egresado de la Escuela de Periodismo Carlos Septi\u00e9n Garc\u00eda. Periodista y analista especializado en turismo desde hace 35 a\u00f1os, radicado en Canc\u00fan Q.Roo. arturo@nitu.mx","sameAs":["https:\/\/nitu.mx","https:\/\/www.facebook.com\/NITUmx\/","medinacancun","https:\/\/twitter.com\/@Arturo_Medina_G"]},{"@type":"Person","@id":"https:\/\/nitu.mx\/#\/schema\/person\/3df3082b5e46037e3f13614d28ee0b77","name":"Guadalupe Sixto","image":{"@type":"ImageObject","inLanguage":"es-MX","@id":"https:\/\/nitu.mx\/#\/schema\/person\/image\/","url":"https:\/\/secure.gravatar.com\/avatar\/13914e1b0e1919e91f9539de4dc584c4?s=96&d=mm&r=g","contentUrl":"https:\/\/secure.gravatar.com\/avatar\/13914e1b0e1919e91f9539de4dc584c4?s=96&d=mm&r=g","caption":"Guadalupe Sixto"},"url":"https:\/\/nitu.mx\/index.php\/author\/gsixto\/"}]}},"views":219,"_links":{"self":[{"href":"https:\/\/nitu.mx\/index.php\/wp-json\/wp\/v2\/posts\/49845"}],"collection":[{"href":"https:\/\/nitu.mx\/index.php\/wp-json\/wp\/v2\/posts"}],"about":[{"href":"https:\/\/nitu.mx\/index.php\/wp-json\/wp\/v2\/types\/post"}],"author":[{"embeddable":true,"href":"https:\/\/nitu.mx\/index.php\/wp-json\/wp\/v2\/users\/18"}],"replies":[{"embeddable":true,"href":"https:\/\/nitu.mx\/index.php\/wp-json\/wp\/v2\/comments?post=49845"}],"version-history":[{"count":3,"href":"https:\/\/nitu.mx\/index.php\/wp-json\/wp\/v2\/posts\/49845\/revisions"}],"predecessor-version":[{"id":49850,"href":"https:\/\/nitu.mx\/index.php\/wp-json\/wp\/v2\/posts\/49845\/revisions\/49850"}],"wp:featuredmedia":[{"embeddable":true,"href":"https:\/\/nitu.mx\/index.php\/wp-json\/wp\/v2\/media\/49145"}],"wp:attachment":[{"href":"https:\/\/nitu.mx\/index.php\/wp-json\/wp\/v2\/media?parent=49845"}],"wp:term":[{"taxonomy":"category","embeddable":true,"href":"https:\/\/nitu.mx\/index.php\/wp-json\/wp\/v2\/categories?post=49845"},{"taxonomy":"post_tag","embeddable":true,"href":"https:\/\/nitu.mx\/index.php\/wp-json\/wp\/v2\/tags?post=49845"}],"curies":[{"name":"wp","href":"https:\/\/api.w.org\/{rel}","templated":true}]}}