{"id":49844,"date":"2021-01-25T19:47:39","date_gmt":"2021-01-26T00:47:39","guid":{"rendered":"https:\/\/www.dev.nitu.mx\/?p=49844"},"modified":"2021-01-26T01:28:42","modified_gmt":"2021-01-26T06:28:42","slug":"listo-cancun-para-atender-llegada-de-sargazo","status":"publish","type":"post","link":"https:\/\/nitu.mx\/index.php\/2021\/01\/25\/listo-cancun-para-atender-llegada-de-sargazo\/","title":{"rendered":"Listo Canc\u00fan para atender llegada de sargazo"},"content":{"rendered":"<p>La Presidente Municipal de Benito Juarez Mara Lezama, subray\u00f3 que a pesar de que los estudios de la Secretar\u00eda de Marina (SEMAR) indican que este a\u00f1o existir\u00e1 una menor llegada de la macroalga a las costas del Caribe Mexicano, el gobierno municipal no disminuir\u00e1 esfuerzo en atender esta problem\u00e1tica, para que los turistas que visiten Canc\u00fan se puedan llevar una mejor experiencia.<\/p>\n<p>\u201cPara fortuna nuestra el sargazo cedi\u00f3 un poco, con presencia de niveles de media y baja para el 2021, se agradece que este a\u00f1o el tema del sargazo no vaya a ser tan complicado ya que el panorama mundial con respecto al COVID-19 todav\u00eda no est\u00e1 muy claro\u201d, afirm\u00f3.<\/p>\n<p>Adem\u00e1s, Mara Lezama record\u00f3 que sus primeros dos a\u00f1os de administraci\u00f3n han sido unos de los m\u00e1s complicados con respecto a este fen\u00f3meno, ya que 2018, 2015, 2019, 2020 y 2014 han sido las temporadas con mayor abundancia de la macroalga y gracias a la coordinaci\u00f3n con el gobierno federal y estatal, ha podido superar el reto y mantener la gran calidad de playas que caracteriza al destino.<\/p>\n<p>Este lunes la autoridad municipal particip\u00f3 en la \u201cReuni\u00f3n de trabajo sobre el balance general y acciones para atender el sargazo en la costa de Quintana Roo\u201d, en la que estuvieron presentes autoridades de los tres \u00f3rdenes de gobierno.<\/p>\n<p>A\u00f1adi\u00f3 que gracias a esta estrategia, se podr\u00e1 seguir avanzando en la recuperaci\u00f3n tur\u00edstica de Canc\u00fan y la recuperaci\u00f3n de empleos de manera responsable, paulatina y escalonada.<\/p>\n<p>\u201cReconozco el profesionalismo de la Marina Armada de M\u00e9xico, cada quien es experto en lo suyo, nosotros somos coadyuvantes y precisamente por eso nos ponemos a disposici\u00f3n de todo lo que se nos requiera\u201d, expres\u00f3 Mara Lezama al agradecer el apoyo del gobierno federal en esta labor.<\/p>\n<p>El encuentro fue encabezado por el Contralmirante del Cuerpo General Diplomado Estado Mayor, Enrique Flores Morado, Coordinador de Actividades de Sargazo de la SEMAR, quien inform\u00f3 a las autoridades sobre los preparativos y estrategias para la temporada de Sargazo 2021. (<a title=\"En enero se prev\u00e9\u00a0 floraci\u00f3n de sargazo en el Caribe Mexicano\" href=\"https:\/\/www.dev.nitu.mx\/index.php\/2021\/01\/12\/en-enero-se-preve-floracion-de-sargazo-en-el-caribe-mexicano\/\" rel=\"bookmark\">En enero se prev\u00e9\u00a0 floraci\u00f3n de sargazo en el Caribe Mexicano<\/a>).<\/p>\n","protected":false},"excerpt":{"rendered":"<p>La Presidente Municipal de Benito Juarez Mara Lezama, subray\u00f3 que a pesar de que los estudios de la Secretar\u00eda de Marina (SEMAR) indican que este a\u00f1o existir\u00e1 una menor llegada de la macroalga a las costas del Caribe Mexicano, el gobierno municipal no disminuir\u00e1 esfuerzo en atender esta problem\u00e1tica, para que los turistas que visiten [&hellip;]<\/p>\n","protected":false},"author":17,"featured_media":39381,"comment_status":"open","ping_status":"open","sticky":false,"template":"","format":"standard","meta":{"footnotes":""},"categories":[21403],"tags":[43,14028,10332,6700],"yoast_head":"<!-- This site is optimized with the Yoast SEO plugin v22.2 - https:\/\/yoast.com\/wordpress\/plugins\/seo\/ -->\n<title>Listo Canc\u00fan para atender llegada de sargazo - Nitu - Noticias de la Industria Turistica<\/title>\n<meta name=\"robots\" content=\"index, follow, max-snippet:-1, max-image-preview:large, max-video-preview:-1\" \/>\n<link rel=\"canonical\" href=\"https:\/\/nitu.mx\/index.php\/2021\/01\/25\/listo-cancun-para-atender-llegada-de-sargazo\/\" \/>\n<meta name=\"twitter:card\" content=\"summary_large_image\" \/>\n<meta name=\"twitter:title\" content=\"Listo Canc\u00fan para atender llegada de sargazo - Nitu - Noticias de la Industria Turistica\" \/>\n<meta name=\"twitter:description\" content=\"La Presidente Municipal de Benito Juarez Mara Lezama, subray\u00f3 que a pesar de que los estudios de la Secretar\u00eda de Marina (SEMAR) indican que este a\u00f1o existir\u00e1 una menor llegada de la macroalga a las costas del Caribe Mexicano, el gobierno municipal no disminuir\u00e1 esfuerzo en atender esta problem\u00e1tica, para que los turistas que visiten [&hellip;]\" \/>\n<meta name=\"twitter:image\" content=\"https:\/\/nitu.mx\/wp-content\/uploads\/2020\/01\/Riviera-Maya-sargazo.jpg\" \/>\n<meta name=\"twitter:creator\" content=\"@NITUmx\" \/>\n<meta name=\"twitter:site\" content=\"@Arturo_Medina_G\" \/>\n<meta name=\"twitter:label1\" content=\"Escrito por\" \/>\n\t<meta name=\"twitter:data1\" content=\"Redacci\u00f3n\" \/>\n\t<meta name=\"twitter:label2\" content=\"Tiempo de lectura\" \/>\n\t<meta name=\"twitter:data2\" content=\"2 minutos\" \/>\n<script type=\"application\/ld+json\" class=\"yoast-schema-graph\">{\"@context\":\"https:\/\/schema.org\",\"@graph\":[{\"@type\":\"Article\",\"@id\":\"https:\/\/nitu.mx\/index.php\/2021\/01\/25\/listo-cancun-para-atender-llegada-de-sargazo\/#article\",\"isPartOf\":{\"@id\":\"https:\/\/nitu.mx\/index.php\/2021\/01\/25\/listo-cancun-para-atender-llegada-de-sargazo\/\"},\"author\":{\"name\":\"Redacci\u00f3n\",\"@id\":\"https:\/\/nitu.mx\/#\/schema\/person\/4a28fe9bd65924f7c90623773daf1b0b\"},\"headline\":\"Listo Canc\u00fan para atender llegada de sargazo\",\"datePublished\":\"2021-01-26T00:47:39+00:00\",\"dateModified\":\"2021-01-26T06:28:42+00:00\",\"mainEntityOfPage\":{\"@id\":\"https:\/\/nitu.mx\/index.php\/2021\/01\/25\/listo-cancun-para-atender-llegada-de-sargazo\/\"},\"wordCount\":365,\"commentCount\":0,\"publisher\":{\"@id\":\"https:\/\/nitu.mx\/#\/schema\/person\/ae7a53426417292d3dd07b45a33e01bc\"},\"image\":{\"@id\":\"https:\/\/nitu.mx\/index.php\/2021\/01\/25\/listo-cancun-para-atender-llegada-de-sargazo\/#primaryimage\"},\"thumbnailUrl\":\"https:\/\/nitu.mx\/wp-content\/uploads\/2020\/01\/Riviera-Maya-sargazo.jpg\",\"keywords\":[\"Canc\u00fan\",\"Mara Lezama\",\"sargazo\",\"Secretar\u00eda de Marina\"],\"articleSection\":[\"Canc\u00fan\"],\"inLanguage\":\"es-MX\",\"potentialAction\":[{\"@type\":\"CommentAction\",\"name\":\"Comment\",\"target\":[\"https:\/\/nitu.mx\/index.php\/2021\/01\/25\/listo-cancun-para-atender-llegada-de-sargazo\/#respond\"]}]},{\"@type\":\"WebPage\",\"@id\":\"https:\/\/nitu.mx\/index.php\/2021\/01\/25\/listo-cancun-para-atender-llegada-de-sargazo\/\",\"url\":\"https:\/\/nitu.mx\/index.php\/2021\/01\/25\/listo-cancun-para-atender-llegada-de-sargazo\/\",\"name\":\"Listo Canc\u00fan para atender llegada de sargazo - Nitu - Noticias de la Industria Turistica\",\"isPartOf\":{\"@id\":\"https:\/\/nitu.mx\/#website\"},\"primaryImageOfPage\":{\"@id\":\"https:\/\/nitu.mx\/index.php\/2021\/01\/25\/listo-cancun-para-atender-llegada-de-sargazo\/#primaryimage\"},\"image\":{\"@id\":\"https:\/\/nitu.mx\/index.php\/2021\/01\/25\/listo-cancun-para-atender-llegada-de-sargazo\/#primaryimage\"},\"thumbnailUrl\":\"https:\/\/nitu.mx\/wp-content\/uploads\/2020\/01\/Riviera-Maya-sargazo.jpg\",\"datePublished\":\"2021-01-26T00:47:39+00:00\",\"dateModified\":\"2021-01-26T06:28:42+00:00\",\"breadcrumb\":{\"@id\":\"https:\/\/nitu.mx\/index.php\/2021\/01\/25\/listo-cancun-para-atender-llegada-de-sargazo\/#breadcrumb\"},\"inLanguage\":\"es-MX\",\"potentialAction\":[{\"@type\":\"ReadAction\",\"target\":[\"https:\/\/nitu.mx\/index.php\/2021\/01\/25\/listo-cancun-para-atender-llegada-de-sargazo\/\"]}]},{\"@type\":\"ImageObject\",\"inLanguage\":\"es-MX\",\"@id\":\"https:\/\/nitu.mx\/index.php\/2021\/01\/25\/listo-cancun-para-atender-llegada-de-sargazo\/#primaryimage\",\"url\":\"https:\/\/nitu.mx\/wp-content\/uploads\/2020\/01\/Riviera-Maya-sargazo.jpg\",\"contentUrl\":\"https:\/\/nitu.mx\/wp-content\/uploads\/2020\/01\/Riviera-Maya-sargazo.jpg\",\"width\":850,\"height\":480,\"caption\":\"Riviera Maya sargazo\"},{\"@type\":\"BreadcrumbList\",\"@id\":\"https:\/\/nitu.mx\/index.php\/2021\/01\/25\/listo-cancun-para-atender-llegada-de-sargazo\/#breadcrumb\",\"itemListElement\":[{\"@type\":\"ListItem\",\"position\":1,\"name\":\"Inicio\",\"item\":\"https:\/\/nitu.mx\/\"},{\"@type\":\"ListItem\",\"position\":2,\"name\":\"Listo Canc\u00fan para atender llegada de sargazo\"}]},{\"@type\":\"WebSite\",\"@id\":\"https:\/\/nitu.mx\/#website\",\"url\":\"https:\/\/nitu.mx\/\",\"name\":\"Nitu - Noticias de la Industria Turistica\",\"description\":\"Noticias de la Industria Turistica\",\"publisher\":{\"@id\":\"https:\/\/nitu.mx\/#\/schema\/person\/ae7a53426417292d3dd07b45a33e01bc\"},\"alternateName\":\"Noticias de la Industria Turistica\",\"potentialAction\":[{\"@type\":\"SearchAction\",\"target\":{\"@type\":\"EntryPoint\",\"urlTemplate\":\"https:\/\/nitu.mx\/?s={search_term_string}\"},\"query-input\":\"required name=search_term_string\"}],\"inLanguage\":\"es-MX\"},{\"@type\":[\"Person\",\"Organization\"],\"@id\":\"https:\/\/nitu.mx\/#\/schema\/person\/ae7a53426417292d3dd07b45a33e01bc\",\"name\":\"Arturo Medina\",\"image\":{\"@type\":\"ImageObject\",\"inLanguage\":\"es-MX\",\"@id\":\"https:\/\/nitu.mx\/#\/schema\/person\/image\/\",\"url\":\"https:\/\/nitu.mx\/wp-content\/uploads\/2024\/04\/4A315622-1904-4D5C-B022-878CDC840E04-90x90-1.jpeg\",\"contentUrl\":\"https:\/\/nitu.mx\/wp-content\/uploads\/2024\/04\/4A315622-1904-4D5C-B022-878CDC840E04-90x90-1.jpeg\",\"width\":90,\"height\":90,\"caption\":\"Arturo Medina\"},\"logo\":{\"@id\":\"https:\/\/nitu.mx\/#\/schema\/person\/image\/\"},\"description\":\"Director NITU.mx, Egresado de la Escuela de Periodismo Carlos Septi\u00e9n Garc\u00eda. Periodista y analista especializado en turismo desde hace 35 a\u00f1os, radicado en Canc\u00fan Q.Roo. arturo@nitu.mx\",\"sameAs\":[\"https:\/\/nitu.mx\",\"https:\/\/www.facebook.com\/NITUmx\/\",\"medinacancun\",\"https:\/\/twitter.com\/@Arturo_Medina_G\"]},{\"@type\":\"Person\",\"@id\":\"https:\/\/nitu.mx\/#\/schema\/person\/4a28fe9bd65924f7c90623773daf1b0b\",\"name\":\"Redacci\u00f3n\",\"image\":{\"@type\":\"ImageObject\",\"inLanguage\":\"es-MX\",\"@id\":\"https:\/\/nitu.mx\/#\/schema\/person\/image\/\",\"url\":\"https:\/\/secure.gravatar.com\/avatar\/5dd011c8ccfc5cd7e4c81e42252aab38?s=96&d=mm&r=g\",\"contentUrl\":\"https:\/\/secure.gravatar.com\/avatar\/5dd011c8ccfc5cd7e4c81e42252aab38?s=96&d=mm&r=g\",\"caption\":\"Redacci\u00f3n\"},\"url\":\"https:\/\/nitu.mx\/index.php\/author\/redaccion\/\"}]}<\/script>\n<!-- \/ Yoast SEO plugin. -->","yoast_head_json":{"title":"Listo Canc\u00fan para atender llegada de sargazo - Nitu - Noticias de la Industria Turistica","robots":{"index":"index","follow":"follow","max-snippet":"max-snippet:-1","max-image-preview":"max-image-preview:large","max-video-preview":"max-video-preview:-1"},"canonical":"https:\/\/nitu.mx\/index.php\/2021\/01\/25\/listo-cancun-para-atender-llegada-de-sargazo\/","twitter_card":"summary_large_image","twitter_title":"Listo Canc\u00fan para atender llegada de sargazo - Nitu - Noticias de la Industria Turistica","twitter_description":"La Presidente Municipal de Benito Juarez Mara Lezama, subray\u00f3 que a pesar de que los estudios de la Secretar\u00eda de Marina (SEMAR) indican que este a\u00f1o existir\u00e1 una menor llegada de la macroalga a las costas del Caribe Mexicano, el gobierno municipal no disminuir\u00e1 esfuerzo en atender esta problem\u00e1tica, para que los turistas que visiten [&hellip;]","twitter_image":"https:\/\/nitu.mx\/wp-content\/uploads\/2020\/01\/Riviera-Maya-sargazo.jpg","twitter_creator":"@NITUmx","twitter_site":"@Arturo_Medina_G","twitter_misc":{"Escrito por":"Redacci\u00f3n","Tiempo de lectura":"2 minutos"},"schema":{"@context":"https:\/\/schema.org","@graph":[{"@type":"Article","@id":"https:\/\/nitu.mx\/index.php\/2021\/01\/25\/listo-cancun-para-atender-llegada-de-sargazo\/#article","isPartOf":{"@id":"https:\/\/nitu.mx\/index.php\/2021\/01\/25\/listo-cancun-para-atender-llegada-de-sargazo\/"},"author":{"name":"Redacci\u00f3n","@id":"https:\/\/nitu.mx\/#\/schema\/person\/4a28fe9bd65924f7c90623773daf1b0b"},"headline":"Listo Canc\u00fan para atender llegada de sargazo","datePublished":"2021-01-26T00:47:39+00:00","dateModified":"2021-01-26T06:28:42+00:00","mainEntityOfPage":{"@id":"https:\/\/nitu.mx\/index.php\/2021\/01\/25\/listo-cancun-para-atender-llegada-de-sargazo\/"},"wordCount":365,"commentCount":0,"publisher":{"@id":"https:\/\/nitu.mx\/#\/schema\/person\/ae7a53426417292d3dd07b45a33e01bc"},"image":{"@id":"https:\/\/nitu.mx\/index.php\/2021\/01\/25\/listo-cancun-para-atender-llegada-de-sargazo\/#primaryimage"},"thumbnailUrl":"https:\/\/nitu.mx\/wp-content\/uploads\/2020\/01\/Riviera-Maya-sargazo.jpg","keywords":["Canc\u00fan","Mara Lezama","sargazo","Secretar\u00eda de Marina"],"articleSection":["Canc\u00fan"],"inLanguage":"es-MX","potentialAction":[{"@type":"CommentAction","name":"Comment","target":["https:\/\/nitu.mx\/index.php\/2021\/01\/25\/listo-cancun-para-atender-llegada-de-sargazo\/#respond"]}]},{"@type":"WebPage","@id":"https:\/\/nitu.mx\/index.php\/2021\/01\/25\/listo-cancun-para-atender-llegada-de-sargazo\/","url":"https:\/\/nitu.mx\/index.php\/2021\/01\/25\/listo-cancun-para-atender-llegada-de-sargazo\/","name":"Listo Canc\u00fan para atender llegada de sargazo - Nitu - Noticias de la Industria Turistica","isPartOf":{"@id":"https:\/\/nitu.mx\/#website"},"primaryImageOfPage":{"@id":"https:\/\/nitu.mx\/index.php\/2021\/01\/25\/listo-cancun-para-atender-llegada-de-sargazo\/#primaryimage"},"image":{"@id":"https:\/\/nitu.mx\/index.php\/2021\/01\/25\/listo-cancun-para-atender-llegada-de-sargazo\/#primaryimage"},"thumbnailUrl":"https:\/\/nitu.mx\/wp-content\/uploads\/2020\/01\/Riviera-Maya-sargazo.jpg","datePublished":"2021-01-26T00:47:39+00:00","dateModified":"2021-01-26T06:28:42+00:00","breadcrumb":{"@id":"https:\/\/nitu.mx\/index.php\/2021\/01\/25\/listo-cancun-para-atender-llegada-de-sargazo\/#breadcrumb"},"inLanguage":"es-MX","potentialAction":[{"@type":"ReadAction","target":["https:\/\/nitu.mx\/index.php\/2021\/01\/25\/listo-cancun-para-atender-llegada-de-sargazo\/"]}]},{"@type":"ImageObject","inLanguage":"es-MX","@id":"https:\/\/nitu.mx\/index.php\/2021\/01\/25\/listo-cancun-para-atender-llegada-de-sargazo\/#primaryimage","url":"https:\/\/nitu.mx\/wp-content\/uploads\/2020\/01\/Riviera-Maya-sargazo.jpg","contentUrl":"https:\/\/nitu.mx\/wp-content\/uploads\/2020\/01\/Riviera-Maya-sargazo.jpg","width":850,"height":480,"caption":"Riviera Maya sargazo"},{"@type":"BreadcrumbList","@id":"https:\/\/nitu.mx\/index.php\/2021\/01\/25\/listo-cancun-para-atender-llegada-de-sargazo\/#breadcrumb","itemListElement":[{"@type":"ListItem","position":1,"name":"Inicio","item":"https:\/\/nitu.mx\/"},{"@type":"ListItem","position":2,"name":"Listo Canc\u00fan para atender llegada de sargazo"}]},{"@type":"WebSite","@id":"https:\/\/nitu.mx\/#website","url":"https:\/\/nitu.mx\/","name":"Nitu - Noticias de la Industria Turistica","description":"Noticias de la Industria Turistica","publisher":{"@id":"https:\/\/nitu.mx\/#\/schema\/person\/ae7a53426417292d3dd07b45a33e01bc"},"alternateName":"Noticias de la Industria Turistica","potentialAction":[{"@type":"SearchAction","target":{"@type":"EntryPoint","urlTemplate":"https:\/\/nitu.mx\/?s={search_term_string}"},"query-input":"required name=search_term_string"}],"inLanguage":"es-MX"},{"@type":["Person","Organization"],"@id":"https:\/\/nitu.mx\/#\/schema\/person\/ae7a53426417292d3dd07b45a33e01bc","name":"Arturo Medina","image":{"@type":"ImageObject","inLanguage":"es-MX","@id":"https:\/\/nitu.mx\/#\/schema\/person\/image\/","url":"https:\/\/nitu.mx\/wp-content\/uploads\/2024\/04\/4A315622-1904-4D5C-B022-878CDC840E04-90x90-1.jpeg","contentUrl":"https:\/\/nitu.mx\/wp-content\/uploads\/2024\/04\/4A315622-1904-4D5C-B022-878CDC840E04-90x90-1.jpeg","width":90,"height":90,"caption":"Arturo Medina"},"logo":{"@id":"https:\/\/nitu.mx\/#\/schema\/person\/image\/"},"description":"Director NITU.mx, Egresado de la Escuela de Periodismo Carlos Septi\u00e9n Garc\u00eda. Periodista y analista especializado en turismo desde hace 35 a\u00f1os, radicado en Canc\u00fan Q.Roo. arturo@nitu.mx","sameAs":["https:\/\/nitu.mx","https:\/\/www.facebook.com\/NITUmx\/","medinacancun","https:\/\/twitter.com\/@Arturo_Medina_G"]},{"@type":"Person","@id":"https:\/\/nitu.mx\/#\/schema\/person\/4a28fe9bd65924f7c90623773daf1b0b","name":"Redacci\u00f3n","image":{"@type":"ImageObject","inLanguage":"es-MX","@id":"https:\/\/nitu.mx\/#\/schema\/person\/image\/","url":"https:\/\/secure.gravatar.com\/avatar\/5dd011c8ccfc5cd7e4c81e42252aab38?s=96&d=mm&r=g","contentUrl":"https:\/\/secure.gravatar.com\/avatar\/5dd011c8ccfc5cd7e4c81e42252aab38?s=96&d=mm&r=g","caption":"Redacci\u00f3n"},"url":"https:\/\/nitu.mx\/index.php\/author\/redaccion\/"}]}},"views":293,"_links":{"self":[{"href":"https:\/\/nitu.mx\/index.php\/wp-json\/wp\/v2\/posts\/49844"}],"collection":[{"href":"https:\/\/nitu.mx\/index.php\/wp-json\/wp\/v2\/posts"}],"about":[{"href":"https:\/\/nitu.mx\/index.php\/wp-json\/wp\/v2\/types\/post"}],"author":[{"embeddable":true,"href":"https:\/\/nitu.mx\/index.php\/wp-json\/wp\/v2\/users\/17"}],"replies":[{"embeddable":true,"href":"https:\/\/nitu.mx\/index.php\/wp-json\/wp\/v2\/comments?post=49844"}],"version-history":[{"count":3,"href":"https:\/\/nitu.mx\/index.php\/wp-json\/wp\/v2\/posts\/49844\/revisions"}],"predecessor-version":[{"id":49863,"href":"https:\/\/nitu.mx\/index.php\/wp-json\/wp\/v2\/posts\/49844\/revisions\/49863"}],"wp:featuredmedia":[{"embeddable":true,"href":"https:\/\/nitu.mx\/index.php\/wp-json\/wp\/v2\/media\/39381"}],"wp:attachment":[{"href":"https:\/\/nitu.mx\/index.php\/wp-json\/wp\/v2\/media?parent=49844"}],"wp:term":[{"taxonomy":"category","embeddable":true,"href":"https:\/\/nitu.mx\/index.php\/wp-json\/wp\/v2\/categories?post=49844"},{"taxonomy":"post_tag","embeddable":true,"href":"https:\/\/nitu.mx\/index.php\/wp-json\/wp\/v2\/tags?post=49844"}],"curies":[{"name":"wp","href":"https:\/\/api.w.org\/{rel}","templated":true}]}}