{"id":49714,"date":"2021-01-20T00:47:51","date_gmt":"2021-01-20T05:47:51","guid":{"rendered":"https:\/\/www.dev.nitu.mx\/?p=49714"},"modified":"2021-01-20T03:45:00","modified_gmt":"2021-01-20T08:45:00","slug":"ante-las-medidas-anunciadas-por-estados-unidos-y-canada-se-reprograma-rueda-de-negocios-mundo-maya-2021","status":"publish","type":"post","link":"https:\/\/nitu.mx\/index.php\/2021\/01\/20\/ante-las-medidas-anunciadas-por-estados-unidos-y-canada-se-reprograma-rueda-de-negocios-mundo-maya-2021\/","title":{"rendered":"Ante las medidas anunciadas por Estados Unidos y Canad\u00e1 se reprograma Rueda de Negocios Mundo Maya 2021"},"content":{"rendered":"<p>Por este medio la Organizaci\u00f3n Mundo Maya informa que, ante la incertidumbre que se deriva de las medidas aplicadas por Estados Unidos en t\u00e9rminos de seguridad sanitaria y las disposiciones estrictas tomadas por Canad\u00e1 en las \u00faltimas semanas, quienes son los dos principales mercados emisores convocados a participar en esta rueda de negocios.<\/p>\n<p>Asimismo por los desaf\u00edos establecidos por el COVID19 y la situaci\u00f3n altamente din\u00e1mica en la cual se hace frente al turismo, se ha decidido aplazar la realizaci\u00f3n de la Rueda de Negocios Mundo Maya 2021 para asegurar que se abra la oportunidad para que m\u00e1s empresas y participantes puedan ser parte de este evento.<\/p>\n<p>Estos retos no son exclusivos de nuestra regi\u00f3n, ya que varios eventos alrededor del mundo han encontrado retos ante la realidad cambiante causada por la pandemia.<\/p>\n<p>La Organizaci\u00f3n Mundo Maya considera este momento como una oportunidad para tomar medidas propicias que contribuyan a mejorar la comercializaci\u00f3n del producto Mundo Maya, por lo que exhortamos a todos los operadores de turismo y otros prestadores de servicios que ya se han registrado, a continuar con el mismo \u00e1nimo para participar en la nueva fecha que se dar\u00e1 a conocer posteriormente.<\/p>\n<p>La Organizaci\u00f3n Mundo Maya conformada por Belice, El Salvador, Guatemala, Honduras y M\u00e9xico, enfoca sus objetivos en alcanzar el desarrollo tur\u00edstico sostenible de la Regi\u00f3n Mundo Maya a trav\u00e9s de la promoci\u00f3n y la contribuci\u00f3n a la conservaci\u00f3n del patrimonio hist\u00f3rico y cultural.<\/p>\n<p>La Rueda de Negocios Mundo Maya 2021 representa la primera acci\u00f3n de promoci\u00f3n y comercializaci\u00f3n para impulsar el posicionamiento y el trabajo integrado de la regi\u00f3n como multidestino tur\u00edstico en los mercados prioritarios para la regi\u00f3n: Estados Unidos, Canad\u00e1, M\u00e9xico, Centro y Sur Am\u00e9rica. (<a title=\"Mundo Maya prepara su feria virtual para incentivar turismo\" href=\"https:\/\/www.dev.nitu.mx\/index.php\/2021\/01\/14\/mundo-maya-prepara-su-feria-virtual-para-incentivar-turismo\/\" rel=\"bookmark\">Mundo Maya prepara su feria virtual para incentivar turismo<\/a>).<\/p>\n","protected":false},"excerpt":{"rendered":"<p>Por este medio la Organizaci\u00f3n Mundo Maya informa que, ante la incertidumbre que se deriva de las medidas aplicadas por Estados Unidos en t\u00e9rminos de seguridad sanitaria y las disposiciones estrictas tomadas por Canad\u00e1 en las \u00faltimas semanas, quienes son los dos principales mercados emisores convocados a participar en esta rueda de negocios. Asimismo por [&hellip;]<\/p>\n","protected":false},"author":3,"featured_media":46349,"comment_status":"open","ping_status":"open","sticky":false,"template":"","format":"standard","meta":{"footnotes":""},"categories":[374,12],"tags":[1031,100,2385,21526],"yoast_head":"<!-- This site is optimized with the Yoast SEO plugin v22.2 - https:\/\/yoast.com\/wordpress\/plugins\/seo\/ -->\n<title>Ante las medidas anunciadas por Estados Unidos y Canad\u00e1 se reprograma Rueda de Negocios Mundo Maya 2021 - Nitu - Noticias de la Industria Turistica<\/title>\n<meta name=\"robots\" content=\"index, follow, max-snippet:-1, max-image-preview:large, max-video-preview:-1\" \/>\n<link rel=\"canonical\" href=\"https:\/\/nitu.mx\/index.php\/2021\/01\/20\/ante-las-medidas-anunciadas-por-estados-unidos-y-canada-se-reprograma-rueda-de-negocios-mundo-maya-2021\/\" \/>\n<meta name=\"twitter:card\" content=\"summary_large_image\" \/>\n<meta name=\"twitter:title\" content=\"Ante las medidas anunciadas por Estados Unidos y Canad\u00e1 se reprograma Rueda de Negocios Mundo Maya 2021 - Nitu - Noticias de la Industria Turistica\" \/>\n<meta name=\"twitter:description\" content=\"Por este medio la Organizaci\u00f3n Mundo Maya informa que, ante la incertidumbre que se deriva de las medidas aplicadas por Estados Unidos en t\u00e9rminos de seguridad sanitaria y las disposiciones estrictas tomadas por Canad\u00e1 en las \u00faltimas semanas, quienes son los dos principales mercados emisores convocados a participar en esta rueda de negocios. Asimismo por [&hellip;]\" \/>\n<meta name=\"twitter:image\" content=\"https:\/\/nitu.mx\/wp-content\/uploads\/2020\/09\/CapitalMundoMaya-ZA-Chich\u00e9nItz\u00e1-Observatorio.jpg\" \/>\n<meta name=\"twitter:creator\" content=\"@NITUmx\" \/>\n<meta name=\"twitter:site\" content=\"@Arturo_Medina_G\" \/>\n<meta name=\"twitter:label1\" content=\"Escrito por\" \/>\n\t<meta name=\"twitter:data1\" content=\"Alejandra Moncisbays\" \/>\n\t<meta name=\"twitter:label2\" content=\"Tiempo de lectura\" \/>\n\t<meta name=\"twitter:data2\" content=\"2 minutos\" \/>\n<script type=\"application\/ld+json\" class=\"yoast-schema-graph\">{\"@context\":\"https:\/\/schema.org\",\"@graph\":[{\"@type\":\"Article\",\"@id\":\"https:\/\/nitu.mx\/index.php\/2021\/01\/20\/ante-las-medidas-anunciadas-por-estados-unidos-y-canada-se-reprograma-rueda-de-negocios-mundo-maya-2021\/#article\",\"isPartOf\":{\"@id\":\"https:\/\/nitu.mx\/index.php\/2021\/01\/20\/ante-las-medidas-anunciadas-por-estados-unidos-y-canada-se-reprograma-rueda-de-negocios-mundo-maya-2021\/\"},\"author\":{\"name\":\"Alejandra Moncisbays\",\"@id\":\"https:\/\/nitu.mx\/#\/schema\/person\/2ecd887b19dfd3382d1f14fc5acf24a8\"},\"headline\":\"Ante las medidas anunciadas por Estados Unidos y Canad\u00e1 se reprograma Rueda de Negocios Mundo Maya 2021\",\"datePublished\":\"2021-01-20T05:47:51+00:00\",\"dateModified\":\"2021-01-20T08:45:00+00:00\",\"mainEntityOfPage\":{\"@id\":\"https:\/\/nitu.mx\/index.php\/2021\/01\/20\/ante-las-medidas-anunciadas-por-estados-unidos-y-canada-se-reprograma-rueda-de-negocios-mundo-maya-2021\/\"},\"wordCount\":332,\"commentCount\":0,\"publisher\":{\"@id\":\"https:\/\/nitu.mx\/#\/schema\/person\/ae7a53426417292d3dd07b45a33e01bc\"},\"image\":{\"@id\":\"https:\/\/nitu.mx\/index.php\/2021\/01\/20\/ante-las-medidas-anunciadas-por-estados-unidos-y-canada-se-reprograma-rueda-de-negocios-mundo-maya-2021\/#primaryimage\"},\"thumbnailUrl\":\"https:\/\/nitu.mx\/wp-content\/uploads\/2020\/09\/CapitalMundoMaya-ZA-Chich\u00e9nItz\u00e1-Observatorio.jpg\",\"keywords\":[\"Canad\u00e1\",\"Estados Unidos\",\"Organizaci\u00f3n Mundo Maya\",\"Rueda de Negocios Mundo Maya 2021\"],\"articleSection\":[\"Internacional\",\"Marketing\"],\"inLanguage\":\"es-MX\",\"potentialAction\":[{\"@type\":\"CommentAction\",\"name\":\"Comment\",\"target\":[\"https:\/\/nitu.mx\/index.php\/2021\/01\/20\/ante-las-medidas-anunciadas-por-estados-unidos-y-canada-se-reprograma-rueda-de-negocios-mundo-maya-2021\/#respond\"]}]},{\"@type\":\"WebPage\",\"@id\":\"https:\/\/nitu.mx\/index.php\/2021\/01\/20\/ante-las-medidas-anunciadas-por-estados-unidos-y-canada-se-reprograma-rueda-de-negocios-mundo-maya-2021\/\",\"url\":\"https:\/\/nitu.mx\/index.php\/2021\/01\/20\/ante-las-medidas-anunciadas-por-estados-unidos-y-canada-se-reprograma-rueda-de-negocios-mundo-maya-2021\/\",\"name\":\"Ante las medidas anunciadas por Estados Unidos y Canad\u00e1 se reprograma Rueda de Negocios Mundo Maya 2021 - Nitu - Noticias de la Industria Turistica\",\"isPartOf\":{\"@id\":\"https:\/\/nitu.mx\/#website\"},\"primaryImageOfPage\":{\"@id\":\"https:\/\/nitu.mx\/index.php\/2021\/01\/20\/ante-las-medidas-anunciadas-por-estados-unidos-y-canada-se-reprograma-rueda-de-negocios-mundo-maya-2021\/#primaryimage\"},\"image\":{\"@id\":\"https:\/\/nitu.mx\/index.php\/2021\/01\/20\/ante-las-medidas-anunciadas-por-estados-unidos-y-canada-se-reprograma-rueda-de-negocios-mundo-maya-2021\/#primaryimage\"},\"thumbnailUrl\":\"https:\/\/nitu.mx\/wp-content\/uploads\/2020\/09\/CapitalMundoMaya-ZA-Chich\u00e9nItz\u00e1-Observatorio.jpg\",\"datePublished\":\"2021-01-20T05:47:51+00:00\",\"dateModified\":\"2021-01-20T08:45:00+00:00\",\"breadcrumb\":{\"@id\":\"https:\/\/nitu.mx\/index.php\/2021\/01\/20\/ante-las-medidas-anunciadas-por-estados-unidos-y-canada-se-reprograma-rueda-de-negocios-mundo-maya-2021\/#breadcrumb\"},\"inLanguage\":\"es-MX\",\"potentialAction\":[{\"@type\":\"ReadAction\",\"target\":[\"https:\/\/nitu.mx\/index.php\/2021\/01\/20\/ante-las-medidas-anunciadas-por-estados-unidos-y-canada-se-reprograma-rueda-de-negocios-mundo-maya-2021\/\"]}]},{\"@type\":\"ImageObject\",\"inLanguage\":\"es-MX\",\"@id\":\"https:\/\/nitu.mx\/index.php\/2021\/01\/20\/ante-las-medidas-anunciadas-por-estados-unidos-y-canada-se-reprograma-rueda-de-negocios-mundo-maya-2021\/#primaryimage\",\"url\":\"https:\/\/nitu.mx\/wp-content\/uploads\/2020\/09\/CapitalMundoMaya-ZA-Chich\u00e9nItz\u00e1-Observatorio.jpg\",\"contentUrl\":\"https:\/\/nitu.mx\/wp-content\/uploads\/2020\/09\/CapitalMundoMaya-ZA-Chich\u00e9nItz\u00e1-Observatorio.jpg\",\"width\":1200,\"height\":675,\"caption\":\"Yucat\u00e1n zonas arqueol\u00f3gicas\"},{\"@type\":\"BreadcrumbList\",\"@id\":\"https:\/\/nitu.mx\/index.php\/2021\/01\/20\/ante-las-medidas-anunciadas-por-estados-unidos-y-canada-se-reprograma-rueda-de-negocios-mundo-maya-2021\/#breadcrumb\",\"itemListElement\":[{\"@type\":\"ListItem\",\"position\":1,\"name\":\"Inicio\",\"item\":\"https:\/\/nitu.mx\/\"},{\"@type\":\"ListItem\",\"position\":2,\"name\":\"Ante las medidas anunciadas por Estados Unidos y Canad\u00e1 se reprograma Rueda de Negocios Mundo Maya 2021\"}]},{\"@type\":\"WebSite\",\"@id\":\"https:\/\/nitu.mx\/#website\",\"url\":\"https:\/\/nitu.mx\/\",\"name\":\"Nitu - Noticias de la Industria Turistica\",\"description\":\"Noticias de la Industria Turistica\",\"publisher\":{\"@id\":\"https:\/\/nitu.mx\/#\/schema\/person\/ae7a53426417292d3dd07b45a33e01bc\"},\"alternateName\":\"Noticias de la Industria Turistica\",\"potentialAction\":[{\"@type\":\"SearchAction\",\"target\":{\"@type\":\"EntryPoint\",\"urlTemplate\":\"https:\/\/nitu.mx\/?s={search_term_string}\"},\"query-input\":\"required name=search_term_string\"}],\"inLanguage\":\"es-MX\"},{\"@type\":[\"Person\",\"Organization\"],\"@id\":\"https:\/\/nitu.mx\/#\/schema\/person\/ae7a53426417292d3dd07b45a33e01bc\",\"name\":\"Arturo Medina\",\"image\":{\"@type\":\"ImageObject\",\"inLanguage\":\"es-MX\",\"@id\":\"https:\/\/nitu.mx\/#\/schema\/person\/image\/\",\"url\":\"https:\/\/nitu.mx\/wp-content\/uploads\/2024\/04\/4A315622-1904-4D5C-B022-878CDC840E04-90x90-1.jpeg\",\"contentUrl\":\"https:\/\/nitu.mx\/wp-content\/uploads\/2024\/04\/4A315622-1904-4D5C-B022-878CDC840E04-90x90-1.jpeg\",\"width\":90,\"height\":90,\"caption\":\"Arturo Medina\"},\"logo\":{\"@id\":\"https:\/\/nitu.mx\/#\/schema\/person\/image\/\"},\"description\":\"Director NITU.mx, Egresado de la Escuela de Periodismo Carlos Septi\u00e9n Garc\u00eda. Periodista y analista especializado en turismo desde hace 35 a\u00f1os, radicado en Canc\u00fan Q.Roo. arturo@nitu.mx\",\"sameAs\":[\"https:\/\/nitu.mx\",\"https:\/\/www.facebook.com\/NITUmx\/\",\"medinacancun\",\"https:\/\/twitter.com\/@Arturo_Medina_G\"]},{\"@type\":\"Person\",\"@id\":\"https:\/\/nitu.mx\/#\/schema\/person\/2ecd887b19dfd3382d1f14fc5acf24a8\",\"name\":\"Alejandra Moncisbays\",\"image\":{\"@type\":\"ImageObject\",\"inLanguage\":\"es-MX\",\"@id\":\"https:\/\/nitu.mx\/#\/schema\/person\/image\/\",\"url\":\"https:\/\/secure.gravatar.com\/avatar\/e74f7af0be172b7804dacfd0bfbef787?s=96&d=mm&r=g\",\"contentUrl\":\"https:\/\/secure.gravatar.com\/avatar\/e74f7af0be172b7804dacfd0bfbef787?s=96&d=mm&r=g\",\"caption\":\"Alejandra Moncisbays\"},\"description\":\"Curs\u00e9 la carrera de Periodismo y Comunicaci\u00f3n en la Facultad de Estudios Profesionales Acatl\u00e1n. Vivo en Canc\u00fan desde hace 24 a\u00f1os. Fui reportera de La Tarde de Canc\u00fan, y Novedades de Quintana Roo, colabor\u00e9 en TVCUN, edit\u00e9 Cancun\u00edssimo y colabor\u00e9 en las revistas Latitud21, entre otras, con principal enfoque en los sectores empresarial y tur\u00edstico. Desde hace varios a\u00f1os soy Agente de Seguros con c\u00e9dula de la Comisi\u00f3n Nacional de Seguros y Fianzas. Actualmente, me desarrollo en los \u00e1mbitos del periodismo y el sector asegurador.\",\"sameAs\":[\"https:\/\/nitu.mx\"],\"url\":\"https:\/\/nitu.mx\/index.php\/author\/alejandra\/\"}]}<\/script>\n<!-- \/ Yoast SEO plugin. -->","yoast_head_json":{"title":"Ante las medidas anunciadas por Estados Unidos y Canad\u00e1 se reprograma Rueda de Negocios Mundo Maya 2021 - Nitu - Noticias de la Industria Turistica","robots":{"index":"index","follow":"follow","max-snippet":"max-snippet:-1","max-image-preview":"max-image-preview:large","max-video-preview":"max-video-preview:-1"},"canonical":"https:\/\/nitu.mx\/index.php\/2021\/01\/20\/ante-las-medidas-anunciadas-por-estados-unidos-y-canada-se-reprograma-rueda-de-negocios-mundo-maya-2021\/","twitter_card":"summary_large_image","twitter_title":"Ante las medidas anunciadas por Estados Unidos y Canad\u00e1 se reprograma Rueda de Negocios Mundo Maya 2021 - Nitu - Noticias de la Industria Turistica","twitter_description":"Por este medio la Organizaci\u00f3n Mundo Maya informa que, ante la incertidumbre que se deriva de las medidas aplicadas por Estados Unidos en t\u00e9rminos de seguridad sanitaria y las disposiciones estrictas tomadas por Canad\u00e1 en las \u00faltimas semanas, quienes son los dos principales mercados emisores convocados a participar en esta rueda de negocios. Asimismo por [&hellip;]","twitter_image":"https:\/\/nitu.mx\/wp-content\/uploads\/2020\/09\/CapitalMundoMaya-ZA-Chich\u00e9nItz\u00e1-Observatorio.jpg","twitter_creator":"@NITUmx","twitter_site":"@Arturo_Medina_G","twitter_misc":{"Escrito por":"Alejandra Moncisbays","Tiempo de lectura":"2 minutos"},"schema":{"@context":"https:\/\/schema.org","@graph":[{"@type":"Article","@id":"https:\/\/nitu.mx\/index.php\/2021\/01\/20\/ante-las-medidas-anunciadas-por-estados-unidos-y-canada-se-reprograma-rueda-de-negocios-mundo-maya-2021\/#article","isPartOf":{"@id":"https:\/\/nitu.mx\/index.php\/2021\/01\/20\/ante-las-medidas-anunciadas-por-estados-unidos-y-canada-se-reprograma-rueda-de-negocios-mundo-maya-2021\/"},"author":{"name":"Alejandra Moncisbays","@id":"https:\/\/nitu.mx\/#\/schema\/person\/2ecd887b19dfd3382d1f14fc5acf24a8"},"headline":"Ante las medidas anunciadas por Estados Unidos y Canad\u00e1 se reprograma Rueda de Negocios Mundo Maya 2021","datePublished":"2021-01-20T05:47:51+00:00","dateModified":"2021-01-20T08:45:00+00:00","mainEntityOfPage":{"@id":"https:\/\/nitu.mx\/index.php\/2021\/01\/20\/ante-las-medidas-anunciadas-por-estados-unidos-y-canada-se-reprograma-rueda-de-negocios-mundo-maya-2021\/"},"wordCount":332,"commentCount":0,"publisher":{"@id":"https:\/\/nitu.mx\/#\/schema\/person\/ae7a53426417292d3dd07b45a33e01bc"},"image":{"@id":"https:\/\/nitu.mx\/index.php\/2021\/01\/20\/ante-las-medidas-anunciadas-por-estados-unidos-y-canada-se-reprograma-rueda-de-negocios-mundo-maya-2021\/#primaryimage"},"thumbnailUrl":"https:\/\/nitu.mx\/wp-content\/uploads\/2020\/09\/CapitalMundoMaya-ZA-Chich\u00e9nItz\u00e1-Observatorio.jpg","keywords":["Canad\u00e1","Estados Unidos","Organizaci\u00f3n Mundo Maya","Rueda de Negocios Mundo Maya 2021"],"articleSection":["Internacional","Marketing"],"inLanguage":"es-MX","potentialAction":[{"@type":"CommentAction","name":"Comment","target":["https:\/\/nitu.mx\/index.php\/2021\/01\/20\/ante-las-medidas-anunciadas-por-estados-unidos-y-canada-se-reprograma-rueda-de-negocios-mundo-maya-2021\/#respond"]}]},{"@type":"WebPage","@id":"https:\/\/nitu.mx\/index.php\/2021\/01\/20\/ante-las-medidas-anunciadas-por-estados-unidos-y-canada-se-reprograma-rueda-de-negocios-mundo-maya-2021\/","url":"https:\/\/nitu.mx\/index.php\/2021\/01\/20\/ante-las-medidas-anunciadas-por-estados-unidos-y-canada-se-reprograma-rueda-de-negocios-mundo-maya-2021\/","name":"Ante las medidas anunciadas por Estados Unidos y Canad\u00e1 se reprograma Rueda de Negocios Mundo Maya 2021 - Nitu - Noticias de la Industria Turistica","isPartOf":{"@id":"https:\/\/nitu.mx\/#website"},"primaryImageOfPage":{"@id":"https:\/\/nitu.mx\/index.php\/2021\/01\/20\/ante-las-medidas-anunciadas-por-estados-unidos-y-canada-se-reprograma-rueda-de-negocios-mundo-maya-2021\/#primaryimage"},"image":{"@id":"https:\/\/nitu.mx\/index.php\/2021\/01\/20\/ante-las-medidas-anunciadas-por-estados-unidos-y-canada-se-reprograma-rueda-de-negocios-mundo-maya-2021\/#primaryimage"},"thumbnailUrl":"https:\/\/nitu.mx\/wp-content\/uploads\/2020\/09\/CapitalMundoMaya-ZA-Chich\u00e9nItz\u00e1-Observatorio.jpg","datePublished":"2021-01-20T05:47:51+00:00","dateModified":"2021-01-20T08:45:00+00:00","breadcrumb":{"@id":"https:\/\/nitu.mx\/index.php\/2021\/01\/20\/ante-las-medidas-anunciadas-por-estados-unidos-y-canada-se-reprograma-rueda-de-negocios-mundo-maya-2021\/#breadcrumb"},"inLanguage":"es-MX","potentialAction":[{"@type":"ReadAction","target":["https:\/\/nitu.mx\/index.php\/2021\/01\/20\/ante-las-medidas-anunciadas-por-estados-unidos-y-canada-se-reprograma-rueda-de-negocios-mundo-maya-2021\/"]}]},{"@type":"ImageObject","inLanguage":"es-MX","@id":"https:\/\/nitu.mx\/index.php\/2021\/01\/20\/ante-las-medidas-anunciadas-por-estados-unidos-y-canada-se-reprograma-rueda-de-negocios-mundo-maya-2021\/#primaryimage","url":"https:\/\/nitu.mx\/wp-content\/uploads\/2020\/09\/CapitalMundoMaya-ZA-Chich\u00e9nItz\u00e1-Observatorio.jpg","contentUrl":"https:\/\/nitu.mx\/wp-content\/uploads\/2020\/09\/CapitalMundoMaya-ZA-Chich\u00e9nItz\u00e1-Observatorio.jpg","width":1200,"height":675,"caption":"Yucat\u00e1n zonas arqueol\u00f3gicas"},{"@type":"BreadcrumbList","@id":"https:\/\/nitu.mx\/index.php\/2021\/01\/20\/ante-las-medidas-anunciadas-por-estados-unidos-y-canada-se-reprograma-rueda-de-negocios-mundo-maya-2021\/#breadcrumb","itemListElement":[{"@type":"ListItem","position":1,"name":"Inicio","item":"https:\/\/nitu.mx\/"},{"@type":"ListItem","position":2,"name":"Ante las medidas anunciadas por Estados Unidos y Canad\u00e1 se reprograma Rueda de Negocios Mundo Maya 2021"}]},{"@type":"WebSite","@id":"https:\/\/nitu.mx\/#website","url":"https:\/\/nitu.mx\/","name":"Nitu - Noticias de la Industria Turistica","description":"Noticias de la Industria Turistica","publisher":{"@id":"https:\/\/nitu.mx\/#\/schema\/person\/ae7a53426417292d3dd07b45a33e01bc"},"alternateName":"Noticias de la Industria Turistica","potentialAction":[{"@type":"SearchAction","target":{"@type":"EntryPoint","urlTemplate":"https:\/\/nitu.mx\/?s={search_term_string}"},"query-input":"required name=search_term_string"}],"inLanguage":"es-MX"},{"@type":["Person","Organization"],"@id":"https:\/\/nitu.mx\/#\/schema\/person\/ae7a53426417292d3dd07b45a33e01bc","name":"Arturo Medina","image":{"@type":"ImageObject","inLanguage":"es-MX","@id":"https:\/\/nitu.mx\/#\/schema\/person\/image\/","url":"https:\/\/nitu.mx\/wp-content\/uploads\/2024\/04\/4A315622-1904-4D5C-B022-878CDC840E04-90x90-1.jpeg","contentUrl":"https:\/\/nitu.mx\/wp-content\/uploads\/2024\/04\/4A315622-1904-4D5C-B022-878CDC840E04-90x90-1.jpeg","width":90,"height":90,"caption":"Arturo Medina"},"logo":{"@id":"https:\/\/nitu.mx\/#\/schema\/person\/image\/"},"description":"Director NITU.mx, Egresado de la Escuela de Periodismo Carlos Septi\u00e9n Garc\u00eda. Periodista y analista especializado en turismo desde hace 35 a\u00f1os, radicado en Canc\u00fan Q.Roo. arturo@nitu.mx","sameAs":["https:\/\/nitu.mx","https:\/\/www.facebook.com\/NITUmx\/","medinacancun","https:\/\/twitter.com\/@Arturo_Medina_G"]},{"@type":"Person","@id":"https:\/\/nitu.mx\/#\/schema\/person\/2ecd887b19dfd3382d1f14fc5acf24a8","name":"Alejandra Moncisbays","image":{"@type":"ImageObject","inLanguage":"es-MX","@id":"https:\/\/nitu.mx\/#\/schema\/person\/image\/","url":"https:\/\/secure.gravatar.com\/avatar\/e74f7af0be172b7804dacfd0bfbef787?s=96&d=mm&r=g","contentUrl":"https:\/\/secure.gravatar.com\/avatar\/e74f7af0be172b7804dacfd0bfbef787?s=96&d=mm&r=g","caption":"Alejandra Moncisbays"},"description":"Curs\u00e9 la carrera de Periodismo y Comunicaci\u00f3n en la Facultad de Estudios Profesionales Acatl\u00e1n. Vivo en Canc\u00fan desde hace 24 a\u00f1os. Fui reportera de La Tarde de Canc\u00fan, y Novedades de Quintana Roo, colabor\u00e9 en TVCUN, edit\u00e9 Cancun\u00edssimo y colabor\u00e9 en las revistas Latitud21, entre otras, con principal enfoque en los sectores empresarial y tur\u00edstico. Desde hace varios a\u00f1os soy Agente de Seguros con c\u00e9dula de la Comisi\u00f3n Nacional de Seguros y Fianzas. Actualmente, me desarrollo en los \u00e1mbitos del periodismo y el sector asegurador.","sameAs":["https:\/\/nitu.mx"],"url":"https:\/\/nitu.mx\/index.php\/author\/alejandra\/"}]}},"views":363,"_links":{"self":[{"href":"https:\/\/nitu.mx\/index.php\/wp-json\/wp\/v2\/posts\/49714"}],"collection":[{"href":"https:\/\/nitu.mx\/index.php\/wp-json\/wp\/v2\/posts"}],"about":[{"href":"https:\/\/nitu.mx\/index.php\/wp-json\/wp\/v2\/types\/post"}],"author":[{"embeddable":true,"href":"https:\/\/nitu.mx\/index.php\/wp-json\/wp\/v2\/users\/3"}],"replies":[{"embeddable":true,"href":"https:\/\/nitu.mx\/index.php\/wp-json\/wp\/v2\/comments?post=49714"}],"version-history":[{"count":5,"href":"https:\/\/nitu.mx\/index.php\/wp-json\/wp\/v2\/posts\/49714\/revisions"}],"predecessor-version":[{"id":49736,"href":"https:\/\/nitu.mx\/index.php\/wp-json\/wp\/v2\/posts\/49714\/revisions\/49736"}],"wp:featuredmedia":[{"embeddable":true,"href":"https:\/\/nitu.mx\/index.php\/wp-json\/wp\/v2\/media\/46349"}],"wp:attachment":[{"href":"https:\/\/nitu.mx\/index.php\/wp-json\/wp\/v2\/media?parent=49714"}],"wp:term":[{"taxonomy":"category","embeddable":true,"href":"https:\/\/nitu.mx\/index.php\/wp-json\/wp\/v2\/categories?post=49714"},{"taxonomy":"post_tag","embeddable":true,"href":"https:\/\/nitu.mx\/index.php\/wp-json\/wp\/v2\/tags?post=49714"}],"curies":[{"name":"wp","href":"https:\/\/api.w.org\/{rel}","templated":true}]}}