{"id":49647,"date":"2021-01-17T14:58:34","date_gmt":"2021-01-17T19:58:34","guid":{"rendered":"https:\/\/www.dev.nitu.mx\/?p=49647"},"modified":"2021-01-18T01:14:13","modified_gmt":"2021-01-18T06:14:13","slug":"aeromexico-implementa-politica-de-proteccion-para-viajeros-a-eu","status":"publish","type":"post","link":"https:\/\/nitu.mx\/index.php\/2021\/01\/17\/aeromexico-implementa-politica-de-proteccion-para-viajeros-a-eu\/","title":{"rendered":"Aerom\u00e9xico implementa pol\u00edtica de protecci\u00f3n para viajeros a EU"},"content":{"rendered":"<p>Ante el requisito de las autoridades de Estados Unidos de presentar una prueba negativa de Covid-19 para ingresar al pa\u00eds, Aerom\u00e9xico implement\u00f3 una pol\u00edtica de protecci\u00f3n y flexibilidad para sus clientes con vuelos hacia ese pa\u00eds.<\/p>\n<p>La aerol\u00ednea inform\u00f3 a sus clientes que a partir del 26 de enero de 2021, todos los pasajeros a partir de los dos a\u00f1os de edad que deseen viajar a Estados Unidos deber\u00e1n presentar una prueba Covid-19 con resultado negativo.<\/p>\n<p>Las pruebas que son aceptadas para cumplir este requisito son las de reacci\u00f3n en cadena de la polimerasa (PCR) o la prueba de ant\u00edgenos que expiden los laboratorios, con una fecha m\u00e1xima de tres d\u00edas antes del viaje sea con o sin escalas. Adem\u00e1s, se requiere presentar un formulario para confirmar la validez de la prueba entregada.<\/p>\n<p>Para los pasajeros con boleto expedido hacia Estados Unidos con Aerom\u00e9xico o en c\u00f3digo compartido, la l\u00ednea a\u00e9rea implement\u00f3 la pol\u00edtica de protecci\u00f3n que aplica para compras realizadas del 13 al 25 de enero, y con viajes programados hasta el 9 de febrero de 2021.<\/p>\n<p>La compa\u00f1\u00eda a\u00e9rea no cobrar\u00e1 cargo por cambio de fecha ni diferencia de tarifa, siempre y cuando se respete la misma ruta y cabina pagada, y se condona el cargo por expedici\u00f3n de boleto.<\/p>\n<p>La fecha l\u00edmite de reexpedici\u00f3n de boleto es el 25 de enero de 2021, y el nuevo vuelo debe empezar antes de esa fecha.<\/p>\n<p>Aerom\u00e9xico permite cambio de ruta sin cargo. En caso de existir diferencia en la tarifa entre el boleto original y el nuevo boleto, se deber\u00e1 cobrar dicha diferencia al momento de realizar el cambio.<\/p>\n<p>Si el viaje reprogramado ocurre despu\u00e9s del periodo de viaje permitido y el cambio se realiza en las fechas de vigencia permitidas, no se aplicar\u00e1 el cargo por cambio, pero s\u00ed aplica diferencia de tarifa. Si el pasajero decide no utilizar el servicio, el boleto cuenta con un a\u00f1o de vigencia a partir de la fecha de expedici\u00f3n.<\/p>\n<p>Aerom\u00e9xico enfatiz\u00f3 que no tiene responsabilidad de cubrir cualquier costo adicional que se presente entre las ciudades afectadas (transporte terrestre, hospedaje, alimentos, llamadas telef\u00f3nicas, entre otros).<\/p>\n<p>La aerol\u00ednea mexicana y su principal socio comercial, Delta Air Lines, trabajan en coordinaci\u00f3n con las autoridades de M\u00e9xico y Estados Unidos para implementar los nuevos requisitos. Adem\u00e1s, aplica en todos sus vuelos, los m\u00e1s altos est\u00e1ndares de la industria a trav\u00e9s de su Sistema de Gesti\u00f3n de Salud e Higiene. \u00a0<a title=\"Enteran a l\u00edneas a\u00e9reas de protocolos y estudios disponibles en Q.Roo\" href=\"https:\/\/www.dev.nitu.mx\/index.php\/2021\/01\/16\/enteradas-lineas-aereas-de-protocolos-y-examenes-disponibles-para-sus-pasajeros-en-caribe-mexicano\/\" rel=\"bookmark\">(Enteran a l\u00edneas a\u00e9reas de protocolos y estudios disponibles en Q.Roo<\/a>).<\/p>\n","protected":false},"excerpt":{"rendered":"<p>Ante el requisito de las autoridades de Estados Unidos de presentar una prueba negativa de Covid-19 para ingresar al pa\u00eds, Aerom\u00e9xico implement\u00f3 una pol\u00edtica de protecci\u00f3n y flexibilidad para sus clientes con vuelos hacia ese pa\u00eds. La aerol\u00ednea inform\u00f3 a sus clientes que a partir del 26 de enero de 2021, todos los pasajeros a [&hellip;]<\/p>\n","protected":false},"author":18,"featured_media":46863,"comment_status":"open","ping_status":"open","sticky":false,"template":"","format":"standard","meta":{"footnotes":""},"categories":[29],"tags":[30,100,21506,21474],"yoast_head":"<!-- This site is optimized with the Yoast SEO plugin v22.2 - https:\/\/yoast.com\/wordpress\/plugins\/seo\/ -->\n<title>Aerom\u00e9xico implementa pol\u00edtica de protecci\u00f3n para viajeros a EU - Nitu - Noticias de la Industria Turistica<\/title>\n<meta name=\"robots\" content=\"index, follow, max-snippet:-1, max-image-preview:large, max-video-preview:-1\" \/>\n<link rel=\"canonical\" href=\"https:\/\/nitu.mx\/index.php\/2021\/01\/17\/aeromexico-implementa-politica-de-proteccion-para-viajeros-a-eu\/\" \/>\n<meta name=\"twitter:card\" content=\"summary_large_image\" \/>\n<meta name=\"twitter:title\" content=\"Aerom\u00e9xico implementa pol\u00edtica de protecci\u00f3n para viajeros a EU - Nitu - Noticias de la Industria Turistica\" \/>\n<meta name=\"twitter:description\" content=\"Ante el requisito de las autoridades de Estados Unidos de presentar una prueba negativa de Covid-19 para ingresar al pa\u00eds, Aerom\u00e9xico implement\u00f3 una pol\u00edtica de protecci\u00f3n y flexibilidad para sus clientes con vuelos hacia ese pa\u00eds. La aerol\u00ednea inform\u00f3 a sus clientes que a partir del 26 de enero de 2021, todos los pasajeros a [&hellip;]\" \/>\n<meta name=\"twitter:image\" content=\"https:\/\/nitu.mx\/wp-content\/uploads\/2020\/10\/Aeromexico-Cancun-Tijuana.jpg\" \/>\n<meta name=\"twitter:creator\" content=\"@NITUmx\" \/>\n<meta name=\"twitter:site\" content=\"@Arturo_Medina_G\" \/>\n<meta name=\"twitter:label1\" content=\"Escrito por\" \/>\n\t<meta name=\"twitter:data1\" content=\"Guadalupe Sixto\" \/>\n\t<meta name=\"twitter:label2\" content=\"Tiempo de lectura\" \/>\n\t<meta name=\"twitter:data2\" content=\"2 minutos\" \/>\n<script type=\"application\/ld+json\" class=\"yoast-schema-graph\">{\"@context\":\"https:\/\/schema.org\",\"@graph\":[{\"@type\":\"Article\",\"@id\":\"https:\/\/nitu.mx\/index.php\/2021\/01\/17\/aeromexico-implementa-politica-de-proteccion-para-viajeros-a-eu\/#article\",\"isPartOf\":{\"@id\":\"https:\/\/nitu.mx\/index.php\/2021\/01\/17\/aeromexico-implementa-politica-de-proteccion-para-viajeros-a-eu\/\"},\"author\":{\"name\":\"Guadalupe Sixto\",\"@id\":\"https:\/\/nitu.mx\/#\/schema\/person\/3df3082b5e46037e3f13614d28ee0b77\"},\"headline\":\"Aerom\u00e9xico implementa pol\u00edtica de protecci\u00f3n para viajeros a EU\",\"datePublished\":\"2021-01-17T19:58:34+00:00\",\"dateModified\":\"2021-01-18T06:14:13+00:00\",\"mainEntityOfPage\":{\"@id\":\"https:\/\/nitu.mx\/index.php\/2021\/01\/17\/aeromexico-implementa-politica-de-proteccion-para-viajeros-a-eu\/\"},\"wordCount\":461,\"commentCount\":0,\"publisher\":{\"@id\":\"https:\/\/nitu.mx\/#\/schema\/person\/ae7a53426417292d3dd07b45a33e01bc\"},\"image\":{\"@id\":\"https:\/\/nitu.mx\/index.php\/2021\/01\/17\/aeromexico-implementa-politica-de-proteccion-para-viajeros-a-eu\/#primaryimage\"},\"thumbnailUrl\":\"https:\/\/nitu.mx\/wp-content\/uploads\/2020\/10\/Aeromexico-Cancun-Tijuana.jpg\",\"keywords\":[\"Aerom\u00e9xico\",\"Estados Unidos\",\"pol\u00edtica de protecci\u00f3n\",\"pruebas COVID-19\"],\"articleSection\":[\"Aerol\u00edneas\"],\"inLanguage\":\"es-MX\",\"potentialAction\":[{\"@type\":\"CommentAction\",\"name\":\"Comment\",\"target\":[\"https:\/\/nitu.mx\/index.php\/2021\/01\/17\/aeromexico-implementa-politica-de-proteccion-para-viajeros-a-eu\/#respond\"]}]},{\"@type\":\"WebPage\",\"@id\":\"https:\/\/nitu.mx\/index.php\/2021\/01\/17\/aeromexico-implementa-politica-de-proteccion-para-viajeros-a-eu\/\",\"url\":\"https:\/\/nitu.mx\/index.php\/2021\/01\/17\/aeromexico-implementa-politica-de-proteccion-para-viajeros-a-eu\/\",\"name\":\"Aerom\u00e9xico implementa pol\u00edtica de protecci\u00f3n para viajeros a EU - Nitu - Noticias de la Industria Turistica\",\"isPartOf\":{\"@id\":\"https:\/\/nitu.mx\/#website\"},\"primaryImageOfPage\":{\"@id\":\"https:\/\/nitu.mx\/index.php\/2021\/01\/17\/aeromexico-implementa-politica-de-proteccion-para-viajeros-a-eu\/#primaryimage\"},\"image\":{\"@id\":\"https:\/\/nitu.mx\/index.php\/2021\/01\/17\/aeromexico-implementa-politica-de-proteccion-para-viajeros-a-eu\/#primaryimage\"},\"thumbnailUrl\":\"https:\/\/nitu.mx\/wp-content\/uploads\/2020\/10\/Aeromexico-Cancun-Tijuana.jpg\",\"datePublished\":\"2021-01-17T19:58:34+00:00\",\"dateModified\":\"2021-01-18T06:14:13+00:00\",\"breadcrumb\":{\"@id\":\"https:\/\/nitu.mx\/index.php\/2021\/01\/17\/aeromexico-implementa-politica-de-proteccion-para-viajeros-a-eu\/#breadcrumb\"},\"inLanguage\":\"es-MX\",\"potentialAction\":[{\"@type\":\"ReadAction\",\"target\":[\"https:\/\/nitu.mx\/index.php\/2021\/01\/17\/aeromexico-implementa-politica-de-proteccion-para-viajeros-a-eu\/\"]}]},{\"@type\":\"ImageObject\",\"inLanguage\":\"es-MX\",\"@id\":\"https:\/\/nitu.mx\/index.php\/2021\/01\/17\/aeromexico-implementa-politica-de-proteccion-para-viajeros-a-eu\/#primaryimage\",\"url\":\"https:\/\/nitu.mx\/wp-content\/uploads\/2020\/10\/Aeromexico-Cancun-Tijuana.jpg\",\"contentUrl\":\"https:\/\/nitu.mx\/wp-content\/uploads\/2020\/10\/Aeromexico-Cancun-Tijuana.jpg\",\"width\":1200,\"height\":675,\"caption\":\"Aerom\u00e9xico\"},{\"@type\":\"BreadcrumbList\",\"@id\":\"https:\/\/nitu.mx\/index.php\/2021\/01\/17\/aeromexico-implementa-politica-de-proteccion-para-viajeros-a-eu\/#breadcrumb\",\"itemListElement\":[{\"@type\":\"ListItem\",\"position\":1,\"name\":\"Inicio\",\"item\":\"https:\/\/nitu.mx\/\"},{\"@type\":\"ListItem\",\"position\":2,\"name\":\"Aerom\u00e9xico implementa pol\u00edtica de protecci\u00f3n para viajeros a EU\"}]},{\"@type\":\"WebSite\",\"@id\":\"https:\/\/nitu.mx\/#website\",\"url\":\"https:\/\/nitu.mx\/\",\"name\":\"Nitu - Noticias de la Industria Turistica\",\"description\":\"Noticias de la Industria Turistica\",\"publisher\":{\"@id\":\"https:\/\/nitu.mx\/#\/schema\/person\/ae7a53426417292d3dd07b45a33e01bc\"},\"alternateName\":\"Noticias de la Industria Turistica\",\"potentialAction\":[{\"@type\":\"SearchAction\",\"target\":{\"@type\":\"EntryPoint\",\"urlTemplate\":\"https:\/\/nitu.mx\/?s={search_term_string}\"},\"query-input\":\"required name=search_term_string\"}],\"inLanguage\":\"es-MX\"},{\"@type\":[\"Person\",\"Organization\"],\"@id\":\"https:\/\/nitu.mx\/#\/schema\/person\/ae7a53426417292d3dd07b45a33e01bc\",\"name\":\"Arturo Medina\",\"image\":{\"@type\":\"ImageObject\",\"inLanguage\":\"es-MX\",\"@id\":\"https:\/\/nitu.mx\/#\/schema\/person\/image\/\",\"url\":\"https:\/\/nitu.mx\/wp-content\/uploads\/2024\/04\/4A315622-1904-4D5C-B022-878CDC840E04-90x90-1.jpeg\",\"contentUrl\":\"https:\/\/nitu.mx\/wp-content\/uploads\/2024\/04\/4A315622-1904-4D5C-B022-878CDC840E04-90x90-1.jpeg\",\"width\":90,\"height\":90,\"caption\":\"Arturo Medina\"},\"logo\":{\"@id\":\"https:\/\/nitu.mx\/#\/schema\/person\/image\/\"},\"description\":\"Director NITU.mx, Egresado de la Escuela de Periodismo Carlos Septi\u00e9n Garc\u00eda. Periodista y analista especializado en turismo desde hace 35 a\u00f1os, radicado en Canc\u00fan Q.Roo. arturo@nitu.mx\",\"sameAs\":[\"https:\/\/nitu.mx\",\"https:\/\/www.facebook.com\/NITUmx\/\",\"medinacancun\",\"https:\/\/twitter.com\/@Arturo_Medina_G\"]},{\"@type\":\"Person\",\"@id\":\"https:\/\/nitu.mx\/#\/schema\/person\/3df3082b5e46037e3f13614d28ee0b77\",\"name\":\"Guadalupe Sixto\",\"image\":{\"@type\":\"ImageObject\",\"inLanguage\":\"es-MX\",\"@id\":\"https:\/\/nitu.mx\/#\/schema\/person\/image\/\",\"url\":\"https:\/\/secure.gravatar.com\/avatar\/13914e1b0e1919e91f9539de4dc584c4?s=96&d=mm&r=g\",\"contentUrl\":\"https:\/\/secure.gravatar.com\/avatar\/13914e1b0e1919e91f9539de4dc584c4?s=96&d=mm&r=g\",\"caption\":\"Guadalupe Sixto\"},\"url\":\"https:\/\/nitu.mx\/index.php\/author\/gsixto\/\"}]}<\/script>\n<!-- \/ Yoast SEO plugin. -->","yoast_head_json":{"title":"Aerom\u00e9xico implementa pol\u00edtica de protecci\u00f3n para viajeros a EU - Nitu - Noticias de la Industria Turistica","robots":{"index":"index","follow":"follow","max-snippet":"max-snippet:-1","max-image-preview":"max-image-preview:large","max-video-preview":"max-video-preview:-1"},"canonical":"https:\/\/nitu.mx\/index.php\/2021\/01\/17\/aeromexico-implementa-politica-de-proteccion-para-viajeros-a-eu\/","twitter_card":"summary_large_image","twitter_title":"Aerom\u00e9xico implementa pol\u00edtica de protecci\u00f3n para viajeros a EU - Nitu - Noticias de la Industria Turistica","twitter_description":"Ante el requisito de las autoridades de Estados Unidos de presentar una prueba negativa de Covid-19 para ingresar al pa\u00eds, Aerom\u00e9xico implement\u00f3 una pol\u00edtica de protecci\u00f3n y flexibilidad para sus clientes con vuelos hacia ese pa\u00eds. La aerol\u00ednea inform\u00f3 a sus clientes que a partir del 26 de enero de 2021, todos los pasajeros a [&hellip;]","twitter_image":"https:\/\/nitu.mx\/wp-content\/uploads\/2020\/10\/Aeromexico-Cancun-Tijuana.jpg","twitter_creator":"@NITUmx","twitter_site":"@Arturo_Medina_G","twitter_misc":{"Escrito por":"Guadalupe Sixto","Tiempo de lectura":"2 minutos"},"schema":{"@context":"https:\/\/schema.org","@graph":[{"@type":"Article","@id":"https:\/\/nitu.mx\/index.php\/2021\/01\/17\/aeromexico-implementa-politica-de-proteccion-para-viajeros-a-eu\/#article","isPartOf":{"@id":"https:\/\/nitu.mx\/index.php\/2021\/01\/17\/aeromexico-implementa-politica-de-proteccion-para-viajeros-a-eu\/"},"author":{"name":"Guadalupe Sixto","@id":"https:\/\/nitu.mx\/#\/schema\/person\/3df3082b5e46037e3f13614d28ee0b77"},"headline":"Aerom\u00e9xico implementa pol\u00edtica de protecci\u00f3n para viajeros a EU","datePublished":"2021-01-17T19:58:34+00:00","dateModified":"2021-01-18T06:14:13+00:00","mainEntityOfPage":{"@id":"https:\/\/nitu.mx\/index.php\/2021\/01\/17\/aeromexico-implementa-politica-de-proteccion-para-viajeros-a-eu\/"},"wordCount":461,"commentCount":0,"publisher":{"@id":"https:\/\/nitu.mx\/#\/schema\/person\/ae7a53426417292d3dd07b45a33e01bc"},"image":{"@id":"https:\/\/nitu.mx\/index.php\/2021\/01\/17\/aeromexico-implementa-politica-de-proteccion-para-viajeros-a-eu\/#primaryimage"},"thumbnailUrl":"https:\/\/nitu.mx\/wp-content\/uploads\/2020\/10\/Aeromexico-Cancun-Tijuana.jpg","keywords":["Aerom\u00e9xico","Estados Unidos","pol\u00edtica de protecci\u00f3n","pruebas COVID-19"],"articleSection":["Aerol\u00edneas"],"inLanguage":"es-MX","potentialAction":[{"@type":"CommentAction","name":"Comment","target":["https:\/\/nitu.mx\/index.php\/2021\/01\/17\/aeromexico-implementa-politica-de-proteccion-para-viajeros-a-eu\/#respond"]}]},{"@type":"WebPage","@id":"https:\/\/nitu.mx\/index.php\/2021\/01\/17\/aeromexico-implementa-politica-de-proteccion-para-viajeros-a-eu\/","url":"https:\/\/nitu.mx\/index.php\/2021\/01\/17\/aeromexico-implementa-politica-de-proteccion-para-viajeros-a-eu\/","name":"Aerom\u00e9xico implementa pol\u00edtica de protecci\u00f3n para viajeros a EU - Nitu - Noticias de la Industria Turistica","isPartOf":{"@id":"https:\/\/nitu.mx\/#website"},"primaryImageOfPage":{"@id":"https:\/\/nitu.mx\/index.php\/2021\/01\/17\/aeromexico-implementa-politica-de-proteccion-para-viajeros-a-eu\/#primaryimage"},"image":{"@id":"https:\/\/nitu.mx\/index.php\/2021\/01\/17\/aeromexico-implementa-politica-de-proteccion-para-viajeros-a-eu\/#primaryimage"},"thumbnailUrl":"https:\/\/nitu.mx\/wp-content\/uploads\/2020\/10\/Aeromexico-Cancun-Tijuana.jpg","datePublished":"2021-01-17T19:58:34+00:00","dateModified":"2021-01-18T06:14:13+00:00","breadcrumb":{"@id":"https:\/\/nitu.mx\/index.php\/2021\/01\/17\/aeromexico-implementa-politica-de-proteccion-para-viajeros-a-eu\/#breadcrumb"},"inLanguage":"es-MX","potentialAction":[{"@type":"ReadAction","target":["https:\/\/nitu.mx\/index.php\/2021\/01\/17\/aeromexico-implementa-politica-de-proteccion-para-viajeros-a-eu\/"]}]},{"@type":"ImageObject","inLanguage":"es-MX","@id":"https:\/\/nitu.mx\/index.php\/2021\/01\/17\/aeromexico-implementa-politica-de-proteccion-para-viajeros-a-eu\/#primaryimage","url":"https:\/\/nitu.mx\/wp-content\/uploads\/2020\/10\/Aeromexico-Cancun-Tijuana.jpg","contentUrl":"https:\/\/nitu.mx\/wp-content\/uploads\/2020\/10\/Aeromexico-Cancun-Tijuana.jpg","width":1200,"height":675,"caption":"Aerom\u00e9xico"},{"@type":"BreadcrumbList","@id":"https:\/\/nitu.mx\/index.php\/2021\/01\/17\/aeromexico-implementa-politica-de-proteccion-para-viajeros-a-eu\/#breadcrumb","itemListElement":[{"@type":"ListItem","position":1,"name":"Inicio","item":"https:\/\/nitu.mx\/"},{"@type":"ListItem","position":2,"name":"Aerom\u00e9xico implementa pol\u00edtica de protecci\u00f3n para viajeros a EU"}]},{"@type":"WebSite","@id":"https:\/\/nitu.mx\/#website","url":"https:\/\/nitu.mx\/","name":"Nitu - Noticias de la Industria Turistica","description":"Noticias de la Industria Turistica","publisher":{"@id":"https:\/\/nitu.mx\/#\/schema\/person\/ae7a53426417292d3dd07b45a33e01bc"},"alternateName":"Noticias de la Industria Turistica","potentialAction":[{"@type":"SearchAction","target":{"@type":"EntryPoint","urlTemplate":"https:\/\/nitu.mx\/?s={search_term_string}"},"query-input":"required name=search_term_string"}],"inLanguage":"es-MX"},{"@type":["Person","Organization"],"@id":"https:\/\/nitu.mx\/#\/schema\/person\/ae7a53426417292d3dd07b45a33e01bc","name":"Arturo Medina","image":{"@type":"ImageObject","inLanguage":"es-MX","@id":"https:\/\/nitu.mx\/#\/schema\/person\/image\/","url":"https:\/\/nitu.mx\/wp-content\/uploads\/2024\/04\/4A315622-1904-4D5C-B022-878CDC840E04-90x90-1.jpeg","contentUrl":"https:\/\/nitu.mx\/wp-content\/uploads\/2024\/04\/4A315622-1904-4D5C-B022-878CDC840E04-90x90-1.jpeg","width":90,"height":90,"caption":"Arturo Medina"},"logo":{"@id":"https:\/\/nitu.mx\/#\/schema\/person\/image\/"},"description":"Director NITU.mx, Egresado de la Escuela de Periodismo Carlos Septi\u00e9n Garc\u00eda. Periodista y analista especializado en turismo desde hace 35 a\u00f1os, radicado en Canc\u00fan Q.Roo. arturo@nitu.mx","sameAs":["https:\/\/nitu.mx","https:\/\/www.facebook.com\/NITUmx\/","medinacancun","https:\/\/twitter.com\/@Arturo_Medina_G"]},{"@type":"Person","@id":"https:\/\/nitu.mx\/#\/schema\/person\/3df3082b5e46037e3f13614d28ee0b77","name":"Guadalupe Sixto","image":{"@type":"ImageObject","inLanguage":"es-MX","@id":"https:\/\/nitu.mx\/#\/schema\/person\/image\/","url":"https:\/\/secure.gravatar.com\/avatar\/13914e1b0e1919e91f9539de4dc584c4?s=96&d=mm&r=g","contentUrl":"https:\/\/secure.gravatar.com\/avatar\/13914e1b0e1919e91f9539de4dc584c4?s=96&d=mm&r=g","caption":"Guadalupe Sixto"},"url":"https:\/\/nitu.mx\/index.php\/author\/gsixto\/"}]}},"views":422,"_links":{"self":[{"href":"https:\/\/nitu.mx\/index.php\/wp-json\/wp\/v2\/posts\/49647"}],"collection":[{"href":"https:\/\/nitu.mx\/index.php\/wp-json\/wp\/v2\/posts"}],"about":[{"href":"https:\/\/nitu.mx\/index.php\/wp-json\/wp\/v2\/types\/post"}],"author":[{"embeddable":true,"href":"https:\/\/nitu.mx\/index.php\/wp-json\/wp\/v2\/users\/18"}],"replies":[{"embeddable":true,"href":"https:\/\/nitu.mx\/index.php\/wp-json\/wp\/v2\/comments?post=49647"}],"version-history":[{"count":3,"href":"https:\/\/nitu.mx\/index.php\/wp-json\/wp\/v2\/posts\/49647\/revisions"}],"predecessor-version":[{"id":49650,"href":"https:\/\/nitu.mx\/index.php\/wp-json\/wp\/v2\/posts\/49647\/revisions\/49650"}],"wp:featuredmedia":[{"embeddable":true,"href":"https:\/\/nitu.mx\/index.php\/wp-json\/wp\/v2\/media\/46863"}],"wp:attachment":[{"href":"https:\/\/nitu.mx\/index.php\/wp-json\/wp\/v2\/media?parent=49647"}],"wp:term":[{"taxonomy":"category","embeddable":true,"href":"https:\/\/nitu.mx\/index.php\/wp-json\/wp\/v2\/categories?post=49647"},{"taxonomy":"post_tag","embeddable":true,"href":"https:\/\/nitu.mx\/index.php\/wp-json\/wp\/v2\/tags?post=49647"}],"curies":[{"name":"wp","href":"https:\/\/api.w.org\/{rel}","templated":true}]}}