{"id":49446,"date":"2021-01-08T00:25:00","date_gmt":"2021-01-08T05:25:00","guid":{"rendered":"https:\/\/www.dev.nitu.mx\/?p=49446"},"modified":"2021-01-08T01:31:32","modified_gmt":"2021-01-08T06:31:32","slug":"aeromexico-reporta-resultados-de-trafico-de-diciembre-2020","status":"publish","type":"post","link":"https:\/\/nitu.mx\/index.php\/2021\/01\/08\/aeromexico-reporta-resultados-de-trafico-de-diciembre-2020\/","title":{"rendered":"Aerom\u00e9xico reporta resultados de tr\u00e1fico de diciembre 2020"},"content":{"rendered":"<p>En diciembre de 2020, Grupo Aerom\u00e9xico transport\u00f3 1 mill\u00f3n 116 mil pasajeros, un incremento de 20.5% en comparaci\u00f3n con noviembre del 2020 derivado del aumento en la demanda dom\u00e9stica e internacional, por las fiestas decembrinas.<\/p>\n<p>Los pasajeros transportados totales representaron el 63.3% de los pasajeros del mismo per\u00edodo del a\u00f1o anterior. Los pasajeros del mercado internacional y dom\u00e9stico representaron el 36.4% y el 79.2% de los pasajeros del 2019 respectivamente.<\/p>\n<p>La oferta de Grupo Aerom\u00e9xico, medida en asientos-kil\u00f3metro disponibles (ASKs) se increment\u00f3 23.0% en comparaci\u00f3n con noviembre de 2020 y representaron el 57.1% de la capacidad de diciembre de 2019.<\/p>\n<p>La demanda de Grupo Aerom\u00e9xico, medida en pasajeros-kil\u00f3metro (RPKs) se increment\u00f3 35.6% en comparaci\u00f3n con noviembre de 2020 y represent\u00f3 el 47.3% de la demanda de diciembre de 2019.<\/p>\n<p>El factor de ocupaci\u00f3n de diciembre se ubic\u00f3 en 72.7%, un incremento de 5.7 p.p. en comparaci\u00f3n con noviembre 2020 y una disminuci\u00f3n de 8.2 p.p. en comparaci\u00f3n con lo registrado en diciembre 2019.<\/p>\n<p>Durante diciembre 2020 se reiniciaron las operaciones de los equipos Boeing 737 MAX en las rutas M\u00e9xico \u2013 Canc\u00fan e ir\u00e1 sumando otros destinos como Guadalajara, Monterrey y Tijuana conforme la planeaci\u00f3n lo permita. Durante enero de 2021 Aerom\u00e9xico planea incrementar sus operaciones a Montreal a cinco frecuencias semanales. (<a title=\"Canc\u00fan, destino de Aerom\u00e9xico para reincorporar el Boeing 737 MAX\" href=\"https:\/\/www.dev.nitu.mx\/index.php\/2020\/12\/22\/cancun-destino-de-aeromexico-para-reincorporar-el-boeing-737-max\/\" rel=\"bookmark\">Canc\u00fan, destino de Aerom\u00e9xico para reincorporar el Boeing 737 MAX<\/a>).<\/p>\n<p>Los datos contenidos en el presente reporte no han sido auditados y no son indicativos necesariamente de un desempe\u00f1o futuro.<\/p>\n<p>El desempe\u00f1o futuro de Grupo Aerom\u00e9xico depende de muchos factores y no se puede asegurar que el desempe\u00f1o de un per\u00edodo espec\u00edfico o su comparaci\u00f3n con el mismo per\u00edodo del a\u00f1o anterior se vayan a traducir en un desempe\u00f1o similar a futuro.<\/p>\n","protected":false},"excerpt":{"rendered":"<p>En diciembre de 2020, Grupo Aerom\u00e9xico transport\u00f3 1 mill\u00f3n 116 mil pasajeros, un incremento de 20.5% en comparaci\u00f3n con noviembre del 2020 derivado del aumento en la demanda dom\u00e9stica e internacional, por las fiestas decembrinas. Los pasajeros transportados totales representaron el 63.3% de los pasajeros del mismo per\u00edodo del a\u00f1o anterior. Los pasajeros del mercado [&hellip;]<\/p>\n","protected":false},"author":17,"featured_media":46863,"comment_status":"open","ping_status":"open","sticky":false,"template":"","format":"standard","meta":{"footnotes":""},"categories":[29,6],"tags":[2259,1340],"yoast_head":"<!-- This site is optimized with the Yoast SEO plugin v22.2 - https:\/\/yoast.com\/wordpress\/plugins\/seo\/ -->\n<title>Aerom\u00e9xico reporta resultados de tr\u00e1fico de diciembre 2020 - Nitu - Noticias de la Industria Turistica<\/title>\n<meta name=\"robots\" content=\"index, follow, max-snippet:-1, max-image-preview:large, max-video-preview:-1\" \/>\n<link rel=\"canonical\" href=\"https:\/\/nitu.mx\/index.php\/2021\/01\/08\/aeromexico-reporta-resultados-de-trafico-de-diciembre-2020\/\" \/>\n<meta name=\"twitter:card\" content=\"summary_large_image\" \/>\n<meta name=\"twitter:title\" content=\"Aerom\u00e9xico reporta resultados de tr\u00e1fico de diciembre 2020 - Nitu - Noticias de la Industria Turistica\" \/>\n<meta name=\"twitter:description\" content=\"En diciembre de 2020, Grupo Aerom\u00e9xico transport\u00f3 1 mill\u00f3n 116 mil pasajeros, un incremento de 20.5% en comparaci\u00f3n con noviembre del 2020 derivado del aumento en la demanda dom\u00e9stica e internacional, por las fiestas decembrinas. Los pasajeros transportados totales representaron el 63.3% de los pasajeros del mismo per\u00edodo del a\u00f1o anterior. Los pasajeros del mercado [&hellip;]\" \/>\n<meta name=\"twitter:image\" content=\"https:\/\/nitu.mx\/wp-content\/uploads\/2020\/10\/Aeromexico-Cancun-Tijuana.jpg\" \/>\n<meta name=\"twitter:creator\" content=\"@NITUmx\" \/>\n<meta name=\"twitter:site\" content=\"@Arturo_Medina_G\" \/>\n<meta name=\"twitter:label1\" content=\"Escrito por\" \/>\n\t<meta name=\"twitter:data1\" content=\"Redacci\u00f3n\" \/>\n\t<meta name=\"twitter:label2\" content=\"Tiempo de lectura\" \/>\n\t<meta name=\"twitter:data2\" content=\"1 minuto\" \/>\n<script type=\"application\/ld+json\" class=\"yoast-schema-graph\">{\"@context\":\"https:\/\/schema.org\",\"@graph\":[{\"@type\":\"Article\",\"@id\":\"https:\/\/nitu.mx\/index.php\/2021\/01\/08\/aeromexico-reporta-resultados-de-trafico-de-diciembre-2020\/#article\",\"isPartOf\":{\"@id\":\"https:\/\/nitu.mx\/index.php\/2021\/01\/08\/aeromexico-reporta-resultados-de-trafico-de-diciembre-2020\/\"},\"author\":{\"name\":\"Redacci\u00f3n\",\"@id\":\"https:\/\/nitu.mx\/#\/schema\/person\/4a28fe9bd65924f7c90623773daf1b0b\"},\"headline\":\"Aerom\u00e9xico reporta resultados de tr\u00e1fico de diciembre 2020\",\"datePublished\":\"2021-01-08T05:25:00+00:00\",\"dateModified\":\"2021-01-08T06:31:32+00:00\",\"mainEntityOfPage\":{\"@id\":\"https:\/\/nitu.mx\/index.php\/2021\/01\/08\/aeromexico-reporta-resultados-de-trafico-de-diciembre-2020\/\"},\"wordCount\":301,\"commentCount\":0,\"publisher\":{\"@id\":\"https:\/\/nitu.mx\/#\/schema\/person\/ae7a53426417292d3dd07b45a33e01bc\"},\"image\":{\"@id\":\"https:\/\/nitu.mx\/index.php\/2021\/01\/08\/aeromexico-reporta-resultados-de-trafico-de-diciembre-2020\/#primaryimage\"},\"thumbnailUrl\":\"https:\/\/nitu.mx\/wp-content\/uploads\/2020\/10\/Aeromexico-Cancun-Tijuana.jpg\",\"keywords\":[\"aerol\u00edneas\",\"Grupo Aerom\u00e9xico\"],\"articleSection\":[\"Aerol\u00edneas\",\"M\u00e9xico\"],\"inLanguage\":\"es-MX\",\"potentialAction\":[{\"@type\":\"CommentAction\",\"name\":\"Comment\",\"target\":[\"https:\/\/nitu.mx\/index.php\/2021\/01\/08\/aeromexico-reporta-resultados-de-trafico-de-diciembre-2020\/#respond\"]}]},{\"@type\":\"WebPage\",\"@id\":\"https:\/\/nitu.mx\/index.php\/2021\/01\/08\/aeromexico-reporta-resultados-de-trafico-de-diciembre-2020\/\",\"url\":\"https:\/\/nitu.mx\/index.php\/2021\/01\/08\/aeromexico-reporta-resultados-de-trafico-de-diciembre-2020\/\",\"name\":\"Aerom\u00e9xico reporta resultados de tr\u00e1fico de diciembre 2020 - Nitu - Noticias de la Industria Turistica\",\"isPartOf\":{\"@id\":\"https:\/\/nitu.mx\/#website\"},\"primaryImageOfPage\":{\"@id\":\"https:\/\/nitu.mx\/index.php\/2021\/01\/08\/aeromexico-reporta-resultados-de-trafico-de-diciembre-2020\/#primaryimage\"},\"image\":{\"@id\":\"https:\/\/nitu.mx\/index.php\/2021\/01\/08\/aeromexico-reporta-resultados-de-trafico-de-diciembre-2020\/#primaryimage\"},\"thumbnailUrl\":\"https:\/\/nitu.mx\/wp-content\/uploads\/2020\/10\/Aeromexico-Cancun-Tijuana.jpg\",\"datePublished\":\"2021-01-08T05:25:00+00:00\",\"dateModified\":\"2021-01-08T06:31:32+00:00\",\"breadcrumb\":{\"@id\":\"https:\/\/nitu.mx\/index.php\/2021\/01\/08\/aeromexico-reporta-resultados-de-trafico-de-diciembre-2020\/#breadcrumb\"},\"inLanguage\":\"es-MX\",\"potentialAction\":[{\"@type\":\"ReadAction\",\"target\":[\"https:\/\/nitu.mx\/index.php\/2021\/01\/08\/aeromexico-reporta-resultados-de-trafico-de-diciembre-2020\/\"]}]},{\"@type\":\"ImageObject\",\"inLanguage\":\"es-MX\",\"@id\":\"https:\/\/nitu.mx\/index.php\/2021\/01\/08\/aeromexico-reporta-resultados-de-trafico-de-diciembre-2020\/#primaryimage\",\"url\":\"https:\/\/nitu.mx\/wp-content\/uploads\/2020\/10\/Aeromexico-Cancun-Tijuana.jpg\",\"contentUrl\":\"https:\/\/nitu.mx\/wp-content\/uploads\/2020\/10\/Aeromexico-Cancun-Tijuana.jpg\",\"width\":1200,\"height\":675,\"caption\":\"Aerom\u00e9xico\"},{\"@type\":\"BreadcrumbList\",\"@id\":\"https:\/\/nitu.mx\/index.php\/2021\/01\/08\/aeromexico-reporta-resultados-de-trafico-de-diciembre-2020\/#breadcrumb\",\"itemListElement\":[{\"@type\":\"ListItem\",\"position\":1,\"name\":\"Inicio\",\"item\":\"https:\/\/nitu.mx\/\"},{\"@type\":\"ListItem\",\"position\":2,\"name\":\"Aerom\u00e9xico reporta resultados de tr\u00e1fico de diciembre 2020\"}]},{\"@type\":\"WebSite\",\"@id\":\"https:\/\/nitu.mx\/#website\",\"url\":\"https:\/\/nitu.mx\/\",\"name\":\"Nitu - Noticias de la Industria Turistica\",\"description\":\"Noticias de la Industria Turistica\",\"publisher\":{\"@id\":\"https:\/\/nitu.mx\/#\/schema\/person\/ae7a53426417292d3dd07b45a33e01bc\"},\"alternateName\":\"Noticias de la Industria Turistica\",\"potentialAction\":[{\"@type\":\"SearchAction\",\"target\":{\"@type\":\"EntryPoint\",\"urlTemplate\":\"https:\/\/nitu.mx\/?s={search_term_string}\"},\"query-input\":\"required name=search_term_string\"}],\"inLanguage\":\"es-MX\"},{\"@type\":[\"Person\",\"Organization\"],\"@id\":\"https:\/\/nitu.mx\/#\/schema\/person\/ae7a53426417292d3dd07b45a33e01bc\",\"name\":\"Arturo Medina\",\"image\":{\"@type\":\"ImageObject\",\"inLanguage\":\"es-MX\",\"@id\":\"https:\/\/nitu.mx\/#\/schema\/person\/image\/\",\"url\":\"https:\/\/nitu.mx\/wp-content\/uploads\/2024\/04\/4A315622-1904-4D5C-B022-878CDC840E04-90x90-1.jpeg\",\"contentUrl\":\"https:\/\/nitu.mx\/wp-content\/uploads\/2024\/04\/4A315622-1904-4D5C-B022-878CDC840E04-90x90-1.jpeg\",\"width\":90,\"height\":90,\"caption\":\"Arturo Medina\"},\"logo\":{\"@id\":\"https:\/\/nitu.mx\/#\/schema\/person\/image\/\"},\"description\":\"Director NITU.mx, Egresado de la Escuela de Periodismo Carlos Septi\u00e9n Garc\u00eda. Periodista y analista especializado en turismo desde hace 35 a\u00f1os, radicado en Canc\u00fan Q.Roo. arturo@nitu.mx\",\"sameAs\":[\"https:\/\/nitu.mx\",\"https:\/\/www.facebook.com\/NITUmx\/\",\"medinacancun\",\"https:\/\/twitter.com\/@Arturo_Medina_G\"]},{\"@type\":\"Person\",\"@id\":\"https:\/\/nitu.mx\/#\/schema\/person\/4a28fe9bd65924f7c90623773daf1b0b\",\"name\":\"Redacci\u00f3n\",\"image\":{\"@type\":\"ImageObject\",\"inLanguage\":\"es-MX\",\"@id\":\"https:\/\/nitu.mx\/#\/schema\/person\/image\/\",\"url\":\"https:\/\/secure.gravatar.com\/avatar\/5dd011c8ccfc5cd7e4c81e42252aab38?s=96&d=mm&r=g\",\"contentUrl\":\"https:\/\/secure.gravatar.com\/avatar\/5dd011c8ccfc5cd7e4c81e42252aab38?s=96&d=mm&r=g\",\"caption\":\"Redacci\u00f3n\"},\"url\":\"https:\/\/nitu.mx\/index.php\/author\/redaccion\/\"}]}<\/script>\n<!-- \/ Yoast SEO plugin. -->","yoast_head_json":{"title":"Aerom\u00e9xico reporta resultados de tr\u00e1fico de diciembre 2020 - Nitu - Noticias de la Industria Turistica","robots":{"index":"index","follow":"follow","max-snippet":"max-snippet:-1","max-image-preview":"max-image-preview:large","max-video-preview":"max-video-preview:-1"},"canonical":"https:\/\/nitu.mx\/index.php\/2021\/01\/08\/aeromexico-reporta-resultados-de-trafico-de-diciembre-2020\/","twitter_card":"summary_large_image","twitter_title":"Aerom\u00e9xico reporta resultados de tr\u00e1fico de diciembre 2020 - Nitu - Noticias de la Industria Turistica","twitter_description":"En diciembre de 2020, Grupo Aerom\u00e9xico transport\u00f3 1 mill\u00f3n 116 mil pasajeros, un incremento de 20.5% en comparaci\u00f3n con noviembre del 2020 derivado del aumento en la demanda dom\u00e9stica e internacional, por las fiestas decembrinas. Los pasajeros transportados totales representaron el 63.3% de los pasajeros del mismo per\u00edodo del a\u00f1o anterior. Los pasajeros del mercado [&hellip;]","twitter_image":"https:\/\/nitu.mx\/wp-content\/uploads\/2020\/10\/Aeromexico-Cancun-Tijuana.jpg","twitter_creator":"@NITUmx","twitter_site":"@Arturo_Medina_G","twitter_misc":{"Escrito por":"Redacci\u00f3n","Tiempo de lectura":"1 minuto"},"schema":{"@context":"https:\/\/schema.org","@graph":[{"@type":"Article","@id":"https:\/\/nitu.mx\/index.php\/2021\/01\/08\/aeromexico-reporta-resultados-de-trafico-de-diciembre-2020\/#article","isPartOf":{"@id":"https:\/\/nitu.mx\/index.php\/2021\/01\/08\/aeromexico-reporta-resultados-de-trafico-de-diciembre-2020\/"},"author":{"name":"Redacci\u00f3n","@id":"https:\/\/nitu.mx\/#\/schema\/person\/4a28fe9bd65924f7c90623773daf1b0b"},"headline":"Aerom\u00e9xico reporta resultados de tr\u00e1fico de diciembre 2020","datePublished":"2021-01-08T05:25:00+00:00","dateModified":"2021-01-08T06:31:32+00:00","mainEntityOfPage":{"@id":"https:\/\/nitu.mx\/index.php\/2021\/01\/08\/aeromexico-reporta-resultados-de-trafico-de-diciembre-2020\/"},"wordCount":301,"commentCount":0,"publisher":{"@id":"https:\/\/nitu.mx\/#\/schema\/person\/ae7a53426417292d3dd07b45a33e01bc"},"image":{"@id":"https:\/\/nitu.mx\/index.php\/2021\/01\/08\/aeromexico-reporta-resultados-de-trafico-de-diciembre-2020\/#primaryimage"},"thumbnailUrl":"https:\/\/nitu.mx\/wp-content\/uploads\/2020\/10\/Aeromexico-Cancun-Tijuana.jpg","keywords":["aerol\u00edneas","Grupo Aerom\u00e9xico"],"articleSection":["Aerol\u00edneas","M\u00e9xico"],"inLanguage":"es-MX","potentialAction":[{"@type":"CommentAction","name":"Comment","target":["https:\/\/nitu.mx\/index.php\/2021\/01\/08\/aeromexico-reporta-resultados-de-trafico-de-diciembre-2020\/#respond"]}]},{"@type":"WebPage","@id":"https:\/\/nitu.mx\/index.php\/2021\/01\/08\/aeromexico-reporta-resultados-de-trafico-de-diciembre-2020\/","url":"https:\/\/nitu.mx\/index.php\/2021\/01\/08\/aeromexico-reporta-resultados-de-trafico-de-diciembre-2020\/","name":"Aerom\u00e9xico reporta resultados de tr\u00e1fico de diciembre 2020 - Nitu - Noticias de la Industria Turistica","isPartOf":{"@id":"https:\/\/nitu.mx\/#website"},"primaryImageOfPage":{"@id":"https:\/\/nitu.mx\/index.php\/2021\/01\/08\/aeromexico-reporta-resultados-de-trafico-de-diciembre-2020\/#primaryimage"},"image":{"@id":"https:\/\/nitu.mx\/index.php\/2021\/01\/08\/aeromexico-reporta-resultados-de-trafico-de-diciembre-2020\/#primaryimage"},"thumbnailUrl":"https:\/\/nitu.mx\/wp-content\/uploads\/2020\/10\/Aeromexico-Cancun-Tijuana.jpg","datePublished":"2021-01-08T05:25:00+00:00","dateModified":"2021-01-08T06:31:32+00:00","breadcrumb":{"@id":"https:\/\/nitu.mx\/index.php\/2021\/01\/08\/aeromexico-reporta-resultados-de-trafico-de-diciembre-2020\/#breadcrumb"},"inLanguage":"es-MX","potentialAction":[{"@type":"ReadAction","target":["https:\/\/nitu.mx\/index.php\/2021\/01\/08\/aeromexico-reporta-resultados-de-trafico-de-diciembre-2020\/"]}]},{"@type":"ImageObject","inLanguage":"es-MX","@id":"https:\/\/nitu.mx\/index.php\/2021\/01\/08\/aeromexico-reporta-resultados-de-trafico-de-diciembre-2020\/#primaryimage","url":"https:\/\/nitu.mx\/wp-content\/uploads\/2020\/10\/Aeromexico-Cancun-Tijuana.jpg","contentUrl":"https:\/\/nitu.mx\/wp-content\/uploads\/2020\/10\/Aeromexico-Cancun-Tijuana.jpg","width":1200,"height":675,"caption":"Aerom\u00e9xico"},{"@type":"BreadcrumbList","@id":"https:\/\/nitu.mx\/index.php\/2021\/01\/08\/aeromexico-reporta-resultados-de-trafico-de-diciembre-2020\/#breadcrumb","itemListElement":[{"@type":"ListItem","position":1,"name":"Inicio","item":"https:\/\/nitu.mx\/"},{"@type":"ListItem","position":2,"name":"Aerom\u00e9xico reporta resultados de tr\u00e1fico de diciembre 2020"}]},{"@type":"WebSite","@id":"https:\/\/nitu.mx\/#website","url":"https:\/\/nitu.mx\/","name":"Nitu - Noticias de la Industria Turistica","description":"Noticias de la Industria Turistica","publisher":{"@id":"https:\/\/nitu.mx\/#\/schema\/person\/ae7a53426417292d3dd07b45a33e01bc"},"alternateName":"Noticias de la Industria Turistica","potentialAction":[{"@type":"SearchAction","target":{"@type":"EntryPoint","urlTemplate":"https:\/\/nitu.mx\/?s={search_term_string}"},"query-input":"required name=search_term_string"}],"inLanguage":"es-MX"},{"@type":["Person","Organization"],"@id":"https:\/\/nitu.mx\/#\/schema\/person\/ae7a53426417292d3dd07b45a33e01bc","name":"Arturo Medina","image":{"@type":"ImageObject","inLanguage":"es-MX","@id":"https:\/\/nitu.mx\/#\/schema\/person\/image\/","url":"https:\/\/nitu.mx\/wp-content\/uploads\/2024\/04\/4A315622-1904-4D5C-B022-878CDC840E04-90x90-1.jpeg","contentUrl":"https:\/\/nitu.mx\/wp-content\/uploads\/2024\/04\/4A315622-1904-4D5C-B022-878CDC840E04-90x90-1.jpeg","width":90,"height":90,"caption":"Arturo Medina"},"logo":{"@id":"https:\/\/nitu.mx\/#\/schema\/person\/image\/"},"description":"Director NITU.mx, Egresado de la Escuela de Periodismo Carlos Septi\u00e9n Garc\u00eda. Periodista y analista especializado en turismo desde hace 35 a\u00f1os, radicado en Canc\u00fan Q.Roo. arturo@nitu.mx","sameAs":["https:\/\/nitu.mx","https:\/\/www.facebook.com\/NITUmx\/","medinacancun","https:\/\/twitter.com\/@Arturo_Medina_G"]},{"@type":"Person","@id":"https:\/\/nitu.mx\/#\/schema\/person\/4a28fe9bd65924f7c90623773daf1b0b","name":"Redacci\u00f3n","image":{"@type":"ImageObject","inLanguage":"es-MX","@id":"https:\/\/nitu.mx\/#\/schema\/person\/image\/","url":"https:\/\/secure.gravatar.com\/avatar\/5dd011c8ccfc5cd7e4c81e42252aab38?s=96&d=mm&r=g","contentUrl":"https:\/\/secure.gravatar.com\/avatar\/5dd011c8ccfc5cd7e4c81e42252aab38?s=96&d=mm&r=g","caption":"Redacci\u00f3n"},"url":"https:\/\/nitu.mx\/index.php\/author\/redaccion\/"}]}},"views":294,"_links":{"self":[{"href":"https:\/\/nitu.mx\/index.php\/wp-json\/wp\/v2\/posts\/49446"}],"collection":[{"href":"https:\/\/nitu.mx\/index.php\/wp-json\/wp\/v2\/posts"}],"about":[{"href":"https:\/\/nitu.mx\/index.php\/wp-json\/wp\/v2\/types\/post"}],"author":[{"embeddable":true,"href":"https:\/\/nitu.mx\/index.php\/wp-json\/wp\/v2\/users\/17"}],"replies":[{"embeddable":true,"href":"https:\/\/nitu.mx\/index.php\/wp-json\/wp\/v2\/comments?post=49446"}],"version-history":[{"count":2,"href":"https:\/\/nitu.mx\/index.php\/wp-json\/wp\/v2\/posts\/49446\/revisions"}],"predecessor-version":[{"id":49462,"href":"https:\/\/nitu.mx\/index.php\/wp-json\/wp\/v2\/posts\/49446\/revisions\/49462"}],"wp:featuredmedia":[{"embeddable":true,"href":"https:\/\/nitu.mx\/index.php\/wp-json\/wp\/v2\/media\/46863"}],"wp:attachment":[{"href":"https:\/\/nitu.mx\/index.php\/wp-json\/wp\/v2\/media?parent=49446"}],"wp:term":[{"taxonomy":"category","embeddable":true,"href":"https:\/\/nitu.mx\/index.php\/wp-json\/wp\/v2\/categories?post=49446"},{"taxonomy":"post_tag","embeddable":true,"href":"https:\/\/nitu.mx\/index.php\/wp-json\/wp\/v2\/tags?post=49446"}],"curies":[{"name":"wp","href":"https:\/\/api.w.org\/{rel}","templated":true}]}}