{"id":49415,"date":"2021-01-07T00:36:19","date_gmt":"2021-01-07T05:36:19","guid":{"rendered":"https:\/\/www.dev.nitu.mx\/?p=49415"},"modified":"2021-01-07T01:27:03","modified_gmt":"2021-01-07T06:27:03","slug":"comprarian-hoteleros-de-cancun-vacunas-de-astrazeneca-para-sus-colaboradores","status":"publish","type":"post","link":"https:\/\/nitu.mx\/index.php\/2021\/01\/07\/comprarian-hoteleros-de-cancun-vacunas-de-astrazeneca-para-sus-colaboradores\/","title":{"rendered":"Comprar\u00edan hoteleros de Canc\u00fan vacunas de AstraZeneca para sus colaboradores"},"content":{"rendered":"<p>Vacunaci\u00f3n a todos sus colaboradores, puntos de toma de muestra de pruebas Covid-19 y gesti\u00f3n con laboratorios para aplicaci\u00f3n, son algunas de las medidas que la Asociaci\u00f3n de Hoteles de Canc\u00fan, Puerto Morelos e Isla Mujeres encabezada por Roberto Cintr\u00f3n Gomez, pretende aplicar a corto y mediano plazo para mantener la competitividad del destino ante la pandemia.<\/p>\n<p>Las tomas de muestra de laboratorios obedece a que todo parece indicar que pr\u00f3ximamente el Departamento de Estado de Estados Unidos, pedir\u00e1 para el reingreso al pa\u00eds de viajeros en el extranjero una prueba de PCR con no m\u00e1s de tres d\u00edas de vigencia, por lo que se pretende dar todas las facilidades a los turistas para que puedan cumplir con el requisito sin necesidad de salir de la Zona Hotelera.<\/p>\n<p>La vacunaci\u00f3n para todos los colaboradores de hoteles y prestadores de servicios en su momento, es con el fin de ser el primer destino en ofrecer seguridad total a sus visitantes, y para garantizar la salud de la totalidad de la planta laboral. La inversi\u00f3n correr\u00eda a cargo de los propios hoteles, y aunque se han acercado con dos laboratorios, Pfizer y Astra Zeneca, el segundo es el que tiene m\u00e1s posibilidades ante la facilidad de la aplicaci\u00f3n y su distribuci\u00f3n.<\/p>\n<p>Roberto Cintr\u00f3n dijo en un mensaje dirigido a sus agremiados, que en caso de que alguno de los turistas que se practicara las pruebas y saliera positivo, ya se tiene cuatro hoteles cerca del aeropuerto que cobrar\u00edan precios preferenciales a las familias de los contagiados para que en su caso puedan acompa\u00f1ar a los posibles enfermos. &#8220;Todos los hoteleros con los que he platicado est\u00e1n de acuerdo y ya tendr\u00edamos contabilizadas al rededor de medio mill\u00f3n de dosis para la parte norte del estado para las vacunas.<\/p>\n<p>&#8220;Se ha platicado con el gobernador del estado, Carlos Joaquin, para establecer una estrategia para darle atenci\u00f3n a los turistas que pudieran dar positivo a las pruebas, algo que se establecer\u00e1 en su momento&#8221;.<\/p>\n<p>El presidente de los hoteleros asegur\u00f3 que &#8220;Tenemos ya un local para que el laboratorio que se interese pueda instalarse para la toma de muestras en el hotel Coral Beach, otro punto estrat\u00e9gico es el local en donde estaba Outback y uno m\u00e1s que queremos pedirle al gobernador es el Museo Maya de Canc\u00fan, estamos cotizando con varios laboratorios y por ahora el mejor precio es de 100 d\u00f3lares, pero seguimos buscando mejores precios para evitar mayores gastos a nuestros visitantes&#8221;.<\/p>\n<p>Tambi\u00e9n hizo una referencia a la gesti\u00f3n de una visa sanitaria con el secretario de Turismo Miguel Torruco, para que quienes ya se han vacunado no tengan necesidad de tomarse muestras.\u00a0<a title=\"DFW y American Airlines preparan la distribuci\u00f3n de la vacuna contra Covid-19\" href=\"https:\/\/www.dev.nitu.mx\/index.php\/2020\/12\/22\/dfw-y-american-airlines-preparan-la-distribucion-de-la-vacuna-contra-covid-19\/\" rel=\"bookmark\">(DFW y American Airlines preparan la distribuci\u00f3n de la vacuna contra Covid-19<\/a>).<\/p>\n<div style=\"width: 426px;\" class=\"wp-video\"><!--[if lt IE 9]><script>document.createElement('video');<\/script><![endif]-->\n<video class=\"wp-video-shortcode\" id=\"video-49415-1\" width=\"426\" height=\"240\" preload=\"metadata\" controls=\"controls\"><source type=\"video\/mp4\" src=\"https:\/\/www.dev.nitu.mx\/wp-content\/uploads\/2021\/01\/10000000_882327249184309_7218030803029145228_n.mp4?_=1\" \/><a href=\"https:\/\/www.dev.nitu.mx\/wp-content\/uploads\/2021\/01\/10000000_882327249184309_7218030803029145228_n.mp4\">https:\/\/www.dev.nitu.mx\/wp-content\/uploads\/2021\/01\/10000000_882327249184309_7218030803029145228_n.mp4<\/a><\/video><\/div>\n","protected":false},"excerpt":{"rendered":"<p>Vacunaci\u00f3n a todos sus colaboradores, puntos de toma de muestra de pruebas Covid-19 y gesti\u00f3n con laboratorios para aplicaci\u00f3n, son algunas de las medidas que la Asociaci\u00f3n de Hoteles de Canc\u00fan, Puerto Morelos e Isla Mujeres encabezada por Roberto Cintr\u00f3n Gomez, pretende aplicar a corto y mediano plazo para mantener la competitividad del destino ante [&hellip;]<\/p>\n","protected":false},"author":2,"featured_media":49437,"comment_status":"open","ping_status":"open","sticky":false,"template":"","format":"standard","meta":{"footnotes":""},"categories":[21403,19057,2],"tags":[1212,15015,1130],"yoast_head":"<!-- This site is optimized with the Yoast SEO plugin v22.2 - https:\/\/yoast.com\/wordpress\/plugins\/seo\/ -->\n<title>Comprar\u00edan hoteleros de Canc\u00fan vacunas de AstraZeneca para sus colaboradores - Nitu - Noticias de la Industria Turistica<\/title>\n<meta name=\"robots\" content=\"index, follow, max-snippet:-1, max-image-preview:large, max-video-preview:-1\" \/>\n<link rel=\"canonical\" href=\"https:\/\/nitu.mx\/index.php\/2021\/01\/07\/comprarian-hoteleros-de-cancun-vacunas-de-astrazeneca-para-sus-colaboradores\/\" \/>\n<meta name=\"twitter:card\" content=\"summary_large_image\" \/>\n<meta name=\"twitter:title\" content=\"Comprar\u00edan hoteleros de Canc\u00fan vacunas de AstraZeneca para sus colaboradores - Nitu - Noticias de la Industria Turistica\" \/>\n<meta name=\"twitter:description\" content=\"Vacunaci\u00f3n a todos sus colaboradores, puntos de toma de muestra de pruebas Covid-19 y gesti\u00f3n con laboratorios para aplicaci\u00f3n, son algunas de las medidas que la Asociaci\u00f3n de Hoteles de Canc\u00fan, Puerto Morelos e Isla Mujeres encabezada por Roberto Cintr\u00f3n Gomez, pretende aplicar a corto y mediano plazo para mantener la competitividad del destino ante [&hellip;]\" \/>\n<meta name=\"twitter:image\" content=\"https:\/\/nitu.mx\/wp-content\/uploads\/2021\/01\/E197B68C-C005-4AE4-AC6F-1B16F0DE7494.jpg\" \/>\n<meta name=\"twitter:creator\" content=\"@Arturo_Medina_G\" \/>\n<meta name=\"twitter:site\" content=\"@Arturo_Medina_G\" \/>\n<meta name=\"twitter:label1\" content=\"Escrito por\" \/>\n\t<meta name=\"twitter:data1\" content=\"Arturo Medina\" \/>\n\t<meta name=\"twitter:label2\" content=\"Tiempo de lectura\" \/>\n\t<meta name=\"twitter:data2\" content=\"2 minutos\" \/>\n<script type=\"application\/ld+json\" class=\"yoast-schema-graph\">{\"@context\":\"https:\/\/schema.org\",\"@graph\":[{\"@type\":\"Article\",\"@id\":\"https:\/\/nitu.mx\/index.php\/2021\/01\/07\/comprarian-hoteleros-de-cancun-vacunas-de-astrazeneca-para-sus-colaboradores\/#article\",\"isPartOf\":{\"@id\":\"https:\/\/nitu.mx\/index.php\/2021\/01\/07\/comprarian-hoteleros-de-cancun-vacunas-de-astrazeneca-para-sus-colaboradores\/\"},\"author\":{\"name\":\"Arturo Medina\",\"@id\":\"https:\/\/nitu.mx\/#\/schema\/person\/ae7a53426417292d3dd07b45a33e01bc\"},\"headline\":\"Comprar\u00edan hoteleros de Canc\u00fan vacunas de AstraZeneca para sus colaboradores\",\"datePublished\":\"2021-01-07T05:36:19+00:00\",\"dateModified\":\"2021-01-07T06:27:03+00:00\",\"mainEntityOfPage\":{\"@id\":\"https:\/\/nitu.mx\/index.php\/2021\/01\/07\/comprarian-hoteleros-de-cancun-vacunas-de-astrazeneca-para-sus-colaboradores\/\"},\"wordCount\":509,\"commentCount\":0,\"publisher\":{\"@id\":\"https:\/\/nitu.mx\/#\/schema\/person\/ae7a53426417292d3dd07b45a33e01bc\"},\"image\":{\"@id\":\"https:\/\/nitu.mx\/index.php\/2021\/01\/07\/comprarian-hoteleros-de-cancun-vacunas-de-astrazeneca-para-sus-colaboradores\/#primaryimage\"},\"thumbnailUrl\":\"https:\/\/nitu.mx\/wp-content\/uploads\/2021\/01\/E197B68C-C005-4AE4-AC6F-1B16F0DE7494.jpg\",\"keywords\":[\"Asociaci\u00f3n de Hoteles de Canc\u00fan\",\"Puerto Morelos e Isla Mujeres\",\"Roberto Cintr\u00f3n\"],\"articleSection\":[\"Canc\u00fan\",\"COVID-19 CORONAVIRUS\",\"Hoteles\"],\"inLanguage\":\"es-MX\",\"potentialAction\":[{\"@type\":\"CommentAction\",\"name\":\"Comment\",\"target\":[\"https:\/\/nitu.mx\/index.php\/2021\/01\/07\/comprarian-hoteleros-de-cancun-vacunas-de-astrazeneca-para-sus-colaboradores\/#respond\"]}]},{\"@type\":\"WebPage\",\"@id\":\"https:\/\/nitu.mx\/index.php\/2021\/01\/07\/comprarian-hoteleros-de-cancun-vacunas-de-astrazeneca-para-sus-colaboradores\/\",\"url\":\"https:\/\/nitu.mx\/index.php\/2021\/01\/07\/comprarian-hoteleros-de-cancun-vacunas-de-astrazeneca-para-sus-colaboradores\/\",\"name\":\"Comprar\u00edan hoteleros de Canc\u00fan vacunas de AstraZeneca para sus colaboradores - Nitu - Noticias de la Industria Turistica\",\"isPartOf\":{\"@id\":\"https:\/\/nitu.mx\/#website\"},\"primaryImageOfPage\":{\"@id\":\"https:\/\/nitu.mx\/index.php\/2021\/01\/07\/comprarian-hoteleros-de-cancun-vacunas-de-astrazeneca-para-sus-colaboradores\/#primaryimage\"},\"image\":{\"@id\":\"https:\/\/nitu.mx\/index.php\/2021\/01\/07\/comprarian-hoteleros-de-cancun-vacunas-de-astrazeneca-para-sus-colaboradores\/#primaryimage\"},\"thumbnailUrl\":\"https:\/\/nitu.mx\/wp-content\/uploads\/2021\/01\/E197B68C-C005-4AE4-AC6F-1B16F0DE7494.jpg\",\"datePublished\":\"2021-01-07T05:36:19+00:00\",\"dateModified\":\"2021-01-07T06:27:03+00:00\",\"breadcrumb\":{\"@id\":\"https:\/\/nitu.mx\/index.php\/2021\/01\/07\/comprarian-hoteleros-de-cancun-vacunas-de-astrazeneca-para-sus-colaboradores\/#breadcrumb\"},\"inLanguage\":\"es-MX\",\"potentialAction\":[{\"@type\":\"ReadAction\",\"target\":[\"https:\/\/nitu.mx\/index.php\/2021\/01\/07\/comprarian-hoteleros-de-cancun-vacunas-de-astrazeneca-para-sus-colaboradores\/\"]}]},{\"@type\":\"ImageObject\",\"inLanguage\":\"es-MX\",\"@id\":\"https:\/\/nitu.mx\/index.php\/2021\/01\/07\/comprarian-hoteleros-de-cancun-vacunas-de-astrazeneca-para-sus-colaboradores\/#primaryimage\",\"url\":\"https:\/\/nitu.mx\/wp-content\/uploads\/2021\/01\/E197B68C-C005-4AE4-AC6F-1B16F0DE7494.jpg\",\"contentUrl\":\"https:\/\/nitu.mx\/wp-content\/uploads\/2021\/01\/E197B68C-C005-4AE4-AC6F-1B16F0DE7494.jpg\",\"width\":1200,\"height\":675},{\"@type\":\"BreadcrumbList\",\"@id\":\"https:\/\/nitu.mx\/index.php\/2021\/01\/07\/comprarian-hoteleros-de-cancun-vacunas-de-astrazeneca-para-sus-colaboradores\/#breadcrumb\",\"itemListElement\":[{\"@type\":\"ListItem\",\"position\":1,\"name\":\"Inicio\",\"item\":\"https:\/\/nitu.mx\/\"},{\"@type\":\"ListItem\",\"position\":2,\"name\":\"Comprar\u00edan hoteleros de Canc\u00fan vacunas de AstraZeneca para sus colaboradores\"}]},{\"@type\":\"WebSite\",\"@id\":\"https:\/\/nitu.mx\/#website\",\"url\":\"https:\/\/nitu.mx\/\",\"name\":\"Nitu - Noticias de la Industria Turistica\",\"description\":\"Noticias de la Industria Turistica\",\"publisher\":{\"@id\":\"https:\/\/nitu.mx\/#\/schema\/person\/ae7a53426417292d3dd07b45a33e01bc\"},\"alternateName\":\"Noticias de la Industria Turistica\",\"potentialAction\":[{\"@type\":\"SearchAction\",\"target\":{\"@type\":\"EntryPoint\",\"urlTemplate\":\"https:\/\/nitu.mx\/?s={search_term_string}\"},\"query-input\":\"required name=search_term_string\"}],\"inLanguage\":\"es-MX\"},{\"@type\":[\"Person\",\"Organization\"],\"@id\":\"https:\/\/nitu.mx\/#\/schema\/person\/ae7a53426417292d3dd07b45a33e01bc\",\"name\":\"Arturo Medina\",\"image\":{\"@type\":\"ImageObject\",\"inLanguage\":\"es-MX\",\"@id\":\"https:\/\/nitu.mx\/#\/schema\/person\/image\/\",\"url\":\"https:\/\/nitu.mx\/wp-content\/uploads\/2024\/04\/4A315622-1904-4D5C-B022-878CDC840E04-90x90-1.jpeg\",\"contentUrl\":\"https:\/\/nitu.mx\/wp-content\/uploads\/2024\/04\/4A315622-1904-4D5C-B022-878CDC840E04-90x90-1.jpeg\",\"width\":90,\"height\":90,\"caption\":\"Arturo Medina\"},\"logo\":{\"@id\":\"https:\/\/nitu.mx\/#\/schema\/person\/image\/\"},\"description\":\"Director NITU.mx, Egresado de la Escuela de Periodismo Carlos Septi\u00e9n Garc\u00eda. Periodista y analista especializado en turismo desde hace 35 a\u00f1os, radicado en Canc\u00fan Q.Roo. arturo@nitu.mx\",\"sameAs\":[\"https:\/\/nitu.mx\",\"https:\/\/www.facebook.com\/NITUmx\/\",\"medinacancun\",\"https:\/\/twitter.com\/@Arturo_Medina_G\"],\"url\":\"https:\/\/nitu.mx\/index.php\/author\/arturo-medina\/\"}]}<\/script>\n<!-- \/ Yoast SEO plugin. -->","yoast_head_json":{"title":"Comprar\u00edan hoteleros de Canc\u00fan vacunas de AstraZeneca para sus colaboradores - Nitu - Noticias de la Industria Turistica","robots":{"index":"index","follow":"follow","max-snippet":"max-snippet:-1","max-image-preview":"max-image-preview:large","max-video-preview":"max-video-preview:-1"},"canonical":"https:\/\/nitu.mx\/index.php\/2021\/01\/07\/comprarian-hoteleros-de-cancun-vacunas-de-astrazeneca-para-sus-colaboradores\/","twitter_card":"summary_large_image","twitter_title":"Comprar\u00edan hoteleros de Canc\u00fan vacunas de AstraZeneca para sus colaboradores - Nitu - Noticias de la Industria Turistica","twitter_description":"Vacunaci\u00f3n a todos sus colaboradores, puntos de toma de muestra de pruebas Covid-19 y gesti\u00f3n con laboratorios para aplicaci\u00f3n, son algunas de las medidas que la Asociaci\u00f3n de Hoteles de Canc\u00fan, Puerto Morelos e Isla Mujeres encabezada por Roberto Cintr\u00f3n Gomez, pretende aplicar a corto y mediano plazo para mantener la competitividad del destino ante [&hellip;]","twitter_image":"https:\/\/nitu.mx\/wp-content\/uploads\/2021\/01\/E197B68C-C005-4AE4-AC6F-1B16F0DE7494.jpg","twitter_creator":"@Arturo_Medina_G","twitter_site":"@Arturo_Medina_G","twitter_misc":{"Escrito por":"Arturo Medina","Tiempo de lectura":"2 minutos"},"schema":{"@context":"https:\/\/schema.org","@graph":[{"@type":"Article","@id":"https:\/\/nitu.mx\/index.php\/2021\/01\/07\/comprarian-hoteleros-de-cancun-vacunas-de-astrazeneca-para-sus-colaboradores\/#article","isPartOf":{"@id":"https:\/\/nitu.mx\/index.php\/2021\/01\/07\/comprarian-hoteleros-de-cancun-vacunas-de-astrazeneca-para-sus-colaboradores\/"},"author":{"name":"Arturo Medina","@id":"https:\/\/nitu.mx\/#\/schema\/person\/ae7a53426417292d3dd07b45a33e01bc"},"headline":"Comprar\u00edan hoteleros de Canc\u00fan vacunas de AstraZeneca para sus colaboradores","datePublished":"2021-01-07T05:36:19+00:00","dateModified":"2021-01-07T06:27:03+00:00","mainEntityOfPage":{"@id":"https:\/\/nitu.mx\/index.php\/2021\/01\/07\/comprarian-hoteleros-de-cancun-vacunas-de-astrazeneca-para-sus-colaboradores\/"},"wordCount":509,"commentCount":0,"publisher":{"@id":"https:\/\/nitu.mx\/#\/schema\/person\/ae7a53426417292d3dd07b45a33e01bc"},"image":{"@id":"https:\/\/nitu.mx\/index.php\/2021\/01\/07\/comprarian-hoteleros-de-cancun-vacunas-de-astrazeneca-para-sus-colaboradores\/#primaryimage"},"thumbnailUrl":"https:\/\/nitu.mx\/wp-content\/uploads\/2021\/01\/E197B68C-C005-4AE4-AC6F-1B16F0DE7494.jpg","keywords":["Asociaci\u00f3n de Hoteles de Canc\u00fan","Puerto Morelos e Isla Mujeres","Roberto Cintr\u00f3n"],"articleSection":["Canc\u00fan","COVID-19 CORONAVIRUS","Hoteles"],"inLanguage":"es-MX","potentialAction":[{"@type":"CommentAction","name":"Comment","target":["https:\/\/nitu.mx\/index.php\/2021\/01\/07\/comprarian-hoteleros-de-cancun-vacunas-de-astrazeneca-para-sus-colaboradores\/#respond"]}]},{"@type":"WebPage","@id":"https:\/\/nitu.mx\/index.php\/2021\/01\/07\/comprarian-hoteleros-de-cancun-vacunas-de-astrazeneca-para-sus-colaboradores\/","url":"https:\/\/nitu.mx\/index.php\/2021\/01\/07\/comprarian-hoteleros-de-cancun-vacunas-de-astrazeneca-para-sus-colaboradores\/","name":"Comprar\u00edan hoteleros de Canc\u00fan vacunas de AstraZeneca para sus colaboradores - Nitu - Noticias de la Industria Turistica","isPartOf":{"@id":"https:\/\/nitu.mx\/#website"},"primaryImageOfPage":{"@id":"https:\/\/nitu.mx\/index.php\/2021\/01\/07\/comprarian-hoteleros-de-cancun-vacunas-de-astrazeneca-para-sus-colaboradores\/#primaryimage"},"image":{"@id":"https:\/\/nitu.mx\/index.php\/2021\/01\/07\/comprarian-hoteleros-de-cancun-vacunas-de-astrazeneca-para-sus-colaboradores\/#primaryimage"},"thumbnailUrl":"https:\/\/nitu.mx\/wp-content\/uploads\/2021\/01\/E197B68C-C005-4AE4-AC6F-1B16F0DE7494.jpg","datePublished":"2021-01-07T05:36:19+00:00","dateModified":"2021-01-07T06:27:03+00:00","breadcrumb":{"@id":"https:\/\/nitu.mx\/index.php\/2021\/01\/07\/comprarian-hoteleros-de-cancun-vacunas-de-astrazeneca-para-sus-colaboradores\/#breadcrumb"},"inLanguage":"es-MX","potentialAction":[{"@type":"ReadAction","target":["https:\/\/nitu.mx\/index.php\/2021\/01\/07\/comprarian-hoteleros-de-cancun-vacunas-de-astrazeneca-para-sus-colaboradores\/"]}]},{"@type":"ImageObject","inLanguage":"es-MX","@id":"https:\/\/nitu.mx\/index.php\/2021\/01\/07\/comprarian-hoteleros-de-cancun-vacunas-de-astrazeneca-para-sus-colaboradores\/#primaryimage","url":"https:\/\/nitu.mx\/wp-content\/uploads\/2021\/01\/E197B68C-C005-4AE4-AC6F-1B16F0DE7494.jpg","contentUrl":"https:\/\/nitu.mx\/wp-content\/uploads\/2021\/01\/E197B68C-C005-4AE4-AC6F-1B16F0DE7494.jpg","width":1200,"height":675},{"@type":"BreadcrumbList","@id":"https:\/\/nitu.mx\/index.php\/2021\/01\/07\/comprarian-hoteleros-de-cancun-vacunas-de-astrazeneca-para-sus-colaboradores\/#breadcrumb","itemListElement":[{"@type":"ListItem","position":1,"name":"Inicio","item":"https:\/\/nitu.mx\/"},{"@type":"ListItem","position":2,"name":"Comprar\u00edan hoteleros de Canc\u00fan vacunas de AstraZeneca para sus colaboradores"}]},{"@type":"WebSite","@id":"https:\/\/nitu.mx\/#website","url":"https:\/\/nitu.mx\/","name":"Nitu - Noticias de la Industria Turistica","description":"Noticias de la Industria Turistica","publisher":{"@id":"https:\/\/nitu.mx\/#\/schema\/person\/ae7a53426417292d3dd07b45a33e01bc"},"alternateName":"Noticias de la Industria Turistica","potentialAction":[{"@type":"SearchAction","target":{"@type":"EntryPoint","urlTemplate":"https:\/\/nitu.mx\/?s={search_term_string}"},"query-input":"required name=search_term_string"}],"inLanguage":"es-MX"},{"@type":["Person","Organization"],"@id":"https:\/\/nitu.mx\/#\/schema\/person\/ae7a53426417292d3dd07b45a33e01bc","name":"Arturo Medina","image":{"@type":"ImageObject","inLanguage":"es-MX","@id":"https:\/\/nitu.mx\/#\/schema\/person\/image\/","url":"https:\/\/nitu.mx\/wp-content\/uploads\/2024\/04\/4A315622-1904-4D5C-B022-878CDC840E04-90x90-1.jpeg","contentUrl":"https:\/\/nitu.mx\/wp-content\/uploads\/2024\/04\/4A315622-1904-4D5C-B022-878CDC840E04-90x90-1.jpeg","width":90,"height":90,"caption":"Arturo Medina"},"logo":{"@id":"https:\/\/nitu.mx\/#\/schema\/person\/image\/"},"description":"Director NITU.mx, Egresado de la Escuela de Periodismo Carlos Septi\u00e9n Garc\u00eda. Periodista y analista especializado en turismo desde hace 35 a\u00f1os, radicado en Canc\u00fan Q.Roo. arturo@nitu.mx","sameAs":["https:\/\/nitu.mx","https:\/\/www.facebook.com\/NITUmx\/","medinacancun","https:\/\/twitter.com\/@Arturo_Medina_G"],"url":"https:\/\/nitu.mx\/index.php\/author\/arturo-medina\/"}]}},"views":380,"_links":{"self":[{"href":"https:\/\/nitu.mx\/index.php\/wp-json\/wp\/v2\/posts\/49415"}],"collection":[{"href":"https:\/\/nitu.mx\/index.php\/wp-json\/wp\/v2\/posts"}],"about":[{"href":"https:\/\/nitu.mx\/index.php\/wp-json\/wp\/v2\/types\/post"}],"author":[{"embeddable":true,"href":"https:\/\/nitu.mx\/index.php\/wp-json\/wp\/v2\/users\/2"}],"replies":[{"embeddable":true,"href":"https:\/\/nitu.mx\/index.php\/wp-json\/wp\/v2\/comments?post=49415"}],"version-history":[{"count":5,"href":"https:\/\/nitu.mx\/index.php\/wp-json\/wp\/v2\/posts\/49415\/revisions"}],"predecessor-version":[{"id":49439,"href":"https:\/\/nitu.mx\/index.php\/wp-json\/wp\/v2\/posts\/49415\/revisions\/49439"}],"wp:featuredmedia":[{"embeddable":true,"href":"https:\/\/nitu.mx\/index.php\/wp-json\/wp\/v2\/media\/49437"}],"wp:attachment":[{"href":"https:\/\/nitu.mx\/index.php\/wp-json\/wp\/v2\/media?parent=49415"}],"wp:term":[{"taxonomy":"category","embeddable":true,"href":"https:\/\/nitu.mx\/index.php\/wp-json\/wp\/v2\/categories?post=49415"},{"taxonomy":"post_tag","embeddable":true,"href":"https:\/\/nitu.mx\/index.php\/wp-json\/wp\/v2\/tags?post=49415"}],"curies":[{"name":"wp","href":"https:\/\/api.w.org\/{rel}","templated":true}]}}