{"id":49413,"date":"2021-01-07T01:20:56","date_gmt":"2021-01-07T06:20:56","guid":{"rendered":"https:\/\/www.dev.nitu.mx\/?p=49413"},"modified":"2021-01-07T01:27:23","modified_gmt":"2021-01-07T06:27:23","slug":"marriott-international-lleva-su-proyecto-aloft-a-tulum","status":"publish","type":"post","link":"https:\/\/nitu.mx\/index.php\/2021\/01\/07\/marriott-international-lleva-su-proyecto-aloft-a-tulum\/","title":{"rendered":"Marriott International lleva su proyecto Aloft a Tulum"},"content":{"rendered":"<p>Marriott International anunci\u00f3 el arribo de su marca Aloft Tulum. Ser\u00e1 administrado por Highgate Hotels y contar\u00e1 con 140 habitaciones y suites de estilo loft, as\u00ed como diversas \u00e1reas de socializaci\u00f3n, como el \u00c1tico Rooftop Lounge &amp; Bar, el \u00fanico espacio para reuniones corporativas de todo el destino.<\/p>\n<p>La propiedad se encuentra ubicada en el circuito tur\u00edstico m\u00e1s congestionado y cercano a Playa\u00a0 Para\u00edso, las ruinas mayas de Tulum y el parque acu\u00e1tico Xel-H\u00e1.<\/p>\n<p>Sergio Parra, gerente general del hotel, destac\u00f3 el crecimiento en la popularidad de Tulum como destino tur\u00edstico en el Caribe, por lo que Aloft Tulum, adem\u00e1s de ofrecer un dise\u00f1o urbano y servicio excepcional, tambi\u00e9n les permitir\u00e1 a los viajeros tanto de negocios como de placer, permanecer conectados a trav\u00e9s de la tecnolog\u00eda innovadora y la escena musical actual.<\/p>\n<p>Las habitaciones contar\u00e1n con techos de 3 metros de altura, lujosas camas de plataforma y decoraci\u00f3n ligera y aireada, as\u00ed como Wi-Fi de alta velocidad, televisores con pantalla LCD de 55 pulgadas, caf\u00e9 sin cargo, art\u00edculos de tocador de Bliss Spa personalizados para Aloft y duchas con cabezales tipo lluvia.<\/p>\n<p>Entre sus amenidades se encuentra, adem\u00e1s del \u00c1tico Rooftop Lounge &amp; Bar, locales a la moda, piscina con borde infinito, espacio gastron\u00f3mico, un gimnasio equipado con equipos de \u00faltima generaci\u00f3n y programas especialmente dise\u00f1ados para ni\u00f1os y mascotas.<\/p>\n<p>Asimismo, Parra declar\u00f3 en una entrevista a El Financiero, que la inversi\u00f3n de 25 millones de d\u00f3lares para el desarrollo proviene de un grupo de empresarios de la regi\u00f3n quienes mantienen otros negocios en la Riviera Maya.\u00a0<a title=\"Primer Residence Inn by Marriott de M\u00e9xico abre sus puertas en M\u00e9rida\" href=\"https:\/\/www.dev.nitu.mx\/index.php\/2020\/12\/10\/primer-residence-inn-by-marriott-de-mexico-abre-sus-puertas-en-merida\/\" rel=\"bookmark\">(Primer Residence Inn by Marriott de M\u00e9xico abre sus puertas en M\u00e9rida<\/a>).<\/p>\n","protected":false},"excerpt":{"rendered":"<p>Marriott International anunci\u00f3 el arribo de su marca Aloft Tulum. Ser\u00e1 administrado por Highgate Hotels y contar\u00e1 con 140 habitaciones y suites de estilo loft, as\u00ed como diversas \u00e1reas de socializaci\u00f3n, como el \u00c1tico Rooftop Lounge &amp; Bar, el \u00fanico espacio para reuniones corporativas de todo el destino. La propiedad se encuentra ubicada en el [&hellip;]<\/p>\n","protected":false},"author":17,"featured_media":49434,"comment_status":"open","ping_status":"open","sticky":false,"template":"","format":"standard","meta":{"footnotes":""},"categories":[5,2],"tags":[4196,646,390],"yoast_head":"<!-- This site is optimized with the Yoast SEO plugin v22.2 - https:\/\/yoast.com\/wordpress\/plugins\/seo\/ -->\n<title>Marriott International lleva su proyecto Aloft a Tulum - Nitu - Noticias de la Industria Turistica<\/title>\n<meta name=\"robots\" content=\"index, follow, max-snippet:-1, max-image-preview:large, max-video-preview:-1\" \/>\n<link rel=\"canonical\" href=\"https:\/\/nitu.mx\/index.php\/2021\/01\/07\/marriott-international-lleva-su-proyecto-aloft-a-tulum\/\" \/>\n<meta name=\"twitter:card\" content=\"summary_large_image\" \/>\n<meta name=\"twitter:title\" content=\"Marriott International lleva su proyecto Aloft a Tulum - Nitu - Noticias de la Industria Turistica\" \/>\n<meta name=\"twitter:description\" content=\"Marriott International anunci\u00f3 el arribo de su marca Aloft Tulum. Ser\u00e1 administrado por Highgate Hotels y contar\u00e1 con 140 habitaciones y suites de estilo loft, as\u00ed como diversas \u00e1reas de socializaci\u00f3n, como el \u00c1tico Rooftop Lounge &amp; Bar, el \u00fanico espacio para reuniones corporativas de todo el destino. La propiedad se encuentra ubicada en el [&hellip;]\" \/>\n<meta name=\"twitter:image\" content=\"https:\/\/nitu.mx\/wp-content\/uploads\/2021\/01\/Aloft-Tulum.jpg\" \/>\n<meta name=\"twitter:creator\" content=\"@NITUmx\" \/>\n<meta name=\"twitter:site\" content=\"@Arturo_Medina_G\" \/>\n<meta name=\"twitter:label1\" content=\"Escrito por\" \/>\n\t<meta name=\"twitter:data1\" content=\"Redacci\u00f3n\" \/>\n\t<meta name=\"twitter:label2\" content=\"Tiempo de lectura\" \/>\n\t<meta name=\"twitter:data2\" content=\"1 minuto\" \/>\n<script type=\"application\/ld+json\" class=\"yoast-schema-graph\">{\"@context\":\"https:\/\/schema.org\",\"@graph\":[{\"@type\":\"Article\",\"@id\":\"https:\/\/nitu.mx\/index.php\/2021\/01\/07\/marriott-international-lleva-su-proyecto-aloft-a-tulum\/#article\",\"isPartOf\":{\"@id\":\"https:\/\/nitu.mx\/index.php\/2021\/01\/07\/marriott-international-lleva-su-proyecto-aloft-a-tulum\/\"},\"author\":{\"name\":\"Redacci\u00f3n\",\"@id\":\"https:\/\/nitu.mx\/#\/schema\/person\/4a28fe9bd65924f7c90623773daf1b0b\"},\"headline\":\"Marriott International lleva su proyecto Aloft a Tulum\",\"datePublished\":\"2021-01-07T06:20:56+00:00\",\"dateModified\":\"2021-01-07T06:27:23+00:00\",\"mainEntityOfPage\":{\"@id\":\"https:\/\/nitu.mx\/index.php\/2021\/01\/07\/marriott-international-lleva-su-proyecto-aloft-a-tulum\/\"},\"wordCount\":298,\"commentCount\":0,\"publisher\":{\"@id\":\"https:\/\/nitu.mx\/#\/schema\/person\/ae7a53426417292d3dd07b45a33e01bc\"},\"image\":{\"@id\":\"https:\/\/nitu.mx\/index.php\/2021\/01\/07\/marriott-international-lleva-su-proyecto-aloft-a-tulum\/#primaryimage\"},\"thumbnailUrl\":\"https:\/\/nitu.mx\/wp-content\/uploads\/2021\/01\/Aloft-Tulum.jpg\",\"keywords\":[\"Aloft\",\"Marriott International\",\"Tulum\"],\"articleSection\":[\"Destinos\",\"Hoteles\"],\"inLanguage\":\"es-MX\",\"potentialAction\":[{\"@type\":\"CommentAction\",\"name\":\"Comment\",\"target\":[\"https:\/\/nitu.mx\/index.php\/2021\/01\/07\/marriott-international-lleva-su-proyecto-aloft-a-tulum\/#respond\"]}]},{\"@type\":\"WebPage\",\"@id\":\"https:\/\/nitu.mx\/index.php\/2021\/01\/07\/marriott-international-lleva-su-proyecto-aloft-a-tulum\/\",\"url\":\"https:\/\/nitu.mx\/index.php\/2021\/01\/07\/marriott-international-lleva-su-proyecto-aloft-a-tulum\/\",\"name\":\"Marriott International lleva su proyecto Aloft a Tulum - Nitu - Noticias de la Industria Turistica\",\"isPartOf\":{\"@id\":\"https:\/\/nitu.mx\/#website\"},\"primaryImageOfPage\":{\"@id\":\"https:\/\/nitu.mx\/index.php\/2021\/01\/07\/marriott-international-lleva-su-proyecto-aloft-a-tulum\/#primaryimage\"},\"image\":{\"@id\":\"https:\/\/nitu.mx\/index.php\/2021\/01\/07\/marriott-international-lleva-su-proyecto-aloft-a-tulum\/#primaryimage\"},\"thumbnailUrl\":\"https:\/\/nitu.mx\/wp-content\/uploads\/2021\/01\/Aloft-Tulum.jpg\",\"datePublished\":\"2021-01-07T06:20:56+00:00\",\"dateModified\":\"2021-01-07T06:27:23+00:00\",\"breadcrumb\":{\"@id\":\"https:\/\/nitu.mx\/index.php\/2021\/01\/07\/marriott-international-lleva-su-proyecto-aloft-a-tulum\/#breadcrumb\"},\"inLanguage\":\"es-MX\",\"potentialAction\":[{\"@type\":\"ReadAction\",\"target\":[\"https:\/\/nitu.mx\/index.php\/2021\/01\/07\/marriott-international-lleva-su-proyecto-aloft-a-tulum\/\"]}]},{\"@type\":\"ImageObject\",\"inLanguage\":\"es-MX\",\"@id\":\"https:\/\/nitu.mx\/index.php\/2021\/01\/07\/marriott-international-lleva-su-proyecto-aloft-a-tulum\/#primaryimage\",\"url\":\"https:\/\/nitu.mx\/wp-content\/uploads\/2021\/01\/Aloft-Tulum.jpg\",\"contentUrl\":\"https:\/\/nitu.mx\/wp-content\/uploads\/2021\/01\/Aloft-Tulum.jpg\",\"width\":1200,\"height\":675,\"caption\":\"Marriott International\"},{\"@type\":\"BreadcrumbList\",\"@id\":\"https:\/\/nitu.mx\/index.php\/2021\/01\/07\/marriott-international-lleva-su-proyecto-aloft-a-tulum\/#breadcrumb\",\"itemListElement\":[{\"@type\":\"ListItem\",\"position\":1,\"name\":\"Inicio\",\"item\":\"https:\/\/nitu.mx\/\"},{\"@type\":\"ListItem\",\"position\":2,\"name\":\"Marriott International lleva su proyecto Aloft a Tulum\"}]},{\"@type\":\"WebSite\",\"@id\":\"https:\/\/nitu.mx\/#website\",\"url\":\"https:\/\/nitu.mx\/\",\"name\":\"Nitu - Noticias de la Industria Turistica\",\"description\":\"Noticias de la Industria Turistica\",\"publisher\":{\"@id\":\"https:\/\/nitu.mx\/#\/schema\/person\/ae7a53426417292d3dd07b45a33e01bc\"},\"alternateName\":\"Noticias de la Industria Turistica\",\"potentialAction\":[{\"@type\":\"SearchAction\",\"target\":{\"@type\":\"EntryPoint\",\"urlTemplate\":\"https:\/\/nitu.mx\/?s={search_term_string}\"},\"query-input\":\"required name=search_term_string\"}],\"inLanguage\":\"es-MX\"},{\"@type\":[\"Person\",\"Organization\"],\"@id\":\"https:\/\/nitu.mx\/#\/schema\/person\/ae7a53426417292d3dd07b45a33e01bc\",\"name\":\"Arturo Medina\",\"image\":{\"@type\":\"ImageObject\",\"inLanguage\":\"es-MX\",\"@id\":\"https:\/\/nitu.mx\/#\/schema\/person\/image\/\",\"url\":\"https:\/\/nitu.mx\/wp-content\/uploads\/2024\/04\/4A315622-1904-4D5C-B022-878CDC840E04-90x90-1.jpeg\",\"contentUrl\":\"https:\/\/nitu.mx\/wp-content\/uploads\/2024\/04\/4A315622-1904-4D5C-B022-878CDC840E04-90x90-1.jpeg\",\"width\":90,\"height\":90,\"caption\":\"Arturo Medina\"},\"logo\":{\"@id\":\"https:\/\/nitu.mx\/#\/schema\/person\/image\/\"},\"description\":\"Director NITU.mx, Egresado de la Escuela de Periodismo Carlos Septi\u00e9n Garc\u00eda. Periodista y analista especializado en turismo desde hace 35 a\u00f1os, radicado en Canc\u00fan Q.Roo. arturo@nitu.mx\",\"sameAs\":[\"https:\/\/nitu.mx\",\"https:\/\/www.facebook.com\/NITUmx\/\",\"medinacancun\",\"https:\/\/twitter.com\/@Arturo_Medina_G\"]},{\"@type\":\"Person\",\"@id\":\"https:\/\/nitu.mx\/#\/schema\/person\/4a28fe9bd65924f7c90623773daf1b0b\",\"name\":\"Redacci\u00f3n\",\"image\":{\"@type\":\"ImageObject\",\"inLanguage\":\"es-MX\",\"@id\":\"https:\/\/nitu.mx\/#\/schema\/person\/image\/\",\"url\":\"https:\/\/secure.gravatar.com\/avatar\/5dd011c8ccfc5cd7e4c81e42252aab38?s=96&d=mm&r=g\",\"contentUrl\":\"https:\/\/secure.gravatar.com\/avatar\/5dd011c8ccfc5cd7e4c81e42252aab38?s=96&d=mm&r=g\",\"caption\":\"Redacci\u00f3n\"},\"url\":\"https:\/\/nitu.mx\/index.php\/author\/redaccion\/\"}]}<\/script>\n<!-- \/ Yoast SEO plugin. -->","yoast_head_json":{"title":"Marriott International lleva su proyecto Aloft a Tulum - Nitu - Noticias de la Industria Turistica","robots":{"index":"index","follow":"follow","max-snippet":"max-snippet:-1","max-image-preview":"max-image-preview:large","max-video-preview":"max-video-preview:-1"},"canonical":"https:\/\/nitu.mx\/index.php\/2021\/01\/07\/marriott-international-lleva-su-proyecto-aloft-a-tulum\/","twitter_card":"summary_large_image","twitter_title":"Marriott International lleva su proyecto Aloft a Tulum - Nitu - Noticias de la Industria Turistica","twitter_description":"Marriott International anunci\u00f3 el arribo de su marca Aloft Tulum. Ser\u00e1 administrado por Highgate Hotels y contar\u00e1 con 140 habitaciones y suites de estilo loft, as\u00ed como diversas \u00e1reas de socializaci\u00f3n, como el \u00c1tico Rooftop Lounge &amp; Bar, el \u00fanico espacio para reuniones corporativas de todo el destino. La propiedad se encuentra ubicada en el [&hellip;]","twitter_image":"https:\/\/nitu.mx\/wp-content\/uploads\/2021\/01\/Aloft-Tulum.jpg","twitter_creator":"@NITUmx","twitter_site":"@Arturo_Medina_G","twitter_misc":{"Escrito por":"Redacci\u00f3n","Tiempo de lectura":"1 minuto"},"schema":{"@context":"https:\/\/schema.org","@graph":[{"@type":"Article","@id":"https:\/\/nitu.mx\/index.php\/2021\/01\/07\/marriott-international-lleva-su-proyecto-aloft-a-tulum\/#article","isPartOf":{"@id":"https:\/\/nitu.mx\/index.php\/2021\/01\/07\/marriott-international-lleva-su-proyecto-aloft-a-tulum\/"},"author":{"name":"Redacci\u00f3n","@id":"https:\/\/nitu.mx\/#\/schema\/person\/4a28fe9bd65924f7c90623773daf1b0b"},"headline":"Marriott International lleva su proyecto Aloft a Tulum","datePublished":"2021-01-07T06:20:56+00:00","dateModified":"2021-01-07T06:27:23+00:00","mainEntityOfPage":{"@id":"https:\/\/nitu.mx\/index.php\/2021\/01\/07\/marriott-international-lleva-su-proyecto-aloft-a-tulum\/"},"wordCount":298,"commentCount":0,"publisher":{"@id":"https:\/\/nitu.mx\/#\/schema\/person\/ae7a53426417292d3dd07b45a33e01bc"},"image":{"@id":"https:\/\/nitu.mx\/index.php\/2021\/01\/07\/marriott-international-lleva-su-proyecto-aloft-a-tulum\/#primaryimage"},"thumbnailUrl":"https:\/\/nitu.mx\/wp-content\/uploads\/2021\/01\/Aloft-Tulum.jpg","keywords":["Aloft","Marriott International","Tulum"],"articleSection":["Destinos","Hoteles"],"inLanguage":"es-MX","potentialAction":[{"@type":"CommentAction","name":"Comment","target":["https:\/\/nitu.mx\/index.php\/2021\/01\/07\/marriott-international-lleva-su-proyecto-aloft-a-tulum\/#respond"]}]},{"@type":"WebPage","@id":"https:\/\/nitu.mx\/index.php\/2021\/01\/07\/marriott-international-lleva-su-proyecto-aloft-a-tulum\/","url":"https:\/\/nitu.mx\/index.php\/2021\/01\/07\/marriott-international-lleva-su-proyecto-aloft-a-tulum\/","name":"Marriott International lleva su proyecto Aloft a Tulum - Nitu - Noticias de la Industria Turistica","isPartOf":{"@id":"https:\/\/nitu.mx\/#website"},"primaryImageOfPage":{"@id":"https:\/\/nitu.mx\/index.php\/2021\/01\/07\/marriott-international-lleva-su-proyecto-aloft-a-tulum\/#primaryimage"},"image":{"@id":"https:\/\/nitu.mx\/index.php\/2021\/01\/07\/marriott-international-lleva-su-proyecto-aloft-a-tulum\/#primaryimage"},"thumbnailUrl":"https:\/\/nitu.mx\/wp-content\/uploads\/2021\/01\/Aloft-Tulum.jpg","datePublished":"2021-01-07T06:20:56+00:00","dateModified":"2021-01-07T06:27:23+00:00","breadcrumb":{"@id":"https:\/\/nitu.mx\/index.php\/2021\/01\/07\/marriott-international-lleva-su-proyecto-aloft-a-tulum\/#breadcrumb"},"inLanguage":"es-MX","potentialAction":[{"@type":"ReadAction","target":["https:\/\/nitu.mx\/index.php\/2021\/01\/07\/marriott-international-lleva-su-proyecto-aloft-a-tulum\/"]}]},{"@type":"ImageObject","inLanguage":"es-MX","@id":"https:\/\/nitu.mx\/index.php\/2021\/01\/07\/marriott-international-lleva-su-proyecto-aloft-a-tulum\/#primaryimage","url":"https:\/\/nitu.mx\/wp-content\/uploads\/2021\/01\/Aloft-Tulum.jpg","contentUrl":"https:\/\/nitu.mx\/wp-content\/uploads\/2021\/01\/Aloft-Tulum.jpg","width":1200,"height":675,"caption":"Marriott International"},{"@type":"BreadcrumbList","@id":"https:\/\/nitu.mx\/index.php\/2021\/01\/07\/marriott-international-lleva-su-proyecto-aloft-a-tulum\/#breadcrumb","itemListElement":[{"@type":"ListItem","position":1,"name":"Inicio","item":"https:\/\/nitu.mx\/"},{"@type":"ListItem","position":2,"name":"Marriott International lleva su proyecto Aloft a Tulum"}]},{"@type":"WebSite","@id":"https:\/\/nitu.mx\/#website","url":"https:\/\/nitu.mx\/","name":"Nitu - Noticias de la Industria Turistica","description":"Noticias de la Industria Turistica","publisher":{"@id":"https:\/\/nitu.mx\/#\/schema\/person\/ae7a53426417292d3dd07b45a33e01bc"},"alternateName":"Noticias de la Industria Turistica","potentialAction":[{"@type":"SearchAction","target":{"@type":"EntryPoint","urlTemplate":"https:\/\/nitu.mx\/?s={search_term_string}"},"query-input":"required name=search_term_string"}],"inLanguage":"es-MX"},{"@type":["Person","Organization"],"@id":"https:\/\/nitu.mx\/#\/schema\/person\/ae7a53426417292d3dd07b45a33e01bc","name":"Arturo Medina","image":{"@type":"ImageObject","inLanguage":"es-MX","@id":"https:\/\/nitu.mx\/#\/schema\/person\/image\/","url":"https:\/\/nitu.mx\/wp-content\/uploads\/2024\/04\/4A315622-1904-4D5C-B022-878CDC840E04-90x90-1.jpeg","contentUrl":"https:\/\/nitu.mx\/wp-content\/uploads\/2024\/04\/4A315622-1904-4D5C-B022-878CDC840E04-90x90-1.jpeg","width":90,"height":90,"caption":"Arturo Medina"},"logo":{"@id":"https:\/\/nitu.mx\/#\/schema\/person\/image\/"},"description":"Director NITU.mx, Egresado de la Escuela de Periodismo Carlos Septi\u00e9n Garc\u00eda. Periodista y analista especializado en turismo desde hace 35 a\u00f1os, radicado en Canc\u00fan Q.Roo. arturo@nitu.mx","sameAs":["https:\/\/nitu.mx","https:\/\/www.facebook.com\/NITUmx\/","medinacancun","https:\/\/twitter.com\/@Arturo_Medina_G"]},{"@type":"Person","@id":"https:\/\/nitu.mx\/#\/schema\/person\/4a28fe9bd65924f7c90623773daf1b0b","name":"Redacci\u00f3n","image":{"@type":"ImageObject","inLanguage":"es-MX","@id":"https:\/\/nitu.mx\/#\/schema\/person\/image\/","url":"https:\/\/secure.gravatar.com\/avatar\/5dd011c8ccfc5cd7e4c81e42252aab38?s=96&d=mm&r=g","contentUrl":"https:\/\/secure.gravatar.com\/avatar\/5dd011c8ccfc5cd7e4c81e42252aab38?s=96&d=mm&r=g","caption":"Redacci\u00f3n"},"url":"https:\/\/nitu.mx\/index.php\/author\/redaccion\/"}]}},"views":423,"_links":{"self":[{"href":"https:\/\/nitu.mx\/index.php\/wp-json\/wp\/v2\/posts\/49413"}],"collection":[{"href":"https:\/\/nitu.mx\/index.php\/wp-json\/wp\/v2\/posts"}],"about":[{"href":"https:\/\/nitu.mx\/index.php\/wp-json\/wp\/v2\/types\/post"}],"author":[{"embeddable":true,"href":"https:\/\/nitu.mx\/index.php\/wp-json\/wp\/v2\/users\/17"}],"replies":[{"embeddable":true,"href":"https:\/\/nitu.mx\/index.php\/wp-json\/wp\/v2\/comments?post=49413"}],"version-history":[{"count":3,"href":"https:\/\/nitu.mx\/index.php\/wp-json\/wp\/v2\/posts\/49413\/revisions"}],"predecessor-version":[{"id":49435,"href":"https:\/\/nitu.mx\/index.php\/wp-json\/wp\/v2\/posts\/49413\/revisions\/49435"}],"wp:featuredmedia":[{"embeddable":true,"href":"https:\/\/nitu.mx\/index.php\/wp-json\/wp\/v2\/media\/49434"}],"wp:attachment":[{"href":"https:\/\/nitu.mx\/index.php\/wp-json\/wp\/v2\/media?parent=49413"}],"wp:term":[{"taxonomy":"category","embeddable":true,"href":"https:\/\/nitu.mx\/index.php\/wp-json\/wp\/v2\/categories?post=49413"},{"taxonomy":"post_tag","embeddable":true,"href":"https:\/\/nitu.mx\/index.php\/wp-json\/wp\/v2\/tags?post=49413"}],"curies":[{"name":"wp","href":"https:\/\/api.w.org\/{rel}","templated":true}]}}