{"id":49400,"date":"2021-01-07T00:14:10","date_gmt":"2021-01-07T05:14:10","guid":{"rendered":"https:\/\/www.dev.nitu.mx\/?p=49400"},"modified":"2021-01-08T01:31:26","modified_gmt":"2021-01-08T06:31:26","slug":"copa-airlines-reanudara-la-ruta-monterrey-panama-el-11-de-enero","status":"publish","type":"post","link":"https:\/\/nitu.mx\/index.php\/2021\/01\/07\/copa-airlines-reanudara-la-ruta-monterrey-panama-el-11-de-enero\/","title":{"rendered":"Copa Airlines reanudar\u00e1 la ruta Monterrey \u2013 Panam\u00e1 el 11 de enero"},"content":{"rendered":"<p>Tras nueve meses de estar en pausa, Copa Airlines anunci\u00f3 que este 11 de enero reiniciar\u00e1 operaciones el vuelo entre Monterrey y el Aeropuerto Internacional de Tocumen en Panam\u00e1, el Hub de las Am\u00e9ricas.<\/p>\n<p>Con esta ruta, el principal hub a\u00e9reo del norte del pa\u00eds quedar\u00e1 conectado con la red de la aerol\u00ednea paname\u00f1a en Centro y Sudam\u00e9rica.<\/p>\n<p>Copa Airlines operar\u00e1 la ruta Monterrey \u2013 Panam\u00e1 con dos frecuencias semanales, saliendo de la capital regiomontana a las 8:52 horas y llegando a Panam\u00e1 a la ciudad paname\u00f1a a las 2:16 pm. El vuelo de regreso saldr\u00e1 a las 10:23 am para llegar a Monterrey a la 1:53 pm.<\/p>\n<p>Para este vuelo, la l\u00ednea a\u00e9rea emplear\u00e1 un Boeing 737-800 con capacidad para 160 pasajeros, de los cuales 16 van en Clase Ejecutiva. Los boletos ya est\u00e1n a la venta, y los clientes que tengan un boleto vigente podr\u00e1n gestionar su cambio sin cobro por el movimiento.<\/p>\n<p>Pedro Heilbron, presidente ejecutivo de Copa Airlines, coment\u00f3 \u201cVolver a conectar a Monterrey, a trav\u00e9s de nuestro Hub de las Am\u00e9ricas, nos llena de optimismo, toda vez que, con estos vuelos podremos servir a miles de pasajeros que desean regresar a sus hogares, reencontrarse con sus familiares, volver a sus destinos de descanso favoritos\u201d.<\/p>\n<p>Por su parte, Miguel \u00c1ngel Cant\u00fa, director general de la Corporaci\u00f3n para el Desarrollo Tur\u00edstico de Nuevo Le\u00f3n (Codetur) se\u00f1al\u00f3 que \u201creconectar a Monterrey mediante la oferta de vuelos como la que Copa Airlines nos ofrece a Centro y Sudam\u00e9rica, es una gran oportunidad para impulsar el desarrollo de la industria tur\u00edstica y econ\u00f3mica de Nuevo Le\u00f3n\u201d.<\/p>\n<p>Para Ricardo Due\u00f1as, CEO de Grupo Aeroportuario del Centro Norte (OMA) dijo \u201cTras un a\u00f1o de retos en la industria, iniciamos reactivando rutas clave en conjunto con los operadores a\u00e9reos. La conexi\u00f3n directa con Panam\u00e1 a trav\u00e9s de Copa Airlines permitir\u00e1 a nuestros pasajeros contar con una oferta diversa de conexi\u00f3n hacia Latinoam\u00e9rica y el Caribe, fortaleciendo a Monterrey como el Hub del Norte de M\u00e9xico\u201d.<\/p>\n<p>Due\u00f1as a\u00f1adi\u00f3 que \u201cLa experiencia de viaje en esta nueva realidad conlleva acciones de seguridad e higiene aplicadas tanto en aeropuertos y aeronaves y es compromiso de todos cumplir con las nuevas medidas para Viajar Seguros\u201d.\u00a0<a title=\"Copa Airlines conectar\u00e1 a Canc\u00fan con hasta tres frecuencias semanales\" href=\"https:\/\/www.dev.nitu.mx\/index.php\/2020\/09\/03\/copa-airlines-conectara-a-cancun-con-hasta-tres-frecuencias-semanales\/\" rel=\"bookmark\">(Copa Airlines conectar\u00e1 a Canc\u00fan con hasta tres frecuencias semanales<\/a>).<\/p>\n","protected":false},"excerpt":{"rendered":"<p>Tras nueve meses de estar en pausa, Copa Airlines anunci\u00f3 que este 11 de enero reiniciar\u00e1 operaciones el vuelo entre Monterrey y el Aeropuerto Internacional de Tocumen en Panam\u00e1, el Hub de las Am\u00e9ricas. Con esta ruta, el principal hub a\u00e9reo del norte del pa\u00eds quedar\u00e1 conectado con la red de la aerol\u00ednea paname\u00f1a en [&hellip;]<\/p>\n","protected":false},"author":18,"featured_media":16549,"comment_status":"open","ping_status":"open","sticky":false,"template":"","format":"standard","meta":{"footnotes":""},"categories":[29],"tags":[1257,4930,491,1260],"yoast_head":"<!-- This site is optimized with the Yoast SEO plugin v22.2 - https:\/\/yoast.com\/wordpress\/plugins\/seo\/ -->\n<title>Copa Airlines reanudar\u00e1 la ruta Monterrey \u2013 Panam\u00e1 el 11 de enero - Nitu - Noticias de la Industria Turistica<\/title>\n<meta name=\"robots\" content=\"index, follow, max-snippet:-1, max-image-preview:large, max-video-preview:-1\" \/>\n<link rel=\"canonical\" href=\"https:\/\/nitu.mx\/index.php\/2021\/01\/07\/copa-airlines-reanudara-la-ruta-monterrey-panama-el-11-de-enero\/\" \/>\n<meta name=\"twitter:card\" content=\"summary_large_image\" \/>\n<meta name=\"twitter:title\" content=\"Copa Airlines reanudar\u00e1 la ruta Monterrey \u2013 Panam\u00e1 el 11 de enero - Nitu - Noticias de la Industria Turistica\" \/>\n<meta name=\"twitter:description\" content=\"Tras nueve meses de estar en pausa, Copa Airlines anunci\u00f3 que este 11 de enero reiniciar\u00e1 operaciones el vuelo entre Monterrey y el Aeropuerto Internacional de Tocumen en Panam\u00e1, el Hub de las Am\u00e9ricas. Con esta ruta, el principal hub a\u00e9reo del norte del pa\u00eds quedar\u00e1 conectado con la red de la aerol\u00ednea paname\u00f1a en [&hellip;]\" \/>\n<meta name=\"twitter:image\" content=\"https:\/\/nitu.mx\/wp-content\/uploads\/2018\/01\/copa-airlines.jpg\" \/>\n<meta name=\"twitter:creator\" content=\"@NITUmx\" \/>\n<meta name=\"twitter:site\" content=\"@Arturo_Medina_G\" \/>\n<meta name=\"twitter:label1\" content=\"Escrito por\" \/>\n\t<meta name=\"twitter:data1\" content=\"Guadalupe Sixto\" \/>\n\t<meta name=\"twitter:label2\" content=\"Tiempo de lectura\" \/>\n\t<meta name=\"twitter:data2\" content=\"2 minutos\" \/>\n<script type=\"application\/ld+json\" class=\"yoast-schema-graph\">{\"@context\":\"https:\/\/schema.org\",\"@graph\":[{\"@type\":\"Article\",\"@id\":\"https:\/\/nitu.mx\/index.php\/2021\/01\/07\/copa-airlines-reanudara-la-ruta-monterrey-panama-el-11-de-enero\/#article\",\"isPartOf\":{\"@id\":\"https:\/\/nitu.mx\/index.php\/2021\/01\/07\/copa-airlines-reanudara-la-ruta-monterrey-panama-el-11-de-enero\/\"},\"author\":{\"name\":\"Guadalupe Sixto\",\"@id\":\"https:\/\/nitu.mx\/#\/schema\/person\/3df3082b5e46037e3f13614d28ee0b77\"},\"headline\":\"Copa Airlines reanudar\u00e1 la ruta Monterrey \u2013 Panam\u00e1 el 11 de enero\",\"datePublished\":\"2021-01-07T05:14:10+00:00\",\"dateModified\":\"2021-01-08T06:31:26+00:00\",\"mainEntityOfPage\":{\"@id\":\"https:\/\/nitu.mx\/index.php\/2021\/01\/07\/copa-airlines-reanudara-la-ruta-monterrey-panama-el-11-de-enero\/\"},\"wordCount\":412,\"commentCount\":0,\"publisher\":{\"@id\":\"https:\/\/nitu.mx\/#\/schema\/person\/ae7a53426417292d3dd07b45a33e01bc\"},\"image\":{\"@id\":\"https:\/\/nitu.mx\/index.php\/2021\/01\/07\/copa-airlines-reanudara-la-ruta-monterrey-panama-el-11-de-enero\/#primaryimage\"},\"thumbnailUrl\":\"https:\/\/nitu.mx\/wp-content\/uploads\/2018\/01\/copa-airlines.jpg\",\"keywords\":[\"Copa Airlines\",\"Hub de las Americas\",\"Monterrey\",\"Panam\u00e1\"],\"articleSection\":[\"Aerol\u00edneas\"],\"inLanguage\":\"es-MX\",\"potentialAction\":[{\"@type\":\"CommentAction\",\"name\":\"Comment\",\"target\":[\"https:\/\/nitu.mx\/index.php\/2021\/01\/07\/copa-airlines-reanudara-la-ruta-monterrey-panama-el-11-de-enero\/#respond\"]}]},{\"@type\":\"WebPage\",\"@id\":\"https:\/\/nitu.mx\/index.php\/2021\/01\/07\/copa-airlines-reanudara-la-ruta-monterrey-panama-el-11-de-enero\/\",\"url\":\"https:\/\/nitu.mx\/index.php\/2021\/01\/07\/copa-airlines-reanudara-la-ruta-monterrey-panama-el-11-de-enero\/\",\"name\":\"Copa Airlines reanudar\u00e1 la ruta Monterrey \u2013 Panam\u00e1 el 11 de enero - Nitu - Noticias de la Industria Turistica\",\"isPartOf\":{\"@id\":\"https:\/\/nitu.mx\/#website\"},\"primaryImageOfPage\":{\"@id\":\"https:\/\/nitu.mx\/index.php\/2021\/01\/07\/copa-airlines-reanudara-la-ruta-monterrey-panama-el-11-de-enero\/#primaryimage\"},\"image\":{\"@id\":\"https:\/\/nitu.mx\/index.php\/2021\/01\/07\/copa-airlines-reanudara-la-ruta-monterrey-panama-el-11-de-enero\/#primaryimage\"},\"thumbnailUrl\":\"https:\/\/nitu.mx\/wp-content\/uploads\/2018\/01\/copa-airlines.jpg\",\"datePublished\":\"2021-01-07T05:14:10+00:00\",\"dateModified\":\"2021-01-08T06:31:26+00:00\",\"breadcrumb\":{\"@id\":\"https:\/\/nitu.mx\/index.php\/2021\/01\/07\/copa-airlines-reanudara-la-ruta-monterrey-panama-el-11-de-enero\/#breadcrumb\"},\"inLanguage\":\"es-MX\",\"potentialAction\":[{\"@type\":\"ReadAction\",\"target\":[\"https:\/\/nitu.mx\/index.php\/2021\/01\/07\/copa-airlines-reanudara-la-ruta-monterrey-panama-el-11-de-enero\/\"]}]},{\"@type\":\"ImageObject\",\"inLanguage\":\"es-MX\",\"@id\":\"https:\/\/nitu.mx\/index.php\/2021\/01\/07\/copa-airlines-reanudara-la-ruta-monterrey-panama-el-11-de-enero\/#primaryimage\",\"url\":\"https:\/\/nitu.mx\/wp-content\/uploads\/2018\/01\/copa-airlines.jpg\",\"contentUrl\":\"https:\/\/nitu.mx\/wp-content\/uploads\/2018\/01\/copa-airlines.jpg\",\"width\":850,\"height\":480,\"caption\":\"salta copa airlines\"},{\"@type\":\"BreadcrumbList\",\"@id\":\"https:\/\/nitu.mx\/index.php\/2021\/01\/07\/copa-airlines-reanudara-la-ruta-monterrey-panama-el-11-de-enero\/#breadcrumb\",\"itemListElement\":[{\"@type\":\"ListItem\",\"position\":1,\"name\":\"Inicio\",\"item\":\"https:\/\/nitu.mx\/\"},{\"@type\":\"ListItem\",\"position\":2,\"name\":\"Copa Airlines reanudar\u00e1 la ruta Monterrey \u2013 Panam\u00e1 el 11 de enero\"}]},{\"@type\":\"WebSite\",\"@id\":\"https:\/\/nitu.mx\/#website\",\"url\":\"https:\/\/nitu.mx\/\",\"name\":\"Nitu - Noticias de la Industria Turistica\",\"description\":\"Noticias de la Industria Turistica\",\"publisher\":{\"@id\":\"https:\/\/nitu.mx\/#\/schema\/person\/ae7a53426417292d3dd07b45a33e01bc\"},\"alternateName\":\"Noticias de la Industria Turistica\",\"potentialAction\":[{\"@type\":\"SearchAction\",\"target\":{\"@type\":\"EntryPoint\",\"urlTemplate\":\"https:\/\/nitu.mx\/?s={search_term_string}\"},\"query-input\":\"required name=search_term_string\"}],\"inLanguage\":\"es-MX\"},{\"@type\":[\"Person\",\"Organization\"],\"@id\":\"https:\/\/nitu.mx\/#\/schema\/person\/ae7a53426417292d3dd07b45a33e01bc\",\"name\":\"Arturo Medina\",\"image\":{\"@type\":\"ImageObject\",\"inLanguage\":\"es-MX\",\"@id\":\"https:\/\/nitu.mx\/#\/schema\/person\/image\/\",\"url\":\"https:\/\/nitu.mx\/wp-content\/uploads\/2024\/04\/4A315622-1904-4D5C-B022-878CDC840E04-90x90-1.jpeg\",\"contentUrl\":\"https:\/\/nitu.mx\/wp-content\/uploads\/2024\/04\/4A315622-1904-4D5C-B022-878CDC840E04-90x90-1.jpeg\",\"width\":90,\"height\":90,\"caption\":\"Arturo Medina\"},\"logo\":{\"@id\":\"https:\/\/nitu.mx\/#\/schema\/person\/image\/\"},\"description\":\"Director NITU.mx, Egresado de la Escuela de Periodismo Carlos Septi\u00e9n Garc\u00eda. Periodista y analista especializado en turismo desde hace 35 a\u00f1os, radicado en Canc\u00fan Q.Roo. arturo@nitu.mx\",\"sameAs\":[\"https:\/\/nitu.mx\",\"https:\/\/www.facebook.com\/NITUmx\/\",\"medinacancun\",\"https:\/\/twitter.com\/@Arturo_Medina_G\"]},{\"@type\":\"Person\",\"@id\":\"https:\/\/nitu.mx\/#\/schema\/person\/3df3082b5e46037e3f13614d28ee0b77\",\"name\":\"Guadalupe Sixto\",\"image\":{\"@type\":\"ImageObject\",\"inLanguage\":\"es-MX\",\"@id\":\"https:\/\/nitu.mx\/#\/schema\/person\/image\/\",\"url\":\"https:\/\/secure.gravatar.com\/avatar\/13914e1b0e1919e91f9539de4dc584c4?s=96&d=mm&r=g\",\"contentUrl\":\"https:\/\/secure.gravatar.com\/avatar\/13914e1b0e1919e91f9539de4dc584c4?s=96&d=mm&r=g\",\"caption\":\"Guadalupe Sixto\"},\"url\":\"https:\/\/nitu.mx\/index.php\/author\/gsixto\/\"}]}<\/script>\n<!-- \/ Yoast SEO plugin. -->","yoast_head_json":{"title":"Copa Airlines reanudar\u00e1 la ruta Monterrey \u2013 Panam\u00e1 el 11 de enero - Nitu - Noticias de la Industria Turistica","robots":{"index":"index","follow":"follow","max-snippet":"max-snippet:-1","max-image-preview":"max-image-preview:large","max-video-preview":"max-video-preview:-1"},"canonical":"https:\/\/nitu.mx\/index.php\/2021\/01\/07\/copa-airlines-reanudara-la-ruta-monterrey-panama-el-11-de-enero\/","twitter_card":"summary_large_image","twitter_title":"Copa Airlines reanudar\u00e1 la ruta Monterrey \u2013 Panam\u00e1 el 11 de enero - Nitu - Noticias de la Industria Turistica","twitter_description":"Tras nueve meses de estar en pausa, Copa Airlines anunci\u00f3 que este 11 de enero reiniciar\u00e1 operaciones el vuelo entre Monterrey y el Aeropuerto Internacional de Tocumen en Panam\u00e1, el Hub de las Am\u00e9ricas. Con esta ruta, el principal hub a\u00e9reo del norte del pa\u00eds quedar\u00e1 conectado con la red de la aerol\u00ednea paname\u00f1a en [&hellip;]","twitter_image":"https:\/\/nitu.mx\/wp-content\/uploads\/2018\/01\/copa-airlines.jpg","twitter_creator":"@NITUmx","twitter_site":"@Arturo_Medina_G","twitter_misc":{"Escrito por":"Guadalupe Sixto","Tiempo de lectura":"2 minutos"},"schema":{"@context":"https:\/\/schema.org","@graph":[{"@type":"Article","@id":"https:\/\/nitu.mx\/index.php\/2021\/01\/07\/copa-airlines-reanudara-la-ruta-monterrey-panama-el-11-de-enero\/#article","isPartOf":{"@id":"https:\/\/nitu.mx\/index.php\/2021\/01\/07\/copa-airlines-reanudara-la-ruta-monterrey-panama-el-11-de-enero\/"},"author":{"name":"Guadalupe Sixto","@id":"https:\/\/nitu.mx\/#\/schema\/person\/3df3082b5e46037e3f13614d28ee0b77"},"headline":"Copa Airlines reanudar\u00e1 la ruta Monterrey \u2013 Panam\u00e1 el 11 de enero","datePublished":"2021-01-07T05:14:10+00:00","dateModified":"2021-01-08T06:31:26+00:00","mainEntityOfPage":{"@id":"https:\/\/nitu.mx\/index.php\/2021\/01\/07\/copa-airlines-reanudara-la-ruta-monterrey-panama-el-11-de-enero\/"},"wordCount":412,"commentCount":0,"publisher":{"@id":"https:\/\/nitu.mx\/#\/schema\/person\/ae7a53426417292d3dd07b45a33e01bc"},"image":{"@id":"https:\/\/nitu.mx\/index.php\/2021\/01\/07\/copa-airlines-reanudara-la-ruta-monterrey-panama-el-11-de-enero\/#primaryimage"},"thumbnailUrl":"https:\/\/nitu.mx\/wp-content\/uploads\/2018\/01\/copa-airlines.jpg","keywords":["Copa Airlines","Hub de las Americas","Monterrey","Panam\u00e1"],"articleSection":["Aerol\u00edneas"],"inLanguage":"es-MX","potentialAction":[{"@type":"CommentAction","name":"Comment","target":["https:\/\/nitu.mx\/index.php\/2021\/01\/07\/copa-airlines-reanudara-la-ruta-monterrey-panama-el-11-de-enero\/#respond"]}]},{"@type":"WebPage","@id":"https:\/\/nitu.mx\/index.php\/2021\/01\/07\/copa-airlines-reanudara-la-ruta-monterrey-panama-el-11-de-enero\/","url":"https:\/\/nitu.mx\/index.php\/2021\/01\/07\/copa-airlines-reanudara-la-ruta-monterrey-panama-el-11-de-enero\/","name":"Copa Airlines reanudar\u00e1 la ruta Monterrey \u2013 Panam\u00e1 el 11 de enero - Nitu - Noticias de la Industria Turistica","isPartOf":{"@id":"https:\/\/nitu.mx\/#website"},"primaryImageOfPage":{"@id":"https:\/\/nitu.mx\/index.php\/2021\/01\/07\/copa-airlines-reanudara-la-ruta-monterrey-panama-el-11-de-enero\/#primaryimage"},"image":{"@id":"https:\/\/nitu.mx\/index.php\/2021\/01\/07\/copa-airlines-reanudara-la-ruta-monterrey-panama-el-11-de-enero\/#primaryimage"},"thumbnailUrl":"https:\/\/nitu.mx\/wp-content\/uploads\/2018\/01\/copa-airlines.jpg","datePublished":"2021-01-07T05:14:10+00:00","dateModified":"2021-01-08T06:31:26+00:00","breadcrumb":{"@id":"https:\/\/nitu.mx\/index.php\/2021\/01\/07\/copa-airlines-reanudara-la-ruta-monterrey-panama-el-11-de-enero\/#breadcrumb"},"inLanguage":"es-MX","potentialAction":[{"@type":"ReadAction","target":["https:\/\/nitu.mx\/index.php\/2021\/01\/07\/copa-airlines-reanudara-la-ruta-monterrey-panama-el-11-de-enero\/"]}]},{"@type":"ImageObject","inLanguage":"es-MX","@id":"https:\/\/nitu.mx\/index.php\/2021\/01\/07\/copa-airlines-reanudara-la-ruta-monterrey-panama-el-11-de-enero\/#primaryimage","url":"https:\/\/nitu.mx\/wp-content\/uploads\/2018\/01\/copa-airlines.jpg","contentUrl":"https:\/\/nitu.mx\/wp-content\/uploads\/2018\/01\/copa-airlines.jpg","width":850,"height":480,"caption":"salta copa airlines"},{"@type":"BreadcrumbList","@id":"https:\/\/nitu.mx\/index.php\/2021\/01\/07\/copa-airlines-reanudara-la-ruta-monterrey-panama-el-11-de-enero\/#breadcrumb","itemListElement":[{"@type":"ListItem","position":1,"name":"Inicio","item":"https:\/\/nitu.mx\/"},{"@type":"ListItem","position":2,"name":"Copa Airlines reanudar\u00e1 la ruta Monterrey \u2013 Panam\u00e1 el 11 de enero"}]},{"@type":"WebSite","@id":"https:\/\/nitu.mx\/#website","url":"https:\/\/nitu.mx\/","name":"Nitu - Noticias de la Industria Turistica","description":"Noticias de la Industria Turistica","publisher":{"@id":"https:\/\/nitu.mx\/#\/schema\/person\/ae7a53426417292d3dd07b45a33e01bc"},"alternateName":"Noticias de la Industria Turistica","potentialAction":[{"@type":"SearchAction","target":{"@type":"EntryPoint","urlTemplate":"https:\/\/nitu.mx\/?s={search_term_string}"},"query-input":"required name=search_term_string"}],"inLanguage":"es-MX"},{"@type":["Person","Organization"],"@id":"https:\/\/nitu.mx\/#\/schema\/person\/ae7a53426417292d3dd07b45a33e01bc","name":"Arturo Medina","image":{"@type":"ImageObject","inLanguage":"es-MX","@id":"https:\/\/nitu.mx\/#\/schema\/person\/image\/","url":"https:\/\/nitu.mx\/wp-content\/uploads\/2024\/04\/4A315622-1904-4D5C-B022-878CDC840E04-90x90-1.jpeg","contentUrl":"https:\/\/nitu.mx\/wp-content\/uploads\/2024\/04\/4A315622-1904-4D5C-B022-878CDC840E04-90x90-1.jpeg","width":90,"height":90,"caption":"Arturo Medina"},"logo":{"@id":"https:\/\/nitu.mx\/#\/schema\/person\/image\/"},"description":"Director NITU.mx, Egresado de la Escuela de Periodismo Carlos Septi\u00e9n Garc\u00eda. Periodista y analista especializado en turismo desde hace 35 a\u00f1os, radicado en Canc\u00fan Q.Roo. arturo@nitu.mx","sameAs":["https:\/\/nitu.mx","https:\/\/www.facebook.com\/NITUmx\/","medinacancun","https:\/\/twitter.com\/@Arturo_Medina_G"]},{"@type":"Person","@id":"https:\/\/nitu.mx\/#\/schema\/person\/3df3082b5e46037e3f13614d28ee0b77","name":"Guadalupe Sixto","image":{"@type":"ImageObject","inLanguage":"es-MX","@id":"https:\/\/nitu.mx\/#\/schema\/person\/image\/","url":"https:\/\/secure.gravatar.com\/avatar\/13914e1b0e1919e91f9539de4dc584c4?s=96&d=mm&r=g","contentUrl":"https:\/\/secure.gravatar.com\/avatar\/13914e1b0e1919e91f9539de4dc584c4?s=96&d=mm&r=g","caption":"Guadalupe Sixto"},"url":"https:\/\/nitu.mx\/index.php\/author\/gsixto\/"}]}},"views":877,"_links":{"self":[{"href":"https:\/\/nitu.mx\/index.php\/wp-json\/wp\/v2\/posts\/49400"}],"collection":[{"href":"https:\/\/nitu.mx\/index.php\/wp-json\/wp\/v2\/posts"}],"about":[{"href":"https:\/\/nitu.mx\/index.php\/wp-json\/wp\/v2\/types\/post"}],"author":[{"embeddable":true,"href":"https:\/\/nitu.mx\/index.php\/wp-json\/wp\/v2\/users\/18"}],"replies":[{"embeddable":true,"href":"https:\/\/nitu.mx\/index.php\/wp-json\/wp\/v2\/comments?post=49400"}],"version-history":[{"count":2,"href":"https:\/\/nitu.mx\/index.php\/wp-json\/wp\/v2\/posts\/49400\/revisions"}],"predecessor-version":[{"id":49402,"href":"https:\/\/nitu.mx\/index.php\/wp-json\/wp\/v2\/posts\/49400\/revisions\/49402"}],"wp:featuredmedia":[{"embeddable":true,"href":"https:\/\/nitu.mx\/index.php\/wp-json\/wp\/v2\/media\/16549"}],"wp:attachment":[{"href":"https:\/\/nitu.mx\/index.php\/wp-json\/wp\/v2\/media?parent=49400"}],"wp:term":[{"taxonomy":"category","embeddable":true,"href":"https:\/\/nitu.mx\/index.php\/wp-json\/wp\/v2\/categories?post=49400"},{"taxonomy":"post_tag","embeddable":true,"href":"https:\/\/nitu.mx\/index.php\/wp-json\/wp\/v2\/tags?post=49400"}],"curies":[{"name":"wp","href":"https:\/\/api.w.org\/{rel}","templated":true}]}}