{"id":49398,"date":"2021-01-06T15:53:33","date_gmt":"2021-01-06T20:53:33","guid":{"rendered":"https:\/\/www.dev.nitu.mx\/?p=49398"},"modified":"2021-01-07T01:27:12","modified_gmt":"2021-01-07T06:27:12","slug":"volaris-supera-100-su-nivel-de-capacidad-de-diciembre-comparado-con-2019","status":"publish","type":"post","link":"https:\/\/nitu.mx\/index.php\/2021\/01\/06\/volaris-supera-100-su-nivel-de-capacidad-de-diciembre-comparado-con-2019\/","title":{"rendered":"Volaris supera 100% su nivel de capacidad de diciembre comparado con 2019"},"content":{"rendered":"<p>Volaris, report\u00f3 que en diciembre de 2020 su capacidad medida en t\u00e9rminos de asientos por milla disponible (ASMs, por sus siglas en ingl\u00e9s) fue de 101.9 por ciento comparado con el mismo mes del a\u00f1o anterior.<\/p>\n<p>Al presentar su reporte de resultados preliminares de tr\u00e1fico del \u00faltimo mes de 2020, la aerol\u00ednea de ultra bajo costo inform\u00f3 que la demanda en esta temporada alta fue fuerte a pesar de la situaci\u00f3n que se atraviesa por la pandemia.<\/p>\n<p>La demanda medida en pasajeros por milla transportados para Volaris (RPMs) fue de 90.7 por ciento, respecto a diciembre de 2019, y representa un incremento de 9.8 por ciento contra noviembre de 2020.<\/p>\n<p>En diciembre pasado, la l\u00ednea a\u00e9rea transport\u00f3 un total de 1.8 millones de pasajeros, esto signific\u00f3 8.7 por ciento m\u00e1s que en noviembre de 2020, y su factor de ocupaci\u00f3n reservado fue de 78.5 por ciento.<\/p>\n<p>Del total de pasajeros que moviliz\u00f3 Volaris, un mill\u00f3n 442 mil fueron en rutas nacionales, con lo que consolid\u00f3 su liderazgo en el mercado dom\u00e9stico, mientras que 340 mil viajeros fueron transportados en rutas internacionales.<\/p>\n<p>Estos resultados hablan de una variaci\u00f3n de apenas 9.5 por ciento a la baja contra diciembre de 2019, cuando transport\u00f3 un mill\u00f3n 970 mil pasajeros.<\/p>\n<p>Los datos preliminares hablan de un acumulado de 14 millones 712 mil clientes en 2020, contra los 21 millones 975 mil que transport\u00f3 en 2019.<\/p>\n<p>Enrique Beltranena, presidente ejecutivo y director general de Volaris coment\u00f3 que la aerol\u00ednea tiene una verdadera estructura de ultra bajo costo que otorga una extraordinaria ventaja competitiva para continuar estimulando la demanda de pasajeros, para la conversi\u00f3n de pasajeros de autob\u00fas a avi\u00f3n y para aumentar el factor de ocupaci\u00f3n<\/p>\n<p>Beltranena agreg\u00f3 \u201cHemos llevado a cabo m\u00faltiples acciones para reforzar nuestra liquidez, reducir costos y capturar las oportunidades presentadas en el mercado. Hacia adelante, debido al actual incremento en los casos de COVID-19 en los Estados Unidos de Am\u00e9rica y en M\u00e9xico, continuaremos con un enfoque disciplinado en el despliegue de mercado y en la selecci\u00f3n de rutas para alcanzar rentabilidad\u201d.<\/p>\n<p>Para enero de 2021, Volaris planea operar aproximadamente 98 por ciento de su capacidad, medida en t\u00e9rminos de ASMs, contra el mismo per\u00edodo del a\u00f1o anterior.\u00a0<a title=\"Volaris inicia operaciones de la estaci\u00f3n TJX en el Cross Border Xpress\" href=\"https:\/\/www.dev.nitu.mx\/index.php\/2020\/12\/22\/volaris-inicia-operaciones-de-la-estacion-tjx-en-el-cross-border-xpress\/\" rel=\"bookmark\">(Volaris inicia operaciones de la estaci\u00f3n TJX en el Cross Border Xpress<\/a>).<\/p>\n","protected":false},"excerpt":{"rendered":"<p>Volaris, report\u00f3 que en diciembre de 2020 su capacidad medida en t\u00e9rminos de asientos por milla disponible (ASMs, por sus siglas en ingl\u00e9s) fue de 101.9 por ciento comparado con el mismo mes del a\u00f1o anterior. Al presentar su reporte de resultados preliminares de tr\u00e1fico del \u00faltimo mes de 2020, la aerol\u00ednea de ultra bajo [&hellip;]<\/p>\n","protected":false},"author":18,"featured_media":45666,"comment_status":"open","ping_status":"open","sticky":false,"template":"","format":"standard","meta":{"footnotes":""},"categories":[29],"tags":[435,5024,131],"yoast_head":"<!-- This site is optimized with the Yoast SEO plugin v22.2 - https:\/\/yoast.com\/wordpress\/plugins\/seo\/ -->\n<title>Volaris supera 100% su nivel de capacidad de diciembre comparado con 2019 - Nitu - Noticias de la Industria Turistica<\/title>\n<meta name=\"robots\" content=\"index, follow, max-snippet:-1, max-image-preview:large, max-video-preview:-1\" \/>\n<link rel=\"canonical\" href=\"https:\/\/nitu.mx\/index.php\/2021\/01\/06\/volaris-supera-100-su-nivel-de-capacidad-de-diciembre-comparado-con-2019\/\" \/>\n<meta name=\"twitter:card\" content=\"summary_large_image\" \/>\n<meta name=\"twitter:title\" content=\"Volaris supera 100% su nivel de capacidad de diciembre comparado con 2019 - Nitu - Noticias de la Industria Turistica\" \/>\n<meta name=\"twitter:description\" content=\"Volaris, report\u00f3 que en diciembre de 2020 su capacidad medida en t\u00e9rminos de asientos por milla disponible (ASMs, por sus siglas en ingl\u00e9s) fue de 101.9 por ciento comparado con el mismo mes del a\u00f1o anterior. Al presentar su reporte de resultados preliminares de tr\u00e1fico del \u00faltimo mes de 2020, la aerol\u00ednea de ultra bajo [&hellip;]\" \/>\n<meta name=\"twitter:image\" content=\"https:\/\/nitu.mx\/wp-content\/uploads\/2020\/08\/Volaris-Ontario.jpg\" \/>\n<meta name=\"twitter:creator\" content=\"@NITUmx\" \/>\n<meta name=\"twitter:site\" content=\"@Arturo_Medina_G\" \/>\n<meta name=\"twitter:label1\" content=\"Escrito por\" \/>\n\t<meta name=\"twitter:data1\" content=\"Guadalupe Sixto\" \/>\n\t<meta name=\"twitter:label2\" content=\"Tiempo de lectura\" \/>\n\t<meta name=\"twitter:data2\" content=\"2 minutos\" \/>\n<script type=\"application\/ld+json\" class=\"yoast-schema-graph\">{\"@context\":\"https:\/\/schema.org\",\"@graph\":[{\"@type\":\"Article\",\"@id\":\"https:\/\/nitu.mx\/index.php\/2021\/01\/06\/volaris-supera-100-su-nivel-de-capacidad-de-diciembre-comparado-con-2019\/#article\",\"isPartOf\":{\"@id\":\"https:\/\/nitu.mx\/index.php\/2021\/01\/06\/volaris-supera-100-su-nivel-de-capacidad-de-diciembre-comparado-con-2019\/\"},\"author\":{\"name\":\"Guadalupe Sixto\",\"@id\":\"https:\/\/nitu.mx\/#\/schema\/person\/3df3082b5e46037e3f13614d28ee0b77\"},\"headline\":\"Volaris supera 100% su nivel de capacidad de diciembre comparado con 2019\",\"datePublished\":\"2021-01-06T20:53:33+00:00\",\"dateModified\":\"2021-01-07T06:27:12+00:00\",\"mainEntityOfPage\":{\"@id\":\"https:\/\/nitu.mx\/index.php\/2021\/01\/06\/volaris-supera-100-su-nivel-de-capacidad-de-diciembre-comparado-con-2019\/\"},\"wordCount\":393,\"commentCount\":0,\"publisher\":{\"@id\":\"https:\/\/nitu.mx\/#\/schema\/person\/ae7a53426417292d3dd07b45a33e01bc\"},\"image\":{\"@id\":\"https:\/\/nitu.mx\/index.php\/2021\/01\/06\/volaris-supera-100-su-nivel-de-capacidad-de-diciembre-comparado-con-2019\/#primaryimage\"},\"thumbnailUrl\":\"https:\/\/nitu.mx\/wp-content\/uploads\/2020\/08\/Volaris-Ontario.jpg\",\"keywords\":[\"Enrique Beltranena\",\"tr\u00e1fico de pasajeros\",\"Volaris\"],\"articleSection\":[\"Aerol\u00edneas\"],\"inLanguage\":\"es-MX\",\"potentialAction\":[{\"@type\":\"CommentAction\",\"name\":\"Comment\",\"target\":[\"https:\/\/nitu.mx\/index.php\/2021\/01\/06\/volaris-supera-100-su-nivel-de-capacidad-de-diciembre-comparado-con-2019\/#respond\"]}]},{\"@type\":\"WebPage\",\"@id\":\"https:\/\/nitu.mx\/index.php\/2021\/01\/06\/volaris-supera-100-su-nivel-de-capacidad-de-diciembre-comparado-con-2019\/\",\"url\":\"https:\/\/nitu.mx\/index.php\/2021\/01\/06\/volaris-supera-100-su-nivel-de-capacidad-de-diciembre-comparado-con-2019\/\",\"name\":\"Volaris supera 100% su nivel de capacidad de diciembre comparado con 2019 - Nitu - Noticias de la Industria Turistica\",\"isPartOf\":{\"@id\":\"https:\/\/nitu.mx\/#website\"},\"primaryImageOfPage\":{\"@id\":\"https:\/\/nitu.mx\/index.php\/2021\/01\/06\/volaris-supera-100-su-nivel-de-capacidad-de-diciembre-comparado-con-2019\/#primaryimage\"},\"image\":{\"@id\":\"https:\/\/nitu.mx\/index.php\/2021\/01\/06\/volaris-supera-100-su-nivel-de-capacidad-de-diciembre-comparado-con-2019\/#primaryimage\"},\"thumbnailUrl\":\"https:\/\/nitu.mx\/wp-content\/uploads\/2020\/08\/Volaris-Ontario.jpg\",\"datePublished\":\"2021-01-06T20:53:33+00:00\",\"dateModified\":\"2021-01-07T06:27:12+00:00\",\"breadcrumb\":{\"@id\":\"https:\/\/nitu.mx\/index.php\/2021\/01\/06\/volaris-supera-100-su-nivel-de-capacidad-de-diciembre-comparado-con-2019\/#breadcrumb\"},\"inLanguage\":\"es-MX\",\"potentialAction\":[{\"@type\":\"ReadAction\",\"target\":[\"https:\/\/nitu.mx\/index.php\/2021\/01\/06\/volaris-supera-100-su-nivel-de-capacidad-de-diciembre-comparado-con-2019\/\"]}]},{\"@type\":\"ImageObject\",\"inLanguage\":\"es-MX\",\"@id\":\"https:\/\/nitu.mx\/index.php\/2021\/01\/06\/volaris-supera-100-su-nivel-de-capacidad-de-diciembre-comparado-con-2019\/#primaryimage\",\"url\":\"https:\/\/nitu.mx\/wp-content\/uploads\/2020\/08\/Volaris-Ontario.jpg\",\"contentUrl\":\"https:\/\/nitu.mx\/wp-content\/uploads\/2020\/08\/Volaris-Ontario.jpg\",\"width\":1200,\"height\":675,\"caption\":\"Volaris\"},{\"@type\":\"BreadcrumbList\",\"@id\":\"https:\/\/nitu.mx\/index.php\/2021\/01\/06\/volaris-supera-100-su-nivel-de-capacidad-de-diciembre-comparado-con-2019\/#breadcrumb\",\"itemListElement\":[{\"@type\":\"ListItem\",\"position\":1,\"name\":\"Inicio\",\"item\":\"https:\/\/nitu.mx\/\"},{\"@type\":\"ListItem\",\"position\":2,\"name\":\"Volaris supera 100% su nivel de capacidad de diciembre comparado con 2019\"}]},{\"@type\":\"WebSite\",\"@id\":\"https:\/\/nitu.mx\/#website\",\"url\":\"https:\/\/nitu.mx\/\",\"name\":\"Nitu - Noticias de la Industria Turistica\",\"description\":\"Noticias de la Industria Turistica\",\"publisher\":{\"@id\":\"https:\/\/nitu.mx\/#\/schema\/person\/ae7a53426417292d3dd07b45a33e01bc\"},\"alternateName\":\"Noticias de la Industria Turistica\",\"potentialAction\":[{\"@type\":\"SearchAction\",\"target\":{\"@type\":\"EntryPoint\",\"urlTemplate\":\"https:\/\/nitu.mx\/?s={search_term_string}\"},\"query-input\":\"required name=search_term_string\"}],\"inLanguage\":\"es-MX\"},{\"@type\":[\"Person\",\"Organization\"],\"@id\":\"https:\/\/nitu.mx\/#\/schema\/person\/ae7a53426417292d3dd07b45a33e01bc\",\"name\":\"Arturo Medina\",\"image\":{\"@type\":\"ImageObject\",\"inLanguage\":\"es-MX\",\"@id\":\"https:\/\/nitu.mx\/#\/schema\/person\/image\/\",\"url\":\"https:\/\/nitu.mx\/wp-content\/uploads\/2024\/04\/4A315622-1904-4D5C-B022-878CDC840E04-90x90-1.jpeg\",\"contentUrl\":\"https:\/\/nitu.mx\/wp-content\/uploads\/2024\/04\/4A315622-1904-4D5C-B022-878CDC840E04-90x90-1.jpeg\",\"width\":90,\"height\":90,\"caption\":\"Arturo Medina\"},\"logo\":{\"@id\":\"https:\/\/nitu.mx\/#\/schema\/person\/image\/\"},\"description\":\"Director NITU.mx, Egresado de la Escuela de Periodismo Carlos Septi\u00e9n Garc\u00eda. Periodista y analista especializado en turismo desde hace 35 a\u00f1os, radicado en Canc\u00fan Q.Roo. arturo@nitu.mx\",\"sameAs\":[\"https:\/\/nitu.mx\",\"https:\/\/www.facebook.com\/NITUmx\/\",\"medinacancun\",\"https:\/\/twitter.com\/@Arturo_Medina_G\"]},{\"@type\":\"Person\",\"@id\":\"https:\/\/nitu.mx\/#\/schema\/person\/3df3082b5e46037e3f13614d28ee0b77\",\"name\":\"Guadalupe Sixto\",\"image\":{\"@type\":\"ImageObject\",\"inLanguage\":\"es-MX\",\"@id\":\"https:\/\/nitu.mx\/#\/schema\/person\/image\/\",\"url\":\"https:\/\/secure.gravatar.com\/avatar\/13914e1b0e1919e91f9539de4dc584c4?s=96&d=mm&r=g\",\"contentUrl\":\"https:\/\/secure.gravatar.com\/avatar\/13914e1b0e1919e91f9539de4dc584c4?s=96&d=mm&r=g\",\"caption\":\"Guadalupe Sixto\"},\"url\":\"https:\/\/nitu.mx\/index.php\/author\/gsixto\/\"}]}<\/script>\n<!-- \/ Yoast SEO plugin. -->","yoast_head_json":{"title":"Volaris supera 100% su nivel de capacidad de diciembre comparado con 2019 - Nitu - Noticias de la Industria Turistica","robots":{"index":"index","follow":"follow","max-snippet":"max-snippet:-1","max-image-preview":"max-image-preview:large","max-video-preview":"max-video-preview:-1"},"canonical":"https:\/\/nitu.mx\/index.php\/2021\/01\/06\/volaris-supera-100-su-nivel-de-capacidad-de-diciembre-comparado-con-2019\/","twitter_card":"summary_large_image","twitter_title":"Volaris supera 100% su nivel de capacidad de diciembre comparado con 2019 - Nitu - Noticias de la Industria Turistica","twitter_description":"Volaris, report\u00f3 que en diciembre de 2020 su capacidad medida en t\u00e9rminos de asientos por milla disponible (ASMs, por sus siglas en ingl\u00e9s) fue de 101.9 por ciento comparado con el mismo mes del a\u00f1o anterior. Al presentar su reporte de resultados preliminares de tr\u00e1fico del \u00faltimo mes de 2020, la aerol\u00ednea de ultra bajo [&hellip;]","twitter_image":"https:\/\/nitu.mx\/wp-content\/uploads\/2020\/08\/Volaris-Ontario.jpg","twitter_creator":"@NITUmx","twitter_site":"@Arturo_Medina_G","twitter_misc":{"Escrito por":"Guadalupe Sixto","Tiempo de lectura":"2 minutos"},"schema":{"@context":"https:\/\/schema.org","@graph":[{"@type":"Article","@id":"https:\/\/nitu.mx\/index.php\/2021\/01\/06\/volaris-supera-100-su-nivel-de-capacidad-de-diciembre-comparado-con-2019\/#article","isPartOf":{"@id":"https:\/\/nitu.mx\/index.php\/2021\/01\/06\/volaris-supera-100-su-nivel-de-capacidad-de-diciembre-comparado-con-2019\/"},"author":{"name":"Guadalupe Sixto","@id":"https:\/\/nitu.mx\/#\/schema\/person\/3df3082b5e46037e3f13614d28ee0b77"},"headline":"Volaris supera 100% su nivel de capacidad de diciembre comparado con 2019","datePublished":"2021-01-06T20:53:33+00:00","dateModified":"2021-01-07T06:27:12+00:00","mainEntityOfPage":{"@id":"https:\/\/nitu.mx\/index.php\/2021\/01\/06\/volaris-supera-100-su-nivel-de-capacidad-de-diciembre-comparado-con-2019\/"},"wordCount":393,"commentCount":0,"publisher":{"@id":"https:\/\/nitu.mx\/#\/schema\/person\/ae7a53426417292d3dd07b45a33e01bc"},"image":{"@id":"https:\/\/nitu.mx\/index.php\/2021\/01\/06\/volaris-supera-100-su-nivel-de-capacidad-de-diciembre-comparado-con-2019\/#primaryimage"},"thumbnailUrl":"https:\/\/nitu.mx\/wp-content\/uploads\/2020\/08\/Volaris-Ontario.jpg","keywords":["Enrique Beltranena","tr\u00e1fico de pasajeros","Volaris"],"articleSection":["Aerol\u00edneas"],"inLanguage":"es-MX","potentialAction":[{"@type":"CommentAction","name":"Comment","target":["https:\/\/nitu.mx\/index.php\/2021\/01\/06\/volaris-supera-100-su-nivel-de-capacidad-de-diciembre-comparado-con-2019\/#respond"]}]},{"@type":"WebPage","@id":"https:\/\/nitu.mx\/index.php\/2021\/01\/06\/volaris-supera-100-su-nivel-de-capacidad-de-diciembre-comparado-con-2019\/","url":"https:\/\/nitu.mx\/index.php\/2021\/01\/06\/volaris-supera-100-su-nivel-de-capacidad-de-diciembre-comparado-con-2019\/","name":"Volaris supera 100% su nivel de capacidad de diciembre comparado con 2019 - Nitu - Noticias de la Industria Turistica","isPartOf":{"@id":"https:\/\/nitu.mx\/#website"},"primaryImageOfPage":{"@id":"https:\/\/nitu.mx\/index.php\/2021\/01\/06\/volaris-supera-100-su-nivel-de-capacidad-de-diciembre-comparado-con-2019\/#primaryimage"},"image":{"@id":"https:\/\/nitu.mx\/index.php\/2021\/01\/06\/volaris-supera-100-su-nivel-de-capacidad-de-diciembre-comparado-con-2019\/#primaryimage"},"thumbnailUrl":"https:\/\/nitu.mx\/wp-content\/uploads\/2020\/08\/Volaris-Ontario.jpg","datePublished":"2021-01-06T20:53:33+00:00","dateModified":"2021-01-07T06:27:12+00:00","breadcrumb":{"@id":"https:\/\/nitu.mx\/index.php\/2021\/01\/06\/volaris-supera-100-su-nivel-de-capacidad-de-diciembre-comparado-con-2019\/#breadcrumb"},"inLanguage":"es-MX","potentialAction":[{"@type":"ReadAction","target":["https:\/\/nitu.mx\/index.php\/2021\/01\/06\/volaris-supera-100-su-nivel-de-capacidad-de-diciembre-comparado-con-2019\/"]}]},{"@type":"ImageObject","inLanguage":"es-MX","@id":"https:\/\/nitu.mx\/index.php\/2021\/01\/06\/volaris-supera-100-su-nivel-de-capacidad-de-diciembre-comparado-con-2019\/#primaryimage","url":"https:\/\/nitu.mx\/wp-content\/uploads\/2020\/08\/Volaris-Ontario.jpg","contentUrl":"https:\/\/nitu.mx\/wp-content\/uploads\/2020\/08\/Volaris-Ontario.jpg","width":1200,"height":675,"caption":"Volaris"},{"@type":"BreadcrumbList","@id":"https:\/\/nitu.mx\/index.php\/2021\/01\/06\/volaris-supera-100-su-nivel-de-capacidad-de-diciembre-comparado-con-2019\/#breadcrumb","itemListElement":[{"@type":"ListItem","position":1,"name":"Inicio","item":"https:\/\/nitu.mx\/"},{"@type":"ListItem","position":2,"name":"Volaris supera 100% su nivel de capacidad de diciembre comparado con 2019"}]},{"@type":"WebSite","@id":"https:\/\/nitu.mx\/#website","url":"https:\/\/nitu.mx\/","name":"Nitu - Noticias de la Industria Turistica","description":"Noticias de la Industria Turistica","publisher":{"@id":"https:\/\/nitu.mx\/#\/schema\/person\/ae7a53426417292d3dd07b45a33e01bc"},"alternateName":"Noticias de la Industria Turistica","potentialAction":[{"@type":"SearchAction","target":{"@type":"EntryPoint","urlTemplate":"https:\/\/nitu.mx\/?s={search_term_string}"},"query-input":"required name=search_term_string"}],"inLanguage":"es-MX"},{"@type":["Person","Organization"],"@id":"https:\/\/nitu.mx\/#\/schema\/person\/ae7a53426417292d3dd07b45a33e01bc","name":"Arturo Medina","image":{"@type":"ImageObject","inLanguage":"es-MX","@id":"https:\/\/nitu.mx\/#\/schema\/person\/image\/","url":"https:\/\/nitu.mx\/wp-content\/uploads\/2024\/04\/4A315622-1904-4D5C-B022-878CDC840E04-90x90-1.jpeg","contentUrl":"https:\/\/nitu.mx\/wp-content\/uploads\/2024\/04\/4A315622-1904-4D5C-B022-878CDC840E04-90x90-1.jpeg","width":90,"height":90,"caption":"Arturo Medina"},"logo":{"@id":"https:\/\/nitu.mx\/#\/schema\/person\/image\/"},"description":"Director NITU.mx, Egresado de la Escuela de Periodismo Carlos Septi\u00e9n Garc\u00eda. Periodista y analista especializado en turismo desde hace 35 a\u00f1os, radicado en Canc\u00fan Q.Roo. arturo@nitu.mx","sameAs":["https:\/\/nitu.mx","https:\/\/www.facebook.com\/NITUmx\/","medinacancun","https:\/\/twitter.com\/@Arturo_Medina_G"]},{"@type":"Person","@id":"https:\/\/nitu.mx\/#\/schema\/person\/3df3082b5e46037e3f13614d28ee0b77","name":"Guadalupe Sixto","image":{"@type":"ImageObject","inLanguage":"es-MX","@id":"https:\/\/nitu.mx\/#\/schema\/person\/image\/","url":"https:\/\/secure.gravatar.com\/avatar\/13914e1b0e1919e91f9539de4dc584c4?s=96&d=mm&r=g","contentUrl":"https:\/\/secure.gravatar.com\/avatar\/13914e1b0e1919e91f9539de4dc584c4?s=96&d=mm&r=g","caption":"Guadalupe Sixto"},"url":"https:\/\/nitu.mx\/index.php\/author\/gsixto\/"}]}},"views":263,"_links":{"self":[{"href":"https:\/\/nitu.mx\/index.php\/wp-json\/wp\/v2\/posts\/49398"}],"collection":[{"href":"https:\/\/nitu.mx\/index.php\/wp-json\/wp\/v2\/posts"}],"about":[{"href":"https:\/\/nitu.mx\/index.php\/wp-json\/wp\/v2\/types\/post"}],"author":[{"embeddable":true,"href":"https:\/\/nitu.mx\/index.php\/wp-json\/wp\/v2\/users\/18"}],"replies":[{"embeddable":true,"href":"https:\/\/nitu.mx\/index.php\/wp-json\/wp\/v2\/comments?post=49398"}],"version-history":[{"count":1,"href":"https:\/\/nitu.mx\/index.php\/wp-json\/wp\/v2\/posts\/49398\/revisions"}],"predecessor-version":[{"id":49399,"href":"https:\/\/nitu.mx\/index.php\/wp-json\/wp\/v2\/posts\/49398\/revisions\/49399"}],"wp:featuredmedia":[{"embeddable":true,"href":"https:\/\/nitu.mx\/index.php\/wp-json\/wp\/v2\/media\/45666"}],"wp:attachment":[{"href":"https:\/\/nitu.mx\/index.php\/wp-json\/wp\/v2\/media?parent=49398"}],"wp:term":[{"taxonomy":"category","embeddable":true,"href":"https:\/\/nitu.mx\/index.php\/wp-json\/wp\/v2\/categories?post=49398"},{"taxonomy":"post_tag","embeddable":true,"href":"https:\/\/nitu.mx\/index.php\/wp-json\/wp\/v2\/tags?post=49398"}],"curies":[{"name":"wp","href":"https:\/\/api.w.org\/{rel}","templated":true}]}}