{"id":4932,"date":"2016-12-15T01:08:11","date_gmt":"2016-12-15T06:08:11","guid":{"rendered":"http:\/\/www.dev.nitu.mx\/?p=4932"},"modified":"2016-12-15T01:34:23","modified_gmt":"2016-12-15T06:34:23","slug":"aicm-sube-8-trafico-de-pasajeros-a-noviembre","status":"publish","type":"post","link":"https:\/\/nitu.mx\/index.php\/2016\/12\/15\/aicm-sube-8-trafico-de-pasajeros-a-noviembre\/","title":{"rendered":"AICM sube 8 por ciento tr\u00e1fico de pasajeros a noviembre"},"content":{"rendered":"<p>En el lapso comprendido entre enero y noviembre de este a\u00f1o, el Aeropuerto Internacional de la Ciudad de M\u00e9xico (AICM) moviliz\u00f3 a 37 millones 772 mil personas, desde los 34 millones 904 mil pasajeros de 2015.<\/p>\n<p>El tr\u00e1fico de pasajeros a\u00e9reos que registr\u00f3 el Aeropuerto Internacional de la Ciudad de M\u00e9xico (AICM) entre enero y noviembre de 2016 tuvo un aumento de 8.2 por ciento, respecto al mismo periodo de un a\u00f1o antes.<\/p>\n<p>En dicho periodo se movilizaron 37 millones 772 mil personas, desde las 34 millones 904 mil de 2015, seg\u00fan el reporte estad\u00edstico publicado este lunes por la administraci\u00f3n del AICM, se informa en El Financiero.<\/p>\n<p>El segmento de pasajeros a\u00e9reos internacionales del aeropuerto m\u00e1s importante del pa\u00eds, report\u00f3 un incremento de 10.2 por ciento anual, al transportarse 12 millones 700 mil personas.<\/p>\n<p>En tanto, el mercado nacional de pasajeros que atiende el AICM ascendi\u00f3 a 25 millones 72 mil viajeros, 7.2 por ciento m\u00e1s que el a\u00f1o pasado. La demanda de viajeros se ha incrementado fuertemente, lo que ha llevado a la terminal a\u00e9rea capitalina a una saturaci\u00f3n que ya reconocen las instancias internacionales, como se dijo en <em><strong>NITU.mx<\/strong><\/em> (<a title=\"AICM en momento cr\u00edtico: IATA\" href=\"http:\/\/www.dev.nitu.mx\/index.php\/2016\/12\/12\/aicm-en-momento-critico-iata\/\" rel=\"bookmark\">AICM en momento cr\u00edtico: IATA<\/a>), en tanto inicia actividades el Nuevo Aeropuerto de la Ciudad de M\u00e9xico.<\/p>\n","protected":false},"excerpt":{"rendered":"<p>En el lapso comprendido entre enero y noviembre de este a\u00f1o, el Aeropuerto Internacional de la Ciudad de M\u00e9xico (AICM) moviliz\u00f3 a 37 millones 772 mil personas, desde los 34 millones 904 mil pasajeros de 2015. El tr\u00e1fico de pasajeros a\u00e9reos que registr\u00f3 el Aeropuerto Internacional de la Ciudad de M\u00e9xico (AICM) entre enero y [&hellip;]<\/p>\n","protected":false},"author":17,"featured_media":2262,"comment_status":"open","ping_status":"open","sticky":false,"template":"","format":"standard","meta":{"footnotes":""},"categories":[29,6],"tags":[536,294],"yoast_head":"<!-- This site is optimized with the Yoast SEO plugin v22.2 - https:\/\/yoast.com\/wordpress\/plugins\/seo\/ -->\n<title>AICM sube 8 por ciento tr\u00e1fico de pasajeros a noviembre - Nitu - Noticias de la Industria Turistica<\/title>\n<meta name=\"description\" content=\"El Aeropuerto Internacional de la Ciudad de M\u00e9xico (AICM) moviliz\u00f3 a 37 millones 772 mil personas de enero a noviembre de este a\u00f1o.\" \/>\n<meta name=\"robots\" content=\"index, follow, max-snippet:-1, max-image-preview:large, max-video-preview:-1\" \/>\n<link rel=\"canonical\" href=\"https:\/\/nitu.mx\/index.php\/2016\/12\/15\/aicm-sube-8-trafico-de-pasajeros-a-noviembre\/\" \/>\n<meta name=\"twitter:card\" content=\"summary_large_image\" \/>\n<meta name=\"twitter:title\" content=\"AICM sube 8 por ciento tr\u00e1fico de pasajeros a noviembre - Nitu - Noticias de la Industria Turistica\" \/>\n<meta name=\"twitter:description\" content=\"El Aeropuerto Internacional de la Ciudad de M\u00e9xico (AICM) moviliz\u00f3 a 37 millones 772 mil personas de enero a noviembre de este a\u00f1o.\" \/>\n<meta name=\"twitter:image\" content=\"https:\/\/nitu.mx\/wp-content\/uploads\/2016\/09\/AICM-aeropuerto-internacional-de-la-ciudad-de-mexico.jpg\" \/>\n<meta name=\"twitter:creator\" content=\"@NITUmx\" \/>\n<meta name=\"twitter:site\" content=\"@Arturo_Medina_G\" \/>\n<meta name=\"twitter:label1\" content=\"Escrito por\" \/>\n\t<meta name=\"twitter:data1\" content=\"Redacci\u00f3n\" \/>\n\t<meta name=\"twitter:label2\" content=\"Tiempo de lectura\" \/>\n\t<meta name=\"twitter:data2\" content=\"1 minuto\" \/>\n<script type=\"application\/ld+json\" class=\"yoast-schema-graph\">{\"@context\":\"https:\/\/schema.org\",\"@graph\":[{\"@type\":\"Article\",\"@id\":\"https:\/\/nitu.mx\/index.php\/2016\/12\/15\/aicm-sube-8-trafico-de-pasajeros-a-noviembre\/#article\",\"isPartOf\":{\"@id\":\"https:\/\/nitu.mx\/index.php\/2016\/12\/15\/aicm-sube-8-trafico-de-pasajeros-a-noviembre\/\"},\"author\":{\"name\":\"Redacci\u00f3n\",\"@id\":\"https:\/\/nitu.mx\/#\/schema\/person\/4a28fe9bd65924f7c90623773daf1b0b\"},\"headline\":\"AICM sube 8 por ciento tr\u00e1fico de pasajeros a noviembre\",\"datePublished\":\"2016-12-15T06:08:11+00:00\",\"dateModified\":\"2016-12-15T06:34:23+00:00\",\"mainEntityOfPage\":{\"@id\":\"https:\/\/nitu.mx\/index.php\/2016\/12\/15\/aicm-sube-8-trafico-de-pasajeros-a-noviembre\/\"},\"wordCount\":220,\"commentCount\":0,\"publisher\":{\"@id\":\"https:\/\/nitu.mx\/#\/schema\/person\/ae7a53426417292d3dd07b45a33e01bc\"},\"image\":{\"@id\":\"https:\/\/nitu.mx\/index.php\/2016\/12\/15\/aicm-sube-8-trafico-de-pasajeros-a-noviembre\/#primaryimage\"},\"thumbnailUrl\":\"https:\/\/nitu.mx\/wp-content\/uploads\/2016\/09\/AICM-aeropuerto-internacional-de-la-ciudad-de-mexico.jpg\",\"keywords\":[\"Aeropuerto Internacional de la Ciudad de M\u00e9xico\",\"AICM\"],\"articleSection\":[\"Aerol\u00edneas\",\"M\u00e9xico\"],\"inLanguage\":\"es-MX\",\"potentialAction\":[{\"@type\":\"CommentAction\",\"name\":\"Comment\",\"target\":[\"https:\/\/nitu.mx\/index.php\/2016\/12\/15\/aicm-sube-8-trafico-de-pasajeros-a-noviembre\/#respond\"]}]},{\"@type\":\"WebPage\",\"@id\":\"https:\/\/nitu.mx\/index.php\/2016\/12\/15\/aicm-sube-8-trafico-de-pasajeros-a-noviembre\/\",\"url\":\"https:\/\/nitu.mx\/index.php\/2016\/12\/15\/aicm-sube-8-trafico-de-pasajeros-a-noviembre\/\",\"name\":\"AICM sube 8 por ciento tr\u00e1fico de pasajeros a noviembre - Nitu - Noticias de la Industria Turistica\",\"isPartOf\":{\"@id\":\"https:\/\/nitu.mx\/#website\"},\"primaryImageOfPage\":{\"@id\":\"https:\/\/nitu.mx\/index.php\/2016\/12\/15\/aicm-sube-8-trafico-de-pasajeros-a-noviembre\/#primaryimage\"},\"image\":{\"@id\":\"https:\/\/nitu.mx\/index.php\/2016\/12\/15\/aicm-sube-8-trafico-de-pasajeros-a-noviembre\/#primaryimage\"},\"thumbnailUrl\":\"https:\/\/nitu.mx\/wp-content\/uploads\/2016\/09\/AICM-aeropuerto-internacional-de-la-ciudad-de-mexico.jpg\",\"datePublished\":\"2016-12-15T06:08:11+00:00\",\"dateModified\":\"2016-12-15T06:34:23+00:00\",\"description\":\"El Aeropuerto Internacional de la Ciudad de M\u00e9xico (AICM) moviliz\u00f3 a 37 millones 772 mil personas de enero a noviembre de este a\u00f1o.\",\"breadcrumb\":{\"@id\":\"https:\/\/nitu.mx\/index.php\/2016\/12\/15\/aicm-sube-8-trafico-de-pasajeros-a-noviembre\/#breadcrumb\"},\"inLanguage\":\"es-MX\",\"potentialAction\":[{\"@type\":\"ReadAction\",\"target\":[\"https:\/\/nitu.mx\/index.php\/2016\/12\/15\/aicm-sube-8-trafico-de-pasajeros-a-noviembre\/\"]}]},{\"@type\":\"ImageObject\",\"inLanguage\":\"es-MX\",\"@id\":\"https:\/\/nitu.mx\/index.php\/2016\/12\/15\/aicm-sube-8-trafico-de-pasajeros-a-noviembre\/#primaryimage\",\"url\":\"https:\/\/nitu.mx\/wp-content\/uploads\/2016\/09\/AICM-aeropuerto-internacional-de-la-ciudad-de-mexico.jpg\",\"contentUrl\":\"https:\/\/nitu.mx\/wp-content\/uploads\/2016\/09\/AICM-aeropuerto-internacional-de-la-ciudad-de-mexico.jpg\",\"width\":1412,\"height\":837,\"caption\":\"Aeropuerto AICM\"},{\"@type\":\"BreadcrumbList\",\"@id\":\"https:\/\/nitu.mx\/index.php\/2016\/12\/15\/aicm-sube-8-trafico-de-pasajeros-a-noviembre\/#breadcrumb\",\"itemListElement\":[{\"@type\":\"ListItem\",\"position\":1,\"name\":\"Inicio\",\"item\":\"https:\/\/nitu.mx\/\"},{\"@type\":\"ListItem\",\"position\":2,\"name\":\"AICM sube 8 por ciento tr\u00e1fico de pasajeros a noviembre\"}]},{\"@type\":\"WebSite\",\"@id\":\"https:\/\/nitu.mx\/#website\",\"url\":\"https:\/\/nitu.mx\/\",\"name\":\"Nitu - Noticias de la Industria Turistica\",\"description\":\"Noticias de la Industria Turistica\",\"publisher\":{\"@id\":\"https:\/\/nitu.mx\/#\/schema\/person\/ae7a53426417292d3dd07b45a33e01bc\"},\"alternateName\":\"Noticias de la Industria Turistica\",\"potentialAction\":[{\"@type\":\"SearchAction\",\"target\":{\"@type\":\"EntryPoint\",\"urlTemplate\":\"https:\/\/nitu.mx\/?s={search_term_string}\"},\"query-input\":\"required name=search_term_string\"}],\"inLanguage\":\"es-MX\"},{\"@type\":[\"Person\",\"Organization\"],\"@id\":\"https:\/\/nitu.mx\/#\/schema\/person\/ae7a53426417292d3dd07b45a33e01bc\",\"name\":\"Arturo Medina\",\"image\":{\"@type\":\"ImageObject\",\"inLanguage\":\"es-MX\",\"@id\":\"https:\/\/nitu.mx\/#\/schema\/person\/image\/\",\"url\":\"https:\/\/nitu.mx\/wp-content\/uploads\/2024\/04\/4A315622-1904-4D5C-B022-878CDC840E04-90x90-1.jpeg\",\"contentUrl\":\"https:\/\/nitu.mx\/wp-content\/uploads\/2024\/04\/4A315622-1904-4D5C-B022-878CDC840E04-90x90-1.jpeg\",\"width\":90,\"height\":90,\"caption\":\"Arturo Medina\"},\"logo\":{\"@id\":\"https:\/\/nitu.mx\/#\/schema\/person\/image\/\"},\"description\":\"Director NITU.mx, Egresado de la Escuela de Periodismo Carlos Septi\u00e9n Garc\u00eda. Periodista y analista especializado en turismo desde hace 35 a\u00f1os, radicado en Canc\u00fan Q.Roo. arturo@nitu.mx\",\"sameAs\":[\"https:\/\/nitu.mx\",\"https:\/\/www.facebook.com\/NITUmx\/\",\"medinacancun\",\"https:\/\/twitter.com\/@Arturo_Medina_G\"]},{\"@type\":\"Person\",\"@id\":\"https:\/\/nitu.mx\/#\/schema\/person\/4a28fe9bd65924f7c90623773daf1b0b\",\"name\":\"Redacci\u00f3n\",\"image\":{\"@type\":\"ImageObject\",\"inLanguage\":\"es-MX\",\"@id\":\"https:\/\/nitu.mx\/#\/schema\/person\/image\/\",\"url\":\"https:\/\/secure.gravatar.com\/avatar\/5dd011c8ccfc5cd7e4c81e42252aab38?s=96&d=mm&r=g\",\"contentUrl\":\"https:\/\/secure.gravatar.com\/avatar\/5dd011c8ccfc5cd7e4c81e42252aab38?s=96&d=mm&r=g\",\"caption\":\"Redacci\u00f3n\"},\"url\":\"https:\/\/nitu.mx\/index.php\/author\/redaccion\/\"}]}<\/script>\n<!-- \/ Yoast SEO plugin. -->","yoast_head_json":{"title":"AICM sube 8 por ciento tr\u00e1fico de pasajeros a noviembre - Nitu - Noticias de la Industria Turistica","description":"El Aeropuerto Internacional de la Ciudad de M\u00e9xico (AICM) moviliz\u00f3 a 37 millones 772 mil personas de enero a noviembre de este a\u00f1o.","robots":{"index":"index","follow":"follow","max-snippet":"max-snippet:-1","max-image-preview":"max-image-preview:large","max-video-preview":"max-video-preview:-1"},"canonical":"https:\/\/nitu.mx\/index.php\/2016\/12\/15\/aicm-sube-8-trafico-de-pasajeros-a-noviembre\/","twitter_card":"summary_large_image","twitter_title":"AICM sube 8 por ciento tr\u00e1fico de pasajeros a noviembre - Nitu - Noticias de la Industria Turistica","twitter_description":"El Aeropuerto Internacional de la Ciudad de M\u00e9xico (AICM) moviliz\u00f3 a 37 millones 772 mil personas de enero a noviembre de este a\u00f1o.","twitter_image":"https:\/\/nitu.mx\/wp-content\/uploads\/2016\/09\/AICM-aeropuerto-internacional-de-la-ciudad-de-mexico.jpg","twitter_creator":"@NITUmx","twitter_site":"@Arturo_Medina_G","twitter_misc":{"Escrito por":"Redacci\u00f3n","Tiempo de lectura":"1 minuto"},"schema":{"@context":"https:\/\/schema.org","@graph":[{"@type":"Article","@id":"https:\/\/nitu.mx\/index.php\/2016\/12\/15\/aicm-sube-8-trafico-de-pasajeros-a-noviembre\/#article","isPartOf":{"@id":"https:\/\/nitu.mx\/index.php\/2016\/12\/15\/aicm-sube-8-trafico-de-pasajeros-a-noviembre\/"},"author":{"name":"Redacci\u00f3n","@id":"https:\/\/nitu.mx\/#\/schema\/person\/4a28fe9bd65924f7c90623773daf1b0b"},"headline":"AICM sube 8 por ciento tr\u00e1fico de pasajeros a noviembre","datePublished":"2016-12-15T06:08:11+00:00","dateModified":"2016-12-15T06:34:23+00:00","mainEntityOfPage":{"@id":"https:\/\/nitu.mx\/index.php\/2016\/12\/15\/aicm-sube-8-trafico-de-pasajeros-a-noviembre\/"},"wordCount":220,"commentCount":0,"publisher":{"@id":"https:\/\/nitu.mx\/#\/schema\/person\/ae7a53426417292d3dd07b45a33e01bc"},"image":{"@id":"https:\/\/nitu.mx\/index.php\/2016\/12\/15\/aicm-sube-8-trafico-de-pasajeros-a-noviembre\/#primaryimage"},"thumbnailUrl":"https:\/\/nitu.mx\/wp-content\/uploads\/2016\/09\/AICM-aeropuerto-internacional-de-la-ciudad-de-mexico.jpg","keywords":["Aeropuerto Internacional de la Ciudad de M\u00e9xico","AICM"],"articleSection":["Aerol\u00edneas","M\u00e9xico"],"inLanguage":"es-MX","potentialAction":[{"@type":"CommentAction","name":"Comment","target":["https:\/\/nitu.mx\/index.php\/2016\/12\/15\/aicm-sube-8-trafico-de-pasajeros-a-noviembre\/#respond"]}]},{"@type":"WebPage","@id":"https:\/\/nitu.mx\/index.php\/2016\/12\/15\/aicm-sube-8-trafico-de-pasajeros-a-noviembre\/","url":"https:\/\/nitu.mx\/index.php\/2016\/12\/15\/aicm-sube-8-trafico-de-pasajeros-a-noviembre\/","name":"AICM sube 8 por ciento tr\u00e1fico de pasajeros a noviembre - Nitu - Noticias de la Industria Turistica","isPartOf":{"@id":"https:\/\/nitu.mx\/#website"},"primaryImageOfPage":{"@id":"https:\/\/nitu.mx\/index.php\/2016\/12\/15\/aicm-sube-8-trafico-de-pasajeros-a-noviembre\/#primaryimage"},"image":{"@id":"https:\/\/nitu.mx\/index.php\/2016\/12\/15\/aicm-sube-8-trafico-de-pasajeros-a-noviembre\/#primaryimage"},"thumbnailUrl":"https:\/\/nitu.mx\/wp-content\/uploads\/2016\/09\/AICM-aeropuerto-internacional-de-la-ciudad-de-mexico.jpg","datePublished":"2016-12-15T06:08:11+00:00","dateModified":"2016-12-15T06:34:23+00:00","description":"El Aeropuerto Internacional de la Ciudad de M\u00e9xico (AICM) moviliz\u00f3 a 37 millones 772 mil personas de enero a noviembre de este a\u00f1o.","breadcrumb":{"@id":"https:\/\/nitu.mx\/index.php\/2016\/12\/15\/aicm-sube-8-trafico-de-pasajeros-a-noviembre\/#breadcrumb"},"inLanguage":"es-MX","potentialAction":[{"@type":"ReadAction","target":["https:\/\/nitu.mx\/index.php\/2016\/12\/15\/aicm-sube-8-trafico-de-pasajeros-a-noviembre\/"]}]},{"@type":"ImageObject","inLanguage":"es-MX","@id":"https:\/\/nitu.mx\/index.php\/2016\/12\/15\/aicm-sube-8-trafico-de-pasajeros-a-noviembre\/#primaryimage","url":"https:\/\/nitu.mx\/wp-content\/uploads\/2016\/09\/AICM-aeropuerto-internacional-de-la-ciudad-de-mexico.jpg","contentUrl":"https:\/\/nitu.mx\/wp-content\/uploads\/2016\/09\/AICM-aeropuerto-internacional-de-la-ciudad-de-mexico.jpg","width":1412,"height":837,"caption":"Aeropuerto AICM"},{"@type":"BreadcrumbList","@id":"https:\/\/nitu.mx\/index.php\/2016\/12\/15\/aicm-sube-8-trafico-de-pasajeros-a-noviembre\/#breadcrumb","itemListElement":[{"@type":"ListItem","position":1,"name":"Inicio","item":"https:\/\/nitu.mx\/"},{"@type":"ListItem","position":2,"name":"AICM sube 8 por ciento tr\u00e1fico de pasajeros a noviembre"}]},{"@type":"WebSite","@id":"https:\/\/nitu.mx\/#website","url":"https:\/\/nitu.mx\/","name":"Nitu - Noticias de la Industria Turistica","description":"Noticias de la Industria Turistica","publisher":{"@id":"https:\/\/nitu.mx\/#\/schema\/person\/ae7a53426417292d3dd07b45a33e01bc"},"alternateName":"Noticias de la Industria Turistica","potentialAction":[{"@type":"SearchAction","target":{"@type":"EntryPoint","urlTemplate":"https:\/\/nitu.mx\/?s={search_term_string}"},"query-input":"required name=search_term_string"}],"inLanguage":"es-MX"},{"@type":["Person","Organization"],"@id":"https:\/\/nitu.mx\/#\/schema\/person\/ae7a53426417292d3dd07b45a33e01bc","name":"Arturo Medina","image":{"@type":"ImageObject","inLanguage":"es-MX","@id":"https:\/\/nitu.mx\/#\/schema\/person\/image\/","url":"https:\/\/nitu.mx\/wp-content\/uploads\/2024\/04\/4A315622-1904-4D5C-B022-878CDC840E04-90x90-1.jpeg","contentUrl":"https:\/\/nitu.mx\/wp-content\/uploads\/2024\/04\/4A315622-1904-4D5C-B022-878CDC840E04-90x90-1.jpeg","width":90,"height":90,"caption":"Arturo Medina"},"logo":{"@id":"https:\/\/nitu.mx\/#\/schema\/person\/image\/"},"description":"Director NITU.mx, Egresado de la Escuela de Periodismo Carlos Septi\u00e9n Garc\u00eda. Periodista y analista especializado en turismo desde hace 35 a\u00f1os, radicado en Canc\u00fan Q.Roo. arturo@nitu.mx","sameAs":["https:\/\/nitu.mx","https:\/\/www.facebook.com\/NITUmx\/","medinacancun","https:\/\/twitter.com\/@Arturo_Medina_G"]},{"@type":"Person","@id":"https:\/\/nitu.mx\/#\/schema\/person\/4a28fe9bd65924f7c90623773daf1b0b","name":"Redacci\u00f3n","image":{"@type":"ImageObject","inLanguage":"es-MX","@id":"https:\/\/nitu.mx\/#\/schema\/person\/image\/","url":"https:\/\/secure.gravatar.com\/avatar\/5dd011c8ccfc5cd7e4c81e42252aab38?s=96&d=mm&r=g","contentUrl":"https:\/\/secure.gravatar.com\/avatar\/5dd011c8ccfc5cd7e4c81e42252aab38?s=96&d=mm&r=g","caption":"Redacci\u00f3n"},"url":"https:\/\/nitu.mx\/index.php\/author\/redaccion\/"}]}},"views":270,"_links":{"self":[{"href":"https:\/\/nitu.mx\/index.php\/wp-json\/wp\/v2\/posts\/4932"}],"collection":[{"href":"https:\/\/nitu.mx\/index.php\/wp-json\/wp\/v2\/posts"}],"about":[{"href":"https:\/\/nitu.mx\/index.php\/wp-json\/wp\/v2\/types\/post"}],"author":[{"embeddable":true,"href":"https:\/\/nitu.mx\/index.php\/wp-json\/wp\/v2\/users\/17"}],"replies":[{"embeddable":true,"href":"https:\/\/nitu.mx\/index.php\/wp-json\/wp\/v2\/comments?post=4932"}],"version-history":[{"count":3,"href":"https:\/\/nitu.mx\/index.php\/wp-json\/wp\/v2\/posts\/4932\/revisions"}],"predecessor-version":[{"id":4956,"href":"https:\/\/nitu.mx\/index.php\/wp-json\/wp\/v2\/posts\/4932\/revisions\/4956"}],"wp:featuredmedia":[{"embeddable":true,"href":"https:\/\/nitu.mx\/index.php\/wp-json\/wp\/v2\/media\/2262"}],"wp:attachment":[{"href":"https:\/\/nitu.mx\/index.php\/wp-json\/wp\/v2\/media?parent=4932"}],"wp:term":[{"taxonomy":"category","embeddable":true,"href":"https:\/\/nitu.mx\/index.php\/wp-json\/wp\/v2\/categories?post=4932"},{"taxonomy":"post_tag","embeddable":true,"href":"https:\/\/nitu.mx\/index.php\/wp-json\/wp\/v2\/tags?post=4932"}],"curies":[{"name":"wp","href":"https:\/\/api.w.org\/{rel}","templated":true}]}}