{"id":49243,"date":"2020-12-29T00:57:32","date_gmt":"2020-12-29T05:57:32","guid":{"rendered":"https:\/\/www.dev.nitu.mx\/?p=49243"},"modified":"2020-12-29T01:04:44","modified_gmt":"2020-12-29T06:04:44","slug":"cuidado-de-la-salud-debe-ser-prioridad-para-sector-turismo-asetur","status":"publish","type":"post","link":"https:\/\/nitu.mx\/index.php\/2020\/12\/29\/cuidado-de-la-salud-debe-ser-prioridad-para-sector-turismo-asetur\/","title":{"rendered":"Cuidado de la salud debe ser prioridad para sector turismo: Asetur"},"content":{"rendered":"<p>El 2021 ser\u00e1 un a\u00f1o de grandes retos y oportunidades para el sector tur\u00edstico, que se encuentra listo para el proceso de reactivaci\u00f3n y recuperaci\u00f3n de esta actividad, que es un importante motor de la econom\u00eda nacional, afirm\u00f3 Juan Carlos Rivera Castellanos, secretario de Turismo de Oaxaca y presidente de la Asociaci\u00f3n de Secretarios de Turismo de M\u00e9xico (ASETUR).<\/p>\n<p>\u201cHoy m\u00e1s que nunca, debemos mantenernos unidos y trabajar en equipo para superar la adversidad, el 2021 ser\u00e1 un a\u00f1o de grandes retos, pero tambi\u00e9n de enormes oportunidades para situar nuevamente al turismo como una de las actividades primordiales para el desarrollo econ\u00f3mico de nuestro pa\u00eds\u201d, indic\u00f3.<\/p>\n<p>Inform\u00f3 que la ASETUR puso en marcha una campa\u00f1a para sensibilizar a los visitantes y a los prestadores de servicios tur\u00edsticos, sobre la corresponsabilidad en los temas de bioseguridad y cuidado de la salud durante los viajes.<\/p>\n<p>Destac\u00f3 que la presente temporada vacacional de invierno arroja los primeros signos de recuperaci\u00f3n del sector, con niveles de ocupaci\u00f3n positivos en distintos destinos tur\u00edsticos del pa\u00eds.<\/p>\n<p>Rivera Castellanos dijo que en 2020 el turismo enfrent\u00f3 su mayor reto, por los efectos negativos de la pandemia en el sector. Sin embargo, destac\u00f3 que la Asociaci\u00f3n de Secretarios de Turismo de M\u00e9xico trabaja en tres ejes estrat\u00e9gicos para impulsar la reactivaci\u00f3n del sector, la bioseguridad y la promoci\u00f3n tur\u00edstica. \u201cEn la nueva realidad que ha impuesto el Covid-19, la prioridad para la industria de los viajes y el turismo es el cuidado de la salud\u201d, resalt\u00f3.<\/p>\n<p>Sostuvo que la ASETUR ha enfrentado con responsabilidad la crisis sanitaria, a trav\u00e9s de la Alianza Nacional Emergente por el Turismo, que puso en marcha una serie de acciones encaminadas a la recuperaci\u00f3n de la industria.<\/p>\n<p>Finalmente, el secretario de Turismo de Oaxaca y Presidente de la ASETUR, destac\u00f3 el trabajo coordinado los integrantes de la Asociaci\u00f3n, con la Secretar\u00eda de Turismo federal, con las Comisiones de Turismo en el Congreso de la Uni\u00f3n, con el Consejo de Diplomacia Tur\u00edstica, con el Fondo Nacional de Fomento al Turismo (FONATUR) y con las c\u00e1maras empresariales, para impulsar el desarrollo del turismo y aprovechar las oportunidades que esta actividad brinda a nuestro pa\u00eds. (<a title=\"Asetur enfatiza los ejes estrat\u00e9gicos para la reactivaci\u00f3n del turismo\" href=\"https:\/\/www.dev.nitu.mx\/index.php\/2020\/12\/22\/asetur-enfatiza-los-ejes-estrategicos-para-la-reactivacion-del-turismo\/\" rel=\"bookmark\">Asetur enfatiza los ejes estrat\u00e9gicos para la reactivaci\u00f3n del turismo<\/a>).<\/p>\n","protected":false},"excerpt":{"rendered":"<p>El 2021 ser\u00e1 un a\u00f1o de grandes retos y oportunidades para el sector tur\u00edstico, que se encuentra listo para el proceso de reactivaci\u00f3n y recuperaci\u00f3n de esta actividad, que es un importante motor de la econom\u00eda nacional, afirm\u00f3 Juan Carlos Rivera Castellanos, secretario de Turismo de Oaxaca y presidente de la Asociaci\u00f3n de Secretarios de [&hellip;]<\/p>\n","protected":false},"author":17,"featured_media":48531,"comment_status":"open","ping_status":"open","sticky":false,"template":"","format":"standard","meta":{"footnotes":""},"categories":[5],"tags":[1118,889,3329],"yoast_head":"<!-- This site is optimized with the Yoast SEO plugin v22.2 - https:\/\/yoast.com\/wordpress\/plugins\/seo\/ -->\n<title>Cuidado de la salud debe ser prioridad para sector turismo: Asetur - Nitu - Noticias de la Industria Turistica<\/title>\n<meta name=\"robots\" content=\"index, follow, max-snippet:-1, max-image-preview:large, max-video-preview:-1\" \/>\n<link rel=\"canonical\" href=\"https:\/\/nitu.mx\/index.php\/2020\/12\/29\/cuidado-de-la-salud-debe-ser-prioridad-para-sector-turismo-asetur\/\" \/>\n<meta name=\"twitter:card\" content=\"summary_large_image\" \/>\n<meta name=\"twitter:title\" content=\"Cuidado de la salud debe ser prioridad para sector turismo: Asetur - Nitu - Noticias de la Industria Turistica\" \/>\n<meta name=\"twitter:description\" content=\"El 2021 ser\u00e1 un a\u00f1o de grandes retos y oportunidades para el sector tur\u00edstico, que se encuentra listo para el proceso de reactivaci\u00f3n y recuperaci\u00f3n de esta actividad, que es un importante motor de la econom\u00eda nacional, afirm\u00f3 Juan Carlos Rivera Castellanos, secretario de Turismo de Oaxaca y presidente de la Asociaci\u00f3n de Secretarios de [&hellip;]\" \/>\n<meta name=\"twitter:image\" content=\"https:\/\/nitu.mx\/wp-content\/uploads\/2020\/11\/Juan-Carlos-Rivera-Asetur.jpg\" \/>\n<meta name=\"twitter:creator\" content=\"@NITUmx\" \/>\n<meta name=\"twitter:site\" content=\"@Arturo_Medina_G\" \/>\n<meta name=\"twitter:label1\" content=\"Escrito por\" \/>\n\t<meta name=\"twitter:data1\" content=\"Redacci\u00f3n\" \/>\n\t<meta name=\"twitter:label2\" content=\"Tiempo de lectura\" \/>\n\t<meta name=\"twitter:data2\" content=\"2 minutos\" \/>\n<script type=\"application\/ld+json\" class=\"yoast-schema-graph\">{\"@context\":\"https:\/\/schema.org\",\"@graph\":[{\"@type\":\"Article\",\"@id\":\"https:\/\/nitu.mx\/index.php\/2020\/12\/29\/cuidado-de-la-salud-debe-ser-prioridad-para-sector-turismo-asetur\/#article\",\"isPartOf\":{\"@id\":\"https:\/\/nitu.mx\/index.php\/2020\/12\/29\/cuidado-de-la-salud-debe-ser-prioridad-para-sector-turismo-asetur\/\"},\"author\":{\"name\":\"Redacci\u00f3n\",\"@id\":\"https:\/\/nitu.mx\/#\/schema\/person\/4a28fe9bd65924f7c90623773daf1b0b\"},\"headline\":\"Cuidado de la salud debe ser prioridad para sector turismo: Asetur\",\"datePublished\":\"2020-12-29T05:57:32+00:00\",\"dateModified\":\"2020-12-29T06:04:44+00:00\",\"mainEntityOfPage\":{\"@id\":\"https:\/\/nitu.mx\/index.php\/2020\/12\/29\/cuidado-de-la-salud-debe-ser-prioridad-para-sector-turismo-asetur\/\"},\"wordCount\":411,\"commentCount\":0,\"publisher\":{\"@id\":\"https:\/\/nitu.mx\/#\/schema\/person\/ae7a53426417292d3dd07b45a33e01bc\"},\"image\":{\"@id\":\"https:\/\/nitu.mx\/index.php\/2020\/12\/29\/cuidado-de-la-salud-debe-ser-prioridad-para-sector-turismo-asetur\/#primaryimage\"},\"thumbnailUrl\":\"https:\/\/nitu.mx\/wp-content\/uploads\/2020\/11\/Juan-Carlos-Rivera-Asetur.jpg\",\"keywords\":[\"Asetur\",\"Fonatur\",\"Juan Carlos Rivera Castellanos\"],\"articleSection\":[\"Destinos\"],\"inLanguage\":\"es-MX\",\"potentialAction\":[{\"@type\":\"CommentAction\",\"name\":\"Comment\",\"target\":[\"https:\/\/nitu.mx\/index.php\/2020\/12\/29\/cuidado-de-la-salud-debe-ser-prioridad-para-sector-turismo-asetur\/#respond\"]}]},{\"@type\":\"WebPage\",\"@id\":\"https:\/\/nitu.mx\/index.php\/2020\/12\/29\/cuidado-de-la-salud-debe-ser-prioridad-para-sector-turismo-asetur\/\",\"url\":\"https:\/\/nitu.mx\/index.php\/2020\/12\/29\/cuidado-de-la-salud-debe-ser-prioridad-para-sector-turismo-asetur\/\",\"name\":\"Cuidado de la salud debe ser prioridad para sector turismo: Asetur - Nitu - Noticias de la Industria Turistica\",\"isPartOf\":{\"@id\":\"https:\/\/nitu.mx\/#website\"},\"primaryImageOfPage\":{\"@id\":\"https:\/\/nitu.mx\/index.php\/2020\/12\/29\/cuidado-de-la-salud-debe-ser-prioridad-para-sector-turismo-asetur\/#primaryimage\"},\"image\":{\"@id\":\"https:\/\/nitu.mx\/index.php\/2020\/12\/29\/cuidado-de-la-salud-debe-ser-prioridad-para-sector-turismo-asetur\/#primaryimage\"},\"thumbnailUrl\":\"https:\/\/nitu.mx\/wp-content\/uploads\/2020\/11\/Juan-Carlos-Rivera-Asetur.jpg\",\"datePublished\":\"2020-12-29T05:57:32+00:00\",\"dateModified\":\"2020-12-29T06:04:44+00:00\",\"breadcrumb\":{\"@id\":\"https:\/\/nitu.mx\/index.php\/2020\/12\/29\/cuidado-de-la-salud-debe-ser-prioridad-para-sector-turismo-asetur\/#breadcrumb\"},\"inLanguage\":\"es-MX\",\"potentialAction\":[{\"@type\":\"ReadAction\",\"target\":[\"https:\/\/nitu.mx\/index.php\/2020\/12\/29\/cuidado-de-la-salud-debe-ser-prioridad-para-sector-turismo-asetur\/\"]}]},{\"@type\":\"ImageObject\",\"inLanguage\":\"es-MX\",\"@id\":\"https:\/\/nitu.mx\/index.php\/2020\/12\/29\/cuidado-de-la-salud-debe-ser-prioridad-para-sector-turismo-asetur\/#primaryimage\",\"url\":\"https:\/\/nitu.mx\/wp-content\/uploads\/2020\/11\/Juan-Carlos-Rivera-Asetur.jpg\",\"contentUrl\":\"https:\/\/nitu.mx\/wp-content\/uploads\/2020\/11\/Juan-Carlos-Rivera-Asetur.jpg\",\"width\":1200,\"height\":675},{\"@type\":\"BreadcrumbList\",\"@id\":\"https:\/\/nitu.mx\/index.php\/2020\/12\/29\/cuidado-de-la-salud-debe-ser-prioridad-para-sector-turismo-asetur\/#breadcrumb\",\"itemListElement\":[{\"@type\":\"ListItem\",\"position\":1,\"name\":\"Inicio\",\"item\":\"https:\/\/nitu.mx\/\"},{\"@type\":\"ListItem\",\"position\":2,\"name\":\"Cuidado de la salud debe ser prioridad para sector turismo: Asetur\"}]},{\"@type\":\"WebSite\",\"@id\":\"https:\/\/nitu.mx\/#website\",\"url\":\"https:\/\/nitu.mx\/\",\"name\":\"Nitu - Noticias de la Industria Turistica\",\"description\":\"Noticias de la Industria Turistica\",\"publisher\":{\"@id\":\"https:\/\/nitu.mx\/#\/schema\/person\/ae7a53426417292d3dd07b45a33e01bc\"},\"alternateName\":\"Noticias de la Industria Turistica\",\"potentialAction\":[{\"@type\":\"SearchAction\",\"target\":{\"@type\":\"EntryPoint\",\"urlTemplate\":\"https:\/\/nitu.mx\/?s={search_term_string}\"},\"query-input\":\"required name=search_term_string\"}],\"inLanguage\":\"es-MX\"},{\"@type\":[\"Person\",\"Organization\"],\"@id\":\"https:\/\/nitu.mx\/#\/schema\/person\/ae7a53426417292d3dd07b45a33e01bc\",\"name\":\"Arturo Medina\",\"image\":{\"@type\":\"ImageObject\",\"inLanguage\":\"es-MX\",\"@id\":\"https:\/\/nitu.mx\/#\/schema\/person\/image\/\",\"url\":\"https:\/\/nitu.mx\/wp-content\/uploads\/2024\/04\/4A315622-1904-4D5C-B022-878CDC840E04-90x90-1.jpeg\",\"contentUrl\":\"https:\/\/nitu.mx\/wp-content\/uploads\/2024\/04\/4A315622-1904-4D5C-B022-878CDC840E04-90x90-1.jpeg\",\"width\":90,\"height\":90,\"caption\":\"Arturo Medina\"},\"logo\":{\"@id\":\"https:\/\/nitu.mx\/#\/schema\/person\/image\/\"},\"description\":\"Director NITU.mx, Egresado de la Escuela de Periodismo Carlos Septi\u00e9n Garc\u00eda. Periodista y analista especializado en turismo desde hace 35 a\u00f1os, radicado en Canc\u00fan Q.Roo. arturo@nitu.mx\",\"sameAs\":[\"https:\/\/nitu.mx\",\"https:\/\/www.facebook.com\/NITUmx\/\",\"medinacancun\",\"https:\/\/twitter.com\/@Arturo_Medina_G\"]},{\"@type\":\"Person\",\"@id\":\"https:\/\/nitu.mx\/#\/schema\/person\/4a28fe9bd65924f7c90623773daf1b0b\",\"name\":\"Redacci\u00f3n\",\"image\":{\"@type\":\"ImageObject\",\"inLanguage\":\"es-MX\",\"@id\":\"https:\/\/nitu.mx\/#\/schema\/person\/image\/\",\"url\":\"https:\/\/secure.gravatar.com\/avatar\/5dd011c8ccfc5cd7e4c81e42252aab38?s=96&d=mm&r=g\",\"contentUrl\":\"https:\/\/secure.gravatar.com\/avatar\/5dd011c8ccfc5cd7e4c81e42252aab38?s=96&d=mm&r=g\",\"caption\":\"Redacci\u00f3n\"},\"url\":\"https:\/\/nitu.mx\/index.php\/author\/redaccion\/\"}]}<\/script>\n<!-- \/ Yoast SEO plugin. -->","yoast_head_json":{"title":"Cuidado de la salud debe ser prioridad para sector turismo: Asetur - Nitu - Noticias de la Industria Turistica","robots":{"index":"index","follow":"follow","max-snippet":"max-snippet:-1","max-image-preview":"max-image-preview:large","max-video-preview":"max-video-preview:-1"},"canonical":"https:\/\/nitu.mx\/index.php\/2020\/12\/29\/cuidado-de-la-salud-debe-ser-prioridad-para-sector-turismo-asetur\/","twitter_card":"summary_large_image","twitter_title":"Cuidado de la salud debe ser prioridad para sector turismo: Asetur - Nitu - Noticias de la Industria Turistica","twitter_description":"El 2021 ser\u00e1 un a\u00f1o de grandes retos y oportunidades para el sector tur\u00edstico, que se encuentra listo para el proceso de reactivaci\u00f3n y recuperaci\u00f3n de esta actividad, que es un importante motor de la econom\u00eda nacional, afirm\u00f3 Juan Carlos Rivera Castellanos, secretario de Turismo de Oaxaca y presidente de la Asociaci\u00f3n de Secretarios de [&hellip;]","twitter_image":"https:\/\/nitu.mx\/wp-content\/uploads\/2020\/11\/Juan-Carlos-Rivera-Asetur.jpg","twitter_creator":"@NITUmx","twitter_site":"@Arturo_Medina_G","twitter_misc":{"Escrito por":"Redacci\u00f3n","Tiempo de lectura":"2 minutos"},"schema":{"@context":"https:\/\/schema.org","@graph":[{"@type":"Article","@id":"https:\/\/nitu.mx\/index.php\/2020\/12\/29\/cuidado-de-la-salud-debe-ser-prioridad-para-sector-turismo-asetur\/#article","isPartOf":{"@id":"https:\/\/nitu.mx\/index.php\/2020\/12\/29\/cuidado-de-la-salud-debe-ser-prioridad-para-sector-turismo-asetur\/"},"author":{"name":"Redacci\u00f3n","@id":"https:\/\/nitu.mx\/#\/schema\/person\/4a28fe9bd65924f7c90623773daf1b0b"},"headline":"Cuidado de la salud debe ser prioridad para sector turismo: Asetur","datePublished":"2020-12-29T05:57:32+00:00","dateModified":"2020-12-29T06:04:44+00:00","mainEntityOfPage":{"@id":"https:\/\/nitu.mx\/index.php\/2020\/12\/29\/cuidado-de-la-salud-debe-ser-prioridad-para-sector-turismo-asetur\/"},"wordCount":411,"commentCount":0,"publisher":{"@id":"https:\/\/nitu.mx\/#\/schema\/person\/ae7a53426417292d3dd07b45a33e01bc"},"image":{"@id":"https:\/\/nitu.mx\/index.php\/2020\/12\/29\/cuidado-de-la-salud-debe-ser-prioridad-para-sector-turismo-asetur\/#primaryimage"},"thumbnailUrl":"https:\/\/nitu.mx\/wp-content\/uploads\/2020\/11\/Juan-Carlos-Rivera-Asetur.jpg","keywords":["Asetur","Fonatur","Juan Carlos Rivera Castellanos"],"articleSection":["Destinos"],"inLanguage":"es-MX","potentialAction":[{"@type":"CommentAction","name":"Comment","target":["https:\/\/nitu.mx\/index.php\/2020\/12\/29\/cuidado-de-la-salud-debe-ser-prioridad-para-sector-turismo-asetur\/#respond"]}]},{"@type":"WebPage","@id":"https:\/\/nitu.mx\/index.php\/2020\/12\/29\/cuidado-de-la-salud-debe-ser-prioridad-para-sector-turismo-asetur\/","url":"https:\/\/nitu.mx\/index.php\/2020\/12\/29\/cuidado-de-la-salud-debe-ser-prioridad-para-sector-turismo-asetur\/","name":"Cuidado de la salud debe ser prioridad para sector turismo: Asetur - Nitu - Noticias de la Industria Turistica","isPartOf":{"@id":"https:\/\/nitu.mx\/#website"},"primaryImageOfPage":{"@id":"https:\/\/nitu.mx\/index.php\/2020\/12\/29\/cuidado-de-la-salud-debe-ser-prioridad-para-sector-turismo-asetur\/#primaryimage"},"image":{"@id":"https:\/\/nitu.mx\/index.php\/2020\/12\/29\/cuidado-de-la-salud-debe-ser-prioridad-para-sector-turismo-asetur\/#primaryimage"},"thumbnailUrl":"https:\/\/nitu.mx\/wp-content\/uploads\/2020\/11\/Juan-Carlos-Rivera-Asetur.jpg","datePublished":"2020-12-29T05:57:32+00:00","dateModified":"2020-12-29T06:04:44+00:00","breadcrumb":{"@id":"https:\/\/nitu.mx\/index.php\/2020\/12\/29\/cuidado-de-la-salud-debe-ser-prioridad-para-sector-turismo-asetur\/#breadcrumb"},"inLanguage":"es-MX","potentialAction":[{"@type":"ReadAction","target":["https:\/\/nitu.mx\/index.php\/2020\/12\/29\/cuidado-de-la-salud-debe-ser-prioridad-para-sector-turismo-asetur\/"]}]},{"@type":"ImageObject","inLanguage":"es-MX","@id":"https:\/\/nitu.mx\/index.php\/2020\/12\/29\/cuidado-de-la-salud-debe-ser-prioridad-para-sector-turismo-asetur\/#primaryimage","url":"https:\/\/nitu.mx\/wp-content\/uploads\/2020\/11\/Juan-Carlos-Rivera-Asetur.jpg","contentUrl":"https:\/\/nitu.mx\/wp-content\/uploads\/2020\/11\/Juan-Carlos-Rivera-Asetur.jpg","width":1200,"height":675},{"@type":"BreadcrumbList","@id":"https:\/\/nitu.mx\/index.php\/2020\/12\/29\/cuidado-de-la-salud-debe-ser-prioridad-para-sector-turismo-asetur\/#breadcrumb","itemListElement":[{"@type":"ListItem","position":1,"name":"Inicio","item":"https:\/\/nitu.mx\/"},{"@type":"ListItem","position":2,"name":"Cuidado de la salud debe ser prioridad para sector turismo: Asetur"}]},{"@type":"WebSite","@id":"https:\/\/nitu.mx\/#website","url":"https:\/\/nitu.mx\/","name":"Nitu - Noticias de la Industria Turistica","description":"Noticias de la Industria Turistica","publisher":{"@id":"https:\/\/nitu.mx\/#\/schema\/person\/ae7a53426417292d3dd07b45a33e01bc"},"alternateName":"Noticias de la Industria Turistica","potentialAction":[{"@type":"SearchAction","target":{"@type":"EntryPoint","urlTemplate":"https:\/\/nitu.mx\/?s={search_term_string}"},"query-input":"required name=search_term_string"}],"inLanguage":"es-MX"},{"@type":["Person","Organization"],"@id":"https:\/\/nitu.mx\/#\/schema\/person\/ae7a53426417292d3dd07b45a33e01bc","name":"Arturo Medina","image":{"@type":"ImageObject","inLanguage":"es-MX","@id":"https:\/\/nitu.mx\/#\/schema\/person\/image\/","url":"https:\/\/nitu.mx\/wp-content\/uploads\/2024\/04\/4A315622-1904-4D5C-B022-878CDC840E04-90x90-1.jpeg","contentUrl":"https:\/\/nitu.mx\/wp-content\/uploads\/2024\/04\/4A315622-1904-4D5C-B022-878CDC840E04-90x90-1.jpeg","width":90,"height":90,"caption":"Arturo Medina"},"logo":{"@id":"https:\/\/nitu.mx\/#\/schema\/person\/image\/"},"description":"Director NITU.mx, Egresado de la Escuela de Periodismo Carlos Septi\u00e9n Garc\u00eda. Periodista y analista especializado en turismo desde hace 35 a\u00f1os, radicado en Canc\u00fan Q.Roo. arturo@nitu.mx","sameAs":["https:\/\/nitu.mx","https:\/\/www.facebook.com\/NITUmx\/","medinacancun","https:\/\/twitter.com\/@Arturo_Medina_G"]},{"@type":"Person","@id":"https:\/\/nitu.mx\/#\/schema\/person\/4a28fe9bd65924f7c90623773daf1b0b","name":"Redacci\u00f3n","image":{"@type":"ImageObject","inLanguage":"es-MX","@id":"https:\/\/nitu.mx\/#\/schema\/person\/image\/","url":"https:\/\/secure.gravatar.com\/avatar\/5dd011c8ccfc5cd7e4c81e42252aab38?s=96&d=mm&r=g","contentUrl":"https:\/\/secure.gravatar.com\/avatar\/5dd011c8ccfc5cd7e4c81e42252aab38?s=96&d=mm&r=g","caption":"Redacci\u00f3n"},"url":"https:\/\/nitu.mx\/index.php\/author\/redaccion\/"}]}},"views":258,"_links":{"self":[{"href":"https:\/\/nitu.mx\/index.php\/wp-json\/wp\/v2\/posts\/49243"}],"collection":[{"href":"https:\/\/nitu.mx\/index.php\/wp-json\/wp\/v2\/posts"}],"about":[{"href":"https:\/\/nitu.mx\/index.php\/wp-json\/wp\/v2\/types\/post"}],"author":[{"embeddable":true,"href":"https:\/\/nitu.mx\/index.php\/wp-json\/wp\/v2\/users\/17"}],"replies":[{"embeddable":true,"href":"https:\/\/nitu.mx\/index.php\/wp-json\/wp\/v2\/comments?post=49243"}],"version-history":[{"count":2,"href":"https:\/\/nitu.mx\/index.php\/wp-json\/wp\/v2\/posts\/49243\/revisions"}],"predecessor-version":[{"id":49245,"href":"https:\/\/nitu.mx\/index.php\/wp-json\/wp\/v2\/posts\/49243\/revisions\/49245"}],"wp:featuredmedia":[{"embeddable":true,"href":"https:\/\/nitu.mx\/index.php\/wp-json\/wp\/v2\/media\/48531"}],"wp:attachment":[{"href":"https:\/\/nitu.mx\/index.php\/wp-json\/wp\/v2\/media?parent=49243"}],"wp:term":[{"taxonomy":"category","embeddable":true,"href":"https:\/\/nitu.mx\/index.php\/wp-json\/wp\/v2\/categories?post=49243"},{"taxonomy":"post_tag","embeddable":true,"href":"https:\/\/nitu.mx\/index.php\/wp-json\/wp\/v2\/tags?post=49243"}],"curies":[{"name":"wp","href":"https:\/\/api.w.org\/{rel}","templated":true}]}}