{"id":49240,"date":"2020-12-29T00:54:21","date_gmt":"2020-12-29T05:54:21","guid":{"rendered":"https:\/\/www.dev.nitu.mx\/?p=49240"},"modified":"2020-12-29T01:04:51","modified_gmt":"2020-12-29T06:04:51","slug":"air-canada-celebra-su-vuelo-de-carga-numero-4-mil","status":"publish","type":"post","link":"https:\/\/nitu.mx\/index.php\/2020\/12\/29\/air-canada-celebra-su-vuelo-de-carga-numero-4-mil\/","title":{"rendered":"Air Canada celebra su vuelo de carga n\u00famero 4 mil"},"content":{"rendered":"<p style=\"font-weight: 400;\">Air Canada Cargo contin\u00faa desempa\u00f1ando un papel clave en el transporte de env\u00edo de cargas al operar 4,000 vuelos de este tipo desde que se lanz\u00f3 al negocio carguero en marzo de 2020. Esta cifra refleja la capacidad de la aerol\u00ednea para desempe\u00f1arse con importancia en el transporte de los env\u00edos de vacunas de COVID-19 para los canadienses y para captar futuras oportunidades de crecimiento en el mercado mundial de la carga a\u00e9rea.<\/p>\n<p style=\"font-weight: 400;\">Esta capacidad de girar r\u00e1pidamente ejemplifica el compromiso de Air Canada de innovar y aprovechar las oportunidades.<\/p>\n<p style=\"font-weight: 400;\">&#8220;Air Canada Cargo se ha revelado como una empresa con un desempe\u00f1o excepcional durante la crisis de COVID-19 y desempe\u00f1\u00f3 un papel fundamental en el transporte de equipo m\u00e9dico, incluidos los EPP, a Canad\u00e1 desde el principio. Es impresionante que el equipo de Cargo haya redise\u00f1ado su modelo de negocios y su red para los vuelos de carga solamente en marzo y que ahora haya operado con \u00e9xito 4,000 de esos vuelos a bordo de aviones de fuselaje ancho de l\u00ednea principal, as\u00ed como de siete aviones de fuselaje ancho transformados que permiten el transporte de carga en la cabina. Estas iniciativas han ayudado a solidificar nuestra capacidad para satisfacer la creciente demanda de capacidad de carga a\u00e9rea a nivel mundial y han contribuido al crecimiento de la exitosa divisi\u00f3n de carga de Air Canada a un ritmo sin precedentes&#8221;, dijo Lucie Guillemette, vicepresidenta Ejecutiva y Directora Comercial.<\/p>\n<p style=\"font-weight: 400;\">El vuelo n\u00famero 4,000 de Toronto a Lima transport\u00f3 una variedad de carga de todo el mundo, incluyendo productos farmac\u00e9uticos, equipos de purificaci\u00f3n de agua y piezas de veh\u00edculos. Desde el comienzo de la pandemia, Air Canada Cargo ha transportado una amplia gama de mercanc\u00edas en sus vuelos exclusivamente de carga, incluidos equipos de protecci\u00f3n personal para trabajadores sanitarios de primera l\u00ednea.<\/p>\n<p style=\"font-weight: 400;\">En previsi\u00f3n de la necesidad de capacidad de carga a\u00e9rea para enviar y distribuir las vacunas COVID-19 en Canad\u00e1 y en todo el mundo, Air Canada Cargo ha estado trabajando con sus clientes de expedici\u00f3n de carga especializados en la manipulaci\u00f3n de env\u00edos de productos farmac\u00e9uticos. La funci\u00f3n de Air Canada Cargo ser\u00e1 proporcionar capacidad para los env\u00edos de vacunas mediante acuerdos con transportistas internacionales, gobiernos u organismos internacionales en vuelos programados o a petici\u00f3n, exclusivamente de carga. Como parte de esos preparativos de la cadena de suministro, Air Canada Cargo se ha sometido a un amplio ejercicio de preparaci\u00f3n operacional para garantizar que la capacitaci\u00f3n, los procedimientos y las instalaciones est\u00e9n actualizados y reflejen los requisitos y normas actuales para el transporte de productos farmac\u00e9uticos, incluido el logro de la certificaci\u00f3n CEIV Pharma de la IATA en julio de 2020.<\/p>\n<p style=\"font-weight: 400;\">Recientemente, Air Canada concluy\u00f3 con \u00e9xito una enmienda del convenio colectivo con sus pilotos, representados por la Asociaci\u00f3n de Pilotos de Air Canada, para permitir que Air Canada opere competitivamente aviones de carga especializados. La aerol\u00ednea est\u00e1 ultimando planes para convertir varios de sus aviones Boeing 767-300ER de su propiedad en aviones de carga para participar plenamente en las oportunidades comerciales de carga a nivel mundial. (<a title=\"Air Canada retoma la ruta Toronto-Canc\u00fan y agrega beneficios\" href=\"https:\/\/www.dev.nitu.mx\/index.php\/2020\/11\/03\/air-canada-retoma-la-ruta-toronto-cancun-y-agrega-beneficios\/\" rel=\"bookmark\">Air Canada retoma la ruta Toronto-Canc\u00fan y agrega beneficios<\/a>).<\/p>\n","protected":false},"excerpt":{"rendered":"<p>Air Canada Cargo contin\u00faa desempa\u00f1ando un papel clave en el transporte de env\u00edo de cargas al operar 4,000 vuelos de este tipo desde que se lanz\u00f3 al negocio carguero en marzo de 2020. Esta cifra refleja la capacidad de la aerol\u00ednea para desempe\u00f1arse con importancia en el transporte de los env\u00edos de vacunas de COVID-19 [&hellip;]<\/p>\n","protected":false},"author":17,"featured_media":49241,"comment_status":"open","ping_status":"open","sticky":false,"template":"","format":"standard","meta":{"footnotes":""},"categories":[29],"tags":[1700,21412,1734,21411],"yoast_head":"<!-- This site is optimized with the Yoast SEO plugin v22.2 - https:\/\/yoast.com\/wordpress\/plugins\/seo\/ -->\n<title>Air Canada celebra su vuelo de carga n\u00famero 4 mil - Nitu - Noticias de la Industria Turistica<\/title>\n<meta name=\"robots\" content=\"index, follow, max-snippet:-1, max-image-preview:large, max-video-preview:-1\" \/>\n<link rel=\"canonical\" href=\"https:\/\/nitu.mx\/index.php\/2020\/12\/29\/air-canada-celebra-su-vuelo-de-carga-numero-4-mil\/\" \/>\n<meta name=\"twitter:card\" content=\"summary_large_image\" \/>\n<meta name=\"twitter:title\" content=\"Air Canada celebra su vuelo de carga n\u00famero 4 mil - Nitu - Noticias de la Industria Turistica\" \/>\n<meta name=\"twitter:description\" content=\"Air Canada Cargo contin\u00faa desempa\u00f1ando un papel clave en el transporte de env\u00edo de cargas al operar 4,000 vuelos de este tipo desde que se lanz\u00f3 al negocio carguero en marzo de 2020. Esta cifra refleja la capacidad de la aerol\u00ednea para desempe\u00f1arse con importancia en el transporte de los env\u00edos de vacunas de COVID-19 [&hellip;]\" \/>\n<meta name=\"twitter:image\" content=\"https:\/\/nitu.mx\/wp-content\/uploads\/2020\/12\/Air-Canada-cargo.jpg\" \/>\n<meta name=\"twitter:creator\" content=\"@NITUmx\" \/>\n<meta name=\"twitter:site\" content=\"@Arturo_Medina_G\" \/>\n<meta name=\"twitter:label1\" content=\"Escrito por\" \/>\n\t<meta name=\"twitter:data1\" content=\"Redacci\u00f3n\" \/>\n\t<meta name=\"twitter:label2\" content=\"Tiempo de lectura\" \/>\n\t<meta name=\"twitter:data2\" content=\"3 minutos\" \/>\n<script type=\"application\/ld+json\" class=\"yoast-schema-graph\">{\"@context\":\"https:\/\/schema.org\",\"@graph\":[{\"@type\":\"Article\",\"@id\":\"https:\/\/nitu.mx\/index.php\/2020\/12\/29\/air-canada-celebra-su-vuelo-de-carga-numero-4-mil\/#article\",\"isPartOf\":{\"@id\":\"https:\/\/nitu.mx\/index.php\/2020\/12\/29\/air-canada-celebra-su-vuelo-de-carga-numero-4-mil\/\"},\"author\":{\"name\":\"Redacci\u00f3n\",\"@id\":\"https:\/\/nitu.mx\/#\/schema\/person\/4a28fe9bd65924f7c90623773daf1b0b\"},\"headline\":\"Air Canada celebra su vuelo de carga n\u00famero 4 mil\",\"datePublished\":\"2020-12-29T05:54:21+00:00\",\"dateModified\":\"2020-12-29T06:04:51+00:00\",\"mainEntityOfPage\":{\"@id\":\"https:\/\/nitu.mx\/index.php\/2020\/12\/29\/air-canada-celebra-su-vuelo-de-carga-numero-4-mil\/\"},\"wordCount\":560,\"commentCount\":0,\"publisher\":{\"@id\":\"https:\/\/nitu.mx\/#\/schema\/person\/ae7a53426417292d3dd07b45a33e01bc\"},\"image\":{\"@id\":\"https:\/\/nitu.mx\/index.php\/2020\/12\/29\/air-canada-celebra-su-vuelo-de-carga-numero-4-mil\/#primaryimage\"},\"thumbnailUrl\":\"https:\/\/nitu.mx\/wp-content\/uploads\/2020\/12\/Air-Canada-cargo.jpg\",\"keywords\":[\"Air Canada\",\"Air Canada Cargo\",\"IATA\",\"Lucie Guillemette\"],\"articleSection\":[\"Aerol\u00edneas\"],\"inLanguage\":\"es-MX\",\"potentialAction\":[{\"@type\":\"CommentAction\",\"name\":\"Comment\",\"target\":[\"https:\/\/nitu.mx\/index.php\/2020\/12\/29\/air-canada-celebra-su-vuelo-de-carga-numero-4-mil\/#respond\"]}]},{\"@type\":\"WebPage\",\"@id\":\"https:\/\/nitu.mx\/index.php\/2020\/12\/29\/air-canada-celebra-su-vuelo-de-carga-numero-4-mil\/\",\"url\":\"https:\/\/nitu.mx\/index.php\/2020\/12\/29\/air-canada-celebra-su-vuelo-de-carga-numero-4-mil\/\",\"name\":\"Air Canada celebra su vuelo de carga n\u00famero 4 mil - Nitu - Noticias de la Industria Turistica\",\"isPartOf\":{\"@id\":\"https:\/\/nitu.mx\/#website\"},\"primaryImageOfPage\":{\"@id\":\"https:\/\/nitu.mx\/index.php\/2020\/12\/29\/air-canada-celebra-su-vuelo-de-carga-numero-4-mil\/#primaryimage\"},\"image\":{\"@id\":\"https:\/\/nitu.mx\/index.php\/2020\/12\/29\/air-canada-celebra-su-vuelo-de-carga-numero-4-mil\/#primaryimage\"},\"thumbnailUrl\":\"https:\/\/nitu.mx\/wp-content\/uploads\/2020\/12\/Air-Canada-cargo.jpg\",\"datePublished\":\"2020-12-29T05:54:21+00:00\",\"dateModified\":\"2020-12-29T06:04:51+00:00\",\"breadcrumb\":{\"@id\":\"https:\/\/nitu.mx\/index.php\/2020\/12\/29\/air-canada-celebra-su-vuelo-de-carga-numero-4-mil\/#breadcrumb\"},\"inLanguage\":\"es-MX\",\"potentialAction\":[{\"@type\":\"ReadAction\",\"target\":[\"https:\/\/nitu.mx\/index.php\/2020\/12\/29\/air-canada-celebra-su-vuelo-de-carga-numero-4-mil\/\"]}]},{\"@type\":\"ImageObject\",\"inLanguage\":\"es-MX\",\"@id\":\"https:\/\/nitu.mx\/index.php\/2020\/12\/29\/air-canada-celebra-su-vuelo-de-carga-numero-4-mil\/#primaryimage\",\"url\":\"https:\/\/nitu.mx\/wp-content\/uploads\/2020\/12\/Air-Canada-cargo.jpg\",\"contentUrl\":\"https:\/\/nitu.mx\/wp-content\/uploads\/2020\/12\/Air-Canada-cargo.jpg\",\"width\":1200,\"height\":675,\"caption\":\"Air Canada\"},{\"@type\":\"BreadcrumbList\",\"@id\":\"https:\/\/nitu.mx\/index.php\/2020\/12\/29\/air-canada-celebra-su-vuelo-de-carga-numero-4-mil\/#breadcrumb\",\"itemListElement\":[{\"@type\":\"ListItem\",\"position\":1,\"name\":\"Inicio\",\"item\":\"https:\/\/nitu.mx\/\"},{\"@type\":\"ListItem\",\"position\":2,\"name\":\"Air Canada celebra su vuelo de carga n\u00famero 4 mil\"}]},{\"@type\":\"WebSite\",\"@id\":\"https:\/\/nitu.mx\/#website\",\"url\":\"https:\/\/nitu.mx\/\",\"name\":\"Nitu - Noticias de la Industria Turistica\",\"description\":\"Noticias de la Industria Turistica\",\"publisher\":{\"@id\":\"https:\/\/nitu.mx\/#\/schema\/person\/ae7a53426417292d3dd07b45a33e01bc\"},\"alternateName\":\"Noticias de la Industria Turistica\",\"potentialAction\":[{\"@type\":\"SearchAction\",\"target\":{\"@type\":\"EntryPoint\",\"urlTemplate\":\"https:\/\/nitu.mx\/?s={search_term_string}\"},\"query-input\":\"required name=search_term_string\"}],\"inLanguage\":\"es-MX\"},{\"@type\":[\"Person\",\"Organization\"],\"@id\":\"https:\/\/nitu.mx\/#\/schema\/person\/ae7a53426417292d3dd07b45a33e01bc\",\"name\":\"Arturo Medina\",\"image\":{\"@type\":\"ImageObject\",\"inLanguage\":\"es-MX\",\"@id\":\"https:\/\/nitu.mx\/#\/schema\/person\/image\/\",\"url\":\"https:\/\/nitu.mx\/wp-content\/uploads\/2024\/04\/4A315622-1904-4D5C-B022-878CDC840E04-90x90-1.jpeg\",\"contentUrl\":\"https:\/\/nitu.mx\/wp-content\/uploads\/2024\/04\/4A315622-1904-4D5C-B022-878CDC840E04-90x90-1.jpeg\",\"width\":90,\"height\":90,\"caption\":\"Arturo Medina\"},\"logo\":{\"@id\":\"https:\/\/nitu.mx\/#\/schema\/person\/image\/\"},\"description\":\"Director NITU.mx, Egresado de la Escuela de Periodismo Carlos Septi\u00e9n Garc\u00eda. Periodista y analista especializado en turismo desde hace 35 a\u00f1os, radicado en Canc\u00fan Q.Roo. arturo@nitu.mx\",\"sameAs\":[\"https:\/\/nitu.mx\",\"https:\/\/www.facebook.com\/NITUmx\/\",\"medinacancun\",\"https:\/\/twitter.com\/@Arturo_Medina_G\"]},{\"@type\":\"Person\",\"@id\":\"https:\/\/nitu.mx\/#\/schema\/person\/4a28fe9bd65924f7c90623773daf1b0b\",\"name\":\"Redacci\u00f3n\",\"image\":{\"@type\":\"ImageObject\",\"inLanguage\":\"es-MX\",\"@id\":\"https:\/\/nitu.mx\/#\/schema\/person\/image\/\",\"url\":\"https:\/\/secure.gravatar.com\/avatar\/5dd011c8ccfc5cd7e4c81e42252aab38?s=96&d=mm&r=g\",\"contentUrl\":\"https:\/\/secure.gravatar.com\/avatar\/5dd011c8ccfc5cd7e4c81e42252aab38?s=96&d=mm&r=g\",\"caption\":\"Redacci\u00f3n\"},\"url\":\"https:\/\/nitu.mx\/index.php\/author\/redaccion\/\"}]}<\/script>\n<!-- \/ Yoast SEO plugin. -->","yoast_head_json":{"title":"Air Canada celebra su vuelo de carga n\u00famero 4 mil - Nitu - Noticias de la Industria Turistica","robots":{"index":"index","follow":"follow","max-snippet":"max-snippet:-1","max-image-preview":"max-image-preview:large","max-video-preview":"max-video-preview:-1"},"canonical":"https:\/\/nitu.mx\/index.php\/2020\/12\/29\/air-canada-celebra-su-vuelo-de-carga-numero-4-mil\/","twitter_card":"summary_large_image","twitter_title":"Air Canada celebra su vuelo de carga n\u00famero 4 mil - Nitu - Noticias de la Industria Turistica","twitter_description":"Air Canada Cargo contin\u00faa desempa\u00f1ando un papel clave en el transporte de env\u00edo de cargas al operar 4,000 vuelos de este tipo desde que se lanz\u00f3 al negocio carguero en marzo de 2020. Esta cifra refleja la capacidad de la aerol\u00ednea para desempe\u00f1arse con importancia en el transporte de los env\u00edos de vacunas de COVID-19 [&hellip;]","twitter_image":"https:\/\/nitu.mx\/wp-content\/uploads\/2020\/12\/Air-Canada-cargo.jpg","twitter_creator":"@NITUmx","twitter_site":"@Arturo_Medina_G","twitter_misc":{"Escrito por":"Redacci\u00f3n","Tiempo de lectura":"3 minutos"},"schema":{"@context":"https:\/\/schema.org","@graph":[{"@type":"Article","@id":"https:\/\/nitu.mx\/index.php\/2020\/12\/29\/air-canada-celebra-su-vuelo-de-carga-numero-4-mil\/#article","isPartOf":{"@id":"https:\/\/nitu.mx\/index.php\/2020\/12\/29\/air-canada-celebra-su-vuelo-de-carga-numero-4-mil\/"},"author":{"name":"Redacci\u00f3n","@id":"https:\/\/nitu.mx\/#\/schema\/person\/4a28fe9bd65924f7c90623773daf1b0b"},"headline":"Air Canada celebra su vuelo de carga n\u00famero 4 mil","datePublished":"2020-12-29T05:54:21+00:00","dateModified":"2020-12-29T06:04:51+00:00","mainEntityOfPage":{"@id":"https:\/\/nitu.mx\/index.php\/2020\/12\/29\/air-canada-celebra-su-vuelo-de-carga-numero-4-mil\/"},"wordCount":560,"commentCount":0,"publisher":{"@id":"https:\/\/nitu.mx\/#\/schema\/person\/ae7a53426417292d3dd07b45a33e01bc"},"image":{"@id":"https:\/\/nitu.mx\/index.php\/2020\/12\/29\/air-canada-celebra-su-vuelo-de-carga-numero-4-mil\/#primaryimage"},"thumbnailUrl":"https:\/\/nitu.mx\/wp-content\/uploads\/2020\/12\/Air-Canada-cargo.jpg","keywords":["Air Canada","Air Canada Cargo","IATA","Lucie Guillemette"],"articleSection":["Aerol\u00edneas"],"inLanguage":"es-MX","potentialAction":[{"@type":"CommentAction","name":"Comment","target":["https:\/\/nitu.mx\/index.php\/2020\/12\/29\/air-canada-celebra-su-vuelo-de-carga-numero-4-mil\/#respond"]}]},{"@type":"WebPage","@id":"https:\/\/nitu.mx\/index.php\/2020\/12\/29\/air-canada-celebra-su-vuelo-de-carga-numero-4-mil\/","url":"https:\/\/nitu.mx\/index.php\/2020\/12\/29\/air-canada-celebra-su-vuelo-de-carga-numero-4-mil\/","name":"Air Canada celebra su vuelo de carga n\u00famero 4 mil - Nitu - Noticias de la Industria Turistica","isPartOf":{"@id":"https:\/\/nitu.mx\/#website"},"primaryImageOfPage":{"@id":"https:\/\/nitu.mx\/index.php\/2020\/12\/29\/air-canada-celebra-su-vuelo-de-carga-numero-4-mil\/#primaryimage"},"image":{"@id":"https:\/\/nitu.mx\/index.php\/2020\/12\/29\/air-canada-celebra-su-vuelo-de-carga-numero-4-mil\/#primaryimage"},"thumbnailUrl":"https:\/\/nitu.mx\/wp-content\/uploads\/2020\/12\/Air-Canada-cargo.jpg","datePublished":"2020-12-29T05:54:21+00:00","dateModified":"2020-12-29T06:04:51+00:00","breadcrumb":{"@id":"https:\/\/nitu.mx\/index.php\/2020\/12\/29\/air-canada-celebra-su-vuelo-de-carga-numero-4-mil\/#breadcrumb"},"inLanguage":"es-MX","potentialAction":[{"@type":"ReadAction","target":["https:\/\/nitu.mx\/index.php\/2020\/12\/29\/air-canada-celebra-su-vuelo-de-carga-numero-4-mil\/"]}]},{"@type":"ImageObject","inLanguage":"es-MX","@id":"https:\/\/nitu.mx\/index.php\/2020\/12\/29\/air-canada-celebra-su-vuelo-de-carga-numero-4-mil\/#primaryimage","url":"https:\/\/nitu.mx\/wp-content\/uploads\/2020\/12\/Air-Canada-cargo.jpg","contentUrl":"https:\/\/nitu.mx\/wp-content\/uploads\/2020\/12\/Air-Canada-cargo.jpg","width":1200,"height":675,"caption":"Air Canada"},{"@type":"BreadcrumbList","@id":"https:\/\/nitu.mx\/index.php\/2020\/12\/29\/air-canada-celebra-su-vuelo-de-carga-numero-4-mil\/#breadcrumb","itemListElement":[{"@type":"ListItem","position":1,"name":"Inicio","item":"https:\/\/nitu.mx\/"},{"@type":"ListItem","position":2,"name":"Air Canada celebra su vuelo de carga n\u00famero 4 mil"}]},{"@type":"WebSite","@id":"https:\/\/nitu.mx\/#website","url":"https:\/\/nitu.mx\/","name":"Nitu - Noticias de la Industria Turistica","description":"Noticias de la Industria Turistica","publisher":{"@id":"https:\/\/nitu.mx\/#\/schema\/person\/ae7a53426417292d3dd07b45a33e01bc"},"alternateName":"Noticias de la Industria Turistica","potentialAction":[{"@type":"SearchAction","target":{"@type":"EntryPoint","urlTemplate":"https:\/\/nitu.mx\/?s={search_term_string}"},"query-input":"required name=search_term_string"}],"inLanguage":"es-MX"},{"@type":["Person","Organization"],"@id":"https:\/\/nitu.mx\/#\/schema\/person\/ae7a53426417292d3dd07b45a33e01bc","name":"Arturo Medina","image":{"@type":"ImageObject","inLanguage":"es-MX","@id":"https:\/\/nitu.mx\/#\/schema\/person\/image\/","url":"https:\/\/nitu.mx\/wp-content\/uploads\/2024\/04\/4A315622-1904-4D5C-B022-878CDC840E04-90x90-1.jpeg","contentUrl":"https:\/\/nitu.mx\/wp-content\/uploads\/2024\/04\/4A315622-1904-4D5C-B022-878CDC840E04-90x90-1.jpeg","width":90,"height":90,"caption":"Arturo Medina"},"logo":{"@id":"https:\/\/nitu.mx\/#\/schema\/person\/image\/"},"description":"Director NITU.mx, Egresado de la Escuela de Periodismo Carlos Septi\u00e9n Garc\u00eda. Periodista y analista especializado en turismo desde hace 35 a\u00f1os, radicado en Canc\u00fan Q.Roo. arturo@nitu.mx","sameAs":["https:\/\/nitu.mx","https:\/\/www.facebook.com\/NITUmx\/","medinacancun","https:\/\/twitter.com\/@Arturo_Medina_G"]},{"@type":"Person","@id":"https:\/\/nitu.mx\/#\/schema\/person\/4a28fe9bd65924f7c90623773daf1b0b","name":"Redacci\u00f3n","image":{"@type":"ImageObject","inLanguage":"es-MX","@id":"https:\/\/nitu.mx\/#\/schema\/person\/image\/","url":"https:\/\/secure.gravatar.com\/avatar\/5dd011c8ccfc5cd7e4c81e42252aab38?s=96&d=mm&r=g","contentUrl":"https:\/\/secure.gravatar.com\/avatar\/5dd011c8ccfc5cd7e4c81e42252aab38?s=96&d=mm&r=g","caption":"Redacci\u00f3n"},"url":"https:\/\/nitu.mx\/index.php\/author\/redaccion\/"}]}},"views":251,"_links":{"self":[{"href":"https:\/\/nitu.mx\/index.php\/wp-json\/wp\/v2\/posts\/49240"}],"collection":[{"href":"https:\/\/nitu.mx\/index.php\/wp-json\/wp\/v2\/posts"}],"about":[{"href":"https:\/\/nitu.mx\/index.php\/wp-json\/wp\/v2\/types\/post"}],"author":[{"embeddable":true,"href":"https:\/\/nitu.mx\/index.php\/wp-json\/wp\/v2\/users\/17"}],"replies":[{"embeddable":true,"href":"https:\/\/nitu.mx\/index.php\/wp-json\/wp\/v2\/comments?post=49240"}],"version-history":[{"count":1,"href":"https:\/\/nitu.mx\/index.php\/wp-json\/wp\/v2\/posts\/49240\/revisions"}],"predecessor-version":[{"id":49242,"href":"https:\/\/nitu.mx\/index.php\/wp-json\/wp\/v2\/posts\/49240\/revisions\/49242"}],"wp:featuredmedia":[{"embeddable":true,"href":"https:\/\/nitu.mx\/index.php\/wp-json\/wp\/v2\/media\/49241"}],"wp:attachment":[{"href":"https:\/\/nitu.mx\/index.php\/wp-json\/wp\/v2\/media?parent=49240"}],"wp:term":[{"taxonomy":"category","embeddable":true,"href":"https:\/\/nitu.mx\/index.php\/wp-json\/wp\/v2\/categories?post=49240"},{"taxonomy":"post_tag","embeddable":true,"href":"https:\/\/nitu.mx\/index.php\/wp-json\/wp\/v2\/tags?post=49240"}],"curies":[{"name":"wp","href":"https:\/\/api.w.org\/{rel}","templated":true}]}}