{"id":49225,"date":"2020-12-28T21:09:42","date_gmt":"2020-12-29T02:09:42","guid":{"rendered":"https:\/\/www.dev.nitu.mx\/?p=49225"},"modified":"2020-12-29T01:05:05","modified_gmt":"2020-12-29T06:05:05","slug":"prohiben-celebrar-llegada-de-ano-nuevo-en-playas-de-acapulco","status":"publish","type":"post","link":"https:\/\/nitu.mx\/index.php\/2020\/12\/28\/prohiben-celebrar-llegada-de-ano-nuevo-en-playas-de-acapulco\/","title":{"rendered":"Proh\u00edben celebrar llegada de A\u00f1o Nuevo en playas de Acapulco"},"content":{"rendered":"<p>Como parte de las acciones para evitar contagios de Covid-19, el gobernador de Guerrero, H\u00e9ctor Astudillo anunci\u00f3 que no estar\u00e1 permitida la celebraci\u00f3n para despedir el a\u00f1o en la playa, como tradicionalmente se hace en Acapulco.<\/p>\n<p>El mandatario estatal inform\u00f3 que desde este martes se reforzar\u00e1n las acciones en la franja de playa, las cuales deber\u00e1n estar cerradas a partir de las 19:00 horas y hasta las 06:00 horas del d\u00eda siguiente.<\/p>\n<p>Aunque en esta ocasi\u00f3n se cancel\u00f3 el tradicional espect\u00e1culo de pirotecnia para la noche del 31 de diciembre, el n\u00famero de visitantes ha crecido en los \u00faltimos d\u00edas, y este fin de semana, el puerto guerrerense report\u00f3 un promedio de ocupaci\u00f3n hotelera promedio de 44.2 por ciento.<\/p>\n<p>La zona Dorada es la que report\u00f3 el mayor nivel con 46.8 por ciento y la Diamante con 46.1 por ciento, mientras que la zona Tradicional apenas lleg\u00f3 a 21.7 por ciento de ocupaci\u00f3n hotelera.<\/p>\n<p>En tanto, la ocupaci\u00f3n condominal lleg\u00f3 a 70 por ciento en la zona Diamante y a 65 por ciento en la Dorada.<\/p>\n<p>El secretario de Turismo de Guerrero, Ernesto Rodr\u00edguez Escalona, destac\u00f3 que ning\u00fan hotel de la entidad ha rebasado la capacidad de 70 por ciento permitido, ni restaurantes hasta 60 por ciento, y algunos bares han sido clausurados por no respetar estas medidas.<\/p>\n<p>En tanto, el gobierno municipal de Acapulco realiza recorridos de concientizaci\u00f3n en las playas del puerto para\u00a0promover el uso obligatorio del cubrebocas, la sana distancia y la aplicaci\u00f3n de gel antibacterial.<\/p>\n<p>El secretario de Turismo municipal, Jos\u00e9 Luis Basilio Talavera, junto a la subsecretaria de Planeaci\u00f3n Tur\u00edstica del municipio, Cinthya Rivera Tood, caminaron por la franja de arena en la playa Tlacopanocha, as\u00ed como el Malec\u00f3n y el Z\u00f3calo de la ciudad, donde dieron la bienvenida a turistas y los exhortaron a acatar las medidas sanitarias para evitar m\u00e1s contagios de Covid-19.<\/p>\n<p>Los turistas son bienvenidos, que disfruten su estancia pero que nos ayuden a cuidar respetando los protocolos que se han implementado por parte de las autoridades sanitarias\u201d, indic\u00f3 Basilio Talavera.\u00a0<a title=\"Acapulco e Ixtapa Zihuatanejo entran a sem\u00e1foro amarillo para impulsar turismo\" href=\"https:\/\/www.dev.nitu.mx\/index.php\/2020\/12\/22\/acapulco-e-ixtapa-zihuatanejo-entran-a-semaforo-amarillo-para-impulsar-turismo\/\" rel=\"bookmark\">(Acapulco e Ixtapa Zihuatanejo entran a sem\u00e1foro amarillo para impulsar turismo<\/a>).<\/p>\n","protected":false},"excerpt":{"rendered":"<p>Como parte de las acciones para evitar contagios de Covid-19, el gobernador de Guerrero, H\u00e9ctor Astudillo anunci\u00f3 que no estar\u00e1 permitida la celebraci\u00f3n para despedir el a\u00f1o en la playa, como tradicionalmente se hace en Acapulco. El mandatario estatal inform\u00f3 que desde este martes se reforzar\u00e1n las acciones en la franja de playa, las cuales [&hellip;]<\/p>\n","protected":false},"author":17,"featured_media":49228,"comment_status":"open","ping_status":"open","sticky":false,"template":"","format":"standard","meta":{"footnotes":""},"categories":[5],"tags":[40,2218,7220,233,234,7398],"yoast_head":"<!-- This site is optimized with the Yoast SEO plugin v22.2 - https:\/\/yoast.com\/wordpress\/plugins\/seo\/ -->\n<title>Proh\u00edben celebrar llegada de A\u00f1o Nuevo en playas de Acapulco - Nitu - Noticias de la Industria Turistica<\/title>\n<meta name=\"robots\" content=\"index, follow, max-snippet:-1, max-image-preview:large, max-video-preview:-1\" \/>\n<link rel=\"canonical\" href=\"https:\/\/nitu.mx\/index.php\/2020\/12\/28\/prohiben-celebrar-llegada-de-ano-nuevo-en-playas-de-acapulco\/\" \/>\n<meta name=\"twitter:card\" content=\"summary_large_image\" \/>\n<meta name=\"twitter:title\" content=\"Proh\u00edben celebrar llegada de A\u00f1o Nuevo en playas de Acapulco - Nitu - Noticias de la Industria Turistica\" \/>\n<meta name=\"twitter:description\" content=\"Como parte de las acciones para evitar contagios de Covid-19, el gobernador de Guerrero, H\u00e9ctor Astudillo anunci\u00f3 que no estar\u00e1 permitida la celebraci\u00f3n para despedir el a\u00f1o en la playa, como tradicionalmente se hace en Acapulco. El mandatario estatal inform\u00f3 que desde este martes se reforzar\u00e1n las acciones en la franja de playa, las cuales [&hellip;]\" \/>\n<meta name=\"twitter:image\" content=\"https:\/\/nitu.mx\/wp-content\/uploads\/2020\/12\/Acapulco-fin-de-a\u00f1o.jpg\" \/>\n<meta name=\"twitter:creator\" content=\"@NITUmx\" \/>\n<meta name=\"twitter:site\" content=\"@Arturo_Medina_G\" \/>\n<meta name=\"twitter:label1\" content=\"Escrito por\" \/>\n\t<meta name=\"twitter:data1\" content=\"Redacci\u00f3n\" \/>\n\t<meta name=\"twitter:label2\" content=\"Tiempo de lectura\" \/>\n\t<meta name=\"twitter:data2\" content=\"2 minutos\" \/>\n<script type=\"application\/ld+json\" class=\"yoast-schema-graph\">{\"@context\":\"https:\/\/schema.org\",\"@graph\":[{\"@type\":\"Article\",\"@id\":\"https:\/\/nitu.mx\/index.php\/2020\/12\/28\/prohiben-celebrar-llegada-de-ano-nuevo-en-playas-de-acapulco\/#article\",\"isPartOf\":{\"@id\":\"https:\/\/nitu.mx\/index.php\/2020\/12\/28\/prohiben-celebrar-llegada-de-ano-nuevo-en-playas-de-acapulco\/\"},\"author\":{\"name\":\"Redacci\u00f3n\",\"@id\":\"https:\/\/nitu.mx\/#\/schema\/person\/4a28fe9bd65924f7c90623773daf1b0b\"},\"headline\":\"Proh\u00edben celebrar llegada de A\u00f1o Nuevo en playas de Acapulco\",\"datePublished\":\"2020-12-29T02:09:42+00:00\",\"dateModified\":\"2020-12-29T06:05:05+00:00\",\"mainEntityOfPage\":{\"@id\":\"https:\/\/nitu.mx\/index.php\/2020\/12\/28\/prohiben-celebrar-llegada-de-ano-nuevo-en-playas-de-acapulco\/\"},\"wordCount\":376,\"commentCount\":0,\"publisher\":{\"@id\":\"https:\/\/nitu.mx\/#\/schema\/person\/ae7a53426417292d3dd07b45a33e01bc\"},\"image\":{\"@id\":\"https:\/\/nitu.mx\/index.php\/2020\/12\/28\/prohiben-celebrar-llegada-de-ano-nuevo-en-playas-de-acapulco\/#primaryimage\"},\"thumbnailUrl\":\"https:\/\/nitu.mx\/wp-content\/uploads\/2020\/12\/Acapulco-fin-de-a\u00f1o.jpg\",\"keywords\":[\"Acapulco\",\"Ernesto Rodr\u00edguez Escalona\",\"fin de a\u00f1o\",\"Guerrero\",\"H\u00e9ctor Astudillo\",\"ocupaci\u00f3n hotelera\"],\"articleSection\":[\"Destinos\"],\"inLanguage\":\"es-MX\",\"potentialAction\":[{\"@type\":\"CommentAction\",\"name\":\"Comment\",\"target\":[\"https:\/\/nitu.mx\/index.php\/2020\/12\/28\/prohiben-celebrar-llegada-de-ano-nuevo-en-playas-de-acapulco\/#respond\"]}]},{\"@type\":\"WebPage\",\"@id\":\"https:\/\/nitu.mx\/index.php\/2020\/12\/28\/prohiben-celebrar-llegada-de-ano-nuevo-en-playas-de-acapulco\/\",\"url\":\"https:\/\/nitu.mx\/index.php\/2020\/12\/28\/prohiben-celebrar-llegada-de-ano-nuevo-en-playas-de-acapulco\/\",\"name\":\"Proh\u00edben celebrar llegada de A\u00f1o Nuevo en playas de Acapulco - Nitu - Noticias de la Industria Turistica\",\"isPartOf\":{\"@id\":\"https:\/\/nitu.mx\/#website\"},\"primaryImageOfPage\":{\"@id\":\"https:\/\/nitu.mx\/index.php\/2020\/12\/28\/prohiben-celebrar-llegada-de-ano-nuevo-en-playas-de-acapulco\/#primaryimage\"},\"image\":{\"@id\":\"https:\/\/nitu.mx\/index.php\/2020\/12\/28\/prohiben-celebrar-llegada-de-ano-nuevo-en-playas-de-acapulco\/#primaryimage\"},\"thumbnailUrl\":\"https:\/\/nitu.mx\/wp-content\/uploads\/2020\/12\/Acapulco-fin-de-a\u00f1o.jpg\",\"datePublished\":\"2020-12-29T02:09:42+00:00\",\"dateModified\":\"2020-12-29T06:05:05+00:00\",\"breadcrumb\":{\"@id\":\"https:\/\/nitu.mx\/index.php\/2020\/12\/28\/prohiben-celebrar-llegada-de-ano-nuevo-en-playas-de-acapulco\/#breadcrumb\"},\"inLanguage\":\"es-MX\",\"potentialAction\":[{\"@type\":\"ReadAction\",\"target\":[\"https:\/\/nitu.mx\/index.php\/2020\/12\/28\/prohiben-celebrar-llegada-de-ano-nuevo-en-playas-de-acapulco\/\"]}]},{\"@type\":\"ImageObject\",\"inLanguage\":\"es-MX\",\"@id\":\"https:\/\/nitu.mx\/index.php\/2020\/12\/28\/prohiben-celebrar-llegada-de-ano-nuevo-en-playas-de-acapulco\/#primaryimage\",\"url\":\"https:\/\/nitu.mx\/wp-content\/uploads\/2020\/12\/Acapulco-fin-de-a\u00f1o.jpg\",\"contentUrl\":\"https:\/\/nitu.mx\/wp-content\/uploads\/2020\/12\/Acapulco-fin-de-a\u00f1o.jpg\",\"width\":1200,\"height\":675,\"caption\":\"Guerrero\"},{\"@type\":\"BreadcrumbList\",\"@id\":\"https:\/\/nitu.mx\/index.php\/2020\/12\/28\/prohiben-celebrar-llegada-de-ano-nuevo-en-playas-de-acapulco\/#breadcrumb\",\"itemListElement\":[{\"@type\":\"ListItem\",\"position\":1,\"name\":\"Inicio\",\"item\":\"https:\/\/nitu.mx\/\"},{\"@type\":\"ListItem\",\"position\":2,\"name\":\"Proh\u00edben celebrar llegada de A\u00f1o Nuevo en playas de Acapulco\"}]},{\"@type\":\"WebSite\",\"@id\":\"https:\/\/nitu.mx\/#website\",\"url\":\"https:\/\/nitu.mx\/\",\"name\":\"Nitu - Noticias de la Industria Turistica\",\"description\":\"Noticias de la Industria Turistica\",\"publisher\":{\"@id\":\"https:\/\/nitu.mx\/#\/schema\/person\/ae7a53426417292d3dd07b45a33e01bc\"},\"alternateName\":\"Noticias de la Industria Turistica\",\"potentialAction\":[{\"@type\":\"SearchAction\",\"target\":{\"@type\":\"EntryPoint\",\"urlTemplate\":\"https:\/\/nitu.mx\/?s={search_term_string}\"},\"query-input\":\"required name=search_term_string\"}],\"inLanguage\":\"es-MX\"},{\"@type\":[\"Person\",\"Organization\"],\"@id\":\"https:\/\/nitu.mx\/#\/schema\/person\/ae7a53426417292d3dd07b45a33e01bc\",\"name\":\"Arturo Medina\",\"image\":{\"@type\":\"ImageObject\",\"inLanguage\":\"es-MX\",\"@id\":\"https:\/\/nitu.mx\/#\/schema\/person\/image\/\",\"url\":\"https:\/\/nitu.mx\/wp-content\/uploads\/2024\/04\/4A315622-1904-4D5C-B022-878CDC840E04-90x90-1.jpeg\",\"contentUrl\":\"https:\/\/nitu.mx\/wp-content\/uploads\/2024\/04\/4A315622-1904-4D5C-B022-878CDC840E04-90x90-1.jpeg\",\"width\":90,\"height\":90,\"caption\":\"Arturo Medina\"},\"logo\":{\"@id\":\"https:\/\/nitu.mx\/#\/schema\/person\/image\/\"},\"description\":\"Director NITU.mx, Egresado de la Escuela de Periodismo Carlos Septi\u00e9n Garc\u00eda. Periodista y analista especializado en turismo desde hace 35 a\u00f1os, radicado en Canc\u00fan Q.Roo. arturo@nitu.mx\",\"sameAs\":[\"https:\/\/nitu.mx\",\"https:\/\/www.facebook.com\/NITUmx\/\",\"medinacancun\",\"https:\/\/twitter.com\/@Arturo_Medina_G\"]},{\"@type\":\"Person\",\"@id\":\"https:\/\/nitu.mx\/#\/schema\/person\/4a28fe9bd65924f7c90623773daf1b0b\",\"name\":\"Redacci\u00f3n\",\"image\":{\"@type\":\"ImageObject\",\"inLanguage\":\"es-MX\",\"@id\":\"https:\/\/nitu.mx\/#\/schema\/person\/image\/\",\"url\":\"https:\/\/secure.gravatar.com\/avatar\/5dd011c8ccfc5cd7e4c81e42252aab38?s=96&d=mm&r=g\",\"contentUrl\":\"https:\/\/secure.gravatar.com\/avatar\/5dd011c8ccfc5cd7e4c81e42252aab38?s=96&d=mm&r=g\",\"caption\":\"Redacci\u00f3n\"},\"url\":\"https:\/\/nitu.mx\/index.php\/author\/redaccion\/\"}]}<\/script>\n<!-- \/ Yoast SEO plugin. -->","yoast_head_json":{"title":"Proh\u00edben celebrar llegada de A\u00f1o Nuevo en playas de Acapulco - Nitu - Noticias de la Industria Turistica","robots":{"index":"index","follow":"follow","max-snippet":"max-snippet:-1","max-image-preview":"max-image-preview:large","max-video-preview":"max-video-preview:-1"},"canonical":"https:\/\/nitu.mx\/index.php\/2020\/12\/28\/prohiben-celebrar-llegada-de-ano-nuevo-en-playas-de-acapulco\/","twitter_card":"summary_large_image","twitter_title":"Proh\u00edben celebrar llegada de A\u00f1o Nuevo en playas de Acapulco - Nitu - Noticias de la Industria Turistica","twitter_description":"Como parte de las acciones para evitar contagios de Covid-19, el gobernador de Guerrero, H\u00e9ctor Astudillo anunci\u00f3 que no estar\u00e1 permitida la celebraci\u00f3n para despedir el a\u00f1o en la playa, como tradicionalmente se hace en Acapulco. El mandatario estatal inform\u00f3 que desde este martes se reforzar\u00e1n las acciones en la franja de playa, las cuales [&hellip;]","twitter_image":"https:\/\/nitu.mx\/wp-content\/uploads\/2020\/12\/Acapulco-fin-de-a\u00f1o.jpg","twitter_creator":"@NITUmx","twitter_site":"@Arturo_Medina_G","twitter_misc":{"Escrito por":"Redacci\u00f3n","Tiempo de lectura":"2 minutos"},"schema":{"@context":"https:\/\/schema.org","@graph":[{"@type":"Article","@id":"https:\/\/nitu.mx\/index.php\/2020\/12\/28\/prohiben-celebrar-llegada-de-ano-nuevo-en-playas-de-acapulco\/#article","isPartOf":{"@id":"https:\/\/nitu.mx\/index.php\/2020\/12\/28\/prohiben-celebrar-llegada-de-ano-nuevo-en-playas-de-acapulco\/"},"author":{"name":"Redacci\u00f3n","@id":"https:\/\/nitu.mx\/#\/schema\/person\/4a28fe9bd65924f7c90623773daf1b0b"},"headline":"Proh\u00edben celebrar llegada de A\u00f1o Nuevo en playas de Acapulco","datePublished":"2020-12-29T02:09:42+00:00","dateModified":"2020-12-29T06:05:05+00:00","mainEntityOfPage":{"@id":"https:\/\/nitu.mx\/index.php\/2020\/12\/28\/prohiben-celebrar-llegada-de-ano-nuevo-en-playas-de-acapulco\/"},"wordCount":376,"commentCount":0,"publisher":{"@id":"https:\/\/nitu.mx\/#\/schema\/person\/ae7a53426417292d3dd07b45a33e01bc"},"image":{"@id":"https:\/\/nitu.mx\/index.php\/2020\/12\/28\/prohiben-celebrar-llegada-de-ano-nuevo-en-playas-de-acapulco\/#primaryimage"},"thumbnailUrl":"https:\/\/nitu.mx\/wp-content\/uploads\/2020\/12\/Acapulco-fin-de-a\u00f1o.jpg","keywords":["Acapulco","Ernesto Rodr\u00edguez Escalona","fin de a\u00f1o","Guerrero","H\u00e9ctor Astudillo","ocupaci\u00f3n hotelera"],"articleSection":["Destinos"],"inLanguage":"es-MX","potentialAction":[{"@type":"CommentAction","name":"Comment","target":["https:\/\/nitu.mx\/index.php\/2020\/12\/28\/prohiben-celebrar-llegada-de-ano-nuevo-en-playas-de-acapulco\/#respond"]}]},{"@type":"WebPage","@id":"https:\/\/nitu.mx\/index.php\/2020\/12\/28\/prohiben-celebrar-llegada-de-ano-nuevo-en-playas-de-acapulco\/","url":"https:\/\/nitu.mx\/index.php\/2020\/12\/28\/prohiben-celebrar-llegada-de-ano-nuevo-en-playas-de-acapulco\/","name":"Proh\u00edben celebrar llegada de A\u00f1o Nuevo en playas de Acapulco - Nitu - Noticias de la Industria Turistica","isPartOf":{"@id":"https:\/\/nitu.mx\/#website"},"primaryImageOfPage":{"@id":"https:\/\/nitu.mx\/index.php\/2020\/12\/28\/prohiben-celebrar-llegada-de-ano-nuevo-en-playas-de-acapulco\/#primaryimage"},"image":{"@id":"https:\/\/nitu.mx\/index.php\/2020\/12\/28\/prohiben-celebrar-llegada-de-ano-nuevo-en-playas-de-acapulco\/#primaryimage"},"thumbnailUrl":"https:\/\/nitu.mx\/wp-content\/uploads\/2020\/12\/Acapulco-fin-de-a\u00f1o.jpg","datePublished":"2020-12-29T02:09:42+00:00","dateModified":"2020-12-29T06:05:05+00:00","breadcrumb":{"@id":"https:\/\/nitu.mx\/index.php\/2020\/12\/28\/prohiben-celebrar-llegada-de-ano-nuevo-en-playas-de-acapulco\/#breadcrumb"},"inLanguage":"es-MX","potentialAction":[{"@type":"ReadAction","target":["https:\/\/nitu.mx\/index.php\/2020\/12\/28\/prohiben-celebrar-llegada-de-ano-nuevo-en-playas-de-acapulco\/"]}]},{"@type":"ImageObject","inLanguage":"es-MX","@id":"https:\/\/nitu.mx\/index.php\/2020\/12\/28\/prohiben-celebrar-llegada-de-ano-nuevo-en-playas-de-acapulco\/#primaryimage","url":"https:\/\/nitu.mx\/wp-content\/uploads\/2020\/12\/Acapulco-fin-de-a\u00f1o.jpg","contentUrl":"https:\/\/nitu.mx\/wp-content\/uploads\/2020\/12\/Acapulco-fin-de-a\u00f1o.jpg","width":1200,"height":675,"caption":"Guerrero"},{"@type":"BreadcrumbList","@id":"https:\/\/nitu.mx\/index.php\/2020\/12\/28\/prohiben-celebrar-llegada-de-ano-nuevo-en-playas-de-acapulco\/#breadcrumb","itemListElement":[{"@type":"ListItem","position":1,"name":"Inicio","item":"https:\/\/nitu.mx\/"},{"@type":"ListItem","position":2,"name":"Proh\u00edben celebrar llegada de A\u00f1o Nuevo en playas de Acapulco"}]},{"@type":"WebSite","@id":"https:\/\/nitu.mx\/#website","url":"https:\/\/nitu.mx\/","name":"Nitu - Noticias de la Industria Turistica","description":"Noticias de la Industria Turistica","publisher":{"@id":"https:\/\/nitu.mx\/#\/schema\/person\/ae7a53426417292d3dd07b45a33e01bc"},"alternateName":"Noticias de la Industria Turistica","potentialAction":[{"@type":"SearchAction","target":{"@type":"EntryPoint","urlTemplate":"https:\/\/nitu.mx\/?s={search_term_string}"},"query-input":"required name=search_term_string"}],"inLanguage":"es-MX"},{"@type":["Person","Organization"],"@id":"https:\/\/nitu.mx\/#\/schema\/person\/ae7a53426417292d3dd07b45a33e01bc","name":"Arturo Medina","image":{"@type":"ImageObject","inLanguage":"es-MX","@id":"https:\/\/nitu.mx\/#\/schema\/person\/image\/","url":"https:\/\/nitu.mx\/wp-content\/uploads\/2024\/04\/4A315622-1904-4D5C-B022-878CDC840E04-90x90-1.jpeg","contentUrl":"https:\/\/nitu.mx\/wp-content\/uploads\/2024\/04\/4A315622-1904-4D5C-B022-878CDC840E04-90x90-1.jpeg","width":90,"height":90,"caption":"Arturo Medina"},"logo":{"@id":"https:\/\/nitu.mx\/#\/schema\/person\/image\/"},"description":"Director NITU.mx, Egresado de la Escuela de Periodismo Carlos Septi\u00e9n Garc\u00eda. Periodista y analista especializado en turismo desde hace 35 a\u00f1os, radicado en Canc\u00fan Q.Roo. arturo@nitu.mx","sameAs":["https:\/\/nitu.mx","https:\/\/www.facebook.com\/NITUmx\/","medinacancun","https:\/\/twitter.com\/@Arturo_Medina_G"]},{"@type":"Person","@id":"https:\/\/nitu.mx\/#\/schema\/person\/4a28fe9bd65924f7c90623773daf1b0b","name":"Redacci\u00f3n","image":{"@type":"ImageObject","inLanguage":"es-MX","@id":"https:\/\/nitu.mx\/#\/schema\/person\/image\/","url":"https:\/\/secure.gravatar.com\/avatar\/5dd011c8ccfc5cd7e4c81e42252aab38?s=96&d=mm&r=g","contentUrl":"https:\/\/secure.gravatar.com\/avatar\/5dd011c8ccfc5cd7e4c81e42252aab38?s=96&d=mm&r=g","caption":"Redacci\u00f3n"},"url":"https:\/\/nitu.mx\/index.php\/author\/redaccion\/"}]}},"views":468,"_links":{"self":[{"href":"https:\/\/nitu.mx\/index.php\/wp-json\/wp\/v2\/posts\/49225"}],"collection":[{"href":"https:\/\/nitu.mx\/index.php\/wp-json\/wp\/v2\/posts"}],"about":[{"href":"https:\/\/nitu.mx\/index.php\/wp-json\/wp\/v2\/types\/post"}],"author":[{"embeddable":true,"href":"https:\/\/nitu.mx\/index.php\/wp-json\/wp\/v2\/users\/17"}],"replies":[{"embeddable":true,"href":"https:\/\/nitu.mx\/index.php\/wp-json\/wp\/v2\/comments?post=49225"}],"version-history":[{"count":4,"href":"https:\/\/nitu.mx\/index.php\/wp-json\/wp\/v2\/posts\/49225\/revisions"}],"predecessor-version":[{"id":49232,"href":"https:\/\/nitu.mx\/index.php\/wp-json\/wp\/v2\/posts\/49225\/revisions\/49232"}],"wp:featuredmedia":[{"embeddable":true,"href":"https:\/\/nitu.mx\/index.php\/wp-json\/wp\/v2\/media\/49228"}],"wp:attachment":[{"href":"https:\/\/nitu.mx\/index.php\/wp-json\/wp\/v2\/media?parent=49225"}],"wp:term":[{"taxonomy":"category","embeddable":true,"href":"https:\/\/nitu.mx\/index.php\/wp-json\/wp\/v2\/categories?post=49225"},{"taxonomy":"post_tag","embeddable":true,"href":"https:\/\/nitu.mx\/index.php\/wp-json\/wp\/v2\/tags?post=49225"}],"curies":[{"name":"wp","href":"https:\/\/api.w.org\/{rel}","templated":true}]}}