{"id":49203,"date":"2020-12-27T18:01:01","date_gmt":"2020-12-27T23:01:01","guid":{"rendered":"https:\/\/www.dev.nitu.mx\/?p=49203"},"modified":"2020-12-28T01:02:07","modified_gmt":"2020-12-28T06:02:07","slug":"riviera-nayarit-promociona-su-oferta-de-lujo-en-virtuoso-travel-week","status":"publish","type":"post","link":"https:\/\/nitu.mx\/index.php\/2020\/12\/27\/riviera-nayarit-promociona-su-oferta-de-lujo-en-virtuoso-travel-week\/","title":{"rendered":"Riviera Nayarit promociona su oferta de lujo en Virtuoso Travel Week"},"content":{"rendered":"<p>La Oficina de Visitantes y Convenciones de Riviera Nayarit calific\u00f3 de destacada su participaci\u00f3n en el Virtuoso Travel Week Latin America, Brasil &amp; Caribbean, que en esta ocasi\u00f3n tuvo que realizarse de manera virtual.<\/p>\n<p>La conferencia de viajes de lujo m\u00e1s grande del mundo se llev\u00f3 a cabo este 9 y 10 de diciembre, en donde los l\u00edderes del segmento comentaron sobre el futuro de los viajes, ahora en una reuni\u00f3n virtual a diferencia de la que tradicionalmente se hace en Las Vegas.<\/p>\n<p>El Virtual Virtuoso Travel Week Latin America, Brasil &amp; Caribbean cont\u00f3 con la participaci\u00f3n de 150 asesores, entre ellos, due\u00f1os de las mismas agencias de viajes, dedicados al segmento de alto lujo de 15 pa\u00edses de Latinoam\u00e9rica y el Caribe.<\/p>\n<p>La OVC de Riviera Nayarit particip\u00f3 en citas de negocios con 40 asesores de Brasil, Chile, Colombia, Costa Rica, Per\u00fa, Puerto Rico, Rep\u00fablica Dominicana y M\u00e9xico.<\/p>\n<p>En las citas, con una duraci\u00f3n de 10 minutos cada una, se tuvo la oportunidad de presentar el excelente producto con que este destino tur\u00edstico cuenta para el segmento de alto poder adquisitivo.<\/p>\n<p>Actualmente, el destino cuenta con cinco hoteles asociados a este consorcio: Grand Velas Riviera Nayarit, The St. Regis Punta Mita Resort, Four Seasons Resort Punta Mita, Hotel Boutique Imanta Resorts y One &amp; Only Mandarina.<\/p>\n<p>De acuerdo con los agentes de viajes, estos hoteles se venden muy bien entre su clientela dado a la excelente calidad de sus servicios y, sobre todo, a la exclusividad que brindan a sus hu\u00e9spedes los cuales buscan precisamente esta cualidad, adem\u00e1s de la belleza natural y las playas que los rodean.<\/p>\n<p>Los representantes de Riviera Nayarit destacaron el \u00e9xito que tienen los nuevos hoteles, como el One &amp; Only Mandarina y el Conrad Punta de Mita, entre el turismo nacional de alto nivel acostumbrado a viajar al extranjero pero ahora restringido por la pandemia.<\/p>\n<p>Los hoteles y restaurantes de Riviera Nayarit siguen todos los protocolos sanitarios establecidos por la Secretar\u00eda de Salud del Gobierno Federal y operan a su capacidad permitida; el acceso a las playas es limitado.\u00a0<a title=\"Confirman edici\u00f3n 2021 de Gala Puerto Vallarta \u2013 Riviera Nayarit\" href=\"https:\/\/www.dev.nitu.mx\/index.php\/2020\/12\/07\/confirman-edicion-2021-de-gala-puerto-vallarta-riviera-nayarit\/\" rel=\"bookmark\">(Confirman edici\u00f3n 2021 de Gala Puerto Vallarta \u2013 Riviera Nayarit<\/a>).<\/p>\n","protected":false},"excerpt":{"rendered":"<p>La Oficina de Visitantes y Convenciones de Riviera Nayarit calific\u00f3 de destacada su participaci\u00f3n en el Virtuoso Travel Week Latin America, Brasil &amp; Caribbean, que en esta ocasi\u00f3n tuvo que realizarse de manera virtual. La conferencia de viajes de lujo m\u00e1s grande del mundo se llev\u00f3 a cabo este 9 y 10 de diciembre, en [&hellip;]<\/p>\n","protected":false},"author":18,"featured_media":49204,"comment_status":"open","ping_status":"open","sticky":false,"template":"","format":"standard","meta":{"footnotes":""},"categories":[5],"tags":[537,7687,5412],"yoast_head":"<!-- This site is optimized with the Yoast SEO plugin v22.2 - https:\/\/yoast.com\/wordpress\/plugins\/seo\/ -->\n<title>Riviera Nayarit promociona su oferta de lujo en Virtuoso Travel Week - Nitu - Noticias de la Industria Turistica<\/title>\n<meta name=\"robots\" content=\"index, follow, max-snippet:-1, max-image-preview:large, max-video-preview:-1\" \/>\n<link rel=\"canonical\" href=\"https:\/\/nitu.mx\/index.php\/2020\/12\/27\/riviera-nayarit-promociona-su-oferta-de-lujo-en-virtuoso-travel-week\/\" \/>\n<meta name=\"twitter:card\" content=\"summary_large_image\" \/>\n<meta name=\"twitter:title\" content=\"Riviera Nayarit promociona su oferta de lujo en Virtuoso Travel Week - Nitu - Noticias de la Industria Turistica\" \/>\n<meta name=\"twitter:description\" content=\"La Oficina de Visitantes y Convenciones de Riviera Nayarit calific\u00f3 de destacada su participaci\u00f3n en el Virtuoso Travel Week Latin America, Brasil &amp; Caribbean, que en esta ocasi\u00f3n tuvo que realizarse de manera virtual. La conferencia de viajes de lujo m\u00e1s grande del mundo se llev\u00f3 a cabo este 9 y 10 de diciembre, en [&hellip;]\" \/>\n<meta name=\"twitter:image\" content=\"https:\/\/nitu.mx\/wp-content\/uploads\/2020\/12\/Riviera-Nayarit-Turismo-de-lujo.jpg\" \/>\n<meta name=\"twitter:creator\" content=\"@NITUmx\" \/>\n<meta name=\"twitter:site\" content=\"@Arturo_Medina_G\" \/>\n<meta name=\"twitter:label1\" content=\"Escrito por\" \/>\n\t<meta name=\"twitter:data1\" content=\"Guadalupe Sixto\" \/>\n\t<meta name=\"twitter:label2\" content=\"Tiempo de lectura\" \/>\n\t<meta name=\"twitter:data2\" content=\"2 minutos\" \/>\n<script type=\"application\/ld+json\" class=\"yoast-schema-graph\">{\"@context\":\"https:\/\/schema.org\",\"@graph\":[{\"@type\":\"Article\",\"@id\":\"https:\/\/nitu.mx\/index.php\/2020\/12\/27\/riviera-nayarit-promociona-su-oferta-de-lujo-en-virtuoso-travel-week\/#article\",\"isPartOf\":{\"@id\":\"https:\/\/nitu.mx\/index.php\/2020\/12\/27\/riviera-nayarit-promociona-su-oferta-de-lujo-en-virtuoso-travel-week\/\"},\"author\":{\"name\":\"Guadalupe Sixto\",\"@id\":\"https:\/\/nitu.mx\/#\/schema\/person\/3df3082b5e46037e3f13614d28ee0b77\"},\"headline\":\"Riviera Nayarit promociona su oferta de lujo en Virtuoso Travel Week\",\"datePublished\":\"2020-12-27T23:01:01+00:00\",\"dateModified\":\"2020-12-28T06:02:07+00:00\",\"mainEntityOfPage\":{\"@id\":\"https:\/\/nitu.mx\/index.php\/2020\/12\/27\/riviera-nayarit-promociona-su-oferta-de-lujo-en-virtuoso-travel-week\/\"},\"wordCount\":376,\"commentCount\":0,\"publisher\":{\"@id\":\"https:\/\/nitu.mx\/#\/schema\/person\/ae7a53426417292d3dd07b45a33e01bc\"},\"image\":{\"@id\":\"https:\/\/nitu.mx\/index.php\/2020\/12\/27\/riviera-nayarit-promociona-su-oferta-de-lujo-en-virtuoso-travel-week\/#primaryimage\"},\"thumbnailUrl\":\"https:\/\/nitu.mx\/wp-content\/uploads\/2020\/12\/Riviera-Nayarit-Turismo-de-lujo.jpg\",\"keywords\":[\"Riviera Nayarit\",\"turismo de lujo\",\"Virtuoso Travel Week\"],\"articleSection\":[\"Destinos\"],\"inLanguage\":\"es-MX\",\"potentialAction\":[{\"@type\":\"CommentAction\",\"name\":\"Comment\",\"target\":[\"https:\/\/nitu.mx\/index.php\/2020\/12\/27\/riviera-nayarit-promociona-su-oferta-de-lujo-en-virtuoso-travel-week\/#respond\"]}]},{\"@type\":\"WebPage\",\"@id\":\"https:\/\/nitu.mx\/index.php\/2020\/12\/27\/riviera-nayarit-promociona-su-oferta-de-lujo-en-virtuoso-travel-week\/\",\"url\":\"https:\/\/nitu.mx\/index.php\/2020\/12\/27\/riviera-nayarit-promociona-su-oferta-de-lujo-en-virtuoso-travel-week\/\",\"name\":\"Riviera Nayarit promociona su oferta de lujo en Virtuoso Travel Week - Nitu - Noticias de la Industria Turistica\",\"isPartOf\":{\"@id\":\"https:\/\/nitu.mx\/#website\"},\"primaryImageOfPage\":{\"@id\":\"https:\/\/nitu.mx\/index.php\/2020\/12\/27\/riviera-nayarit-promociona-su-oferta-de-lujo-en-virtuoso-travel-week\/#primaryimage\"},\"image\":{\"@id\":\"https:\/\/nitu.mx\/index.php\/2020\/12\/27\/riviera-nayarit-promociona-su-oferta-de-lujo-en-virtuoso-travel-week\/#primaryimage\"},\"thumbnailUrl\":\"https:\/\/nitu.mx\/wp-content\/uploads\/2020\/12\/Riviera-Nayarit-Turismo-de-lujo.jpg\",\"datePublished\":\"2020-12-27T23:01:01+00:00\",\"dateModified\":\"2020-12-28T06:02:07+00:00\",\"breadcrumb\":{\"@id\":\"https:\/\/nitu.mx\/index.php\/2020\/12\/27\/riviera-nayarit-promociona-su-oferta-de-lujo-en-virtuoso-travel-week\/#breadcrumb\"},\"inLanguage\":\"es-MX\",\"potentialAction\":[{\"@type\":\"ReadAction\",\"target\":[\"https:\/\/nitu.mx\/index.php\/2020\/12\/27\/riviera-nayarit-promociona-su-oferta-de-lujo-en-virtuoso-travel-week\/\"]}]},{\"@type\":\"ImageObject\",\"inLanguage\":\"es-MX\",\"@id\":\"https:\/\/nitu.mx\/index.php\/2020\/12\/27\/riviera-nayarit-promociona-su-oferta-de-lujo-en-virtuoso-travel-week\/#primaryimage\",\"url\":\"https:\/\/nitu.mx\/wp-content\/uploads\/2020\/12\/Riviera-Nayarit-Turismo-de-lujo.jpg\",\"contentUrl\":\"https:\/\/nitu.mx\/wp-content\/uploads\/2020\/12\/Riviera-Nayarit-Turismo-de-lujo.jpg\",\"width\":1200,\"height\":675,\"caption\":\"Virtual Virtuoso Travel Week Latin America, Brasil & Caribbean\"},{\"@type\":\"BreadcrumbList\",\"@id\":\"https:\/\/nitu.mx\/index.php\/2020\/12\/27\/riviera-nayarit-promociona-su-oferta-de-lujo-en-virtuoso-travel-week\/#breadcrumb\",\"itemListElement\":[{\"@type\":\"ListItem\",\"position\":1,\"name\":\"Inicio\",\"item\":\"https:\/\/nitu.mx\/\"},{\"@type\":\"ListItem\",\"position\":2,\"name\":\"Riviera Nayarit promociona su oferta de lujo en Virtuoso Travel Week\"}]},{\"@type\":\"WebSite\",\"@id\":\"https:\/\/nitu.mx\/#website\",\"url\":\"https:\/\/nitu.mx\/\",\"name\":\"Nitu - Noticias de la Industria Turistica\",\"description\":\"Noticias de la Industria Turistica\",\"publisher\":{\"@id\":\"https:\/\/nitu.mx\/#\/schema\/person\/ae7a53426417292d3dd07b45a33e01bc\"},\"alternateName\":\"Noticias de la Industria Turistica\",\"potentialAction\":[{\"@type\":\"SearchAction\",\"target\":{\"@type\":\"EntryPoint\",\"urlTemplate\":\"https:\/\/nitu.mx\/?s={search_term_string}\"},\"query-input\":\"required name=search_term_string\"}],\"inLanguage\":\"es-MX\"},{\"@type\":[\"Person\",\"Organization\"],\"@id\":\"https:\/\/nitu.mx\/#\/schema\/person\/ae7a53426417292d3dd07b45a33e01bc\",\"name\":\"Arturo Medina\",\"image\":{\"@type\":\"ImageObject\",\"inLanguage\":\"es-MX\",\"@id\":\"https:\/\/nitu.mx\/#\/schema\/person\/image\/\",\"url\":\"https:\/\/nitu.mx\/wp-content\/uploads\/2024\/04\/4A315622-1904-4D5C-B022-878CDC840E04-90x90-1.jpeg\",\"contentUrl\":\"https:\/\/nitu.mx\/wp-content\/uploads\/2024\/04\/4A315622-1904-4D5C-B022-878CDC840E04-90x90-1.jpeg\",\"width\":90,\"height\":90,\"caption\":\"Arturo Medina\"},\"logo\":{\"@id\":\"https:\/\/nitu.mx\/#\/schema\/person\/image\/\"},\"description\":\"Director NITU.mx, Egresado de la Escuela de Periodismo Carlos Septi\u00e9n Garc\u00eda. Periodista y analista especializado en turismo desde hace 35 a\u00f1os, radicado en Canc\u00fan Q.Roo. arturo@nitu.mx\",\"sameAs\":[\"https:\/\/nitu.mx\",\"https:\/\/www.facebook.com\/NITUmx\/\",\"medinacancun\",\"https:\/\/twitter.com\/@Arturo_Medina_G\"]},{\"@type\":\"Person\",\"@id\":\"https:\/\/nitu.mx\/#\/schema\/person\/3df3082b5e46037e3f13614d28ee0b77\",\"name\":\"Guadalupe Sixto\",\"image\":{\"@type\":\"ImageObject\",\"inLanguage\":\"es-MX\",\"@id\":\"https:\/\/nitu.mx\/#\/schema\/person\/image\/\",\"url\":\"https:\/\/secure.gravatar.com\/avatar\/13914e1b0e1919e91f9539de4dc584c4?s=96&d=mm&r=g\",\"contentUrl\":\"https:\/\/secure.gravatar.com\/avatar\/13914e1b0e1919e91f9539de4dc584c4?s=96&d=mm&r=g\",\"caption\":\"Guadalupe Sixto\"},\"url\":\"https:\/\/nitu.mx\/index.php\/author\/gsixto\/\"}]}<\/script>\n<!-- \/ Yoast SEO plugin. -->","yoast_head_json":{"title":"Riviera Nayarit promociona su oferta de lujo en Virtuoso Travel Week - Nitu - Noticias de la Industria Turistica","robots":{"index":"index","follow":"follow","max-snippet":"max-snippet:-1","max-image-preview":"max-image-preview:large","max-video-preview":"max-video-preview:-1"},"canonical":"https:\/\/nitu.mx\/index.php\/2020\/12\/27\/riviera-nayarit-promociona-su-oferta-de-lujo-en-virtuoso-travel-week\/","twitter_card":"summary_large_image","twitter_title":"Riviera Nayarit promociona su oferta de lujo en Virtuoso Travel Week - Nitu - Noticias de la Industria Turistica","twitter_description":"La Oficina de Visitantes y Convenciones de Riviera Nayarit calific\u00f3 de destacada su participaci\u00f3n en el Virtuoso Travel Week Latin America, Brasil &amp; Caribbean, que en esta ocasi\u00f3n tuvo que realizarse de manera virtual. La conferencia de viajes de lujo m\u00e1s grande del mundo se llev\u00f3 a cabo este 9 y 10 de diciembre, en [&hellip;]","twitter_image":"https:\/\/nitu.mx\/wp-content\/uploads\/2020\/12\/Riviera-Nayarit-Turismo-de-lujo.jpg","twitter_creator":"@NITUmx","twitter_site":"@Arturo_Medina_G","twitter_misc":{"Escrito por":"Guadalupe Sixto","Tiempo de lectura":"2 minutos"},"schema":{"@context":"https:\/\/schema.org","@graph":[{"@type":"Article","@id":"https:\/\/nitu.mx\/index.php\/2020\/12\/27\/riviera-nayarit-promociona-su-oferta-de-lujo-en-virtuoso-travel-week\/#article","isPartOf":{"@id":"https:\/\/nitu.mx\/index.php\/2020\/12\/27\/riviera-nayarit-promociona-su-oferta-de-lujo-en-virtuoso-travel-week\/"},"author":{"name":"Guadalupe Sixto","@id":"https:\/\/nitu.mx\/#\/schema\/person\/3df3082b5e46037e3f13614d28ee0b77"},"headline":"Riviera Nayarit promociona su oferta de lujo en Virtuoso Travel Week","datePublished":"2020-12-27T23:01:01+00:00","dateModified":"2020-12-28T06:02:07+00:00","mainEntityOfPage":{"@id":"https:\/\/nitu.mx\/index.php\/2020\/12\/27\/riviera-nayarit-promociona-su-oferta-de-lujo-en-virtuoso-travel-week\/"},"wordCount":376,"commentCount":0,"publisher":{"@id":"https:\/\/nitu.mx\/#\/schema\/person\/ae7a53426417292d3dd07b45a33e01bc"},"image":{"@id":"https:\/\/nitu.mx\/index.php\/2020\/12\/27\/riviera-nayarit-promociona-su-oferta-de-lujo-en-virtuoso-travel-week\/#primaryimage"},"thumbnailUrl":"https:\/\/nitu.mx\/wp-content\/uploads\/2020\/12\/Riviera-Nayarit-Turismo-de-lujo.jpg","keywords":["Riviera Nayarit","turismo de lujo","Virtuoso Travel Week"],"articleSection":["Destinos"],"inLanguage":"es-MX","potentialAction":[{"@type":"CommentAction","name":"Comment","target":["https:\/\/nitu.mx\/index.php\/2020\/12\/27\/riviera-nayarit-promociona-su-oferta-de-lujo-en-virtuoso-travel-week\/#respond"]}]},{"@type":"WebPage","@id":"https:\/\/nitu.mx\/index.php\/2020\/12\/27\/riviera-nayarit-promociona-su-oferta-de-lujo-en-virtuoso-travel-week\/","url":"https:\/\/nitu.mx\/index.php\/2020\/12\/27\/riviera-nayarit-promociona-su-oferta-de-lujo-en-virtuoso-travel-week\/","name":"Riviera Nayarit promociona su oferta de lujo en Virtuoso Travel Week - Nitu - Noticias de la Industria Turistica","isPartOf":{"@id":"https:\/\/nitu.mx\/#website"},"primaryImageOfPage":{"@id":"https:\/\/nitu.mx\/index.php\/2020\/12\/27\/riviera-nayarit-promociona-su-oferta-de-lujo-en-virtuoso-travel-week\/#primaryimage"},"image":{"@id":"https:\/\/nitu.mx\/index.php\/2020\/12\/27\/riviera-nayarit-promociona-su-oferta-de-lujo-en-virtuoso-travel-week\/#primaryimage"},"thumbnailUrl":"https:\/\/nitu.mx\/wp-content\/uploads\/2020\/12\/Riviera-Nayarit-Turismo-de-lujo.jpg","datePublished":"2020-12-27T23:01:01+00:00","dateModified":"2020-12-28T06:02:07+00:00","breadcrumb":{"@id":"https:\/\/nitu.mx\/index.php\/2020\/12\/27\/riviera-nayarit-promociona-su-oferta-de-lujo-en-virtuoso-travel-week\/#breadcrumb"},"inLanguage":"es-MX","potentialAction":[{"@type":"ReadAction","target":["https:\/\/nitu.mx\/index.php\/2020\/12\/27\/riviera-nayarit-promociona-su-oferta-de-lujo-en-virtuoso-travel-week\/"]}]},{"@type":"ImageObject","inLanguage":"es-MX","@id":"https:\/\/nitu.mx\/index.php\/2020\/12\/27\/riviera-nayarit-promociona-su-oferta-de-lujo-en-virtuoso-travel-week\/#primaryimage","url":"https:\/\/nitu.mx\/wp-content\/uploads\/2020\/12\/Riviera-Nayarit-Turismo-de-lujo.jpg","contentUrl":"https:\/\/nitu.mx\/wp-content\/uploads\/2020\/12\/Riviera-Nayarit-Turismo-de-lujo.jpg","width":1200,"height":675,"caption":"Virtual Virtuoso Travel Week Latin America, Brasil & Caribbean"},{"@type":"BreadcrumbList","@id":"https:\/\/nitu.mx\/index.php\/2020\/12\/27\/riviera-nayarit-promociona-su-oferta-de-lujo-en-virtuoso-travel-week\/#breadcrumb","itemListElement":[{"@type":"ListItem","position":1,"name":"Inicio","item":"https:\/\/nitu.mx\/"},{"@type":"ListItem","position":2,"name":"Riviera Nayarit promociona su oferta de lujo en Virtuoso Travel Week"}]},{"@type":"WebSite","@id":"https:\/\/nitu.mx\/#website","url":"https:\/\/nitu.mx\/","name":"Nitu - Noticias de la Industria Turistica","description":"Noticias de la Industria Turistica","publisher":{"@id":"https:\/\/nitu.mx\/#\/schema\/person\/ae7a53426417292d3dd07b45a33e01bc"},"alternateName":"Noticias de la Industria Turistica","potentialAction":[{"@type":"SearchAction","target":{"@type":"EntryPoint","urlTemplate":"https:\/\/nitu.mx\/?s={search_term_string}"},"query-input":"required name=search_term_string"}],"inLanguage":"es-MX"},{"@type":["Person","Organization"],"@id":"https:\/\/nitu.mx\/#\/schema\/person\/ae7a53426417292d3dd07b45a33e01bc","name":"Arturo Medina","image":{"@type":"ImageObject","inLanguage":"es-MX","@id":"https:\/\/nitu.mx\/#\/schema\/person\/image\/","url":"https:\/\/nitu.mx\/wp-content\/uploads\/2024\/04\/4A315622-1904-4D5C-B022-878CDC840E04-90x90-1.jpeg","contentUrl":"https:\/\/nitu.mx\/wp-content\/uploads\/2024\/04\/4A315622-1904-4D5C-B022-878CDC840E04-90x90-1.jpeg","width":90,"height":90,"caption":"Arturo Medina"},"logo":{"@id":"https:\/\/nitu.mx\/#\/schema\/person\/image\/"},"description":"Director NITU.mx, Egresado de la Escuela de Periodismo Carlos Septi\u00e9n Garc\u00eda. Periodista y analista especializado en turismo desde hace 35 a\u00f1os, radicado en Canc\u00fan Q.Roo. arturo@nitu.mx","sameAs":["https:\/\/nitu.mx","https:\/\/www.facebook.com\/NITUmx\/","medinacancun","https:\/\/twitter.com\/@Arturo_Medina_G"]},{"@type":"Person","@id":"https:\/\/nitu.mx\/#\/schema\/person\/3df3082b5e46037e3f13614d28ee0b77","name":"Guadalupe Sixto","image":{"@type":"ImageObject","inLanguage":"es-MX","@id":"https:\/\/nitu.mx\/#\/schema\/person\/image\/","url":"https:\/\/secure.gravatar.com\/avatar\/13914e1b0e1919e91f9539de4dc584c4?s=96&d=mm&r=g","contentUrl":"https:\/\/secure.gravatar.com\/avatar\/13914e1b0e1919e91f9539de4dc584c4?s=96&d=mm&r=g","caption":"Guadalupe Sixto"},"url":"https:\/\/nitu.mx\/index.php\/author\/gsixto\/"}]}},"views":330,"_links":{"self":[{"href":"https:\/\/nitu.mx\/index.php\/wp-json\/wp\/v2\/posts\/49203"}],"collection":[{"href":"https:\/\/nitu.mx\/index.php\/wp-json\/wp\/v2\/posts"}],"about":[{"href":"https:\/\/nitu.mx\/index.php\/wp-json\/wp\/v2\/types\/post"}],"author":[{"embeddable":true,"href":"https:\/\/nitu.mx\/index.php\/wp-json\/wp\/v2\/users\/18"}],"replies":[{"embeddable":true,"href":"https:\/\/nitu.mx\/index.php\/wp-json\/wp\/v2\/comments?post=49203"}],"version-history":[{"count":1,"href":"https:\/\/nitu.mx\/index.php\/wp-json\/wp\/v2\/posts\/49203\/revisions"}],"predecessor-version":[{"id":49205,"href":"https:\/\/nitu.mx\/index.php\/wp-json\/wp\/v2\/posts\/49203\/revisions\/49205"}],"wp:featuredmedia":[{"embeddable":true,"href":"https:\/\/nitu.mx\/index.php\/wp-json\/wp\/v2\/media\/49204"}],"wp:attachment":[{"href":"https:\/\/nitu.mx\/index.php\/wp-json\/wp\/v2\/media?parent=49203"}],"wp:term":[{"taxonomy":"category","embeddable":true,"href":"https:\/\/nitu.mx\/index.php\/wp-json\/wp\/v2\/categories?post=49203"},{"taxonomy":"post_tag","embeddable":true,"href":"https:\/\/nitu.mx\/index.php\/wp-json\/wp\/v2\/tags?post=49203"}],"curies":[{"name":"wp","href":"https:\/\/api.w.org\/{rel}","templated":true}]}}