{"id":49170,"date":"2020-12-24T01:20:24","date_gmt":"2020-12-24T06:20:24","guid":{"rendered":"https:\/\/www.dev.nitu.mx\/?p=49170"},"modified":"2020-12-24T01:28:54","modified_gmt":"2020-12-24T06:28:54","slug":"the-ritz-carlton-cancun-y-tiffany-co-celebran-una-navidad-especial","status":"publish","type":"post","link":"https:\/\/nitu.mx\/index.php\/2020\/12\/24\/the-ritz-carlton-cancun-y-tiffany-co-celebran-una-navidad-especial\/","title":{"rendered":"The Ritz-Carlton, Cancun y Tiffany &#038; Co. celebran una Navidad especial"},"content":{"rendered":"<p>The Ritz-Carlton, Cancun y Tiffany &amp; Co. se unen por primera vez para celebrar la \u00e9poca m\u00e1s esperada por todos del 23 al 30 de diciembre en M\u00e9xico, por lo que lanzaron una campa\u00f1a especial para los amantes del lujo.<\/p>\n<p>Como parte de su campa\u00f1a de Holiday\u2019s, Tiffany &amp; Co. promueve el amor propio, el desconectarnos y darnos un merecido descanso para disfrutar los placeres de la vida en compa\u00f1\u00eda de los que m\u00e1s queremos. The Ritz-Carton, Cancun es la opci\u00f3n ideal que combina el lujo en hospitalidad con un excepcional servicio que le permitir\u00e1n consentirse y olvidarse de todo frente al fascinante mar caribe.<\/p>\n<p>Adem\u00e1s de vivir momentos inolvidables gracias a la exquisita gastronom\u00eda y a sus magn\u00edficas amenidades, durante las fechas festivas, Tiffany &amp; Co. y The Ritz-Carlton, Cancun obsequiar\u00e1n a sus hu\u00e9spedes, en sus distintas categor\u00edas de Suites (The Ritz-Carlton Suite, Cobalt Suite y Suites en Piso Club), un maravilloso detalle de la firma que van desde exclusivas fragancias hasta hermosos e ic\u00f3nicos art\u00edculos Tiffany que evocan sentimientos de alegr\u00eda y optimismo. (<a title=\"Ritz Carlton celebra 25 a\u00f1os en M\u00e9xico y en Canc\u00fan\" href=\"https:\/\/www.dev.nitu.mx\/index.php\/2018\/04\/12\/ritz-carlton-celebra-25-anos-en-mexico-y-en-cancun\/\" rel=\"bookmark\">Ritz Carlton celebra 25 a\u00f1os en M\u00e9xico y en Canc\u00fan<\/a>).<\/p>\n<p>Como parte de esta alianza, el hotel ofrecer\u00e1 a todos sus hu\u00e9spedes, bajo su servicio de concierge, private fashion appointments a la suntuosa boutique Tiffany &amp; Co, ubicada en el centro comercial La Isla; una experiencia esplendida donde podr\u00e1n conocer los #TiffanyFavorites por medio de atenci\u00f3n personalizada y con todas las medidas de seguridad.<\/p>\n<p>La marca hotelera de lujo, considerado pieza clave en el mundo del lujo en M\u00e9xico y reconocido siempre por sus m\u00e1s altos est\u00e1ndares de calidad, est\u00e1 listo para recibirlo en un ambiente seguro alineado a todos los protocolos y programas de limpieza de Marriott International.<\/p>\n<p><img decoding=\"async\" loading=\"lazy\" class=\"alignnone wp-image-49179 size-large\" src=\"https:\/\/www.dev.nitu.mx\/wp-content\/uploads\/2020\/12\/The-Ritz-Carlton-Tiffany-1024x576.jpg\" alt=\"\" width=\"1024\" height=\"576\" srcset=\"https:\/\/nitu.mx\/wp-content\/uploads\/2020\/12\/The-Ritz-Carlton-Tiffany-1024x576.jpg 1024w, https:\/\/nitu.mx\/wp-content\/uploads\/2020\/12\/The-Ritz-Carlton-Tiffany-300x169.jpg 300w, https:\/\/nitu.mx\/wp-content\/uploads\/2020\/12\/The-Ritz-Carlton-Tiffany-768x432.jpg 768w, https:\/\/nitu.mx\/wp-content\/uploads\/2020\/12\/The-Ritz-Carlton-Tiffany-848x478.jpg 848w, https:\/\/nitu.mx\/wp-content\/uploads\/2020\/12\/The-Ritz-Carlton-Tiffany.jpg 1200w\" sizes=\"(max-width: 1024px) 100vw, 1024px\" \/><\/p>\n","protected":false},"excerpt":{"rendered":"<p>The Ritz-Carlton, Cancun y Tiffany &amp; Co. se unen por primera vez para celebrar la \u00e9poca m\u00e1s esperada por todos del 23 al 30 de diciembre en M\u00e9xico, por lo que lanzaron una campa\u00f1a especial para los amantes del lujo. Como parte de su campa\u00f1a de Holiday\u2019s, Tiffany &amp; Co. promueve el amor propio, el [&hellip;]<\/p>\n","protected":false},"author":3,"featured_media":49180,"comment_status":"open","ping_status":"open","sticky":false,"template":"","format":"standard","meta":{"footnotes":""},"categories":[18475,2],"tags":[21393,21394,21395],"yoast_head":"<!-- This site is optimized with the Yoast SEO plugin v22.2 - https:\/\/yoast.com\/wordpress\/plugins\/seo\/ -->\n<title>The Ritz-Carlton, Cancun y Tiffany &amp; Co. celebran una Navidad especial - Nitu - Noticias de la Industria Turistica<\/title>\n<meta name=\"robots\" content=\"index, follow, max-snippet:-1, max-image-preview:large, max-video-preview:-1\" \/>\n<link rel=\"canonical\" href=\"https:\/\/nitu.mx\/index.php\/2020\/12\/24\/the-ritz-carlton-cancun-y-tiffany-co-celebran-una-navidad-especial\/\" \/>\n<meta name=\"twitter:card\" content=\"summary_large_image\" \/>\n<meta name=\"twitter:title\" content=\"The Ritz-Carlton, Cancun y Tiffany &amp; Co. celebran una Navidad especial - Nitu - Noticias de la Industria Turistica\" \/>\n<meta name=\"twitter:description\" content=\"The Ritz-Carlton, Cancun y Tiffany &amp; Co. se unen por primera vez para celebrar la \u00e9poca m\u00e1s esperada por todos del 23 al 30 de diciembre en M\u00e9xico, por lo que lanzaron una campa\u00f1a especial para los amantes del lujo. Como parte de su campa\u00f1a de Holiday\u2019s, Tiffany &amp; Co. promueve el amor propio, el [&hellip;]\" \/>\n<meta name=\"twitter:image\" content=\"https:\/\/nitu.mx\/wp-content\/uploads\/2020\/12\/tiffany-ritz-carlton.jpg\" \/>\n<meta name=\"twitter:creator\" content=\"@NITUmx\" \/>\n<meta name=\"twitter:site\" content=\"@Arturo_Medina_G\" \/>\n<meta name=\"twitter:label1\" content=\"Escrito por\" \/>\n\t<meta name=\"twitter:data1\" content=\"Alejandra Moncisbays\" \/>\n\t<meta name=\"twitter:label2\" content=\"Tiempo de lectura\" \/>\n\t<meta name=\"twitter:data2\" content=\"2 minutos\" \/>\n<script type=\"application\/ld+json\" class=\"yoast-schema-graph\">{\"@context\":\"https:\/\/schema.org\",\"@graph\":[{\"@type\":\"Article\",\"@id\":\"https:\/\/nitu.mx\/index.php\/2020\/12\/24\/the-ritz-carlton-cancun-y-tiffany-co-celebran-una-navidad-especial\/#article\",\"isPartOf\":{\"@id\":\"https:\/\/nitu.mx\/index.php\/2020\/12\/24\/the-ritz-carlton-cancun-y-tiffany-co-celebran-una-navidad-especial\/\"},\"author\":{\"name\":\"Alejandra Moncisbays\",\"@id\":\"https:\/\/nitu.mx\/#\/schema\/person\/2ecd887b19dfd3382d1f14fc5acf24a8\"},\"headline\":\"The Ritz-Carlton, Cancun y Tiffany &#038; Co. celebran una Navidad especial\",\"datePublished\":\"2020-12-24T06:20:24+00:00\",\"dateModified\":\"2020-12-24T06:28:54+00:00\",\"mainEntityOfPage\":{\"@id\":\"https:\/\/nitu.mx\/index.php\/2020\/12\/24\/the-ritz-carlton-cancun-y-tiffany-co-celebran-una-navidad-especial\/\"},\"wordCount\":318,\"commentCount\":0,\"publisher\":{\"@id\":\"https:\/\/nitu.mx\/#\/schema\/person\/ae7a53426417292d3dd07b45a33e01bc\"},\"image\":{\"@id\":\"https:\/\/nitu.mx\/index.php\/2020\/12\/24\/the-ritz-carlton-cancun-y-tiffany-co-celebran-una-navidad-especial\/#primaryimage\"},\"thumbnailUrl\":\"https:\/\/nitu.mx\/wp-content\/uploads\/2020\/12\/tiffany-ritz-carlton.jpg\",\"keywords\":[\"Navidad especial\",\"The Ritz-Carlton Cancun\",\"Tiffany &amp; Co.\"],\"articleSection\":[\"Caribe Mexicano\",\"Hoteles\"],\"inLanguage\":\"es-MX\",\"potentialAction\":[{\"@type\":\"CommentAction\",\"name\":\"Comment\",\"target\":[\"https:\/\/nitu.mx\/index.php\/2020\/12\/24\/the-ritz-carlton-cancun-y-tiffany-co-celebran-una-navidad-especial\/#respond\"]}]},{\"@type\":\"WebPage\",\"@id\":\"https:\/\/nitu.mx\/index.php\/2020\/12\/24\/the-ritz-carlton-cancun-y-tiffany-co-celebran-una-navidad-especial\/\",\"url\":\"https:\/\/nitu.mx\/index.php\/2020\/12\/24\/the-ritz-carlton-cancun-y-tiffany-co-celebran-una-navidad-especial\/\",\"name\":\"The Ritz-Carlton, Cancun y Tiffany & Co. celebran una Navidad especial - Nitu - Noticias de la Industria Turistica\",\"isPartOf\":{\"@id\":\"https:\/\/nitu.mx\/#website\"},\"primaryImageOfPage\":{\"@id\":\"https:\/\/nitu.mx\/index.php\/2020\/12\/24\/the-ritz-carlton-cancun-y-tiffany-co-celebran-una-navidad-especial\/#primaryimage\"},\"image\":{\"@id\":\"https:\/\/nitu.mx\/index.php\/2020\/12\/24\/the-ritz-carlton-cancun-y-tiffany-co-celebran-una-navidad-especial\/#primaryimage\"},\"thumbnailUrl\":\"https:\/\/nitu.mx\/wp-content\/uploads\/2020\/12\/tiffany-ritz-carlton.jpg\",\"datePublished\":\"2020-12-24T06:20:24+00:00\",\"dateModified\":\"2020-12-24T06:28:54+00:00\",\"breadcrumb\":{\"@id\":\"https:\/\/nitu.mx\/index.php\/2020\/12\/24\/the-ritz-carlton-cancun-y-tiffany-co-celebran-una-navidad-especial\/#breadcrumb\"},\"inLanguage\":\"es-MX\",\"potentialAction\":[{\"@type\":\"ReadAction\",\"target\":[\"https:\/\/nitu.mx\/index.php\/2020\/12\/24\/the-ritz-carlton-cancun-y-tiffany-co-celebran-una-navidad-especial\/\"]}]},{\"@type\":\"ImageObject\",\"inLanguage\":\"es-MX\",\"@id\":\"https:\/\/nitu.mx\/index.php\/2020\/12\/24\/the-ritz-carlton-cancun-y-tiffany-co-celebran-una-navidad-especial\/#primaryimage\",\"url\":\"https:\/\/nitu.mx\/wp-content\/uploads\/2020\/12\/tiffany-ritz-carlton.jpg\",\"contentUrl\":\"https:\/\/nitu.mx\/wp-content\/uploads\/2020\/12\/tiffany-ritz-carlton.jpg\",\"width\":1200,\"height\":675},{\"@type\":\"BreadcrumbList\",\"@id\":\"https:\/\/nitu.mx\/index.php\/2020\/12\/24\/the-ritz-carlton-cancun-y-tiffany-co-celebran-una-navidad-especial\/#breadcrumb\",\"itemListElement\":[{\"@type\":\"ListItem\",\"position\":1,\"name\":\"Inicio\",\"item\":\"https:\/\/nitu.mx\/\"},{\"@type\":\"ListItem\",\"position\":2,\"name\":\"The Ritz-Carlton, Cancun y Tiffany &#038; Co. celebran una Navidad especial\"}]},{\"@type\":\"WebSite\",\"@id\":\"https:\/\/nitu.mx\/#website\",\"url\":\"https:\/\/nitu.mx\/\",\"name\":\"Nitu - Noticias de la Industria Turistica\",\"description\":\"Noticias de la Industria Turistica\",\"publisher\":{\"@id\":\"https:\/\/nitu.mx\/#\/schema\/person\/ae7a53426417292d3dd07b45a33e01bc\"},\"alternateName\":\"Noticias de la Industria Turistica\",\"potentialAction\":[{\"@type\":\"SearchAction\",\"target\":{\"@type\":\"EntryPoint\",\"urlTemplate\":\"https:\/\/nitu.mx\/?s={search_term_string}\"},\"query-input\":\"required name=search_term_string\"}],\"inLanguage\":\"es-MX\"},{\"@type\":[\"Person\",\"Organization\"],\"@id\":\"https:\/\/nitu.mx\/#\/schema\/person\/ae7a53426417292d3dd07b45a33e01bc\",\"name\":\"Arturo Medina\",\"image\":{\"@type\":\"ImageObject\",\"inLanguage\":\"es-MX\",\"@id\":\"https:\/\/nitu.mx\/#\/schema\/person\/image\/\",\"url\":\"https:\/\/nitu.mx\/wp-content\/uploads\/2024\/04\/4A315622-1904-4D5C-B022-878CDC840E04-90x90-1.jpeg\",\"contentUrl\":\"https:\/\/nitu.mx\/wp-content\/uploads\/2024\/04\/4A315622-1904-4D5C-B022-878CDC840E04-90x90-1.jpeg\",\"width\":90,\"height\":90,\"caption\":\"Arturo Medina\"},\"logo\":{\"@id\":\"https:\/\/nitu.mx\/#\/schema\/person\/image\/\"},\"description\":\"Director NITU.mx, Egresado de la Escuela de Periodismo Carlos Septi\u00e9n Garc\u00eda. Periodista y analista especializado en turismo desde hace 35 a\u00f1os, radicado en Canc\u00fan Q.Roo. arturo@nitu.mx\",\"sameAs\":[\"https:\/\/nitu.mx\",\"https:\/\/www.facebook.com\/NITUmx\/\",\"medinacancun\",\"https:\/\/twitter.com\/@Arturo_Medina_G\"]},{\"@type\":\"Person\",\"@id\":\"https:\/\/nitu.mx\/#\/schema\/person\/2ecd887b19dfd3382d1f14fc5acf24a8\",\"name\":\"Alejandra Moncisbays\",\"image\":{\"@type\":\"ImageObject\",\"inLanguage\":\"es-MX\",\"@id\":\"https:\/\/nitu.mx\/#\/schema\/person\/image\/\",\"url\":\"https:\/\/secure.gravatar.com\/avatar\/e74f7af0be172b7804dacfd0bfbef787?s=96&d=mm&r=g\",\"contentUrl\":\"https:\/\/secure.gravatar.com\/avatar\/e74f7af0be172b7804dacfd0bfbef787?s=96&d=mm&r=g\",\"caption\":\"Alejandra Moncisbays\"},\"description\":\"Curs\u00e9 la carrera de Periodismo y Comunicaci\u00f3n en la Facultad de Estudios Profesionales Acatl\u00e1n. Vivo en Canc\u00fan desde hace 24 a\u00f1os. Fui reportera de La Tarde de Canc\u00fan, y Novedades de Quintana Roo, colabor\u00e9 en TVCUN, edit\u00e9 Cancun\u00edssimo y colabor\u00e9 en las revistas Latitud21, entre otras, con principal enfoque en los sectores empresarial y tur\u00edstico. Desde hace varios a\u00f1os soy Agente de Seguros con c\u00e9dula de la Comisi\u00f3n Nacional de Seguros y Fianzas. Actualmente, me desarrollo en los \u00e1mbitos del periodismo y el sector asegurador.\",\"sameAs\":[\"https:\/\/nitu.mx\"],\"url\":\"https:\/\/nitu.mx\/index.php\/author\/alejandra\/\"}]}<\/script>\n<!-- \/ Yoast SEO plugin. -->","yoast_head_json":{"title":"The Ritz-Carlton, Cancun y Tiffany & Co. celebran una Navidad especial - Nitu - Noticias de la Industria Turistica","robots":{"index":"index","follow":"follow","max-snippet":"max-snippet:-1","max-image-preview":"max-image-preview:large","max-video-preview":"max-video-preview:-1"},"canonical":"https:\/\/nitu.mx\/index.php\/2020\/12\/24\/the-ritz-carlton-cancun-y-tiffany-co-celebran-una-navidad-especial\/","twitter_card":"summary_large_image","twitter_title":"The Ritz-Carlton, Cancun y Tiffany & Co. celebran una Navidad especial - Nitu - Noticias de la Industria Turistica","twitter_description":"The Ritz-Carlton, Cancun y Tiffany &amp; Co. se unen por primera vez para celebrar la \u00e9poca m\u00e1s esperada por todos del 23 al 30 de diciembre en M\u00e9xico, por lo que lanzaron una campa\u00f1a especial para los amantes del lujo. Como parte de su campa\u00f1a de Holiday\u2019s, Tiffany &amp; Co. promueve el amor propio, el [&hellip;]","twitter_image":"https:\/\/nitu.mx\/wp-content\/uploads\/2020\/12\/tiffany-ritz-carlton.jpg","twitter_creator":"@NITUmx","twitter_site":"@Arturo_Medina_G","twitter_misc":{"Escrito por":"Alejandra Moncisbays","Tiempo de lectura":"2 minutos"},"schema":{"@context":"https:\/\/schema.org","@graph":[{"@type":"Article","@id":"https:\/\/nitu.mx\/index.php\/2020\/12\/24\/the-ritz-carlton-cancun-y-tiffany-co-celebran-una-navidad-especial\/#article","isPartOf":{"@id":"https:\/\/nitu.mx\/index.php\/2020\/12\/24\/the-ritz-carlton-cancun-y-tiffany-co-celebran-una-navidad-especial\/"},"author":{"name":"Alejandra Moncisbays","@id":"https:\/\/nitu.mx\/#\/schema\/person\/2ecd887b19dfd3382d1f14fc5acf24a8"},"headline":"The Ritz-Carlton, Cancun y Tiffany &#038; Co. celebran una Navidad especial","datePublished":"2020-12-24T06:20:24+00:00","dateModified":"2020-12-24T06:28:54+00:00","mainEntityOfPage":{"@id":"https:\/\/nitu.mx\/index.php\/2020\/12\/24\/the-ritz-carlton-cancun-y-tiffany-co-celebran-una-navidad-especial\/"},"wordCount":318,"commentCount":0,"publisher":{"@id":"https:\/\/nitu.mx\/#\/schema\/person\/ae7a53426417292d3dd07b45a33e01bc"},"image":{"@id":"https:\/\/nitu.mx\/index.php\/2020\/12\/24\/the-ritz-carlton-cancun-y-tiffany-co-celebran-una-navidad-especial\/#primaryimage"},"thumbnailUrl":"https:\/\/nitu.mx\/wp-content\/uploads\/2020\/12\/tiffany-ritz-carlton.jpg","keywords":["Navidad especial","The Ritz-Carlton Cancun","Tiffany &amp; Co."],"articleSection":["Caribe Mexicano","Hoteles"],"inLanguage":"es-MX","potentialAction":[{"@type":"CommentAction","name":"Comment","target":["https:\/\/nitu.mx\/index.php\/2020\/12\/24\/the-ritz-carlton-cancun-y-tiffany-co-celebran-una-navidad-especial\/#respond"]}]},{"@type":"WebPage","@id":"https:\/\/nitu.mx\/index.php\/2020\/12\/24\/the-ritz-carlton-cancun-y-tiffany-co-celebran-una-navidad-especial\/","url":"https:\/\/nitu.mx\/index.php\/2020\/12\/24\/the-ritz-carlton-cancun-y-tiffany-co-celebran-una-navidad-especial\/","name":"The Ritz-Carlton, Cancun y Tiffany & Co. celebran una Navidad especial - Nitu - Noticias de la Industria Turistica","isPartOf":{"@id":"https:\/\/nitu.mx\/#website"},"primaryImageOfPage":{"@id":"https:\/\/nitu.mx\/index.php\/2020\/12\/24\/the-ritz-carlton-cancun-y-tiffany-co-celebran-una-navidad-especial\/#primaryimage"},"image":{"@id":"https:\/\/nitu.mx\/index.php\/2020\/12\/24\/the-ritz-carlton-cancun-y-tiffany-co-celebran-una-navidad-especial\/#primaryimage"},"thumbnailUrl":"https:\/\/nitu.mx\/wp-content\/uploads\/2020\/12\/tiffany-ritz-carlton.jpg","datePublished":"2020-12-24T06:20:24+00:00","dateModified":"2020-12-24T06:28:54+00:00","breadcrumb":{"@id":"https:\/\/nitu.mx\/index.php\/2020\/12\/24\/the-ritz-carlton-cancun-y-tiffany-co-celebran-una-navidad-especial\/#breadcrumb"},"inLanguage":"es-MX","potentialAction":[{"@type":"ReadAction","target":["https:\/\/nitu.mx\/index.php\/2020\/12\/24\/the-ritz-carlton-cancun-y-tiffany-co-celebran-una-navidad-especial\/"]}]},{"@type":"ImageObject","inLanguage":"es-MX","@id":"https:\/\/nitu.mx\/index.php\/2020\/12\/24\/the-ritz-carlton-cancun-y-tiffany-co-celebran-una-navidad-especial\/#primaryimage","url":"https:\/\/nitu.mx\/wp-content\/uploads\/2020\/12\/tiffany-ritz-carlton.jpg","contentUrl":"https:\/\/nitu.mx\/wp-content\/uploads\/2020\/12\/tiffany-ritz-carlton.jpg","width":1200,"height":675},{"@type":"BreadcrumbList","@id":"https:\/\/nitu.mx\/index.php\/2020\/12\/24\/the-ritz-carlton-cancun-y-tiffany-co-celebran-una-navidad-especial\/#breadcrumb","itemListElement":[{"@type":"ListItem","position":1,"name":"Inicio","item":"https:\/\/nitu.mx\/"},{"@type":"ListItem","position":2,"name":"The Ritz-Carlton, Cancun y Tiffany &#038; Co. celebran una Navidad especial"}]},{"@type":"WebSite","@id":"https:\/\/nitu.mx\/#website","url":"https:\/\/nitu.mx\/","name":"Nitu - Noticias de la Industria Turistica","description":"Noticias de la Industria Turistica","publisher":{"@id":"https:\/\/nitu.mx\/#\/schema\/person\/ae7a53426417292d3dd07b45a33e01bc"},"alternateName":"Noticias de la Industria Turistica","potentialAction":[{"@type":"SearchAction","target":{"@type":"EntryPoint","urlTemplate":"https:\/\/nitu.mx\/?s={search_term_string}"},"query-input":"required name=search_term_string"}],"inLanguage":"es-MX"},{"@type":["Person","Organization"],"@id":"https:\/\/nitu.mx\/#\/schema\/person\/ae7a53426417292d3dd07b45a33e01bc","name":"Arturo Medina","image":{"@type":"ImageObject","inLanguage":"es-MX","@id":"https:\/\/nitu.mx\/#\/schema\/person\/image\/","url":"https:\/\/nitu.mx\/wp-content\/uploads\/2024\/04\/4A315622-1904-4D5C-B022-878CDC840E04-90x90-1.jpeg","contentUrl":"https:\/\/nitu.mx\/wp-content\/uploads\/2024\/04\/4A315622-1904-4D5C-B022-878CDC840E04-90x90-1.jpeg","width":90,"height":90,"caption":"Arturo Medina"},"logo":{"@id":"https:\/\/nitu.mx\/#\/schema\/person\/image\/"},"description":"Director NITU.mx, Egresado de la Escuela de Periodismo Carlos Septi\u00e9n Garc\u00eda. Periodista y analista especializado en turismo desde hace 35 a\u00f1os, radicado en Canc\u00fan Q.Roo. arturo@nitu.mx","sameAs":["https:\/\/nitu.mx","https:\/\/www.facebook.com\/NITUmx\/","medinacancun","https:\/\/twitter.com\/@Arturo_Medina_G"]},{"@type":"Person","@id":"https:\/\/nitu.mx\/#\/schema\/person\/2ecd887b19dfd3382d1f14fc5acf24a8","name":"Alejandra Moncisbays","image":{"@type":"ImageObject","inLanguage":"es-MX","@id":"https:\/\/nitu.mx\/#\/schema\/person\/image\/","url":"https:\/\/secure.gravatar.com\/avatar\/e74f7af0be172b7804dacfd0bfbef787?s=96&d=mm&r=g","contentUrl":"https:\/\/secure.gravatar.com\/avatar\/e74f7af0be172b7804dacfd0bfbef787?s=96&d=mm&r=g","caption":"Alejandra Moncisbays"},"description":"Curs\u00e9 la carrera de Periodismo y Comunicaci\u00f3n en la Facultad de Estudios Profesionales Acatl\u00e1n. Vivo en Canc\u00fan desde hace 24 a\u00f1os. Fui reportera de La Tarde de Canc\u00fan, y Novedades de Quintana Roo, colabor\u00e9 en TVCUN, edit\u00e9 Cancun\u00edssimo y colabor\u00e9 en las revistas Latitud21, entre otras, con principal enfoque en los sectores empresarial y tur\u00edstico. Desde hace varios a\u00f1os soy Agente de Seguros con c\u00e9dula de la Comisi\u00f3n Nacional de Seguros y Fianzas. Actualmente, me desarrollo en los \u00e1mbitos del periodismo y el sector asegurador.","sameAs":["https:\/\/nitu.mx"],"url":"https:\/\/nitu.mx\/index.php\/author\/alejandra\/"}]}},"views":297,"_links":{"self":[{"href":"https:\/\/nitu.mx\/index.php\/wp-json\/wp\/v2\/posts\/49170"}],"collection":[{"href":"https:\/\/nitu.mx\/index.php\/wp-json\/wp\/v2\/posts"}],"about":[{"href":"https:\/\/nitu.mx\/index.php\/wp-json\/wp\/v2\/types\/post"}],"author":[{"embeddable":true,"href":"https:\/\/nitu.mx\/index.php\/wp-json\/wp\/v2\/users\/3"}],"replies":[{"embeddable":true,"href":"https:\/\/nitu.mx\/index.php\/wp-json\/wp\/v2\/comments?post=49170"}],"version-history":[{"count":3,"href":"https:\/\/nitu.mx\/index.php\/wp-json\/wp\/v2\/posts\/49170\/revisions"}],"predecessor-version":[{"id":49181,"href":"https:\/\/nitu.mx\/index.php\/wp-json\/wp\/v2\/posts\/49170\/revisions\/49181"}],"wp:featuredmedia":[{"embeddable":true,"href":"https:\/\/nitu.mx\/index.php\/wp-json\/wp\/v2\/media\/49180"}],"wp:attachment":[{"href":"https:\/\/nitu.mx\/index.php\/wp-json\/wp\/v2\/media?parent=49170"}],"wp:term":[{"taxonomy":"category","embeddable":true,"href":"https:\/\/nitu.mx\/index.php\/wp-json\/wp\/v2\/categories?post=49170"},{"taxonomy":"post_tag","embeddable":true,"href":"https:\/\/nitu.mx\/index.php\/wp-json\/wp\/v2\/tags?post=49170"}],"curies":[{"name":"wp","href":"https:\/\/api.w.org\/{rel}","templated":true}]}}