{"id":49130,"date":"2020-12-22T17:40:29","date_gmt":"2020-12-22T22:40:29","guid":{"rendered":"https:\/\/www.dev.nitu.mx\/?p=49130"},"modified":"2020-12-23T01:22:57","modified_gmt":"2020-12-23T06:22:57","slug":"cancun-destino-de-aeromexico-para-reincorporar-el-boeing-737-max","status":"publish","type":"post","link":"https:\/\/nitu.mx\/index.php\/2020\/12\/22\/cancun-destino-de-aeromexico-para-reincorporar-el-boeing-737-max\/","title":{"rendered":"Canc\u00fan, destino de Aerom\u00e9xico para reincorporar el Boeing 737 MAX"},"content":{"rendered":"<p>Aerom\u00e9xico dar\u00e1 inicio a la reincorporaci\u00f3n de sus aviones Boeing 737 MAX con vuelos nacionales, primero con la ruta CDMX \u2013 Canc\u00fan y posteriormente sumar\u00e1 destinos como Guadalajara, Monterrey y Tijuana.<\/p>\n<p>As\u00ed lo dio a conocer la compa\u00f1\u00eda a\u00e9rea, luego de que la Administraci\u00f3n Federal de Aviaci\u00f3n de Estados Unidos (FAA, por sus siglas en ingl\u00e9s) emitiera la certificaci\u00f3n de este modelo de aeronave para regresar a sus operaciones comerciales.<\/p>\n<p>Aerom\u00e9xico inform\u00f3 que coordin\u00f3 con Boeing y la Agencia Federal de Aviaci\u00f3n Civil (AFAC) las gestiones y pruebas necesarias para la reincorporar los seis aviones 737 MAX que tiene en su flota a sus operaciones.<\/p>\n<p>La aeronave dej\u00f3 de operar a nivel mundial en marzo de 2019, tras dos accidentes fatales generadas por fallas en su sistema operativo, de acuerdo con las investigaciones realizadas, y que ya fueron corregidas.<\/p>\n<p>La aerol\u00ednea mexicana comunic\u00f3 que sus pilotos completaron las capacitaciones necesarias para volar estos equipos, luego de las modificaciones que se realizaron, en apego a los requisitos establecidos por las autoridades y el fabricante.<\/p>\n<p>El Boeing 737 MAX es un avi\u00f3n con gran eficiencia en comparaci\u00f3n con modelos de otras generaciones, pues utiliza hasta 14 por ciento menos de combustible por asiento, registra casi 15 por ciento menos en emisiones de CO2 y hasta 40 por ciento menos en huella sonora.<\/p>\n<p>Su alcance llega a ser de hasta 20 por ciento mayor y su costo de operaci\u00f3n es casi 10 por ciento menor en comparaci\u00f3n con otros equipos.<\/p>\n<p>El capit\u00e1n Pablo Aram Aznavurian Roure, vicepresidente de Operaciones de Vuelo de Grupo Aerom\u00e9xico, coment\u00f3:\u00a0\u201cComo piloto y directivo de Grupo Aerom\u00e9xico, me siento muy orgulloso de tener nuevamente operando a uno de los aviones m\u00e1s eficientes, modernos, menos contaminantes y seguros del mundo. Nuestros pilotos, t\u00e9cnicos y todo el personal de la aerol\u00ednea estamos listos para volar y reconocemos las revisiones minuciosas que la AFAC ha realizado para garantizar la seguridad y el cumplimiento estricto de todos los requerimientos\u201d.<\/p>\n<p>Por su parte, Andr\u00e9s Conesa, director general de la aerol\u00ednea, se\u00f1al\u00f3 \u201cQuiero agradecer a todos nuestros colaboradores que han hecho un excelente trabajo manteniendo nuestras aeronaves en tierra en \u00f3ptimas condiciones y listas para volar cuando se necesiten. Gracias tambi\u00e9n a las autoridades regulatorias en las distintas regiones del mundo y a Boeing por hacer posible que el MAX vuele de nuevo\u201d.\u00a0<a title=\"Boeing 737 Max est\u00e1 listo para volver a funcionar a fines de 2020\" href=\"https:\/\/www.dev.nitu.mx\/index.php\/2020\/10\/21\/boeing-737-max-esta-listo-para-volver-a-funcionar-a-fines-de-2020\/\" rel=\"bookmark\">(Boeing 737 Max est\u00e1 listo para volver a funcionar a fines de 2020<\/a>).<\/p>\n","protected":false},"excerpt":{"rendered":"<p>Aerom\u00e9xico dar\u00e1 inicio a la reincorporaci\u00f3n de sus aviones Boeing 737 MAX con vuelos nacionales, primero con la ruta CDMX \u2013 Canc\u00fan y posteriormente sumar\u00e1 destinos como Guadalajara, Monterrey y Tijuana. As\u00ed lo dio a conocer la compa\u00f1\u00eda a\u00e9rea, luego de que la Administraci\u00f3n Federal de Aviaci\u00f3n de Estados Unidos (FAA, por sus siglas en [&hellip;]<\/p>\n","protected":false},"author":18,"featured_media":49134,"comment_status":"open","ping_status":"open","sticky":false,"template":"","format":"standard","meta":{"footnotes":""},"categories":[29],"tags":[30,14341,14807,43,21378],"yoast_head":"<!-- This site is optimized with the Yoast SEO plugin v22.2 - https:\/\/yoast.com\/wordpress\/plugins\/seo\/ -->\n<title>Canc\u00fan, destino de Aerom\u00e9xico para reincorporar el Boeing 737 MAX - Nitu - Noticias de la Industria Turistica<\/title>\n<meta name=\"robots\" content=\"index, follow, max-snippet:-1, max-image-preview:large, max-video-preview:-1\" \/>\n<link rel=\"canonical\" href=\"https:\/\/nitu.mx\/index.php\/2020\/12\/22\/cancun-destino-de-aeromexico-para-reincorporar-el-boeing-737-max\/\" \/>\n<meta name=\"twitter:card\" content=\"summary_large_image\" \/>\n<meta name=\"twitter:title\" content=\"Canc\u00fan, destino de Aerom\u00e9xico para reincorporar el Boeing 737 MAX - Nitu - Noticias de la Industria Turistica\" \/>\n<meta name=\"twitter:description\" content=\"Aerom\u00e9xico dar\u00e1 inicio a la reincorporaci\u00f3n de sus aviones Boeing 737 MAX con vuelos nacionales, primero con la ruta CDMX \u2013 Canc\u00fan y posteriormente sumar\u00e1 destinos como Guadalajara, Monterrey y Tijuana. As\u00ed lo dio a conocer la compa\u00f1\u00eda a\u00e9rea, luego de que la Administraci\u00f3n Federal de Aviaci\u00f3n de Estados Unidos (FAA, por sus siglas en [&hellip;]\" \/>\n<meta name=\"twitter:image\" content=\"https:\/\/nitu.mx\/wp-content\/uploads\/2020\/12\/Aerom\u00e9xico-Boeing-737-MAX.jpg\" \/>\n<meta name=\"twitter:creator\" content=\"@NITUmx\" \/>\n<meta name=\"twitter:site\" content=\"@Arturo_Medina_G\" \/>\n<meta name=\"twitter:label1\" content=\"Escrito por\" \/>\n\t<meta name=\"twitter:data1\" content=\"Guadalupe Sixto\" \/>\n\t<meta name=\"twitter:label2\" content=\"Tiempo de lectura\" \/>\n\t<meta name=\"twitter:data2\" content=\"2 minutos\" \/>\n<script type=\"application\/ld+json\" class=\"yoast-schema-graph\">{\"@context\":\"https:\/\/schema.org\",\"@graph\":[{\"@type\":\"Article\",\"@id\":\"https:\/\/nitu.mx\/index.php\/2020\/12\/22\/cancun-destino-de-aeromexico-para-reincorporar-el-boeing-737-max\/#article\",\"isPartOf\":{\"@id\":\"https:\/\/nitu.mx\/index.php\/2020\/12\/22\/cancun-destino-de-aeromexico-para-reincorporar-el-boeing-737-max\/\"},\"author\":{\"name\":\"Guadalupe Sixto\",\"@id\":\"https:\/\/nitu.mx\/#\/schema\/person\/3df3082b5e46037e3f13614d28ee0b77\"},\"headline\":\"Canc\u00fan, destino de Aerom\u00e9xico para reincorporar el Boeing 737 MAX\",\"datePublished\":\"2020-12-22T22:40:29+00:00\",\"dateModified\":\"2020-12-23T06:22:57+00:00\",\"mainEntityOfPage\":{\"@id\":\"https:\/\/nitu.mx\/index.php\/2020\/12\/22\/cancun-destino-de-aeromexico-para-reincorporar-el-boeing-737-max\/\"},\"wordCount\":427,\"commentCount\":0,\"publisher\":{\"@id\":\"https:\/\/nitu.mx\/#\/schema\/person\/ae7a53426417292d3dd07b45a33e01bc\"},\"image\":{\"@id\":\"https:\/\/nitu.mx\/index.php\/2020\/12\/22\/cancun-destino-de-aeromexico-para-reincorporar-el-boeing-737-max\/#primaryimage\"},\"thumbnailUrl\":\"https:\/\/nitu.mx\/wp-content\/uploads\/2020\/12\/Aerom\u00e9xico-Boeing-737-MAX.jpg\",\"keywords\":[\"Aerom\u00e9xico\",\"AFAC\",\"Boeing 737 MAX\",\"Canc\u00fan\",\"Pablo Aram Aznavurian\"],\"articleSection\":[\"Aerol\u00edneas\"],\"inLanguage\":\"es-MX\",\"potentialAction\":[{\"@type\":\"CommentAction\",\"name\":\"Comment\",\"target\":[\"https:\/\/nitu.mx\/index.php\/2020\/12\/22\/cancun-destino-de-aeromexico-para-reincorporar-el-boeing-737-max\/#respond\"]}]},{\"@type\":\"WebPage\",\"@id\":\"https:\/\/nitu.mx\/index.php\/2020\/12\/22\/cancun-destino-de-aeromexico-para-reincorporar-el-boeing-737-max\/\",\"url\":\"https:\/\/nitu.mx\/index.php\/2020\/12\/22\/cancun-destino-de-aeromexico-para-reincorporar-el-boeing-737-max\/\",\"name\":\"Canc\u00fan, destino de Aerom\u00e9xico para reincorporar el Boeing 737 MAX - Nitu - Noticias de la Industria Turistica\",\"isPartOf\":{\"@id\":\"https:\/\/nitu.mx\/#website\"},\"primaryImageOfPage\":{\"@id\":\"https:\/\/nitu.mx\/index.php\/2020\/12\/22\/cancun-destino-de-aeromexico-para-reincorporar-el-boeing-737-max\/#primaryimage\"},\"image\":{\"@id\":\"https:\/\/nitu.mx\/index.php\/2020\/12\/22\/cancun-destino-de-aeromexico-para-reincorporar-el-boeing-737-max\/#primaryimage\"},\"thumbnailUrl\":\"https:\/\/nitu.mx\/wp-content\/uploads\/2020\/12\/Aerom\u00e9xico-Boeing-737-MAX.jpg\",\"datePublished\":\"2020-12-22T22:40:29+00:00\",\"dateModified\":\"2020-12-23T06:22:57+00:00\",\"breadcrumb\":{\"@id\":\"https:\/\/nitu.mx\/index.php\/2020\/12\/22\/cancun-destino-de-aeromexico-para-reincorporar-el-boeing-737-max\/#breadcrumb\"},\"inLanguage\":\"es-MX\",\"potentialAction\":[{\"@type\":\"ReadAction\",\"target\":[\"https:\/\/nitu.mx\/index.php\/2020\/12\/22\/cancun-destino-de-aeromexico-para-reincorporar-el-boeing-737-max\/\"]}]},{\"@type\":\"ImageObject\",\"inLanguage\":\"es-MX\",\"@id\":\"https:\/\/nitu.mx\/index.php\/2020\/12\/22\/cancun-destino-de-aeromexico-para-reincorporar-el-boeing-737-max\/#primaryimage\",\"url\":\"https:\/\/nitu.mx\/wp-content\/uploads\/2020\/12\/Aerom\u00e9xico-Boeing-737-MAX.jpg\",\"contentUrl\":\"https:\/\/nitu.mx\/wp-content\/uploads\/2020\/12\/Aerom\u00e9xico-Boeing-737-MAX.jpg\",\"width\":1200,\"height\":675,\"caption\":\"Aerom\u00e9xico\"},{\"@type\":\"BreadcrumbList\",\"@id\":\"https:\/\/nitu.mx\/index.php\/2020\/12\/22\/cancun-destino-de-aeromexico-para-reincorporar-el-boeing-737-max\/#breadcrumb\",\"itemListElement\":[{\"@type\":\"ListItem\",\"position\":1,\"name\":\"Inicio\",\"item\":\"https:\/\/nitu.mx\/\"},{\"@type\":\"ListItem\",\"position\":2,\"name\":\"Canc\u00fan, destino de Aerom\u00e9xico para reincorporar el Boeing 737 MAX\"}]},{\"@type\":\"WebSite\",\"@id\":\"https:\/\/nitu.mx\/#website\",\"url\":\"https:\/\/nitu.mx\/\",\"name\":\"Nitu - Noticias de la Industria Turistica\",\"description\":\"Noticias de la Industria Turistica\",\"publisher\":{\"@id\":\"https:\/\/nitu.mx\/#\/schema\/person\/ae7a53426417292d3dd07b45a33e01bc\"},\"alternateName\":\"Noticias de la Industria Turistica\",\"potentialAction\":[{\"@type\":\"SearchAction\",\"target\":{\"@type\":\"EntryPoint\",\"urlTemplate\":\"https:\/\/nitu.mx\/?s={search_term_string}\"},\"query-input\":\"required name=search_term_string\"}],\"inLanguage\":\"es-MX\"},{\"@type\":[\"Person\",\"Organization\"],\"@id\":\"https:\/\/nitu.mx\/#\/schema\/person\/ae7a53426417292d3dd07b45a33e01bc\",\"name\":\"Arturo Medina\",\"image\":{\"@type\":\"ImageObject\",\"inLanguage\":\"es-MX\",\"@id\":\"https:\/\/nitu.mx\/#\/schema\/person\/image\/\",\"url\":\"https:\/\/nitu.mx\/wp-content\/uploads\/2024\/04\/4A315622-1904-4D5C-B022-878CDC840E04-90x90-1.jpeg\",\"contentUrl\":\"https:\/\/nitu.mx\/wp-content\/uploads\/2024\/04\/4A315622-1904-4D5C-B022-878CDC840E04-90x90-1.jpeg\",\"width\":90,\"height\":90,\"caption\":\"Arturo Medina\"},\"logo\":{\"@id\":\"https:\/\/nitu.mx\/#\/schema\/person\/image\/\"},\"description\":\"Director NITU.mx, Egresado de la Escuela de Periodismo Carlos Septi\u00e9n Garc\u00eda. Periodista y analista especializado en turismo desde hace 35 a\u00f1os, radicado en Canc\u00fan Q.Roo. arturo@nitu.mx\",\"sameAs\":[\"https:\/\/nitu.mx\",\"https:\/\/www.facebook.com\/NITUmx\/\",\"medinacancun\",\"https:\/\/twitter.com\/@Arturo_Medina_G\"]},{\"@type\":\"Person\",\"@id\":\"https:\/\/nitu.mx\/#\/schema\/person\/3df3082b5e46037e3f13614d28ee0b77\",\"name\":\"Guadalupe Sixto\",\"image\":{\"@type\":\"ImageObject\",\"inLanguage\":\"es-MX\",\"@id\":\"https:\/\/nitu.mx\/#\/schema\/person\/image\/\",\"url\":\"https:\/\/secure.gravatar.com\/avatar\/13914e1b0e1919e91f9539de4dc584c4?s=96&d=mm&r=g\",\"contentUrl\":\"https:\/\/secure.gravatar.com\/avatar\/13914e1b0e1919e91f9539de4dc584c4?s=96&d=mm&r=g\",\"caption\":\"Guadalupe Sixto\"},\"url\":\"https:\/\/nitu.mx\/index.php\/author\/gsixto\/\"}]}<\/script>\n<!-- \/ Yoast SEO plugin. -->","yoast_head_json":{"title":"Canc\u00fan, destino de Aerom\u00e9xico para reincorporar el Boeing 737 MAX - Nitu - Noticias de la Industria Turistica","robots":{"index":"index","follow":"follow","max-snippet":"max-snippet:-1","max-image-preview":"max-image-preview:large","max-video-preview":"max-video-preview:-1"},"canonical":"https:\/\/nitu.mx\/index.php\/2020\/12\/22\/cancun-destino-de-aeromexico-para-reincorporar-el-boeing-737-max\/","twitter_card":"summary_large_image","twitter_title":"Canc\u00fan, destino de Aerom\u00e9xico para reincorporar el Boeing 737 MAX - Nitu - Noticias de la Industria Turistica","twitter_description":"Aerom\u00e9xico dar\u00e1 inicio a la reincorporaci\u00f3n de sus aviones Boeing 737 MAX con vuelos nacionales, primero con la ruta CDMX \u2013 Canc\u00fan y posteriormente sumar\u00e1 destinos como Guadalajara, Monterrey y Tijuana. As\u00ed lo dio a conocer la compa\u00f1\u00eda a\u00e9rea, luego de que la Administraci\u00f3n Federal de Aviaci\u00f3n de Estados Unidos (FAA, por sus siglas en [&hellip;]","twitter_image":"https:\/\/nitu.mx\/wp-content\/uploads\/2020\/12\/Aerom\u00e9xico-Boeing-737-MAX.jpg","twitter_creator":"@NITUmx","twitter_site":"@Arturo_Medina_G","twitter_misc":{"Escrito por":"Guadalupe Sixto","Tiempo de lectura":"2 minutos"},"schema":{"@context":"https:\/\/schema.org","@graph":[{"@type":"Article","@id":"https:\/\/nitu.mx\/index.php\/2020\/12\/22\/cancun-destino-de-aeromexico-para-reincorporar-el-boeing-737-max\/#article","isPartOf":{"@id":"https:\/\/nitu.mx\/index.php\/2020\/12\/22\/cancun-destino-de-aeromexico-para-reincorporar-el-boeing-737-max\/"},"author":{"name":"Guadalupe Sixto","@id":"https:\/\/nitu.mx\/#\/schema\/person\/3df3082b5e46037e3f13614d28ee0b77"},"headline":"Canc\u00fan, destino de Aerom\u00e9xico para reincorporar el Boeing 737 MAX","datePublished":"2020-12-22T22:40:29+00:00","dateModified":"2020-12-23T06:22:57+00:00","mainEntityOfPage":{"@id":"https:\/\/nitu.mx\/index.php\/2020\/12\/22\/cancun-destino-de-aeromexico-para-reincorporar-el-boeing-737-max\/"},"wordCount":427,"commentCount":0,"publisher":{"@id":"https:\/\/nitu.mx\/#\/schema\/person\/ae7a53426417292d3dd07b45a33e01bc"},"image":{"@id":"https:\/\/nitu.mx\/index.php\/2020\/12\/22\/cancun-destino-de-aeromexico-para-reincorporar-el-boeing-737-max\/#primaryimage"},"thumbnailUrl":"https:\/\/nitu.mx\/wp-content\/uploads\/2020\/12\/Aerom\u00e9xico-Boeing-737-MAX.jpg","keywords":["Aerom\u00e9xico","AFAC","Boeing 737 MAX","Canc\u00fan","Pablo Aram Aznavurian"],"articleSection":["Aerol\u00edneas"],"inLanguage":"es-MX","potentialAction":[{"@type":"CommentAction","name":"Comment","target":["https:\/\/nitu.mx\/index.php\/2020\/12\/22\/cancun-destino-de-aeromexico-para-reincorporar-el-boeing-737-max\/#respond"]}]},{"@type":"WebPage","@id":"https:\/\/nitu.mx\/index.php\/2020\/12\/22\/cancun-destino-de-aeromexico-para-reincorporar-el-boeing-737-max\/","url":"https:\/\/nitu.mx\/index.php\/2020\/12\/22\/cancun-destino-de-aeromexico-para-reincorporar-el-boeing-737-max\/","name":"Canc\u00fan, destino de Aerom\u00e9xico para reincorporar el Boeing 737 MAX - Nitu - Noticias de la Industria Turistica","isPartOf":{"@id":"https:\/\/nitu.mx\/#website"},"primaryImageOfPage":{"@id":"https:\/\/nitu.mx\/index.php\/2020\/12\/22\/cancun-destino-de-aeromexico-para-reincorporar-el-boeing-737-max\/#primaryimage"},"image":{"@id":"https:\/\/nitu.mx\/index.php\/2020\/12\/22\/cancun-destino-de-aeromexico-para-reincorporar-el-boeing-737-max\/#primaryimage"},"thumbnailUrl":"https:\/\/nitu.mx\/wp-content\/uploads\/2020\/12\/Aerom\u00e9xico-Boeing-737-MAX.jpg","datePublished":"2020-12-22T22:40:29+00:00","dateModified":"2020-12-23T06:22:57+00:00","breadcrumb":{"@id":"https:\/\/nitu.mx\/index.php\/2020\/12\/22\/cancun-destino-de-aeromexico-para-reincorporar-el-boeing-737-max\/#breadcrumb"},"inLanguage":"es-MX","potentialAction":[{"@type":"ReadAction","target":["https:\/\/nitu.mx\/index.php\/2020\/12\/22\/cancun-destino-de-aeromexico-para-reincorporar-el-boeing-737-max\/"]}]},{"@type":"ImageObject","inLanguage":"es-MX","@id":"https:\/\/nitu.mx\/index.php\/2020\/12\/22\/cancun-destino-de-aeromexico-para-reincorporar-el-boeing-737-max\/#primaryimage","url":"https:\/\/nitu.mx\/wp-content\/uploads\/2020\/12\/Aerom\u00e9xico-Boeing-737-MAX.jpg","contentUrl":"https:\/\/nitu.mx\/wp-content\/uploads\/2020\/12\/Aerom\u00e9xico-Boeing-737-MAX.jpg","width":1200,"height":675,"caption":"Aerom\u00e9xico"},{"@type":"BreadcrumbList","@id":"https:\/\/nitu.mx\/index.php\/2020\/12\/22\/cancun-destino-de-aeromexico-para-reincorporar-el-boeing-737-max\/#breadcrumb","itemListElement":[{"@type":"ListItem","position":1,"name":"Inicio","item":"https:\/\/nitu.mx\/"},{"@type":"ListItem","position":2,"name":"Canc\u00fan, destino de Aerom\u00e9xico para reincorporar el Boeing 737 MAX"}]},{"@type":"WebSite","@id":"https:\/\/nitu.mx\/#website","url":"https:\/\/nitu.mx\/","name":"Nitu - Noticias de la Industria Turistica","description":"Noticias de la Industria Turistica","publisher":{"@id":"https:\/\/nitu.mx\/#\/schema\/person\/ae7a53426417292d3dd07b45a33e01bc"},"alternateName":"Noticias de la Industria Turistica","potentialAction":[{"@type":"SearchAction","target":{"@type":"EntryPoint","urlTemplate":"https:\/\/nitu.mx\/?s={search_term_string}"},"query-input":"required name=search_term_string"}],"inLanguage":"es-MX"},{"@type":["Person","Organization"],"@id":"https:\/\/nitu.mx\/#\/schema\/person\/ae7a53426417292d3dd07b45a33e01bc","name":"Arturo Medina","image":{"@type":"ImageObject","inLanguage":"es-MX","@id":"https:\/\/nitu.mx\/#\/schema\/person\/image\/","url":"https:\/\/nitu.mx\/wp-content\/uploads\/2024\/04\/4A315622-1904-4D5C-B022-878CDC840E04-90x90-1.jpeg","contentUrl":"https:\/\/nitu.mx\/wp-content\/uploads\/2024\/04\/4A315622-1904-4D5C-B022-878CDC840E04-90x90-1.jpeg","width":90,"height":90,"caption":"Arturo Medina"},"logo":{"@id":"https:\/\/nitu.mx\/#\/schema\/person\/image\/"},"description":"Director NITU.mx, Egresado de la Escuela de Periodismo Carlos Septi\u00e9n Garc\u00eda. Periodista y analista especializado en turismo desde hace 35 a\u00f1os, radicado en Canc\u00fan Q.Roo. arturo@nitu.mx","sameAs":["https:\/\/nitu.mx","https:\/\/www.facebook.com\/NITUmx\/","medinacancun","https:\/\/twitter.com\/@Arturo_Medina_G"]},{"@type":"Person","@id":"https:\/\/nitu.mx\/#\/schema\/person\/3df3082b5e46037e3f13614d28ee0b77","name":"Guadalupe Sixto","image":{"@type":"ImageObject","inLanguage":"es-MX","@id":"https:\/\/nitu.mx\/#\/schema\/person\/image\/","url":"https:\/\/secure.gravatar.com\/avatar\/13914e1b0e1919e91f9539de4dc584c4?s=96&d=mm&r=g","contentUrl":"https:\/\/secure.gravatar.com\/avatar\/13914e1b0e1919e91f9539de4dc584c4?s=96&d=mm&r=g","caption":"Guadalupe Sixto"},"url":"https:\/\/nitu.mx\/index.php\/author\/gsixto\/"}]}},"views":418,"_links":{"self":[{"href":"https:\/\/nitu.mx\/index.php\/wp-json\/wp\/v2\/posts\/49130"}],"collection":[{"href":"https:\/\/nitu.mx\/index.php\/wp-json\/wp\/v2\/posts"}],"about":[{"href":"https:\/\/nitu.mx\/index.php\/wp-json\/wp\/v2\/types\/post"}],"author":[{"embeddable":true,"href":"https:\/\/nitu.mx\/index.php\/wp-json\/wp\/v2\/users\/18"}],"replies":[{"embeddable":true,"href":"https:\/\/nitu.mx\/index.php\/wp-json\/wp\/v2\/comments?post=49130"}],"version-history":[{"count":2,"href":"https:\/\/nitu.mx\/index.php\/wp-json\/wp\/v2\/posts\/49130\/revisions"}],"predecessor-version":[{"id":49133,"href":"https:\/\/nitu.mx\/index.php\/wp-json\/wp\/v2\/posts\/49130\/revisions\/49133"}],"wp:featuredmedia":[{"embeddable":true,"href":"https:\/\/nitu.mx\/index.php\/wp-json\/wp\/v2\/media\/49134"}],"wp:attachment":[{"href":"https:\/\/nitu.mx\/index.php\/wp-json\/wp\/v2\/media?parent=49130"}],"wp:term":[{"taxonomy":"category","embeddable":true,"href":"https:\/\/nitu.mx\/index.php\/wp-json\/wp\/v2\/categories?post=49130"},{"taxonomy":"post_tag","embeddable":true,"href":"https:\/\/nitu.mx\/index.php\/wp-json\/wp\/v2\/tags?post=49130"}],"curies":[{"name":"wp","href":"https:\/\/api.w.org\/{rel}","templated":true}]}}