{"id":49114,"date":"2020-12-22T00:51:49","date_gmt":"2020-12-22T05:51:49","guid":{"rendered":"https:\/\/www.dev.nitu.mx\/?p=49114"},"modified":"2020-12-22T01:50:56","modified_gmt":"2020-12-22T06:50:56","slug":"asetur-enfatiza-los-ejes-estrategicos-para-la-reactivacion-del-turismo","status":"publish","type":"post","link":"https:\/\/nitu.mx\/index.php\/2020\/12\/22\/asetur-enfatiza-los-ejes-estrategicos-para-la-reactivacion-del-turismo\/","title":{"rendered":"Asetur enfatiza los ejes estrat\u00e9gicos para la reactivaci\u00f3n del turismo"},"content":{"rendered":"<p>El turismo nacional enfrent\u00f3 en 2020 el mayor reto de la historia, por los efectos de la pnademia de COVID-19, y con unidad y responsabilidad sale adelante, afirm\u00f3\u00a0Juan Carlos Rivera Castellanos, Secretario de Turismo de Oaxaca y Presidente de la Asociaci\u00f3n de Secretarios de Turismo de M\u00e9xico (ASETUR).<\/p>\n<p>Dijo que \u201clos efectos que deja a su paso la emergencia sanitaria en la industria tur\u00edstica son grandes, pero es tiempo de trabajar y superar cualquier adversidad; por fortuna, ya hay signos de recuperaci\u00f3n\u201d.<\/p>\n<p>Destac\u00f3 que la\u00a0ASETUR impulsa una estrategia basada en tres ejes estrat\u00e9gicos: la reactivaci\u00f3n del sector, la bioseguridad y la promoci\u00f3n tur\u00edstica. \u201cEn esta temporada vacacional de invierno, la mayor prioridad es la protecci\u00f3n de la salud de visitantes y prestadores de servicios tur\u00edsticos\u201d, agreg\u00f3.<\/p>\n<p>Rivera Castellanos\u00a0detall\u00f3 que, en este a\u00f1o, la Asociaci\u00f3n de Secretarios de Turismo de M\u00e9xico\u00a0se dio a la tarea de poner en marcha acciones para una recuperacio\u0301n del sector, a trave\u0301s de la Alianza Nacional Emergente por el Turismo, para enfrentar el impacto de la pandemia.<\/p>\n<p>Dijo que en Me\u0301xico hay un sector turi\u0301stico profesional que se preocupa por la seguridad de turistas y prestadores de servicios, por lo que los destinos aplican estrictas medidas de bioseguridad para el cuidado de la salud de los visitantes y de quienes trabajan en esta industria.<\/p>\n<p>\u201cAhora m\u00e1s que nunca, a pesar de la devastadora situaci\u00f3n por la emergencia sanitaria, la ASETUR tiene la responsabilidad de conservar no solo la unidad y la armon\u00eda, sino el esfuerzo com\u00fan. Hemos trazado un plan de trabajo que involucra a todos los estados de la Rep\u00fablica\u201d, detall\u00f3.<\/p>\n<p>En 2020, se trabaj\u00f3 en estrecha coordinaci\u00f3n con la Secretar\u00eda de Turismo federal, con las Comisiones de Turismo en el Congreso de la Uni\u00f3n, con el Consejo de Diplomacia Tur\u00edstica, con el Fondo Nacional de Fomento al Turismo (FONATUR) y con las c\u00e1maras empresariales y dem\u00e1s actores involucrados, para impulsar el desarrollo del turismo y aprovechar las oportunidades que esta actividad brinda a nuestro pa\u00eds.<\/p>\n<p>\u201cContamos con la disposici\u00f3n del secretario Miguel Torruco para activar la promoci\u00f3n tur\u00edstica de los estados en los mercados emisores, y trabajamos en las estrategias, en equipo y hacia una misma direcci\u00f3n\u201d, indic\u00f3.<\/p>\n<p>Cabe destacar que el pasado 18 de noviembre, se realiz\u00f3 en Tijuana, Baja California, el Encuentro Nacional de Turismo, en cuyo marco se realiz\u00f3 la elecci\u00f3n de la nueva Mesa Directiva de la ASETUR para el periodo 2020-21, encabezada por Juan Carlos Rivera Castellanos, en sustituci\u00f3n de Luis Humberto Araiza, Secretario de Turismo de Baja California Sur.<\/p>\n<p>En su primer mensaje al frente de la ASETUR,\u00a0se comprometio\u0301 a enfrentar con decisio\u0301n el reto que representa la reactivacio\u0301n del turismo, y a apoyar las acciones encaminadas a lograr la pronta recuperacio\u0301n del sector.<\/p>\n<p>Tambi\u00e9n hizo un llamado a mantener la unidad y el trabajo en equipo, para superar esta difi\u0301cil coyuntura que enfrenta el turismo, que representa un importante motor de la economi\u0301a nacional. (<a title=\"ASETUR insta a viajar en temporada decembrina corresponsablemente\" href=\"https:\/\/www.dev.nitu.mx\/index.php\/2020\/12\/14\/asetur-insta-a-viajar-en-temporada-decembrina-corresponsablemente\/\" rel=\"bookmark\">ASETUR insta a viajar en temporada decembrina corresponsablemente<\/a>).<\/p>\n","protected":false},"excerpt":{"rendered":"<p>El turismo nacional enfrent\u00f3 en 2020 el mayor reto de la historia, por los efectos de la pnademia de COVID-19, y con unidad y responsabilidad sale adelante, afirm\u00f3\u00a0Juan Carlos Rivera Castellanos, Secretario de Turismo de Oaxaca y Presidente de la Asociaci\u00f3n de Secretarios de Turismo de M\u00e9xico (ASETUR). Dijo que \u201clos efectos que deja a [&hellip;]<\/p>\n","protected":false},"author":17,"featured_media":48531,"comment_status":"open","ping_status":"open","sticky":false,"template":"","format":"standard","meta":{"footnotes":""},"categories":[3],"tags":[1118,889,3329,910],"yoast_head":"<!-- This site is optimized with the Yoast SEO plugin v22.2 - https:\/\/yoast.com\/wordpress\/plugins\/seo\/ -->\n<title>Asetur enfatiza los ejes estrat\u00e9gicos para la reactivaci\u00f3n del turismo - Nitu - Noticias de la Industria Turistica<\/title>\n<meta name=\"robots\" content=\"index, follow, max-snippet:-1, max-image-preview:large, max-video-preview:-1\" \/>\n<link rel=\"canonical\" href=\"https:\/\/nitu.mx\/index.php\/2020\/12\/22\/asetur-enfatiza-los-ejes-estrategicos-para-la-reactivacion-del-turismo\/\" \/>\n<meta name=\"twitter:card\" content=\"summary_large_image\" \/>\n<meta name=\"twitter:title\" content=\"Asetur enfatiza los ejes estrat\u00e9gicos para la reactivaci\u00f3n del turismo - Nitu - Noticias de la Industria Turistica\" \/>\n<meta name=\"twitter:description\" content=\"El turismo nacional enfrent\u00f3 en 2020 el mayor reto de la historia, por los efectos de la pnademia de COVID-19, y con unidad y responsabilidad sale adelante, afirm\u00f3\u00a0Juan Carlos Rivera Castellanos, Secretario de Turismo de Oaxaca y Presidente de la Asociaci\u00f3n de Secretarios de Turismo de M\u00e9xico (ASETUR). Dijo que \u201clos efectos que deja a [&hellip;]\" \/>\n<meta name=\"twitter:image\" content=\"https:\/\/nitu.mx\/wp-content\/uploads\/2020\/11\/Juan-Carlos-Rivera-Asetur.jpg\" \/>\n<meta name=\"twitter:creator\" content=\"@NITUmx\" \/>\n<meta name=\"twitter:site\" content=\"@Arturo_Medina_G\" \/>\n<meta name=\"twitter:label1\" content=\"Escrito por\" \/>\n\t<meta name=\"twitter:data1\" content=\"Redacci\u00f3n\" \/>\n\t<meta name=\"twitter:label2\" content=\"Tiempo de lectura\" \/>\n\t<meta name=\"twitter:data2\" content=\"3 minutos\" \/>\n<script type=\"application\/ld+json\" class=\"yoast-schema-graph\">{\"@context\":\"https:\/\/schema.org\",\"@graph\":[{\"@type\":\"Article\",\"@id\":\"https:\/\/nitu.mx\/index.php\/2020\/12\/22\/asetur-enfatiza-los-ejes-estrategicos-para-la-reactivacion-del-turismo\/#article\",\"isPartOf\":{\"@id\":\"https:\/\/nitu.mx\/index.php\/2020\/12\/22\/asetur-enfatiza-los-ejes-estrategicos-para-la-reactivacion-del-turismo\/\"},\"author\":{\"name\":\"Redacci\u00f3n\",\"@id\":\"https:\/\/nitu.mx\/#\/schema\/person\/4a28fe9bd65924f7c90623773daf1b0b\"},\"headline\":\"Asetur enfatiza los ejes estrat\u00e9gicos para la reactivaci\u00f3n del turismo\",\"datePublished\":\"2020-12-22T05:51:49+00:00\",\"dateModified\":\"2020-12-22T06:50:56+00:00\",\"mainEntityOfPage\":{\"@id\":\"https:\/\/nitu.mx\/index.php\/2020\/12\/22\/asetur-enfatiza-los-ejes-estrategicos-para-la-reactivacion-del-turismo\/\"},\"wordCount\":550,\"commentCount\":0,\"publisher\":{\"@id\":\"https:\/\/nitu.mx\/#\/schema\/person\/ae7a53426417292d3dd07b45a33e01bc\"},\"image\":{\"@id\":\"https:\/\/nitu.mx\/index.php\/2020\/12\/22\/asetur-enfatiza-los-ejes-estrategicos-para-la-reactivacion-del-turismo\/#primaryimage\"},\"thumbnailUrl\":\"https:\/\/nitu.mx\/wp-content\/uploads\/2020\/11\/Juan-Carlos-Rivera-Asetur.jpg\",\"keywords\":[\"Asetur\",\"Fonatur\",\"Juan Carlos Rivera Castellanos\",\"Miguel Torruco\"],\"articleSection\":[\"Agencias de Viajes\"],\"inLanguage\":\"es-MX\",\"potentialAction\":[{\"@type\":\"CommentAction\",\"name\":\"Comment\",\"target\":[\"https:\/\/nitu.mx\/index.php\/2020\/12\/22\/asetur-enfatiza-los-ejes-estrategicos-para-la-reactivacion-del-turismo\/#respond\"]}]},{\"@type\":\"WebPage\",\"@id\":\"https:\/\/nitu.mx\/index.php\/2020\/12\/22\/asetur-enfatiza-los-ejes-estrategicos-para-la-reactivacion-del-turismo\/\",\"url\":\"https:\/\/nitu.mx\/index.php\/2020\/12\/22\/asetur-enfatiza-los-ejes-estrategicos-para-la-reactivacion-del-turismo\/\",\"name\":\"Asetur enfatiza los ejes estrat\u00e9gicos para la reactivaci\u00f3n del turismo - Nitu - Noticias de la Industria Turistica\",\"isPartOf\":{\"@id\":\"https:\/\/nitu.mx\/#website\"},\"primaryImageOfPage\":{\"@id\":\"https:\/\/nitu.mx\/index.php\/2020\/12\/22\/asetur-enfatiza-los-ejes-estrategicos-para-la-reactivacion-del-turismo\/#primaryimage\"},\"image\":{\"@id\":\"https:\/\/nitu.mx\/index.php\/2020\/12\/22\/asetur-enfatiza-los-ejes-estrategicos-para-la-reactivacion-del-turismo\/#primaryimage\"},\"thumbnailUrl\":\"https:\/\/nitu.mx\/wp-content\/uploads\/2020\/11\/Juan-Carlos-Rivera-Asetur.jpg\",\"datePublished\":\"2020-12-22T05:51:49+00:00\",\"dateModified\":\"2020-12-22T06:50:56+00:00\",\"breadcrumb\":{\"@id\":\"https:\/\/nitu.mx\/index.php\/2020\/12\/22\/asetur-enfatiza-los-ejes-estrategicos-para-la-reactivacion-del-turismo\/#breadcrumb\"},\"inLanguage\":\"es-MX\",\"potentialAction\":[{\"@type\":\"ReadAction\",\"target\":[\"https:\/\/nitu.mx\/index.php\/2020\/12\/22\/asetur-enfatiza-los-ejes-estrategicos-para-la-reactivacion-del-turismo\/\"]}]},{\"@type\":\"ImageObject\",\"inLanguage\":\"es-MX\",\"@id\":\"https:\/\/nitu.mx\/index.php\/2020\/12\/22\/asetur-enfatiza-los-ejes-estrategicos-para-la-reactivacion-del-turismo\/#primaryimage\",\"url\":\"https:\/\/nitu.mx\/wp-content\/uploads\/2020\/11\/Juan-Carlos-Rivera-Asetur.jpg\",\"contentUrl\":\"https:\/\/nitu.mx\/wp-content\/uploads\/2020\/11\/Juan-Carlos-Rivera-Asetur.jpg\",\"width\":1200,\"height\":675},{\"@type\":\"BreadcrumbList\",\"@id\":\"https:\/\/nitu.mx\/index.php\/2020\/12\/22\/asetur-enfatiza-los-ejes-estrategicos-para-la-reactivacion-del-turismo\/#breadcrumb\",\"itemListElement\":[{\"@type\":\"ListItem\",\"position\":1,\"name\":\"Inicio\",\"item\":\"https:\/\/nitu.mx\/\"},{\"@type\":\"ListItem\",\"position\":2,\"name\":\"Asetur enfatiza los ejes estrat\u00e9gicos para la reactivaci\u00f3n del turismo\"}]},{\"@type\":\"WebSite\",\"@id\":\"https:\/\/nitu.mx\/#website\",\"url\":\"https:\/\/nitu.mx\/\",\"name\":\"Nitu - Noticias de la Industria Turistica\",\"description\":\"Noticias de la Industria Turistica\",\"publisher\":{\"@id\":\"https:\/\/nitu.mx\/#\/schema\/person\/ae7a53426417292d3dd07b45a33e01bc\"},\"alternateName\":\"Noticias de la Industria Turistica\",\"potentialAction\":[{\"@type\":\"SearchAction\",\"target\":{\"@type\":\"EntryPoint\",\"urlTemplate\":\"https:\/\/nitu.mx\/?s={search_term_string}\"},\"query-input\":\"required name=search_term_string\"}],\"inLanguage\":\"es-MX\"},{\"@type\":[\"Person\",\"Organization\"],\"@id\":\"https:\/\/nitu.mx\/#\/schema\/person\/ae7a53426417292d3dd07b45a33e01bc\",\"name\":\"Arturo Medina\",\"image\":{\"@type\":\"ImageObject\",\"inLanguage\":\"es-MX\",\"@id\":\"https:\/\/nitu.mx\/#\/schema\/person\/image\/\",\"url\":\"https:\/\/nitu.mx\/wp-content\/uploads\/2024\/04\/4A315622-1904-4D5C-B022-878CDC840E04-90x90-1.jpeg\",\"contentUrl\":\"https:\/\/nitu.mx\/wp-content\/uploads\/2024\/04\/4A315622-1904-4D5C-B022-878CDC840E04-90x90-1.jpeg\",\"width\":90,\"height\":90,\"caption\":\"Arturo Medina\"},\"logo\":{\"@id\":\"https:\/\/nitu.mx\/#\/schema\/person\/image\/\"},\"description\":\"Director NITU.mx, Egresado de la Escuela de Periodismo Carlos Septi\u00e9n Garc\u00eda. Periodista y analista especializado en turismo desde hace 35 a\u00f1os, radicado en Canc\u00fan Q.Roo. arturo@nitu.mx\",\"sameAs\":[\"https:\/\/nitu.mx\",\"https:\/\/www.facebook.com\/NITUmx\/\",\"medinacancun\",\"https:\/\/twitter.com\/@Arturo_Medina_G\"]},{\"@type\":\"Person\",\"@id\":\"https:\/\/nitu.mx\/#\/schema\/person\/4a28fe9bd65924f7c90623773daf1b0b\",\"name\":\"Redacci\u00f3n\",\"image\":{\"@type\":\"ImageObject\",\"inLanguage\":\"es-MX\",\"@id\":\"https:\/\/nitu.mx\/#\/schema\/person\/image\/\",\"url\":\"https:\/\/secure.gravatar.com\/avatar\/5dd011c8ccfc5cd7e4c81e42252aab38?s=96&d=mm&r=g\",\"contentUrl\":\"https:\/\/secure.gravatar.com\/avatar\/5dd011c8ccfc5cd7e4c81e42252aab38?s=96&d=mm&r=g\",\"caption\":\"Redacci\u00f3n\"},\"url\":\"https:\/\/nitu.mx\/index.php\/author\/redaccion\/\"}]}<\/script>\n<!-- \/ Yoast SEO plugin. -->","yoast_head_json":{"title":"Asetur enfatiza los ejes estrat\u00e9gicos para la reactivaci\u00f3n del turismo - Nitu - Noticias de la Industria Turistica","robots":{"index":"index","follow":"follow","max-snippet":"max-snippet:-1","max-image-preview":"max-image-preview:large","max-video-preview":"max-video-preview:-1"},"canonical":"https:\/\/nitu.mx\/index.php\/2020\/12\/22\/asetur-enfatiza-los-ejes-estrategicos-para-la-reactivacion-del-turismo\/","twitter_card":"summary_large_image","twitter_title":"Asetur enfatiza los ejes estrat\u00e9gicos para la reactivaci\u00f3n del turismo - Nitu - Noticias de la Industria Turistica","twitter_description":"El turismo nacional enfrent\u00f3 en 2020 el mayor reto de la historia, por los efectos de la pnademia de COVID-19, y con unidad y responsabilidad sale adelante, afirm\u00f3\u00a0Juan Carlos Rivera Castellanos, Secretario de Turismo de Oaxaca y Presidente de la Asociaci\u00f3n de Secretarios de Turismo de M\u00e9xico (ASETUR). Dijo que \u201clos efectos que deja a [&hellip;]","twitter_image":"https:\/\/nitu.mx\/wp-content\/uploads\/2020\/11\/Juan-Carlos-Rivera-Asetur.jpg","twitter_creator":"@NITUmx","twitter_site":"@Arturo_Medina_G","twitter_misc":{"Escrito por":"Redacci\u00f3n","Tiempo de lectura":"3 minutos"},"schema":{"@context":"https:\/\/schema.org","@graph":[{"@type":"Article","@id":"https:\/\/nitu.mx\/index.php\/2020\/12\/22\/asetur-enfatiza-los-ejes-estrategicos-para-la-reactivacion-del-turismo\/#article","isPartOf":{"@id":"https:\/\/nitu.mx\/index.php\/2020\/12\/22\/asetur-enfatiza-los-ejes-estrategicos-para-la-reactivacion-del-turismo\/"},"author":{"name":"Redacci\u00f3n","@id":"https:\/\/nitu.mx\/#\/schema\/person\/4a28fe9bd65924f7c90623773daf1b0b"},"headline":"Asetur enfatiza los ejes estrat\u00e9gicos para la reactivaci\u00f3n del turismo","datePublished":"2020-12-22T05:51:49+00:00","dateModified":"2020-12-22T06:50:56+00:00","mainEntityOfPage":{"@id":"https:\/\/nitu.mx\/index.php\/2020\/12\/22\/asetur-enfatiza-los-ejes-estrategicos-para-la-reactivacion-del-turismo\/"},"wordCount":550,"commentCount":0,"publisher":{"@id":"https:\/\/nitu.mx\/#\/schema\/person\/ae7a53426417292d3dd07b45a33e01bc"},"image":{"@id":"https:\/\/nitu.mx\/index.php\/2020\/12\/22\/asetur-enfatiza-los-ejes-estrategicos-para-la-reactivacion-del-turismo\/#primaryimage"},"thumbnailUrl":"https:\/\/nitu.mx\/wp-content\/uploads\/2020\/11\/Juan-Carlos-Rivera-Asetur.jpg","keywords":["Asetur","Fonatur","Juan Carlos Rivera Castellanos","Miguel Torruco"],"articleSection":["Agencias de Viajes"],"inLanguage":"es-MX","potentialAction":[{"@type":"CommentAction","name":"Comment","target":["https:\/\/nitu.mx\/index.php\/2020\/12\/22\/asetur-enfatiza-los-ejes-estrategicos-para-la-reactivacion-del-turismo\/#respond"]}]},{"@type":"WebPage","@id":"https:\/\/nitu.mx\/index.php\/2020\/12\/22\/asetur-enfatiza-los-ejes-estrategicos-para-la-reactivacion-del-turismo\/","url":"https:\/\/nitu.mx\/index.php\/2020\/12\/22\/asetur-enfatiza-los-ejes-estrategicos-para-la-reactivacion-del-turismo\/","name":"Asetur enfatiza los ejes estrat\u00e9gicos para la reactivaci\u00f3n del turismo - Nitu - Noticias de la Industria Turistica","isPartOf":{"@id":"https:\/\/nitu.mx\/#website"},"primaryImageOfPage":{"@id":"https:\/\/nitu.mx\/index.php\/2020\/12\/22\/asetur-enfatiza-los-ejes-estrategicos-para-la-reactivacion-del-turismo\/#primaryimage"},"image":{"@id":"https:\/\/nitu.mx\/index.php\/2020\/12\/22\/asetur-enfatiza-los-ejes-estrategicos-para-la-reactivacion-del-turismo\/#primaryimage"},"thumbnailUrl":"https:\/\/nitu.mx\/wp-content\/uploads\/2020\/11\/Juan-Carlos-Rivera-Asetur.jpg","datePublished":"2020-12-22T05:51:49+00:00","dateModified":"2020-12-22T06:50:56+00:00","breadcrumb":{"@id":"https:\/\/nitu.mx\/index.php\/2020\/12\/22\/asetur-enfatiza-los-ejes-estrategicos-para-la-reactivacion-del-turismo\/#breadcrumb"},"inLanguage":"es-MX","potentialAction":[{"@type":"ReadAction","target":["https:\/\/nitu.mx\/index.php\/2020\/12\/22\/asetur-enfatiza-los-ejes-estrategicos-para-la-reactivacion-del-turismo\/"]}]},{"@type":"ImageObject","inLanguage":"es-MX","@id":"https:\/\/nitu.mx\/index.php\/2020\/12\/22\/asetur-enfatiza-los-ejes-estrategicos-para-la-reactivacion-del-turismo\/#primaryimage","url":"https:\/\/nitu.mx\/wp-content\/uploads\/2020\/11\/Juan-Carlos-Rivera-Asetur.jpg","contentUrl":"https:\/\/nitu.mx\/wp-content\/uploads\/2020\/11\/Juan-Carlos-Rivera-Asetur.jpg","width":1200,"height":675},{"@type":"BreadcrumbList","@id":"https:\/\/nitu.mx\/index.php\/2020\/12\/22\/asetur-enfatiza-los-ejes-estrategicos-para-la-reactivacion-del-turismo\/#breadcrumb","itemListElement":[{"@type":"ListItem","position":1,"name":"Inicio","item":"https:\/\/nitu.mx\/"},{"@type":"ListItem","position":2,"name":"Asetur enfatiza los ejes estrat\u00e9gicos para la reactivaci\u00f3n del turismo"}]},{"@type":"WebSite","@id":"https:\/\/nitu.mx\/#website","url":"https:\/\/nitu.mx\/","name":"Nitu - Noticias de la Industria Turistica","description":"Noticias de la Industria Turistica","publisher":{"@id":"https:\/\/nitu.mx\/#\/schema\/person\/ae7a53426417292d3dd07b45a33e01bc"},"alternateName":"Noticias de la Industria Turistica","potentialAction":[{"@type":"SearchAction","target":{"@type":"EntryPoint","urlTemplate":"https:\/\/nitu.mx\/?s={search_term_string}"},"query-input":"required name=search_term_string"}],"inLanguage":"es-MX"},{"@type":["Person","Organization"],"@id":"https:\/\/nitu.mx\/#\/schema\/person\/ae7a53426417292d3dd07b45a33e01bc","name":"Arturo Medina","image":{"@type":"ImageObject","inLanguage":"es-MX","@id":"https:\/\/nitu.mx\/#\/schema\/person\/image\/","url":"https:\/\/nitu.mx\/wp-content\/uploads\/2024\/04\/4A315622-1904-4D5C-B022-878CDC840E04-90x90-1.jpeg","contentUrl":"https:\/\/nitu.mx\/wp-content\/uploads\/2024\/04\/4A315622-1904-4D5C-B022-878CDC840E04-90x90-1.jpeg","width":90,"height":90,"caption":"Arturo Medina"},"logo":{"@id":"https:\/\/nitu.mx\/#\/schema\/person\/image\/"},"description":"Director NITU.mx, Egresado de la Escuela de Periodismo Carlos Septi\u00e9n Garc\u00eda. Periodista y analista especializado en turismo desde hace 35 a\u00f1os, radicado en Canc\u00fan Q.Roo. arturo@nitu.mx","sameAs":["https:\/\/nitu.mx","https:\/\/www.facebook.com\/NITUmx\/","medinacancun","https:\/\/twitter.com\/@Arturo_Medina_G"]},{"@type":"Person","@id":"https:\/\/nitu.mx\/#\/schema\/person\/4a28fe9bd65924f7c90623773daf1b0b","name":"Redacci\u00f3n","image":{"@type":"ImageObject","inLanguage":"es-MX","@id":"https:\/\/nitu.mx\/#\/schema\/person\/image\/","url":"https:\/\/secure.gravatar.com\/avatar\/5dd011c8ccfc5cd7e4c81e42252aab38?s=96&d=mm&r=g","contentUrl":"https:\/\/secure.gravatar.com\/avatar\/5dd011c8ccfc5cd7e4c81e42252aab38?s=96&d=mm&r=g","caption":"Redacci\u00f3n"},"url":"https:\/\/nitu.mx\/index.php\/author\/redaccion\/"}]}},"views":476,"_links":{"self":[{"href":"https:\/\/nitu.mx\/index.php\/wp-json\/wp\/v2\/posts\/49114"}],"collection":[{"href":"https:\/\/nitu.mx\/index.php\/wp-json\/wp\/v2\/posts"}],"about":[{"href":"https:\/\/nitu.mx\/index.php\/wp-json\/wp\/v2\/types\/post"}],"author":[{"embeddable":true,"href":"https:\/\/nitu.mx\/index.php\/wp-json\/wp\/v2\/users\/17"}],"replies":[{"embeddable":true,"href":"https:\/\/nitu.mx\/index.php\/wp-json\/wp\/v2\/comments?post=49114"}],"version-history":[{"count":1,"href":"https:\/\/nitu.mx\/index.php\/wp-json\/wp\/v2\/posts\/49114\/revisions"}],"predecessor-version":[{"id":49115,"href":"https:\/\/nitu.mx\/index.php\/wp-json\/wp\/v2\/posts\/49114\/revisions\/49115"}],"wp:featuredmedia":[{"embeddable":true,"href":"https:\/\/nitu.mx\/index.php\/wp-json\/wp\/v2\/media\/48531"}],"wp:attachment":[{"href":"https:\/\/nitu.mx\/index.php\/wp-json\/wp\/v2\/media?parent=49114"}],"wp:term":[{"taxonomy":"category","embeddable":true,"href":"https:\/\/nitu.mx\/index.php\/wp-json\/wp\/v2\/categories?post=49114"},{"taxonomy":"post_tag","embeddable":true,"href":"https:\/\/nitu.mx\/index.php\/wp-json\/wp\/v2\/tags?post=49114"}],"curies":[{"name":"wp","href":"https:\/\/api.w.org\/{rel}","templated":true}]}}