{"id":49105,"date":"2020-12-21T16:57:14","date_gmt":"2020-12-21T21:57:14","guid":{"rendered":"https:\/\/www.dev.nitu.mx\/?p=49105"},"modified":"2020-12-22T01:51:15","modified_gmt":"2020-12-22T06:51:15","slug":"aeromexico-anuncia-nueva-ruta-cdmx-puerto-escondido","status":"publish","type":"post","link":"https:\/\/nitu.mx\/index.php\/2020\/12\/21\/aeromexico-anuncia-nueva-ruta-cdmx-puerto-escondido\/","title":{"rendered":"Aerom\u00e9xico anuncia nueva ruta CDMX \u2013 Puerto Escondido"},"content":{"rendered":"<p>A partir del 29 de enero, Aerom\u00e9xico iniciar\u00e1 operaciones de su nueva ruta desde Ciudad de M\u00e9xico a Puerto Escondido, Oaxaca, que tendr\u00e1 un vuelo diario.<\/p>\n<p>Con esta nueva ruta, la aerol\u00ednea bandera de M\u00e9xico llegar\u00e1 a los tres principales destinos tur\u00edsticos de la entidad, junto con Huatulco y la ciudad de Oaxaca.<\/p>\n<p>Aerom\u00e9xico tendr\u00e1 as\u00ed una oferta de m\u00e1s de 65 vuelos semanales desde Ciudad de M\u00e9xico a estos destinos oaxaque\u00f1os.<\/p>\n<p>Puerto Escondido es una ciudad que tiene como principal atractivo 7 playas. Una de las m\u00e1s destacadas es Zicatela, donde sus olas atraen a surfistas de todo el mundo y es considerada como el tercer mejor sitio para practicar ese deporte.<\/p>\n<p>Adem\u00e1s, los visitantes pueden disfrutar de arrecifes de coral para bucear o hacer snorkel, realizar pesca deportiva y disfrutar de la vida nocturna, entre otras actividades.<\/p>\n<p>El secretario de Turismo de Oaxaca, Juan Carlos Rivera Castellanos, celebr\u00f3 que Aerom\u00e9xico brinde una nueva ruta para que visitantes nacionales e internacionales tengan una opci\u00f3n m\u00e1s para disfrutar la costa oaxaque\u00f1a.<\/p>\n<p>En seguimiento a una reactivaci\u00f3n responsable, advirti\u00f3 que prestadores de servicios tur\u00edsticos y aerol\u00edneas trabajan bajo estrictos protocolos de seguridad e higiene para cuidar la salud de los viajeros.<\/p>\n<p>Por su parte, Giancarlo Mulinelli, vicepresidente senior de Ventas Globales de Aerom\u00e9xico dijo \u201cPuerto Escondido es uno de los destinos tur\u00edsticos m\u00e1s importantes del estado de Oaxaca, donde operamos desde hace m\u00e1s de 75 a\u00f1os. Esta nueva ruta permitir\u00e1 brindar mejores opciones de conectividad y servicio a este destino reconocido internacionalmente\u201d.\u00a0<a title=\"Aerom\u00e9xico incrementa a cinco frecuencias su ruta Montreal \u00a0y Ciudad de M\u00e9xico\" href=\"https:\/\/www.dev.nitu.mx\/index.php\/2020\/12\/16\/aeromexico-incrementa-a-cinco-frecuencias-su-ruta-montreal-y-ciudad-de-mexico\/\" rel=\"bookmark\">(Aerom\u00e9xico incrementa a cinco frecuencias su ruta Montreal \u00a0y Ciudad de M\u00e9xico<\/a>).<\/p>\n","protected":false},"excerpt":{"rendered":"<p>A partir del 29 de enero, Aerom\u00e9xico iniciar\u00e1 operaciones de su nueva ruta desde Ciudad de M\u00e9xico a Puerto Escondido, Oaxaca, que tendr\u00e1 un vuelo diario. Con esta nueva ruta, la aerol\u00ednea bandera de M\u00e9xico llegar\u00e1 a los tres principales destinos tur\u00edsticos de la entidad, junto con Huatulco y la ciudad de Oaxaca. Aerom\u00e9xico tendr\u00e1 [&hellip;]<\/p>\n","protected":false},"author":18,"featured_media":11526,"comment_status":"open","ping_status":"open","sticky":false,"template":"","format":"standard","meta":{"footnotes":""},"categories":[29],"tags":[30,587,4049,3329,906,2150],"yoast_head":"<!-- This site is optimized with the Yoast SEO plugin v22.2 - https:\/\/yoast.com\/wordpress\/plugins\/seo\/ -->\n<title>Aerom\u00e9xico anuncia nueva ruta CDMX \u2013 Puerto Escondido - Nitu - Noticias de la Industria Turistica<\/title>\n<meta name=\"robots\" content=\"index, follow, max-snippet:-1, max-image-preview:large, max-video-preview:-1\" \/>\n<link rel=\"canonical\" href=\"https:\/\/nitu.mx\/index.php\/2020\/12\/21\/aeromexico-anuncia-nueva-ruta-cdmx-puerto-escondido\/\" \/>\n<meta name=\"twitter:card\" content=\"summary_large_image\" \/>\n<meta name=\"twitter:title\" content=\"Aerom\u00e9xico anuncia nueva ruta CDMX \u2013 Puerto Escondido - Nitu - Noticias de la Industria Turistica\" \/>\n<meta name=\"twitter:description\" content=\"A partir del 29 de enero, Aerom\u00e9xico iniciar\u00e1 operaciones de su nueva ruta desde Ciudad de M\u00e9xico a Puerto Escondido, Oaxaca, que tendr\u00e1 un vuelo diario. Con esta nueva ruta, la aerol\u00ednea bandera de M\u00e9xico llegar\u00e1 a los tres principales destinos tur\u00edsticos de la entidad, junto con Huatulco y la ciudad de Oaxaca. Aerom\u00e9xico tendr\u00e1 [&hellip;]\" \/>\n<meta name=\"twitter:image\" content=\"https:\/\/nitu.mx\/wp-content\/uploads\/2017\/07\/Embraer-de-Aerom\u00e9xico.jpg\" \/>\n<meta name=\"twitter:creator\" content=\"@NITUmx\" \/>\n<meta name=\"twitter:site\" content=\"@Arturo_Medina_G\" \/>\n<meta name=\"twitter:label1\" content=\"Escrito por\" \/>\n\t<meta name=\"twitter:data1\" content=\"Guadalupe Sixto\" \/>\n\t<meta name=\"twitter:label2\" content=\"Tiempo de lectura\" \/>\n\t<meta name=\"twitter:data2\" content=\"1 minuto\" \/>\n<script type=\"application\/ld+json\" class=\"yoast-schema-graph\">{\"@context\":\"https:\/\/schema.org\",\"@graph\":[{\"@type\":\"Article\",\"@id\":\"https:\/\/nitu.mx\/index.php\/2020\/12\/21\/aeromexico-anuncia-nueva-ruta-cdmx-puerto-escondido\/#article\",\"isPartOf\":{\"@id\":\"https:\/\/nitu.mx\/index.php\/2020\/12\/21\/aeromexico-anuncia-nueva-ruta-cdmx-puerto-escondido\/\"},\"author\":{\"name\":\"Guadalupe Sixto\",\"@id\":\"https:\/\/nitu.mx\/#\/schema\/person\/3df3082b5e46037e3f13614d28ee0b77\"},\"headline\":\"Aerom\u00e9xico anuncia nueva ruta CDMX \u2013 Puerto Escondido\",\"datePublished\":\"2020-12-21T21:57:14+00:00\",\"dateModified\":\"2020-12-22T06:51:15+00:00\",\"mainEntityOfPage\":{\"@id\":\"https:\/\/nitu.mx\/index.php\/2020\/12\/21\/aeromexico-anuncia-nueva-ruta-cdmx-puerto-escondido\/\"},\"wordCount\":292,\"commentCount\":0,\"publisher\":{\"@id\":\"https:\/\/nitu.mx\/#\/schema\/person\/ae7a53426417292d3dd07b45a33e01bc\"},\"image\":{\"@id\":\"https:\/\/nitu.mx\/index.php\/2020\/12\/21\/aeromexico-anuncia-nueva-ruta-cdmx-puerto-escondido\/#primaryimage\"},\"thumbnailUrl\":\"https:\/\/nitu.mx\/wp-content\/uploads\/2017\/07\/Embraer-de-Aerom\u00e9xico.jpg\",\"keywords\":[\"Aerom\u00e9xico\",\"CDMX\",\"Giancarlo Mulinelli\",\"Juan Carlos Rivera Castellanos\",\"Oaxaca\",\"Puerto Escondido\"],\"articleSection\":[\"Aerol\u00edneas\"],\"inLanguage\":\"es-MX\",\"potentialAction\":[{\"@type\":\"CommentAction\",\"name\":\"Comment\",\"target\":[\"https:\/\/nitu.mx\/index.php\/2020\/12\/21\/aeromexico-anuncia-nueva-ruta-cdmx-puerto-escondido\/#respond\"]}]},{\"@type\":\"WebPage\",\"@id\":\"https:\/\/nitu.mx\/index.php\/2020\/12\/21\/aeromexico-anuncia-nueva-ruta-cdmx-puerto-escondido\/\",\"url\":\"https:\/\/nitu.mx\/index.php\/2020\/12\/21\/aeromexico-anuncia-nueva-ruta-cdmx-puerto-escondido\/\",\"name\":\"Aerom\u00e9xico anuncia nueva ruta CDMX \u2013 Puerto Escondido - Nitu - Noticias de la Industria Turistica\",\"isPartOf\":{\"@id\":\"https:\/\/nitu.mx\/#website\"},\"primaryImageOfPage\":{\"@id\":\"https:\/\/nitu.mx\/index.php\/2020\/12\/21\/aeromexico-anuncia-nueva-ruta-cdmx-puerto-escondido\/#primaryimage\"},\"image\":{\"@id\":\"https:\/\/nitu.mx\/index.php\/2020\/12\/21\/aeromexico-anuncia-nueva-ruta-cdmx-puerto-escondido\/#primaryimage\"},\"thumbnailUrl\":\"https:\/\/nitu.mx\/wp-content\/uploads\/2017\/07\/Embraer-de-Aerom\u00e9xico.jpg\",\"datePublished\":\"2020-12-21T21:57:14+00:00\",\"dateModified\":\"2020-12-22T06:51:15+00:00\",\"breadcrumb\":{\"@id\":\"https:\/\/nitu.mx\/index.php\/2020\/12\/21\/aeromexico-anuncia-nueva-ruta-cdmx-puerto-escondido\/#breadcrumb\"},\"inLanguage\":\"es-MX\",\"potentialAction\":[{\"@type\":\"ReadAction\",\"target\":[\"https:\/\/nitu.mx\/index.php\/2020\/12\/21\/aeromexico-anuncia-nueva-ruta-cdmx-puerto-escondido\/\"]}]},{\"@type\":\"ImageObject\",\"inLanguage\":\"es-MX\",\"@id\":\"https:\/\/nitu.mx\/index.php\/2020\/12\/21\/aeromexico-anuncia-nueva-ruta-cdmx-puerto-escondido\/#primaryimage\",\"url\":\"https:\/\/nitu.mx\/wp-content\/uploads\/2017\/07\/Embraer-de-Aerom\u00e9xico.jpg\",\"contentUrl\":\"https:\/\/nitu.mx\/wp-content\/uploads\/2017\/07\/Embraer-de-Aerom\u00e9xico.jpg\",\"width\":850,\"height\":480,\"caption\":\"aerom\u00e9xico\"},{\"@type\":\"BreadcrumbList\",\"@id\":\"https:\/\/nitu.mx\/index.php\/2020\/12\/21\/aeromexico-anuncia-nueva-ruta-cdmx-puerto-escondido\/#breadcrumb\",\"itemListElement\":[{\"@type\":\"ListItem\",\"position\":1,\"name\":\"Inicio\",\"item\":\"https:\/\/nitu.mx\/\"},{\"@type\":\"ListItem\",\"position\":2,\"name\":\"Aerom\u00e9xico anuncia nueva ruta CDMX \u2013 Puerto Escondido\"}]},{\"@type\":\"WebSite\",\"@id\":\"https:\/\/nitu.mx\/#website\",\"url\":\"https:\/\/nitu.mx\/\",\"name\":\"Nitu - Noticias de la Industria Turistica\",\"description\":\"Noticias de la Industria Turistica\",\"publisher\":{\"@id\":\"https:\/\/nitu.mx\/#\/schema\/person\/ae7a53426417292d3dd07b45a33e01bc\"},\"alternateName\":\"Noticias de la Industria Turistica\",\"potentialAction\":[{\"@type\":\"SearchAction\",\"target\":{\"@type\":\"EntryPoint\",\"urlTemplate\":\"https:\/\/nitu.mx\/?s={search_term_string}\"},\"query-input\":\"required name=search_term_string\"}],\"inLanguage\":\"es-MX\"},{\"@type\":[\"Person\",\"Organization\"],\"@id\":\"https:\/\/nitu.mx\/#\/schema\/person\/ae7a53426417292d3dd07b45a33e01bc\",\"name\":\"Arturo Medina\",\"image\":{\"@type\":\"ImageObject\",\"inLanguage\":\"es-MX\",\"@id\":\"https:\/\/nitu.mx\/#\/schema\/person\/image\/\",\"url\":\"https:\/\/nitu.mx\/wp-content\/uploads\/2024\/04\/4A315622-1904-4D5C-B022-878CDC840E04-90x90-1.jpeg\",\"contentUrl\":\"https:\/\/nitu.mx\/wp-content\/uploads\/2024\/04\/4A315622-1904-4D5C-B022-878CDC840E04-90x90-1.jpeg\",\"width\":90,\"height\":90,\"caption\":\"Arturo Medina\"},\"logo\":{\"@id\":\"https:\/\/nitu.mx\/#\/schema\/person\/image\/\"},\"description\":\"Director NITU.mx, Egresado de la Escuela de Periodismo Carlos Septi\u00e9n Garc\u00eda. Periodista y analista especializado en turismo desde hace 35 a\u00f1os, radicado en Canc\u00fan Q.Roo. arturo@nitu.mx\",\"sameAs\":[\"https:\/\/nitu.mx\",\"https:\/\/www.facebook.com\/NITUmx\/\",\"medinacancun\",\"https:\/\/twitter.com\/@Arturo_Medina_G\"]},{\"@type\":\"Person\",\"@id\":\"https:\/\/nitu.mx\/#\/schema\/person\/3df3082b5e46037e3f13614d28ee0b77\",\"name\":\"Guadalupe Sixto\",\"image\":{\"@type\":\"ImageObject\",\"inLanguage\":\"es-MX\",\"@id\":\"https:\/\/nitu.mx\/#\/schema\/person\/image\/\",\"url\":\"https:\/\/secure.gravatar.com\/avatar\/13914e1b0e1919e91f9539de4dc584c4?s=96&d=mm&r=g\",\"contentUrl\":\"https:\/\/secure.gravatar.com\/avatar\/13914e1b0e1919e91f9539de4dc584c4?s=96&d=mm&r=g\",\"caption\":\"Guadalupe Sixto\"},\"url\":\"https:\/\/nitu.mx\/index.php\/author\/gsixto\/\"}]}<\/script>\n<!-- \/ Yoast SEO plugin. -->","yoast_head_json":{"title":"Aerom\u00e9xico anuncia nueva ruta CDMX \u2013 Puerto Escondido - Nitu - Noticias de la Industria Turistica","robots":{"index":"index","follow":"follow","max-snippet":"max-snippet:-1","max-image-preview":"max-image-preview:large","max-video-preview":"max-video-preview:-1"},"canonical":"https:\/\/nitu.mx\/index.php\/2020\/12\/21\/aeromexico-anuncia-nueva-ruta-cdmx-puerto-escondido\/","twitter_card":"summary_large_image","twitter_title":"Aerom\u00e9xico anuncia nueva ruta CDMX \u2013 Puerto Escondido - Nitu - Noticias de la Industria Turistica","twitter_description":"A partir del 29 de enero, Aerom\u00e9xico iniciar\u00e1 operaciones de su nueva ruta desde Ciudad de M\u00e9xico a Puerto Escondido, Oaxaca, que tendr\u00e1 un vuelo diario. Con esta nueva ruta, la aerol\u00ednea bandera de M\u00e9xico llegar\u00e1 a los tres principales destinos tur\u00edsticos de la entidad, junto con Huatulco y la ciudad de Oaxaca. Aerom\u00e9xico tendr\u00e1 [&hellip;]","twitter_image":"https:\/\/nitu.mx\/wp-content\/uploads\/2017\/07\/Embraer-de-Aerom\u00e9xico.jpg","twitter_creator":"@NITUmx","twitter_site":"@Arturo_Medina_G","twitter_misc":{"Escrito por":"Guadalupe Sixto","Tiempo de lectura":"1 minuto"},"schema":{"@context":"https:\/\/schema.org","@graph":[{"@type":"Article","@id":"https:\/\/nitu.mx\/index.php\/2020\/12\/21\/aeromexico-anuncia-nueva-ruta-cdmx-puerto-escondido\/#article","isPartOf":{"@id":"https:\/\/nitu.mx\/index.php\/2020\/12\/21\/aeromexico-anuncia-nueva-ruta-cdmx-puerto-escondido\/"},"author":{"name":"Guadalupe Sixto","@id":"https:\/\/nitu.mx\/#\/schema\/person\/3df3082b5e46037e3f13614d28ee0b77"},"headline":"Aerom\u00e9xico anuncia nueva ruta CDMX \u2013 Puerto Escondido","datePublished":"2020-12-21T21:57:14+00:00","dateModified":"2020-12-22T06:51:15+00:00","mainEntityOfPage":{"@id":"https:\/\/nitu.mx\/index.php\/2020\/12\/21\/aeromexico-anuncia-nueva-ruta-cdmx-puerto-escondido\/"},"wordCount":292,"commentCount":0,"publisher":{"@id":"https:\/\/nitu.mx\/#\/schema\/person\/ae7a53426417292d3dd07b45a33e01bc"},"image":{"@id":"https:\/\/nitu.mx\/index.php\/2020\/12\/21\/aeromexico-anuncia-nueva-ruta-cdmx-puerto-escondido\/#primaryimage"},"thumbnailUrl":"https:\/\/nitu.mx\/wp-content\/uploads\/2017\/07\/Embraer-de-Aerom\u00e9xico.jpg","keywords":["Aerom\u00e9xico","CDMX","Giancarlo Mulinelli","Juan Carlos Rivera Castellanos","Oaxaca","Puerto Escondido"],"articleSection":["Aerol\u00edneas"],"inLanguage":"es-MX","potentialAction":[{"@type":"CommentAction","name":"Comment","target":["https:\/\/nitu.mx\/index.php\/2020\/12\/21\/aeromexico-anuncia-nueva-ruta-cdmx-puerto-escondido\/#respond"]}]},{"@type":"WebPage","@id":"https:\/\/nitu.mx\/index.php\/2020\/12\/21\/aeromexico-anuncia-nueva-ruta-cdmx-puerto-escondido\/","url":"https:\/\/nitu.mx\/index.php\/2020\/12\/21\/aeromexico-anuncia-nueva-ruta-cdmx-puerto-escondido\/","name":"Aerom\u00e9xico anuncia nueva ruta CDMX \u2013 Puerto Escondido - Nitu - Noticias de la Industria Turistica","isPartOf":{"@id":"https:\/\/nitu.mx\/#website"},"primaryImageOfPage":{"@id":"https:\/\/nitu.mx\/index.php\/2020\/12\/21\/aeromexico-anuncia-nueva-ruta-cdmx-puerto-escondido\/#primaryimage"},"image":{"@id":"https:\/\/nitu.mx\/index.php\/2020\/12\/21\/aeromexico-anuncia-nueva-ruta-cdmx-puerto-escondido\/#primaryimage"},"thumbnailUrl":"https:\/\/nitu.mx\/wp-content\/uploads\/2017\/07\/Embraer-de-Aerom\u00e9xico.jpg","datePublished":"2020-12-21T21:57:14+00:00","dateModified":"2020-12-22T06:51:15+00:00","breadcrumb":{"@id":"https:\/\/nitu.mx\/index.php\/2020\/12\/21\/aeromexico-anuncia-nueva-ruta-cdmx-puerto-escondido\/#breadcrumb"},"inLanguage":"es-MX","potentialAction":[{"@type":"ReadAction","target":["https:\/\/nitu.mx\/index.php\/2020\/12\/21\/aeromexico-anuncia-nueva-ruta-cdmx-puerto-escondido\/"]}]},{"@type":"ImageObject","inLanguage":"es-MX","@id":"https:\/\/nitu.mx\/index.php\/2020\/12\/21\/aeromexico-anuncia-nueva-ruta-cdmx-puerto-escondido\/#primaryimage","url":"https:\/\/nitu.mx\/wp-content\/uploads\/2017\/07\/Embraer-de-Aerom\u00e9xico.jpg","contentUrl":"https:\/\/nitu.mx\/wp-content\/uploads\/2017\/07\/Embraer-de-Aerom\u00e9xico.jpg","width":850,"height":480,"caption":"aerom\u00e9xico"},{"@type":"BreadcrumbList","@id":"https:\/\/nitu.mx\/index.php\/2020\/12\/21\/aeromexico-anuncia-nueva-ruta-cdmx-puerto-escondido\/#breadcrumb","itemListElement":[{"@type":"ListItem","position":1,"name":"Inicio","item":"https:\/\/nitu.mx\/"},{"@type":"ListItem","position":2,"name":"Aerom\u00e9xico anuncia nueva ruta CDMX \u2013 Puerto Escondido"}]},{"@type":"WebSite","@id":"https:\/\/nitu.mx\/#website","url":"https:\/\/nitu.mx\/","name":"Nitu - Noticias de la Industria Turistica","description":"Noticias de la Industria Turistica","publisher":{"@id":"https:\/\/nitu.mx\/#\/schema\/person\/ae7a53426417292d3dd07b45a33e01bc"},"alternateName":"Noticias de la Industria Turistica","potentialAction":[{"@type":"SearchAction","target":{"@type":"EntryPoint","urlTemplate":"https:\/\/nitu.mx\/?s={search_term_string}"},"query-input":"required name=search_term_string"}],"inLanguage":"es-MX"},{"@type":["Person","Organization"],"@id":"https:\/\/nitu.mx\/#\/schema\/person\/ae7a53426417292d3dd07b45a33e01bc","name":"Arturo Medina","image":{"@type":"ImageObject","inLanguage":"es-MX","@id":"https:\/\/nitu.mx\/#\/schema\/person\/image\/","url":"https:\/\/nitu.mx\/wp-content\/uploads\/2024\/04\/4A315622-1904-4D5C-B022-878CDC840E04-90x90-1.jpeg","contentUrl":"https:\/\/nitu.mx\/wp-content\/uploads\/2024\/04\/4A315622-1904-4D5C-B022-878CDC840E04-90x90-1.jpeg","width":90,"height":90,"caption":"Arturo Medina"},"logo":{"@id":"https:\/\/nitu.mx\/#\/schema\/person\/image\/"},"description":"Director NITU.mx, Egresado de la Escuela de Periodismo Carlos Septi\u00e9n Garc\u00eda. Periodista y analista especializado en turismo desde hace 35 a\u00f1os, radicado en Canc\u00fan Q.Roo. arturo@nitu.mx","sameAs":["https:\/\/nitu.mx","https:\/\/www.facebook.com\/NITUmx\/","medinacancun","https:\/\/twitter.com\/@Arturo_Medina_G"]},{"@type":"Person","@id":"https:\/\/nitu.mx\/#\/schema\/person\/3df3082b5e46037e3f13614d28ee0b77","name":"Guadalupe Sixto","image":{"@type":"ImageObject","inLanguage":"es-MX","@id":"https:\/\/nitu.mx\/#\/schema\/person\/image\/","url":"https:\/\/secure.gravatar.com\/avatar\/13914e1b0e1919e91f9539de4dc584c4?s=96&d=mm&r=g","contentUrl":"https:\/\/secure.gravatar.com\/avatar\/13914e1b0e1919e91f9539de4dc584c4?s=96&d=mm&r=g","caption":"Guadalupe Sixto"},"url":"https:\/\/nitu.mx\/index.php\/author\/gsixto\/"}]}},"views":502,"_links":{"self":[{"href":"https:\/\/nitu.mx\/index.php\/wp-json\/wp\/v2\/posts\/49105"}],"collection":[{"href":"https:\/\/nitu.mx\/index.php\/wp-json\/wp\/v2\/posts"}],"about":[{"href":"https:\/\/nitu.mx\/index.php\/wp-json\/wp\/v2\/types\/post"}],"author":[{"embeddable":true,"href":"https:\/\/nitu.mx\/index.php\/wp-json\/wp\/v2\/users\/18"}],"replies":[{"embeddable":true,"href":"https:\/\/nitu.mx\/index.php\/wp-json\/wp\/v2\/comments?post=49105"}],"version-history":[{"count":2,"href":"https:\/\/nitu.mx\/index.php\/wp-json\/wp\/v2\/posts\/49105\/revisions"}],"predecessor-version":[{"id":49109,"href":"https:\/\/nitu.mx\/index.php\/wp-json\/wp\/v2\/posts\/49105\/revisions\/49109"}],"wp:featuredmedia":[{"embeddable":true,"href":"https:\/\/nitu.mx\/index.php\/wp-json\/wp\/v2\/media\/11526"}],"wp:attachment":[{"href":"https:\/\/nitu.mx\/index.php\/wp-json\/wp\/v2\/media?parent=49105"}],"wp:term":[{"taxonomy":"category","embeddable":true,"href":"https:\/\/nitu.mx\/index.php\/wp-json\/wp\/v2\/categories?post=49105"},{"taxonomy":"post_tag","embeddable":true,"href":"https:\/\/nitu.mx\/index.php\/wp-json\/wp\/v2\/tags?post=49105"}],"curies":[{"name":"wp","href":"https:\/\/api.w.org\/{rel}","templated":true}]}}