{"id":49076,"date":"2020-12-21T01:35:02","date_gmt":"2020-12-21T06:35:02","guid":{"rendered":"https:\/\/www.dev.nitu.mx\/?p=49076"},"modified":"2020-12-21T01:42:07","modified_gmt":"2020-12-21T06:42:07","slug":"puerto-vallarta-refuerza-promocion-con-agentes-de-viajes-nacionales","status":"publish","type":"post","link":"https:\/\/nitu.mx\/index.php\/2020\/12\/21\/puerto-vallarta-refuerza-promocion-con-agentes-de-viajes-nacionales\/","title":{"rendered":"Puerto Vallarta refuerza promoci\u00f3n con agentes de viajes nacionales"},"content":{"rendered":"<p>El Fideicomiso P\u00fablico para la Promoci\u00f3n y Publicidad Tur\u00edstica de Puerto Vallarta\u00a0visit\u00f3 las principales ciudades del pa\u00eds para sostener reuniones con agentes de viajes y socios comerciales, con el fin de presentarles actualizaciones de la oferta tur\u00edstica del destino y los protocolos de bioseguridad.<\/p>\n<p>M\u00e1s de 120 agentes de viajes de Guadalajara, Monterrey y Ciudad de M\u00e9xico recibieron esta capacitaci\u00f3n, con el apoyo de las mayoristas Azabache, Imacop Tour Corporation, Naturle\u00f3n, OLR Mayorista, Operadora Ticket, Record Vacation y System Tour.<\/p>\n<p>La gira tambi\u00e9n cont\u00f3 con la participaci\u00f3n de los hoteles Canto del Sol All Inclusive Beach &amp; Tennis Resort, Casa Velas, Costa Sur Resort &amp; Spa Puerto Vallarta, Friendly Vallarta All Inclusive Family Resort &amp; Convention Center, Grand Fiesta Americana Puerto Vallarta All Inclusive Adults Only, Hotel M\u00edo Vallarta, Hotel Posada de Roger, Las Palmas by The Sea, Sunscape Puerto Vallarta Resort &amp; Spa, Vamar Vallarta y Velas Vallarta.<\/p>\n<p>Los seminarios se impartieron en formato de desayuno-presentaci\u00f3n y trade show. Bajo el lema de la campa\u00f1a de promoci\u00f3n &#8220;Revive Puerto Vallarta&#8221;, se invit\u00f3 a los asesores de viajes a redescubrir este destino, a trav\u00e9s de sus tres principales pilares, los cuales son: la hospitalidad de su gente, la esencia de un destino que fusiona lo moderno y lo tradicional, y su geograf\u00eda \u00fanica, con el entorno de mar y monta\u00f1a.<\/p>\n<p>Coincidieron en que el com\u00fan denominador en el comportamiento del viajero de estos mercados, es el inter\u00e9s por realizar viajes nacionales, colocan a los destinos de playa como la opci\u00f3n m\u00e1s buscada y resaltaron a Puerto Vallarta como uno de los principales destinos del pa\u00eds.<\/p>\n<p>Actualmente, Puerto Vallarta cuenta con frecuencias diarias desde Guadalajara, con Aeromar y TAR; as\u00ed como dos frecuencias semanales con Viva Aerob\u00fas. Desde Ciudad de M\u00e9xico actualmente hay de seis a 10 vuelos directos diarios, operados por Aerom\u00e9xico, Viva Aerob\u00fas y Volaris.<\/p>\n<p>Desde Monterrey, Puerto Vallarta est\u00e1 conectado con uno a dos vuelos diarios operados por Viva Aerob\u00fas; as\u00ed como frecuencias los jueves y domingos con Volaris y Magnicharters.<\/p>\n<p>En su visita a Guadalajara, tambi\u00e9n se impuls\u00f3 la oferta de romance con un seminario a un selecto grupo de expertos en el segmento del romance, conformado por socios mayoristas, wedding planners y agencias especializadas, a quienes se les compartieron las \u00faltimas tendencias en este segmento, as\u00ed como las novedades y actualizaciones en los nuevos protocolos para la realizaci\u00f3n de bodas y eventos en el destino.\u00a0<a title=\"Confirman edici\u00f3n 2021 de Gala Puerto Vallarta \u2013 Riviera Nayarit\" href=\"https:\/\/www.dev.nitu.mx\/index.php\/2020\/12\/07\/confirman-edicion-2021-de-gala-puerto-vallarta-riviera-nayarit\/\" rel=\"bookmark\">(Confirman edici\u00f3n 2021 de Gala Puerto Vallarta \u2013 Riviera Nayarit<\/a>).<\/p>\n","protected":false},"excerpt":{"rendered":"<p>El Fideicomiso P\u00fablico para la Promoci\u00f3n y Publicidad Tur\u00edstica de Puerto Vallarta\u00a0visit\u00f3 las principales ciudades del pa\u00eds para sostener reuniones con agentes de viajes y socios comerciales, con el fin de presentarles actualizaciones de la oferta tur\u00edstica del destino y los protocolos de bioseguridad. M\u00e1s de 120 agentes de viajes de Guadalajara, Monterrey y Ciudad [&hellip;]<\/p>\n","protected":false},"author":18,"featured_media":49099,"comment_status":"open","ping_status":"open","sticky":false,"template":"","format":"standard","meta":{"footnotes":""},"categories":[3,5],"tags":[30,5826,1339,471,238,381,2102,131],"yoast_head":"<!-- This site is optimized with the Yoast SEO plugin v22.2 - https:\/\/yoast.com\/wordpress\/plugins\/seo\/ -->\n<title>Puerto Vallarta refuerza promoci\u00f3n con agentes de viajes nacionales - Nitu - Noticias de la Industria Turistica<\/title>\n<meta name=\"robots\" content=\"index, follow, max-snippet:-1, max-image-preview:large, max-video-preview:-1\" \/>\n<link rel=\"canonical\" href=\"https:\/\/nitu.mx\/index.php\/2020\/12\/21\/puerto-vallarta-refuerza-promocion-con-agentes-de-viajes-nacionales\/\" \/>\n<meta name=\"twitter:card\" content=\"summary_large_image\" \/>\n<meta name=\"twitter:title\" content=\"Puerto Vallarta refuerza promoci\u00f3n con agentes de viajes nacionales - Nitu - Noticias de la Industria Turistica\" \/>\n<meta name=\"twitter:description\" content=\"El Fideicomiso P\u00fablico para la Promoci\u00f3n y Publicidad Tur\u00edstica de Puerto Vallarta\u00a0visit\u00f3 las principales ciudades del pa\u00eds para sostener reuniones con agentes de viajes y socios comerciales, con el fin de presentarles actualizaciones de la oferta tur\u00edstica del destino y los protocolos de bioseguridad. M\u00e1s de 120 agentes de viajes de Guadalajara, Monterrey y Ciudad [&hellip;]\" \/>\n<meta name=\"twitter:image\" content=\"https:\/\/nitu.mx\/wp-content\/uploads\/2020\/12\/Puerto-Vallarta-agentes-de-viajes.jpg\" \/>\n<meta name=\"twitter:creator\" content=\"@NITUmx\" \/>\n<meta name=\"twitter:site\" content=\"@Arturo_Medina_G\" \/>\n<meta name=\"twitter:label1\" content=\"Escrito por\" \/>\n\t<meta name=\"twitter:data1\" content=\"Guadalupe Sixto\" \/>\n\t<meta name=\"twitter:label2\" content=\"Tiempo de lectura\" \/>\n\t<meta name=\"twitter:data2\" content=\"2 minutos\" \/>\n<script type=\"application\/ld+json\" class=\"yoast-schema-graph\">{\"@context\":\"https:\/\/schema.org\",\"@graph\":[{\"@type\":\"Article\",\"@id\":\"https:\/\/nitu.mx\/index.php\/2020\/12\/21\/puerto-vallarta-refuerza-promocion-con-agentes-de-viajes-nacionales\/#article\",\"isPartOf\":{\"@id\":\"https:\/\/nitu.mx\/index.php\/2020\/12\/21\/puerto-vallarta-refuerza-promocion-con-agentes-de-viajes-nacionales\/\"},\"author\":{\"name\":\"Guadalupe Sixto\",\"@id\":\"https:\/\/nitu.mx\/#\/schema\/person\/3df3082b5e46037e3f13614d28ee0b77\"},\"headline\":\"Puerto Vallarta refuerza promoci\u00f3n con agentes de viajes nacionales\",\"datePublished\":\"2020-12-21T06:35:02+00:00\",\"dateModified\":\"2020-12-21T06:42:07+00:00\",\"mainEntityOfPage\":{\"@id\":\"https:\/\/nitu.mx\/index.php\/2020\/12\/21\/puerto-vallarta-refuerza-promocion-con-agentes-de-viajes-nacionales\/\"},\"wordCount\":447,\"commentCount\":0,\"publisher\":{\"@id\":\"https:\/\/nitu.mx\/#\/schema\/person\/ae7a53426417292d3dd07b45a33e01bc\"},\"image\":{\"@id\":\"https:\/\/nitu.mx\/index.php\/2020\/12\/21\/puerto-vallarta-refuerza-promocion-con-agentes-de-viajes-nacionales\/#primaryimage\"},\"thumbnailUrl\":\"https:\/\/nitu.mx\/wp-content\/uploads\/2020\/12\/Puerto-Vallarta-agentes-de-viajes.jpg\",\"keywords\":[\"Aerom\u00e9xico\",\"agentes de viajes\",\"Magnicharters\",\"Puerto Vallarta\",\"TAR\",\"Turismo de romance\",\"Viva Aerobus\",\"Volaris\"],\"articleSection\":[\"Agencias de Viajes\",\"Destinos\"],\"inLanguage\":\"es-MX\",\"potentialAction\":[{\"@type\":\"CommentAction\",\"name\":\"Comment\",\"target\":[\"https:\/\/nitu.mx\/index.php\/2020\/12\/21\/puerto-vallarta-refuerza-promocion-con-agentes-de-viajes-nacionales\/#respond\"]}]},{\"@type\":\"WebPage\",\"@id\":\"https:\/\/nitu.mx\/index.php\/2020\/12\/21\/puerto-vallarta-refuerza-promocion-con-agentes-de-viajes-nacionales\/\",\"url\":\"https:\/\/nitu.mx\/index.php\/2020\/12\/21\/puerto-vallarta-refuerza-promocion-con-agentes-de-viajes-nacionales\/\",\"name\":\"Puerto Vallarta refuerza promoci\u00f3n con agentes de viajes nacionales - Nitu - Noticias de la Industria Turistica\",\"isPartOf\":{\"@id\":\"https:\/\/nitu.mx\/#website\"},\"primaryImageOfPage\":{\"@id\":\"https:\/\/nitu.mx\/index.php\/2020\/12\/21\/puerto-vallarta-refuerza-promocion-con-agentes-de-viajes-nacionales\/#primaryimage\"},\"image\":{\"@id\":\"https:\/\/nitu.mx\/index.php\/2020\/12\/21\/puerto-vallarta-refuerza-promocion-con-agentes-de-viajes-nacionales\/#primaryimage\"},\"thumbnailUrl\":\"https:\/\/nitu.mx\/wp-content\/uploads\/2020\/12\/Puerto-Vallarta-agentes-de-viajes.jpg\",\"datePublished\":\"2020-12-21T06:35:02+00:00\",\"dateModified\":\"2020-12-21T06:42:07+00:00\",\"breadcrumb\":{\"@id\":\"https:\/\/nitu.mx\/index.php\/2020\/12\/21\/puerto-vallarta-refuerza-promocion-con-agentes-de-viajes-nacionales\/#breadcrumb\"},\"inLanguage\":\"es-MX\",\"potentialAction\":[{\"@type\":\"ReadAction\",\"target\":[\"https:\/\/nitu.mx\/index.php\/2020\/12\/21\/puerto-vallarta-refuerza-promocion-con-agentes-de-viajes-nacionales\/\"]}]},{\"@type\":\"ImageObject\",\"inLanguage\":\"es-MX\",\"@id\":\"https:\/\/nitu.mx\/index.php\/2020\/12\/21\/puerto-vallarta-refuerza-promocion-con-agentes-de-viajes-nacionales\/#primaryimage\",\"url\":\"https:\/\/nitu.mx\/wp-content\/uploads\/2020\/12\/Puerto-Vallarta-agentes-de-viajes.jpg\",\"contentUrl\":\"https:\/\/nitu.mx\/wp-content\/uploads\/2020\/12\/Puerto-Vallarta-agentes-de-viajes.jpg\",\"width\":1200,\"height\":675,\"caption\":\"Puerto Vallarta\"},{\"@type\":\"BreadcrumbList\",\"@id\":\"https:\/\/nitu.mx\/index.php\/2020\/12\/21\/puerto-vallarta-refuerza-promocion-con-agentes-de-viajes-nacionales\/#breadcrumb\",\"itemListElement\":[{\"@type\":\"ListItem\",\"position\":1,\"name\":\"Inicio\",\"item\":\"https:\/\/nitu.mx\/\"},{\"@type\":\"ListItem\",\"position\":2,\"name\":\"Puerto Vallarta refuerza promoci\u00f3n con agentes de viajes nacionales\"}]},{\"@type\":\"WebSite\",\"@id\":\"https:\/\/nitu.mx\/#website\",\"url\":\"https:\/\/nitu.mx\/\",\"name\":\"Nitu - Noticias de la Industria Turistica\",\"description\":\"Noticias de la Industria Turistica\",\"publisher\":{\"@id\":\"https:\/\/nitu.mx\/#\/schema\/person\/ae7a53426417292d3dd07b45a33e01bc\"},\"alternateName\":\"Noticias de la Industria Turistica\",\"potentialAction\":[{\"@type\":\"SearchAction\",\"target\":{\"@type\":\"EntryPoint\",\"urlTemplate\":\"https:\/\/nitu.mx\/?s={search_term_string}\"},\"query-input\":\"required name=search_term_string\"}],\"inLanguage\":\"es-MX\"},{\"@type\":[\"Person\",\"Organization\"],\"@id\":\"https:\/\/nitu.mx\/#\/schema\/person\/ae7a53426417292d3dd07b45a33e01bc\",\"name\":\"Arturo Medina\",\"image\":{\"@type\":\"ImageObject\",\"inLanguage\":\"es-MX\",\"@id\":\"https:\/\/nitu.mx\/#\/schema\/person\/image\/\",\"url\":\"https:\/\/nitu.mx\/wp-content\/uploads\/2024\/04\/4A315622-1904-4D5C-B022-878CDC840E04-90x90-1.jpeg\",\"contentUrl\":\"https:\/\/nitu.mx\/wp-content\/uploads\/2024\/04\/4A315622-1904-4D5C-B022-878CDC840E04-90x90-1.jpeg\",\"width\":90,\"height\":90,\"caption\":\"Arturo Medina\"},\"logo\":{\"@id\":\"https:\/\/nitu.mx\/#\/schema\/person\/image\/\"},\"description\":\"Director NITU.mx, Egresado de la Escuela de Periodismo Carlos Septi\u00e9n Garc\u00eda. Periodista y analista especializado en turismo desde hace 35 a\u00f1os, radicado en Canc\u00fan Q.Roo. arturo@nitu.mx\",\"sameAs\":[\"https:\/\/nitu.mx\",\"https:\/\/www.facebook.com\/NITUmx\/\",\"medinacancun\",\"https:\/\/twitter.com\/@Arturo_Medina_G\"]},{\"@type\":\"Person\",\"@id\":\"https:\/\/nitu.mx\/#\/schema\/person\/3df3082b5e46037e3f13614d28ee0b77\",\"name\":\"Guadalupe Sixto\",\"image\":{\"@type\":\"ImageObject\",\"inLanguage\":\"es-MX\",\"@id\":\"https:\/\/nitu.mx\/#\/schema\/person\/image\/\",\"url\":\"https:\/\/secure.gravatar.com\/avatar\/13914e1b0e1919e91f9539de4dc584c4?s=96&d=mm&r=g\",\"contentUrl\":\"https:\/\/secure.gravatar.com\/avatar\/13914e1b0e1919e91f9539de4dc584c4?s=96&d=mm&r=g\",\"caption\":\"Guadalupe Sixto\"},\"url\":\"https:\/\/nitu.mx\/index.php\/author\/gsixto\/\"}]}<\/script>\n<!-- \/ Yoast SEO plugin. -->","yoast_head_json":{"title":"Puerto Vallarta refuerza promoci\u00f3n con agentes de viajes nacionales - Nitu - Noticias de la Industria Turistica","robots":{"index":"index","follow":"follow","max-snippet":"max-snippet:-1","max-image-preview":"max-image-preview:large","max-video-preview":"max-video-preview:-1"},"canonical":"https:\/\/nitu.mx\/index.php\/2020\/12\/21\/puerto-vallarta-refuerza-promocion-con-agentes-de-viajes-nacionales\/","twitter_card":"summary_large_image","twitter_title":"Puerto Vallarta refuerza promoci\u00f3n con agentes de viajes nacionales - Nitu - Noticias de la Industria Turistica","twitter_description":"El Fideicomiso P\u00fablico para la Promoci\u00f3n y Publicidad Tur\u00edstica de Puerto Vallarta\u00a0visit\u00f3 las principales ciudades del pa\u00eds para sostener reuniones con agentes de viajes y socios comerciales, con el fin de presentarles actualizaciones de la oferta tur\u00edstica del destino y los protocolos de bioseguridad. M\u00e1s de 120 agentes de viajes de Guadalajara, Monterrey y Ciudad [&hellip;]","twitter_image":"https:\/\/nitu.mx\/wp-content\/uploads\/2020\/12\/Puerto-Vallarta-agentes-de-viajes.jpg","twitter_creator":"@NITUmx","twitter_site":"@Arturo_Medina_G","twitter_misc":{"Escrito por":"Guadalupe Sixto","Tiempo de lectura":"2 minutos"},"schema":{"@context":"https:\/\/schema.org","@graph":[{"@type":"Article","@id":"https:\/\/nitu.mx\/index.php\/2020\/12\/21\/puerto-vallarta-refuerza-promocion-con-agentes-de-viajes-nacionales\/#article","isPartOf":{"@id":"https:\/\/nitu.mx\/index.php\/2020\/12\/21\/puerto-vallarta-refuerza-promocion-con-agentes-de-viajes-nacionales\/"},"author":{"name":"Guadalupe Sixto","@id":"https:\/\/nitu.mx\/#\/schema\/person\/3df3082b5e46037e3f13614d28ee0b77"},"headline":"Puerto Vallarta refuerza promoci\u00f3n con agentes de viajes nacionales","datePublished":"2020-12-21T06:35:02+00:00","dateModified":"2020-12-21T06:42:07+00:00","mainEntityOfPage":{"@id":"https:\/\/nitu.mx\/index.php\/2020\/12\/21\/puerto-vallarta-refuerza-promocion-con-agentes-de-viajes-nacionales\/"},"wordCount":447,"commentCount":0,"publisher":{"@id":"https:\/\/nitu.mx\/#\/schema\/person\/ae7a53426417292d3dd07b45a33e01bc"},"image":{"@id":"https:\/\/nitu.mx\/index.php\/2020\/12\/21\/puerto-vallarta-refuerza-promocion-con-agentes-de-viajes-nacionales\/#primaryimage"},"thumbnailUrl":"https:\/\/nitu.mx\/wp-content\/uploads\/2020\/12\/Puerto-Vallarta-agentes-de-viajes.jpg","keywords":["Aerom\u00e9xico","agentes de viajes","Magnicharters","Puerto Vallarta","TAR","Turismo de romance","Viva Aerobus","Volaris"],"articleSection":["Agencias de Viajes","Destinos"],"inLanguage":"es-MX","potentialAction":[{"@type":"CommentAction","name":"Comment","target":["https:\/\/nitu.mx\/index.php\/2020\/12\/21\/puerto-vallarta-refuerza-promocion-con-agentes-de-viajes-nacionales\/#respond"]}]},{"@type":"WebPage","@id":"https:\/\/nitu.mx\/index.php\/2020\/12\/21\/puerto-vallarta-refuerza-promocion-con-agentes-de-viajes-nacionales\/","url":"https:\/\/nitu.mx\/index.php\/2020\/12\/21\/puerto-vallarta-refuerza-promocion-con-agentes-de-viajes-nacionales\/","name":"Puerto Vallarta refuerza promoci\u00f3n con agentes de viajes nacionales - Nitu - Noticias de la Industria Turistica","isPartOf":{"@id":"https:\/\/nitu.mx\/#website"},"primaryImageOfPage":{"@id":"https:\/\/nitu.mx\/index.php\/2020\/12\/21\/puerto-vallarta-refuerza-promocion-con-agentes-de-viajes-nacionales\/#primaryimage"},"image":{"@id":"https:\/\/nitu.mx\/index.php\/2020\/12\/21\/puerto-vallarta-refuerza-promocion-con-agentes-de-viajes-nacionales\/#primaryimage"},"thumbnailUrl":"https:\/\/nitu.mx\/wp-content\/uploads\/2020\/12\/Puerto-Vallarta-agentes-de-viajes.jpg","datePublished":"2020-12-21T06:35:02+00:00","dateModified":"2020-12-21T06:42:07+00:00","breadcrumb":{"@id":"https:\/\/nitu.mx\/index.php\/2020\/12\/21\/puerto-vallarta-refuerza-promocion-con-agentes-de-viajes-nacionales\/#breadcrumb"},"inLanguage":"es-MX","potentialAction":[{"@type":"ReadAction","target":["https:\/\/nitu.mx\/index.php\/2020\/12\/21\/puerto-vallarta-refuerza-promocion-con-agentes-de-viajes-nacionales\/"]}]},{"@type":"ImageObject","inLanguage":"es-MX","@id":"https:\/\/nitu.mx\/index.php\/2020\/12\/21\/puerto-vallarta-refuerza-promocion-con-agentes-de-viajes-nacionales\/#primaryimage","url":"https:\/\/nitu.mx\/wp-content\/uploads\/2020\/12\/Puerto-Vallarta-agentes-de-viajes.jpg","contentUrl":"https:\/\/nitu.mx\/wp-content\/uploads\/2020\/12\/Puerto-Vallarta-agentes-de-viajes.jpg","width":1200,"height":675,"caption":"Puerto Vallarta"},{"@type":"BreadcrumbList","@id":"https:\/\/nitu.mx\/index.php\/2020\/12\/21\/puerto-vallarta-refuerza-promocion-con-agentes-de-viajes-nacionales\/#breadcrumb","itemListElement":[{"@type":"ListItem","position":1,"name":"Inicio","item":"https:\/\/nitu.mx\/"},{"@type":"ListItem","position":2,"name":"Puerto Vallarta refuerza promoci\u00f3n con agentes de viajes nacionales"}]},{"@type":"WebSite","@id":"https:\/\/nitu.mx\/#website","url":"https:\/\/nitu.mx\/","name":"Nitu - Noticias de la Industria Turistica","description":"Noticias de la Industria Turistica","publisher":{"@id":"https:\/\/nitu.mx\/#\/schema\/person\/ae7a53426417292d3dd07b45a33e01bc"},"alternateName":"Noticias de la Industria Turistica","potentialAction":[{"@type":"SearchAction","target":{"@type":"EntryPoint","urlTemplate":"https:\/\/nitu.mx\/?s={search_term_string}"},"query-input":"required name=search_term_string"}],"inLanguage":"es-MX"},{"@type":["Person","Organization"],"@id":"https:\/\/nitu.mx\/#\/schema\/person\/ae7a53426417292d3dd07b45a33e01bc","name":"Arturo Medina","image":{"@type":"ImageObject","inLanguage":"es-MX","@id":"https:\/\/nitu.mx\/#\/schema\/person\/image\/","url":"https:\/\/nitu.mx\/wp-content\/uploads\/2024\/04\/4A315622-1904-4D5C-B022-878CDC840E04-90x90-1.jpeg","contentUrl":"https:\/\/nitu.mx\/wp-content\/uploads\/2024\/04\/4A315622-1904-4D5C-B022-878CDC840E04-90x90-1.jpeg","width":90,"height":90,"caption":"Arturo Medina"},"logo":{"@id":"https:\/\/nitu.mx\/#\/schema\/person\/image\/"},"description":"Director NITU.mx, Egresado de la Escuela de Periodismo Carlos Septi\u00e9n Garc\u00eda. Periodista y analista especializado en turismo desde hace 35 a\u00f1os, radicado en Canc\u00fan Q.Roo. arturo@nitu.mx","sameAs":["https:\/\/nitu.mx","https:\/\/www.facebook.com\/NITUmx\/","medinacancun","https:\/\/twitter.com\/@Arturo_Medina_G"]},{"@type":"Person","@id":"https:\/\/nitu.mx\/#\/schema\/person\/3df3082b5e46037e3f13614d28ee0b77","name":"Guadalupe Sixto","image":{"@type":"ImageObject","inLanguage":"es-MX","@id":"https:\/\/nitu.mx\/#\/schema\/person\/image\/","url":"https:\/\/secure.gravatar.com\/avatar\/13914e1b0e1919e91f9539de4dc584c4?s=96&d=mm&r=g","contentUrl":"https:\/\/secure.gravatar.com\/avatar\/13914e1b0e1919e91f9539de4dc584c4?s=96&d=mm&r=g","caption":"Guadalupe Sixto"},"url":"https:\/\/nitu.mx\/index.php\/author\/gsixto\/"}]}},"views":476,"_links":{"self":[{"href":"https:\/\/nitu.mx\/index.php\/wp-json\/wp\/v2\/posts\/49076"}],"collection":[{"href":"https:\/\/nitu.mx\/index.php\/wp-json\/wp\/v2\/posts"}],"about":[{"href":"https:\/\/nitu.mx\/index.php\/wp-json\/wp\/v2\/types\/post"}],"author":[{"embeddable":true,"href":"https:\/\/nitu.mx\/index.php\/wp-json\/wp\/v2\/users\/18"}],"replies":[{"embeddable":true,"href":"https:\/\/nitu.mx\/index.php\/wp-json\/wp\/v2\/comments?post=49076"}],"version-history":[{"count":2,"href":"https:\/\/nitu.mx\/index.php\/wp-json\/wp\/v2\/posts\/49076\/revisions"}],"predecessor-version":[{"id":49080,"href":"https:\/\/nitu.mx\/index.php\/wp-json\/wp\/v2\/posts\/49076\/revisions\/49080"}],"wp:featuredmedia":[{"embeddable":true,"href":"https:\/\/nitu.mx\/index.php\/wp-json\/wp\/v2\/media\/49099"}],"wp:attachment":[{"href":"https:\/\/nitu.mx\/index.php\/wp-json\/wp\/v2\/media?parent=49076"}],"wp:term":[{"taxonomy":"category","embeddable":true,"href":"https:\/\/nitu.mx\/index.php\/wp-json\/wp\/v2\/categories?post=49076"},{"taxonomy":"post_tag","embeddable":true,"href":"https:\/\/nitu.mx\/index.php\/wp-json\/wp\/v2\/tags?post=49076"}],"curies":[{"name":"wp","href":"https:\/\/api.w.org\/{rel}","templated":true}]}}