{"id":48906,"date":"2020-12-14T01:27:40","date_gmt":"2020-12-14T06:27:40","guid":{"rendered":"https:\/\/www.dev.nitu.mx\/?p=48906"},"modified":"2020-12-14T01:29:18","modified_gmt":"2020-12-14T06:29:18","slug":"fonatur-y-empresarios-acuerdan-crear-el-consejo-consultivo-de-cancun","status":"publish","type":"post","link":"https:\/\/nitu.mx\/index.php\/2020\/12\/14\/fonatur-y-empresarios-acuerdan-crear-el-consejo-consultivo-de-cancun\/","title":{"rendered":"Fonatur y empresarios acuerdan crear el Consejo Consultivo de Canc\u00fan"},"content":{"rendered":"<p>El Fondo Nacional de Fomento al Turismo (Fonatur) anunci\u00f3 la creaci\u00f3n del Consejo Consultivo de Canc\u00fan, donde participar\u00e1n empresarios, hoteleros, organismos colegiados y autoridades de los tres niveles de gobierno, a fin de procurar la gobernanza de la zona hotelera de Canc\u00fan para tomar las mejores decisiones en cuanto al mantenimiento, operaci\u00f3n y planificaci\u00f3n urbana.<\/p>\n<p>Durante una reuni\u00f3n en las oficinas del Centro Integralmente Planeado Canc\u00fan, el director general de Fonatur, Rogelio Jim\u00e9nez Pons, destac\u00f3 la importancia de definir el modelo y estructura que tendr\u00e1 dicho organismo. Se busca garantizar que est\u00e9n representados todos los sectores de la iniciativa privada y la sociedad, para darle legitimidad, solidez y el peso pol\u00edtico adecuado en la toma de decisiones que implica el desarrollo de este destino tur\u00edstico.<\/p>\n<p>Con la creaci\u00f3n del organismo se busca mejorar la operaci\u00f3n y mantenimiento de la zona de playas, donde los actores involucrados decidan las acciones, obras y proyectos que permitan mejorar la operaci\u00f3n y el mantenimiento del destino vacacional con una visi\u00f3n de planificaci\u00f3n a mediano y largo plazo evitando los errores del pasado y donde el gobierno haga part\u00edcipe a los empresarios y la sociedad de las decisiones.<\/p>\n<p>\u201cTenemos la voluntad pol\u00edtica y la Federaci\u00f3n comparte la gobernanza de la toma de decisiones de la zona tur\u00edstica. Vayamos construyendo juntos este Consejo Consultivo para la toma de decisiones colectivas, a fin de que la zona hotelera de Canc\u00fan est\u00e9 en mejores condiciones y que ya no crezca en cantidad sino en calidad\u201d, precis\u00f3 el director general.<\/p>\n<p>Por su parte los empresarios, hoteleros y representantes de organismos colegiados aplaudieron el inter\u00e9s de Fonatur para la creaci\u00f3n del Consejo Consultivo de Canc\u00fan y acordaron reunirse pr\u00f3ximamente para ir estructurando las bases del organismo, establecer sus facultades y atribuciones, as\u00ed como definir la comisi\u00f3n de cada uno de sus integrantes.<\/p>\n<p>\u201cLos empresarios de Canc\u00fan aplaudimos esta iniciativa de Fonatur de involucrar a los sectores de la sociedad civil en la toma de decisiones, lo que permitir\u00e1 que sigamos generando m\u00e1s fuentes de empleo y que abone a que el destino vaya siendo autosuficiente\u201d, dijo Rafael Aguirre, del Grupo MERA.<\/p>\n<p>En tanto, Diego Cort\u00e9s, presidente de la CMIC, resalt\u00f3 que la creaci\u00f3n del Consejo Consultivo ayudar\u00e1 a tener una visi\u00f3n de largo plazo en el crecimiento de la ciudad, pues ante el \u00e9xito del destino tur\u00edstico, \u00e9ste se construy\u00f3 sin planeaci\u00f3n urbana. (<a title=\"Valuadores firmar\u00e1n convenio con Fonatur para participar en proyecto del Tren Maya\" href=\"https:\/\/www.dev.nitu.mx\/index.php\/2020\/12\/11\/valuadores-firmaran-convenio-con-fonatur-para-participar-en-proyecto-del-tren-maya\/\" rel=\"bookmark\">Valuadores firmar\u00e1n convenio con Fonatur para participar en proyecto del Tren Maya<\/a>)<\/p>\n<p>En la reuni\u00f3n participaron tambi\u00e9n Ra\u00fal Berm\u00fadez Arreola, encargado de despacho del CIP Canc\u00fan; Armando Lara de Nigris, Secretario de Ecolog\u00eda y Desarrollo Urbano del Ayuntamiento de Benito Ju\u00e1rez; Francisco Fern\u00e1ndez, de Asociados N\u00e1uticos de Quintana Roo; James Tobin, del Consejo Coordinador Empresarial del Caribe; Diego Cort\u00e9s, presidente de la CMIC Quintana Roo; Roberto Velasco, del Colegio de Ingenieros Civiles; Rafael Aguirre, de Grupo MERA; Marcy Bezaleal, presidente de Canirac; Carlos del Castillo, de Ruta N\u00e1der; Yadira Romero, del Colegio de Bi\u00f3logos; M\u00edriam Cort\u00e9s, de Acluvac; Margarita Mart\u00ednez, del Grupo Xcaret, y Edgar Mart\u00ednez, de Coparmex.<\/p>\n","protected":false},"excerpt":{"rendered":"<p>El Fondo Nacional de Fomento al Turismo (Fonatur) anunci\u00f3 la creaci\u00f3n del Consejo Consultivo de Canc\u00fan, donde participar\u00e1n empresarios, hoteleros, organismos colegiados y autoridades de los tres niveles de gobierno, a fin de procurar la gobernanza de la zona hotelera de Canc\u00fan para tomar las mejores decisiones en cuanto al mantenimiento, operaci\u00f3n y planificaci\u00f3n urbana. [&hellip;]<\/p>\n","protected":false},"author":3,"featured_media":41919,"comment_status":"open","ping_status":"open","sticky":false,"template":"","format":"standard","meta":{"footnotes":""},"categories":[18475,5],"tags":[43,21326,889,260],"yoast_head":"<!-- This site is optimized with the Yoast SEO plugin v22.2 - https:\/\/yoast.com\/wordpress\/plugins\/seo\/ -->\n<title>Fonatur y empresarios acuerdan crear el Consejo Consultivo de Canc\u00fan - Nitu - Noticias de la Industria Turistica<\/title>\n<meta name=\"robots\" content=\"index, follow, max-snippet:-1, max-image-preview:large, max-video-preview:-1\" \/>\n<link rel=\"canonical\" href=\"https:\/\/nitu.mx\/index.php\/2020\/12\/14\/fonatur-y-empresarios-acuerdan-crear-el-consejo-consultivo-de-cancun\/\" \/>\n<meta name=\"twitter:card\" content=\"summary_large_image\" \/>\n<meta name=\"twitter:title\" content=\"Fonatur y empresarios acuerdan crear el Consejo Consultivo de Canc\u00fan - Nitu - Noticias de la Industria Turistica\" \/>\n<meta name=\"twitter:description\" content=\"El Fondo Nacional de Fomento al Turismo (Fonatur) anunci\u00f3 la creaci\u00f3n del Consejo Consultivo de Canc\u00fan, donde participar\u00e1n empresarios, hoteleros, organismos colegiados y autoridades de los tres niveles de gobierno, a fin de procurar la gobernanza de la zona hotelera de Canc\u00fan para tomar las mejores decisiones en cuanto al mantenimiento, operaci\u00f3n y planificaci\u00f3n urbana. [&hellip;]\" \/>\n<meta name=\"twitter:image\" content=\"https:\/\/nitu.mx\/wp-content\/uploads\/2020\/04\/cancun-50-aniversario.jpg\" \/>\n<meta name=\"twitter:creator\" content=\"@NITUmx\" \/>\n<meta name=\"twitter:site\" content=\"@Arturo_Medina_G\" \/>\n<meta name=\"twitter:label1\" content=\"Escrito por\" \/>\n\t<meta name=\"twitter:data1\" content=\"Alejandra Moncisbays\" \/>\n\t<meta name=\"twitter:label2\" content=\"Tiempo de lectura\" \/>\n\t<meta name=\"twitter:data2\" content=\"3 minutos\" \/>\n<script type=\"application\/ld+json\" class=\"yoast-schema-graph\">{\"@context\":\"https:\/\/schema.org\",\"@graph\":[{\"@type\":\"Article\",\"@id\":\"https:\/\/nitu.mx\/index.php\/2020\/12\/14\/fonatur-y-empresarios-acuerdan-crear-el-consejo-consultivo-de-cancun\/#article\",\"isPartOf\":{\"@id\":\"https:\/\/nitu.mx\/index.php\/2020\/12\/14\/fonatur-y-empresarios-acuerdan-crear-el-consejo-consultivo-de-cancun\/\"},\"author\":{\"name\":\"Alejandra Moncisbays\",\"@id\":\"https:\/\/nitu.mx\/#\/schema\/person\/2ecd887b19dfd3382d1f14fc5acf24a8\"},\"headline\":\"Fonatur y empresarios acuerdan crear el Consejo Consultivo de Canc\u00fan\",\"datePublished\":\"2020-12-14T06:27:40+00:00\",\"dateModified\":\"2020-12-14T06:29:18+00:00\",\"mainEntityOfPage\":{\"@id\":\"https:\/\/nitu.mx\/index.php\/2020\/12\/14\/fonatur-y-empresarios-acuerdan-crear-el-consejo-consultivo-de-cancun\/\"},\"wordCount\":563,\"commentCount\":0,\"publisher\":{\"@id\":\"https:\/\/nitu.mx\/#\/schema\/person\/ae7a53426417292d3dd07b45a33e01bc\"},\"image\":{\"@id\":\"https:\/\/nitu.mx\/index.php\/2020\/12\/14\/fonatur-y-empresarios-acuerdan-crear-el-consejo-consultivo-de-cancun\/#primaryimage\"},\"thumbnailUrl\":\"https:\/\/nitu.mx\/wp-content\/uploads\/2020\/04\/cancun-50-aniversario.jpg\",\"keywords\":[\"Canc\u00fan\",\"Consejo Consultivo de Canc\u00fan\",\"Fonatur\",\"Quintana Roo\"],\"articleSection\":[\"Caribe Mexicano\",\"Destinos\"],\"inLanguage\":\"es-MX\",\"potentialAction\":[{\"@type\":\"CommentAction\",\"name\":\"Comment\",\"target\":[\"https:\/\/nitu.mx\/index.php\/2020\/12\/14\/fonatur-y-empresarios-acuerdan-crear-el-consejo-consultivo-de-cancun\/#respond\"]}]},{\"@type\":\"WebPage\",\"@id\":\"https:\/\/nitu.mx\/index.php\/2020\/12\/14\/fonatur-y-empresarios-acuerdan-crear-el-consejo-consultivo-de-cancun\/\",\"url\":\"https:\/\/nitu.mx\/index.php\/2020\/12\/14\/fonatur-y-empresarios-acuerdan-crear-el-consejo-consultivo-de-cancun\/\",\"name\":\"Fonatur y empresarios acuerdan crear el Consejo Consultivo de Canc\u00fan - Nitu - Noticias de la Industria Turistica\",\"isPartOf\":{\"@id\":\"https:\/\/nitu.mx\/#website\"},\"primaryImageOfPage\":{\"@id\":\"https:\/\/nitu.mx\/index.php\/2020\/12\/14\/fonatur-y-empresarios-acuerdan-crear-el-consejo-consultivo-de-cancun\/#primaryimage\"},\"image\":{\"@id\":\"https:\/\/nitu.mx\/index.php\/2020\/12\/14\/fonatur-y-empresarios-acuerdan-crear-el-consejo-consultivo-de-cancun\/#primaryimage\"},\"thumbnailUrl\":\"https:\/\/nitu.mx\/wp-content\/uploads\/2020\/04\/cancun-50-aniversario.jpg\",\"datePublished\":\"2020-12-14T06:27:40+00:00\",\"dateModified\":\"2020-12-14T06:29:18+00:00\",\"breadcrumb\":{\"@id\":\"https:\/\/nitu.mx\/index.php\/2020\/12\/14\/fonatur-y-empresarios-acuerdan-crear-el-consejo-consultivo-de-cancun\/#breadcrumb\"},\"inLanguage\":\"es-MX\",\"potentialAction\":[{\"@type\":\"ReadAction\",\"target\":[\"https:\/\/nitu.mx\/index.php\/2020\/12\/14\/fonatur-y-empresarios-acuerdan-crear-el-consejo-consultivo-de-cancun\/\"]}]},{\"@type\":\"ImageObject\",\"inLanguage\":\"es-MX\",\"@id\":\"https:\/\/nitu.mx\/index.php\/2020\/12\/14\/fonatur-y-empresarios-acuerdan-crear-el-consejo-consultivo-de-cancun\/#primaryimage\",\"url\":\"https:\/\/nitu.mx\/wp-content\/uploads\/2020\/04\/cancun-50-aniversario.jpg\",\"contentUrl\":\"https:\/\/nitu.mx\/wp-content\/uploads\/2020\/04\/cancun-50-aniversario.jpg\",\"width\":850,\"height\":480,\"caption\":\"cancun 50 aniversario WTTC\"},{\"@type\":\"BreadcrumbList\",\"@id\":\"https:\/\/nitu.mx\/index.php\/2020\/12\/14\/fonatur-y-empresarios-acuerdan-crear-el-consejo-consultivo-de-cancun\/#breadcrumb\",\"itemListElement\":[{\"@type\":\"ListItem\",\"position\":1,\"name\":\"Inicio\",\"item\":\"https:\/\/nitu.mx\/\"},{\"@type\":\"ListItem\",\"position\":2,\"name\":\"Fonatur y empresarios acuerdan crear el Consejo Consultivo de Canc\u00fan\"}]},{\"@type\":\"WebSite\",\"@id\":\"https:\/\/nitu.mx\/#website\",\"url\":\"https:\/\/nitu.mx\/\",\"name\":\"Nitu - Noticias de la Industria Turistica\",\"description\":\"Noticias de la Industria Turistica\",\"publisher\":{\"@id\":\"https:\/\/nitu.mx\/#\/schema\/person\/ae7a53426417292d3dd07b45a33e01bc\"},\"alternateName\":\"Noticias de la Industria Turistica\",\"potentialAction\":[{\"@type\":\"SearchAction\",\"target\":{\"@type\":\"EntryPoint\",\"urlTemplate\":\"https:\/\/nitu.mx\/?s={search_term_string}\"},\"query-input\":\"required name=search_term_string\"}],\"inLanguage\":\"es-MX\"},{\"@type\":[\"Person\",\"Organization\"],\"@id\":\"https:\/\/nitu.mx\/#\/schema\/person\/ae7a53426417292d3dd07b45a33e01bc\",\"name\":\"Arturo Medina\",\"image\":{\"@type\":\"ImageObject\",\"inLanguage\":\"es-MX\",\"@id\":\"https:\/\/nitu.mx\/#\/schema\/person\/image\/\",\"url\":\"https:\/\/nitu.mx\/wp-content\/uploads\/2024\/04\/4A315622-1904-4D5C-B022-878CDC840E04-90x90-1.jpeg\",\"contentUrl\":\"https:\/\/nitu.mx\/wp-content\/uploads\/2024\/04\/4A315622-1904-4D5C-B022-878CDC840E04-90x90-1.jpeg\",\"width\":90,\"height\":90,\"caption\":\"Arturo Medina\"},\"logo\":{\"@id\":\"https:\/\/nitu.mx\/#\/schema\/person\/image\/\"},\"description\":\"Director NITU.mx, Egresado de la Escuela de Periodismo Carlos Septi\u00e9n Garc\u00eda. Periodista y analista especializado en turismo desde hace 35 a\u00f1os, radicado en Canc\u00fan Q.Roo. arturo@nitu.mx\",\"sameAs\":[\"https:\/\/nitu.mx\",\"https:\/\/www.facebook.com\/NITUmx\/\",\"medinacancun\",\"https:\/\/twitter.com\/@Arturo_Medina_G\"]},{\"@type\":\"Person\",\"@id\":\"https:\/\/nitu.mx\/#\/schema\/person\/2ecd887b19dfd3382d1f14fc5acf24a8\",\"name\":\"Alejandra Moncisbays\",\"image\":{\"@type\":\"ImageObject\",\"inLanguage\":\"es-MX\",\"@id\":\"https:\/\/nitu.mx\/#\/schema\/person\/image\/\",\"url\":\"https:\/\/secure.gravatar.com\/avatar\/e74f7af0be172b7804dacfd0bfbef787?s=96&d=mm&r=g\",\"contentUrl\":\"https:\/\/secure.gravatar.com\/avatar\/e74f7af0be172b7804dacfd0bfbef787?s=96&d=mm&r=g\",\"caption\":\"Alejandra Moncisbays\"},\"description\":\"Curs\u00e9 la carrera de Periodismo y Comunicaci\u00f3n en la Facultad de Estudios Profesionales Acatl\u00e1n. Vivo en Canc\u00fan desde hace 24 a\u00f1os. Fui reportera de La Tarde de Canc\u00fan, y Novedades de Quintana Roo, colabor\u00e9 en TVCUN, edit\u00e9 Cancun\u00edssimo y colabor\u00e9 en las revistas Latitud21, entre otras, con principal enfoque en los sectores empresarial y tur\u00edstico. Desde hace varios a\u00f1os soy Agente de Seguros con c\u00e9dula de la Comisi\u00f3n Nacional de Seguros y Fianzas. Actualmente, me desarrollo en los \u00e1mbitos del periodismo y el sector asegurador.\",\"sameAs\":[\"https:\/\/nitu.mx\"],\"url\":\"https:\/\/nitu.mx\/index.php\/author\/alejandra\/\"}]}<\/script>\n<!-- \/ Yoast SEO plugin. -->","yoast_head_json":{"title":"Fonatur y empresarios acuerdan crear el Consejo Consultivo de Canc\u00fan - Nitu - Noticias de la Industria Turistica","robots":{"index":"index","follow":"follow","max-snippet":"max-snippet:-1","max-image-preview":"max-image-preview:large","max-video-preview":"max-video-preview:-1"},"canonical":"https:\/\/nitu.mx\/index.php\/2020\/12\/14\/fonatur-y-empresarios-acuerdan-crear-el-consejo-consultivo-de-cancun\/","twitter_card":"summary_large_image","twitter_title":"Fonatur y empresarios acuerdan crear el Consejo Consultivo de Canc\u00fan - Nitu - Noticias de la Industria Turistica","twitter_description":"El Fondo Nacional de Fomento al Turismo (Fonatur) anunci\u00f3 la creaci\u00f3n del Consejo Consultivo de Canc\u00fan, donde participar\u00e1n empresarios, hoteleros, organismos colegiados y autoridades de los tres niveles de gobierno, a fin de procurar la gobernanza de la zona hotelera de Canc\u00fan para tomar las mejores decisiones en cuanto al mantenimiento, operaci\u00f3n y planificaci\u00f3n urbana. [&hellip;]","twitter_image":"https:\/\/nitu.mx\/wp-content\/uploads\/2020\/04\/cancun-50-aniversario.jpg","twitter_creator":"@NITUmx","twitter_site":"@Arturo_Medina_G","twitter_misc":{"Escrito por":"Alejandra Moncisbays","Tiempo de lectura":"3 minutos"},"schema":{"@context":"https:\/\/schema.org","@graph":[{"@type":"Article","@id":"https:\/\/nitu.mx\/index.php\/2020\/12\/14\/fonatur-y-empresarios-acuerdan-crear-el-consejo-consultivo-de-cancun\/#article","isPartOf":{"@id":"https:\/\/nitu.mx\/index.php\/2020\/12\/14\/fonatur-y-empresarios-acuerdan-crear-el-consejo-consultivo-de-cancun\/"},"author":{"name":"Alejandra Moncisbays","@id":"https:\/\/nitu.mx\/#\/schema\/person\/2ecd887b19dfd3382d1f14fc5acf24a8"},"headline":"Fonatur y empresarios acuerdan crear el Consejo Consultivo de Canc\u00fan","datePublished":"2020-12-14T06:27:40+00:00","dateModified":"2020-12-14T06:29:18+00:00","mainEntityOfPage":{"@id":"https:\/\/nitu.mx\/index.php\/2020\/12\/14\/fonatur-y-empresarios-acuerdan-crear-el-consejo-consultivo-de-cancun\/"},"wordCount":563,"commentCount":0,"publisher":{"@id":"https:\/\/nitu.mx\/#\/schema\/person\/ae7a53426417292d3dd07b45a33e01bc"},"image":{"@id":"https:\/\/nitu.mx\/index.php\/2020\/12\/14\/fonatur-y-empresarios-acuerdan-crear-el-consejo-consultivo-de-cancun\/#primaryimage"},"thumbnailUrl":"https:\/\/nitu.mx\/wp-content\/uploads\/2020\/04\/cancun-50-aniversario.jpg","keywords":["Canc\u00fan","Consejo Consultivo de Canc\u00fan","Fonatur","Quintana Roo"],"articleSection":["Caribe Mexicano","Destinos"],"inLanguage":"es-MX","potentialAction":[{"@type":"CommentAction","name":"Comment","target":["https:\/\/nitu.mx\/index.php\/2020\/12\/14\/fonatur-y-empresarios-acuerdan-crear-el-consejo-consultivo-de-cancun\/#respond"]}]},{"@type":"WebPage","@id":"https:\/\/nitu.mx\/index.php\/2020\/12\/14\/fonatur-y-empresarios-acuerdan-crear-el-consejo-consultivo-de-cancun\/","url":"https:\/\/nitu.mx\/index.php\/2020\/12\/14\/fonatur-y-empresarios-acuerdan-crear-el-consejo-consultivo-de-cancun\/","name":"Fonatur y empresarios acuerdan crear el Consejo Consultivo de Canc\u00fan - Nitu - Noticias de la Industria Turistica","isPartOf":{"@id":"https:\/\/nitu.mx\/#website"},"primaryImageOfPage":{"@id":"https:\/\/nitu.mx\/index.php\/2020\/12\/14\/fonatur-y-empresarios-acuerdan-crear-el-consejo-consultivo-de-cancun\/#primaryimage"},"image":{"@id":"https:\/\/nitu.mx\/index.php\/2020\/12\/14\/fonatur-y-empresarios-acuerdan-crear-el-consejo-consultivo-de-cancun\/#primaryimage"},"thumbnailUrl":"https:\/\/nitu.mx\/wp-content\/uploads\/2020\/04\/cancun-50-aniversario.jpg","datePublished":"2020-12-14T06:27:40+00:00","dateModified":"2020-12-14T06:29:18+00:00","breadcrumb":{"@id":"https:\/\/nitu.mx\/index.php\/2020\/12\/14\/fonatur-y-empresarios-acuerdan-crear-el-consejo-consultivo-de-cancun\/#breadcrumb"},"inLanguage":"es-MX","potentialAction":[{"@type":"ReadAction","target":["https:\/\/nitu.mx\/index.php\/2020\/12\/14\/fonatur-y-empresarios-acuerdan-crear-el-consejo-consultivo-de-cancun\/"]}]},{"@type":"ImageObject","inLanguage":"es-MX","@id":"https:\/\/nitu.mx\/index.php\/2020\/12\/14\/fonatur-y-empresarios-acuerdan-crear-el-consejo-consultivo-de-cancun\/#primaryimage","url":"https:\/\/nitu.mx\/wp-content\/uploads\/2020\/04\/cancun-50-aniversario.jpg","contentUrl":"https:\/\/nitu.mx\/wp-content\/uploads\/2020\/04\/cancun-50-aniversario.jpg","width":850,"height":480,"caption":"cancun 50 aniversario WTTC"},{"@type":"BreadcrumbList","@id":"https:\/\/nitu.mx\/index.php\/2020\/12\/14\/fonatur-y-empresarios-acuerdan-crear-el-consejo-consultivo-de-cancun\/#breadcrumb","itemListElement":[{"@type":"ListItem","position":1,"name":"Inicio","item":"https:\/\/nitu.mx\/"},{"@type":"ListItem","position":2,"name":"Fonatur y empresarios acuerdan crear el Consejo Consultivo de Canc\u00fan"}]},{"@type":"WebSite","@id":"https:\/\/nitu.mx\/#website","url":"https:\/\/nitu.mx\/","name":"Nitu - Noticias de la Industria Turistica","description":"Noticias de la Industria Turistica","publisher":{"@id":"https:\/\/nitu.mx\/#\/schema\/person\/ae7a53426417292d3dd07b45a33e01bc"},"alternateName":"Noticias de la Industria Turistica","potentialAction":[{"@type":"SearchAction","target":{"@type":"EntryPoint","urlTemplate":"https:\/\/nitu.mx\/?s={search_term_string}"},"query-input":"required name=search_term_string"}],"inLanguage":"es-MX"},{"@type":["Person","Organization"],"@id":"https:\/\/nitu.mx\/#\/schema\/person\/ae7a53426417292d3dd07b45a33e01bc","name":"Arturo Medina","image":{"@type":"ImageObject","inLanguage":"es-MX","@id":"https:\/\/nitu.mx\/#\/schema\/person\/image\/","url":"https:\/\/nitu.mx\/wp-content\/uploads\/2024\/04\/4A315622-1904-4D5C-B022-878CDC840E04-90x90-1.jpeg","contentUrl":"https:\/\/nitu.mx\/wp-content\/uploads\/2024\/04\/4A315622-1904-4D5C-B022-878CDC840E04-90x90-1.jpeg","width":90,"height":90,"caption":"Arturo Medina"},"logo":{"@id":"https:\/\/nitu.mx\/#\/schema\/person\/image\/"},"description":"Director NITU.mx, Egresado de la Escuela de Periodismo Carlos Septi\u00e9n Garc\u00eda. Periodista y analista especializado en turismo desde hace 35 a\u00f1os, radicado en Canc\u00fan Q.Roo. arturo@nitu.mx","sameAs":["https:\/\/nitu.mx","https:\/\/www.facebook.com\/NITUmx\/","medinacancun","https:\/\/twitter.com\/@Arturo_Medina_G"]},{"@type":"Person","@id":"https:\/\/nitu.mx\/#\/schema\/person\/2ecd887b19dfd3382d1f14fc5acf24a8","name":"Alejandra Moncisbays","image":{"@type":"ImageObject","inLanguage":"es-MX","@id":"https:\/\/nitu.mx\/#\/schema\/person\/image\/","url":"https:\/\/secure.gravatar.com\/avatar\/e74f7af0be172b7804dacfd0bfbef787?s=96&d=mm&r=g","contentUrl":"https:\/\/secure.gravatar.com\/avatar\/e74f7af0be172b7804dacfd0bfbef787?s=96&d=mm&r=g","caption":"Alejandra Moncisbays"},"description":"Curs\u00e9 la carrera de Periodismo y Comunicaci\u00f3n en la Facultad de Estudios Profesionales Acatl\u00e1n. Vivo en Canc\u00fan desde hace 24 a\u00f1os. Fui reportera de La Tarde de Canc\u00fan, y Novedades de Quintana Roo, colabor\u00e9 en TVCUN, edit\u00e9 Cancun\u00edssimo y colabor\u00e9 en las revistas Latitud21, entre otras, con principal enfoque en los sectores empresarial y tur\u00edstico. Desde hace varios a\u00f1os soy Agente de Seguros con c\u00e9dula de la Comisi\u00f3n Nacional de Seguros y Fianzas. Actualmente, me desarrollo en los \u00e1mbitos del periodismo y el sector asegurador.","sameAs":["https:\/\/nitu.mx"],"url":"https:\/\/nitu.mx\/index.php\/author\/alejandra\/"}]}},"views":261,"_links":{"self":[{"href":"https:\/\/nitu.mx\/index.php\/wp-json\/wp\/v2\/posts\/48906"}],"collection":[{"href":"https:\/\/nitu.mx\/index.php\/wp-json\/wp\/v2\/posts"}],"about":[{"href":"https:\/\/nitu.mx\/index.php\/wp-json\/wp\/v2\/types\/post"}],"author":[{"embeddable":true,"href":"https:\/\/nitu.mx\/index.php\/wp-json\/wp\/v2\/users\/3"}],"replies":[{"embeddable":true,"href":"https:\/\/nitu.mx\/index.php\/wp-json\/wp\/v2\/comments?post=48906"}],"version-history":[{"count":2,"href":"https:\/\/nitu.mx\/index.php\/wp-json\/wp\/v2\/posts\/48906\/revisions"}],"predecessor-version":[{"id":48924,"href":"https:\/\/nitu.mx\/index.php\/wp-json\/wp\/v2\/posts\/48906\/revisions\/48924"}],"wp:featuredmedia":[{"embeddable":true,"href":"https:\/\/nitu.mx\/index.php\/wp-json\/wp\/v2\/media\/41919"}],"wp:attachment":[{"href":"https:\/\/nitu.mx\/index.php\/wp-json\/wp\/v2\/media?parent=48906"}],"wp:term":[{"taxonomy":"category","embeddable":true,"href":"https:\/\/nitu.mx\/index.php\/wp-json\/wp\/v2\/categories?post=48906"},{"taxonomy":"post_tag","embeddable":true,"href":"https:\/\/nitu.mx\/index.php\/wp-json\/wp\/v2\/tags?post=48906"}],"curies":[{"name":"wp","href":"https:\/\/api.w.org\/{rel}","templated":true}]}}