{"id":48860,"date":"2020-12-11T00:57:59","date_gmt":"2020-12-11T05:57:59","guid":{"rendered":"https:\/\/www.dev.nitu.mx\/?p=48860"},"modified":"2020-12-11T01:43:01","modified_gmt":"2020-12-11T06:43:01","slug":"valuadores-firmaran-convenio-con-fonatur-para-participar-en-proyecto-del-tren-maya","status":"publish","type":"post","link":"https:\/\/nitu.mx\/index.php\/2020\/12\/11\/valuadores-firmaran-convenio-con-fonatur-para-participar-en-proyecto-del-tren-maya\/","title":{"rendered":"Valuadores firmar\u00e1n convenio con Fonatur para participar en proyecto del Tren Maya"},"content":{"rendered":"<p>Como parte de los festejos por el 50 Aniversario de Canc\u00fan, el Colegio de Valuadores de Quintana Roo (Covaqroo) logr\u00f3 que este destino tur\u00edstico sea la sede de la cuarta\u00a0Asamblea de Presidentes de la Federaci\u00f3n de Colegios de Valuadores (FECOVAL) y de la Conferencia Internacional de Valuaci\u00f3n IVSC-FECOVAL que tienen como objetivo profesionalizar esta actividad que se ha visto afectada hasta en 30 por ciento por la pandemia, refrendar sus convenios con el gobierno federal y gestionar su participaci\u00f3n en nuevos proyectos como el Tren Maya.<\/p>\n<p>Canc\u00fan es sede de la que re\u00fane por primera vez en M\u00e9xico en forma virtual y presencial alrededor de 450 especialistas de siete pa\u00edses del mundo.<\/p>\n<p>\u201cLa reuni\u00f3n de presidentes de la FECOVAL, que representan a 2 mil 500 valuadores en M\u00e9xico, permitir\u00e1 revisar y mejorar los convenios de colaboraci\u00f3n que se tienen con el SAT para aval\u00faos de bienes embargados o garant\u00edas de cr\u00e9dito para el pago de impuestos as\u00ed como buscaremos definir las bases para la firma de un convenio con FONATUR para que los colegios del sureste hagan los aval\u00faos de los terrenos por donde pasar\u00e1 el Tren Maya\u201d, coment\u00f3 Juan Jos\u00e9 Ortiz Jasso, Presidente del Covaqroo.<\/p>\n<p>El dirigente se\u00f1al\u00f3 que el convenio con FONATUR contemplar\u00e1 a los colegios de valuadores de Quintana Roo, Yucat\u00e1n, Campeche, Tabasco y Chiapas que conforman la regi\u00f3n 7 de la FECOVAL. \u201cLos m\u00e1s de 150 valuadores del sureste del pa\u00eds conocemos la zona, el mercado y somos los mejores capacitados para valuar estos terrenos que adquirir\u00e1 el gobierno\u201d, agreg\u00f3.<\/p>\n<p>Por otra parte, Ortiz Jasso anunci\u00f3 que la Conferencia Internacional de Valuaci\u00f3n IVSC-FECOVAL, tiene como tema los Retos y Oportunidades en la Aplicaci\u00f3n de los Est\u00e1ndares Internacionales de Valuaci\u00f3n, tendr\u00e1 la participaci\u00f3n en forma virtual y presencial de alrededor de 450 participantes de pa\u00edses como M\u00e9xico, Estados Unidos, Inglaterra, Emiratos \u00c1rabes, Rusia, Rumania y Espa\u00f1a.<\/p>\n<p>\u201cComo un destino tur\u00edstico internacional Canc\u00fan debe contar con valuadores capacitados con los est\u00e1ndares internacionales de valuaci\u00f3n por tener propiedades de cadenas hoteleras de Espa\u00f1a, Estados Unidos y de diversas partes del mundo que necesitan ser valuadas de acuerdo los lineamientos de instituciones extranjeras\u201d, enfatiz\u00f3 Ortiz Jasso, quien reconoci\u00f3 el apoyo del Consejo de Normas Internacionales de Valuaci\u00f3n (IVSC) para la capacitaci\u00f3n de los peritos de Quintana Roo.<\/p>\n<p>Cabe destacar que el Consejo de Normas Internacionales de Valuaci\u00f3n es una organizaci\u00f3n con m\u00e1s de 130 organizaciones miembros a nivel mundial y que tiene como objetivo desarrollar est\u00e1ndares internacionales de valoraci\u00f3n que garanticen coherencia, transparencia y la confianza en las valoraciones en todo el mundo.<\/p>\n<p>En ese sentido, adelant\u00f3 que esperan implementar el pr\u00f3ximo a\u00f1o cursos que permitan profesionalizar a los peritos de Quintana Roo en los procesos valuatorios internacionales y evitar que valuadores extranjeros realicen esta labor como lo hacen actualmente.<\/p>\n<p>A casi nueve meses del inicio de la pandemia, el Presidente del Covaqroo reconoci\u00f3 que los valores de las propiedades en el Caribe Mexicano enfrentar\u00e1n tres escenarios, uno antes de pandemia, otro durante la pandemia y por \u00faltimo, el que se presentar\u00e1 al t\u00e9rmino de la contingencia sanitaria.<\/p>\n<p>\u201cHemos detectado que por motivo de la contingencia sanitaria y la recesi\u00f3n econ\u00f3mica, el valor de los bienes en el mercado inmobiliario hayan bajado hasta un 15 por ciento, especialmente en bienes como terrenos, vivienda, construcciones y sector comercial\u201d, coment\u00f3.<\/p>\n<p>Con la pandemia, a\u00f1adi\u00f3, muchas personas dejaron de comprar inmuebles, se quedaron sin liquidez y por el contrario hubo mucha oferta de propiedades lo que redujo el valor de los bienes, lo mismo pas\u00f3 con las rentas y la construcci\u00f3n de vivienda nueva.<\/p>\n<p>Finalmente, estim\u00f3 que la contracci\u00f3n en la demanda de bienes bajar\u00e1 en el segundo semestre del a\u00f1o cuando se reduzcan los contagios por la aplicaci\u00f3n de las diferentes vacunas por COVID-19 lo que permitir\u00e1 un alza en la compra y venta de propiedades as\u00ed como en un aumento en los aval\u00faos registrados en Quintana Roo. (<a title=\"Actividad tur\u00edstica de Canc\u00fan y R.Maya incrementa 4% trabajo de valuadores\" href=\"https:\/\/www.dev.nitu.mx\/index.php\/2017\/02\/25\/actividad-turistica-cancun-r-maya-incrementa-4-trabajo-valuadores\/\" rel=\"bookmark\">Actividad tur\u00edstica de Canc\u00fan y R.Maya incrementa 4% trabajo de valuadores<\/a>).<\/p>\n","protected":false},"excerpt":{"rendered":"<p>Como parte de los festejos por el 50 Aniversario de Canc\u00fan, el Colegio de Valuadores de Quintana Roo (Covaqroo) logr\u00f3 que este destino tur\u00edstico sea la sede de la cuarta\u00a0Asamblea de Presidentes de la Federaci\u00f3n de Colegios de Valuadores (FECOVAL) y de la Conferencia Internacional de Valuaci\u00f3n IVSC-FECOVAL que tienen como objetivo profesionalizar esta actividad [&hellip;]<\/p>\n","protected":false},"author":3,"featured_media":48868,"comment_status":"open","ping_status":"open","sticky":false,"template":"","format":"standard","meta":{"footnotes":""},"categories":[18475,6],"tags":[43,83,21316,889,21317],"yoast_head":"<!-- This site is optimized with the Yoast SEO plugin v22.2 - https:\/\/yoast.com\/wordpress\/plugins\/seo\/ -->\n<title>Valuadores firmar\u00e1n convenio con Fonatur para participar en proyecto del Tren Maya - Nitu - Noticias de la Industria Turistica<\/title>\n<meta name=\"robots\" content=\"index, follow, max-snippet:-1, max-image-preview:large, max-video-preview:-1\" \/>\n<link rel=\"canonical\" href=\"https:\/\/nitu.mx\/index.php\/2020\/12\/11\/valuadores-firmaran-convenio-con-fonatur-para-participar-en-proyecto-del-tren-maya\/\" \/>\n<meta name=\"twitter:card\" content=\"summary_large_image\" \/>\n<meta name=\"twitter:title\" content=\"Valuadores firmar\u00e1n convenio con Fonatur para participar en proyecto del Tren Maya - Nitu - Noticias de la Industria Turistica\" \/>\n<meta name=\"twitter:description\" content=\"Como parte de los festejos por el 50 Aniversario de Canc\u00fan, el Colegio de Valuadores de Quintana Roo (Covaqroo) logr\u00f3 que este destino tur\u00edstico sea la sede de la cuarta\u00a0Asamblea de Presidentes de la Federaci\u00f3n de Colegios de Valuadores (FECOVAL) y de la Conferencia Internacional de Valuaci\u00f3n IVSC-FECOVAL que tienen como objetivo profesionalizar esta actividad [&hellip;]\" \/>\n<meta name=\"twitter:image\" content=\"https:\/\/nitu.mx\/wp-content\/uploads\/2020\/12\/asamblea-fecoval-2020.jpg\" \/>\n<meta name=\"twitter:creator\" content=\"@NITUmx\" \/>\n<meta name=\"twitter:site\" content=\"@Arturo_Medina_G\" \/>\n<meta name=\"twitter:label1\" content=\"Escrito por\" \/>\n\t<meta name=\"twitter:data1\" content=\"Alejandra Moncisbays\" \/>\n\t<meta name=\"twitter:label2\" content=\"Tiempo de lectura\" \/>\n\t<meta name=\"twitter:data2\" content=\"4 minutos\" \/>\n<script type=\"application\/ld+json\" class=\"yoast-schema-graph\">{\"@context\":\"https:\/\/schema.org\",\"@graph\":[{\"@type\":\"Article\",\"@id\":\"https:\/\/nitu.mx\/index.php\/2020\/12\/11\/valuadores-firmaran-convenio-con-fonatur-para-participar-en-proyecto-del-tren-maya\/#article\",\"isPartOf\":{\"@id\":\"https:\/\/nitu.mx\/index.php\/2020\/12\/11\/valuadores-firmaran-convenio-con-fonatur-para-participar-en-proyecto-del-tren-maya\/\"},\"author\":{\"name\":\"Alejandra Moncisbays\",\"@id\":\"https:\/\/nitu.mx\/#\/schema\/person\/2ecd887b19dfd3382d1f14fc5acf24a8\"},\"headline\":\"Valuadores firmar\u00e1n convenio con Fonatur para participar en proyecto del Tren Maya\",\"datePublished\":\"2020-12-11T05:57:59+00:00\",\"dateModified\":\"2020-12-11T06:43:01+00:00\",\"mainEntityOfPage\":{\"@id\":\"https:\/\/nitu.mx\/index.php\/2020\/12\/11\/valuadores-firmaran-convenio-con-fonatur-para-participar-en-proyecto-del-tren-maya\/\"},\"wordCount\":716,\"commentCount\":0,\"publisher\":{\"@id\":\"https:\/\/nitu.mx\/#\/schema\/person\/ae7a53426417292d3dd07b45a33e01bc\"},\"image\":{\"@id\":\"https:\/\/nitu.mx\/index.php\/2020\/12\/11\/valuadores-firmaran-convenio-con-fonatur-para-participar-en-proyecto-del-tren-maya\/#primaryimage\"},\"thumbnailUrl\":\"https:\/\/nitu.mx\/wp-content\/uploads\/2020\/12\/asamblea-fecoval-2020.jpg\",\"keywords\":[\"Canc\u00fan\",\"Caribe mexicano\",\"Fecoval\",\"Fonatur\",\"Juan Jos\u00e9 Ortiz Jasso\"],\"articleSection\":[\"Caribe Mexicano\",\"M\u00e9xico\"],\"inLanguage\":\"es-MX\",\"potentialAction\":[{\"@type\":\"CommentAction\",\"name\":\"Comment\",\"target\":[\"https:\/\/nitu.mx\/index.php\/2020\/12\/11\/valuadores-firmaran-convenio-con-fonatur-para-participar-en-proyecto-del-tren-maya\/#respond\"]}]},{\"@type\":\"WebPage\",\"@id\":\"https:\/\/nitu.mx\/index.php\/2020\/12\/11\/valuadores-firmaran-convenio-con-fonatur-para-participar-en-proyecto-del-tren-maya\/\",\"url\":\"https:\/\/nitu.mx\/index.php\/2020\/12\/11\/valuadores-firmaran-convenio-con-fonatur-para-participar-en-proyecto-del-tren-maya\/\",\"name\":\"Valuadores firmar\u00e1n convenio con Fonatur para participar en proyecto del Tren Maya - Nitu - Noticias de la Industria Turistica\",\"isPartOf\":{\"@id\":\"https:\/\/nitu.mx\/#website\"},\"primaryImageOfPage\":{\"@id\":\"https:\/\/nitu.mx\/index.php\/2020\/12\/11\/valuadores-firmaran-convenio-con-fonatur-para-participar-en-proyecto-del-tren-maya\/#primaryimage\"},\"image\":{\"@id\":\"https:\/\/nitu.mx\/index.php\/2020\/12\/11\/valuadores-firmaran-convenio-con-fonatur-para-participar-en-proyecto-del-tren-maya\/#primaryimage\"},\"thumbnailUrl\":\"https:\/\/nitu.mx\/wp-content\/uploads\/2020\/12\/asamblea-fecoval-2020.jpg\",\"datePublished\":\"2020-12-11T05:57:59+00:00\",\"dateModified\":\"2020-12-11T06:43:01+00:00\",\"breadcrumb\":{\"@id\":\"https:\/\/nitu.mx\/index.php\/2020\/12\/11\/valuadores-firmaran-convenio-con-fonatur-para-participar-en-proyecto-del-tren-maya\/#breadcrumb\"},\"inLanguage\":\"es-MX\",\"potentialAction\":[{\"@type\":\"ReadAction\",\"target\":[\"https:\/\/nitu.mx\/index.php\/2020\/12\/11\/valuadores-firmaran-convenio-con-fonatur-para-participar-en-proyecto-del-tren-maya\/\"]}]},{\"@type\":\"ImageObject\",\"inLanguage\":\"es-MX\",\"@id\":\"https:\/\/nitu.mx\/index.php\/2020\/12\/11\/valuadores-firmaran-convenio-con-fonatur-para-participar-en-proyecto-del-tren-maya\/#primaryimage\",\"url\":\"https:\/\/nitu.mx\/wp-content\/uploads\/2020\/12\/asamblea-fecoval-2020.jpg\",\"contentUrl\":\"https:\/\/nitu.mx\/wp-content\/uploads\/2020\/12\/asamblea-fecoval-2020.jpg\",\"width\":1200,\"height\":675},{\"@type\":\"BreadcrumbList\",\"@id\":\"https:\/\/nitu.mx\/index.php\/2020\/12\/11\/valuadores-firmaran-convenio-con-fonatur-para-participar-en-proyecto-del-tren-maya\/#breadcrumb\",\"itemListElement\":[{\"@type\":\"ListItem\",\"position\":1,\"name\":\"Inicio\",\"item\":\"https:\/\/nitu.mx\/\"},{\"@type\":\"ListItem\",\"position\":2,\"name\":\"Valuadores firmar\u00e1n convenio con Fonatur para participar en proyecto del Tren Maya\"}]},{\"@type\":\"WebSite\",\"@id\":\"https:\/\/nitu.mx\/#website\",\"url\":\"https:\/\/nitu.mx\/\",\"name\":\"Nitu - Noticias de la Industria Turistica\",\"description\":\"Noticias de la Industria Turistica\",\"publisher\":{\"@id\":\"https:\/\/nitu.mx\/#\/schema\/person\/ae7a53426417292d3dd07b45a33e01bc\"},\"alternateName\":\"Noticias de la Industria Turistica\",\"potentialAction\":[{\"@type\":\"SearchAction\",\"target\":{\"@type\":\"EntryPoint\",\"urlTemplate\":\"https:\/\/nitu.mx\/?s={search_term_string}\"},\"query-input\":\"required name=search_term_string\"}],\"inLanguage\":\"es-MX\"},{\"@type\":[\"Person\",\"Organization\"],\"@id\":\"https:\/\/nitu.mx\/#\/schema\/person\/ae7a53426417292d3dd07b45a33e01bc\",\"name\":\"Arturo Medina\",\"image\":{\"@type\":\"ImageObject\",\"inLanguage\":\"es-MX\",\"@id\":\"https:\/\/nitu.mx\/#\/schema\/person\/image\/\",\"url\":\"https:\/\/nitu.mx\/wp-content\/uploads\/2024\/04\/4A315622-1904-4D5C-B022-878CDC840E04-90x90-1.jpeg\",\"contentUrl\":\"https:\/\/nitu.mx\/wp-content\/uploads\/2024\/04\/4A315622-1904-4D5C-B022-878CDC840E04-90x90-1.jpeg\",\"width\":90,\"height\":90,\"caption\":\"Arturo Medina\"},\"logo\":{\"@id\":\"https:\/\/nitu.mx\/#\/schema\/person\/image\/\"},\"description\":\"Director NITU.mx, Egresado de la Escuela de Periodismo Carlos Septi\u00e9n Garc\u00eda. Periodista y analista especializado en turismo desde hace 35 a\u00f1os, radicado en Canc\u00fan Q.Roo. arturo@nitu.mx\",\"sameAs\":[\"https:\/\/nitu.mx\",\"https:\/\/www.facebook.com\/NITUmx\/\",\"medinacancun\",\"https:\/\/twitter.com\/@Arturo_Medina_G\"]},{\"@type\":\"Person\",\"@id\":\"https:\/\/nitu.mx\/#\/schema\/person\/2ecd887b19dfd3382d1f14fc5acf24a8\",\"name\":\"Alejandra Moncisbays\",\"image\":{\"@type\":\"ImageObject\",\"inLanguage\":\"es-MX\",\"@id\":\"https:\/\/nitu.mx\/#\/schema\/person\/image\/\",\"url\":\"https:\/\/secure.gravatar.com\/avatar\/e74f7af0be172b7804dacfd0bfbef787?s=96&d=mm&r=g\",\"contentUrl\":\"https:\/\/secure.gravatar.com\/avatar\/e74f7af0be172b7804dacfd0bfbef787?s=96&d=mm&r=g\",\"caption\":\"Alejandra Moncisbays\"},\"description\":\"Curs\u00e9 la carrera de Periodismo y Comunicaci\u00f3n en la Facultad de Estudios Profesionales Acatl\u00e1n. Vivo en Canc\u00fan desde hace 24 a\u00f1os. Fui reportera de La Tarde de Canc\u00fan, y Novedades de Quintana Roo, colabor\u00e9 en TVCUN, edit\u00e9 Cancun\u00edssimo y colabor\u00e9 en las revistas Latitud21, entre otras, con principal enfoque en los sectores empresarial y tur\u00edstico. Desde hace varios a\u00f1os soy Agente de Seguros con c\u00e9dula de la Comisi\u00f3n Nacional de Seguros y Fianzas. Actualmente, me desarrollo en los \u00e1mbitos del periodismo y el sector asegurador.\",\"sameAs\":[\"https:\/\/nitu.mx\"],\"url\":\"https:\/\/nitu.mx\/index.php\/author\/alejandra\/\"}]}<\/script>\n<!-- \/ Yoast SEO plugin. -->","yoast_head_json":{"title":"Valuadores firmar\u00e1n convenio con Fonatur para participar en proyecto del Tren Maya - Nitu - Noticias de la Industria Turistica","robots":{"index":"index","follow":"follow","max-snippet":"max-snippet:-1","max-image-preview":"max-image-preview:large","max-video-preview":"max-video-preview:-1"},"canonical":"https:\/\/nitu.mx\/index.php\/2020\/12\/11\/valuadores-firmaran-convenio-con-fonatur-para-participar-en-proyecto-del-tren-maya\/","twitter_card":"summary_large_image","twitter_title":"Valuadores firmar\u00e1n convenio con Fonatur para participar en proyecto del Tren Maya - Nitu - Noticias de la Industria Turistica","twitter_description":"Como parte de los festejos por el 50 Aniversario de Canc\u00fan, el Colegio de Valuadores de Quintana Roo (Covaqroo) logr\u00f3 que este destino tur\u00edstico sea la sede de la cuarta\u00a0Asamblea de Presidentes de la Federaci\u00f3n de Colegios de Valuadores (FECOVAL) y de la Conferencia Internacional de Valuaci\u00f3n IVSC-FECOVAL que tienen como objetivo profesionalizar esta actividad [&hellip;]","twitter_image":"https:\/\/nitu.mx\/wp-content\/uploads\/2020\/12\/asamblea-fecoval-2020.jpg","twitter_creator":"@NITUmx","twitter_site":"@Arturo_Medina_G","twitter_misc":{"Escrito por":"Alejandra Moncisbays","Tiempo de lectura":"4 minutos"},"schema":{"@context":"https:\/\/schema.org","@graph":[{"@type":"Article","@id":"https:\/\/nitu.mx\/index.php\/2020\/12\/11\/valuadores-firmaran-convenio-con-fonatur-para-participar-en-proyecto-del-tren-maya\/#article","isPartOf":{"@id":"https:\/\/nitu.mx\/index.php\/2020\/12\/11\/valuadores-firmaran-convenio-con-fonatur-para-participar-en-proyecto-del-tren-maya\/"},"author":{"name":"Alejandra Moncisbays","@id":"https:\/\/nitu.mx\/#\/schema\/person\/2ecd887b19dfd3382d1f14fc5acf24a8"},"headline":"Valuadores firmar\u00e1n convenio con Fonatur para participar en proyecto del Tren Maya","datePublished":"2020-12-11T05:57:59+00:00","dateModified":"2020-12-11T06:43:01+00:00","mainEntityOfPage":{"@id":"https:\/\/nitu.mx\/index.php\/2020\/12\/11\/valuadores-firmaran-convenio-con-fonatur-para-participar-en-proyecto-del-tren-maya\/"},"wordCount":716,"commentCount":0,"publisher":{"@id":"https:\/\/nitu.mx\/#\/schema\/person\/ae7a53426417292d3dd07b45a33e01bc"},"image":{"@id":"https:\/\/nitu.mx\/index.php\/2020\/12\/11\/valuadores-firmaran-convenio-con-fonatur-para-participar-en-proyecto-del-tren-maya\/#primaryimage"},"thumbnailUrl":"https:\/\/nitu.mx\/wp-content\/uploads\/2020\/12\/asamblea-fecoval-2020.jpg","keywords":["Canc\u00fan","Caribe mexicano","Fecoval","Fonatur","Juan Jos\u00e9 Ortiz Jasso"],"articleSection":["Caribe Mexicano","M\u00e9xico"],"inLanguage":"es-MX","potentialAction":[{"@type":"CommentAction","name":"Comment","target":["https:\/\/nitu.mx\/index.php\/2020\/12\/11\/valuadores-firmaran-convenio-con-fonatur-para-participar-en-proyecto-del-tren-maya\/#respond"]}]},{"@type":"WebPage","@id":"https:\/\/nitu.mx\/index.php\/2020\/12\/11\/valuadores-firmaran-convenio-con-fonatur-para-participar-en-proyecto-del-tren-maya\/","url":"https:\/\/nitu.mx\/index.php\/2020\/12\/11\/valuadores-firmaran-convenio-con-fonatur-para-participar-en-proyecto-del-tren-maya\/","name":"Valuadores firmar\u00e1n convenio con Fonatur para participar en proyecto del Tren Maya - Nitu - Noticias de la Industria Turistica","isPartOf":{"@id":"https:\/\/nitu.mx\/#website"},"primaryImageOfPage":{"@id":"https:\/\/nitu.mx\/index.php\/2020\/12\/11\/valuadores-firmaran-convenio-con-fonatur-para-participar-en-proyecto-del-tren-maya\/#primaryimage"},"image":{"@id":"https:\/\/nitu.mx\/index.php\/2020\/12\/11\/valuadores-firmaran-convenio-con-fonatur-para-participar-en-proyecto-del-tren-maya\/#primaryimage"},"thumbnailUrl":"https:\/\/nitu.mx\/wp-content\/uploads\/2020\/12\/asamblea-fecoval-2020.jpg","datePublished":"2020-12-11T05:57:59+00:00","dateModified":"2020-12-11T06:43:01+00:00","breadcrumb":{"@id":"https:\/\/nitu.mx\/index.php\/2020\/12\/11\/valuadores-firmaran-convenio-con-fonatur-para-participar-en-proyecto-del-tren-maya\/#breadcrumb"},"inLanguage":"es-MX","potentialAction":[{"@type":"ReadAction","target":["https:\/\/nitu.mx\/index.php\/2020\/12\/11\/valuadores-firmaran-convenio-con-fonatur-para-participar-en-proyecto-del-tren-maya\/"]}]},{"@type":"ImageObject","inLanguage":"es-MX","@id":"https:\/\/nitu.mx\/index.php\/2020\/12\/11\/valuadores-firmaran-convenio-con-fonatur-para-participar-en-proyecto-del-tren-maya\/#primaryimage","url":"https:\/\/nitu.mx\/wp-content\/uploads\/2020\/12\/asamblea-fecoval-2020.jpg","contentUrl":"https:\/\/nitu.mx\/wp-content\/uploads\/2020\/12\/asamblea-fecoval-2020.jpg","width":1200,"height":675},{"@type":"BreadcrumbList","@id":"https:\/\/nitu.mx\/index.php\/2020\/12\/11\/valuadores-firmaran-convenio-con-fonatur-para-participar-en-proyecto-del-tren-maya\/#breadcrumb","itemListElement":[{"@type":"ListItem","position":1,"name":"Inicio","item":"https:\/\/nitu.mx\/"},{"@type":"ListItem","position":2,"name":"Valuadores firmar\u00e1n convenio con Fonatur para participar en proyecto del Tren Maya"}]},{"@type":"WebSite","@id":"https:\/\/nitu.mx\/#website","url":"https:\/\/nitu.mx\/","name":"Nitu - Noticias de la Industria Turistica","description":"Noticias de la Industria Turistica","publisher":{"@id":"https:\/\/nitu.mx\/#\/schema\/person\/ae7a53426417292d3dd07b45a33e01bc"},"alternateName":"Noticias de la Industria Turistica","potentialAction":[{"@type":"SearchAction","target":{"@type":"EntryPoint","urlTemplate":"https:\/\/nitu.mx\/?s={search_term_string}"},"query-input":"required name=search_term_string"}],"inLanguage":"es-MX"},{"@type":["Person","Organization"],"@id":"https:\/\/nitu.mx\/#\/schema\/person\/ae7a53426417292d3dd07b45a33e01bc","name":"Arturo Medina","image":{"@type":"ImageObject","inLanguage":"es-MX","@id":"https:\/\/nitu.mx\/#\/schema\/person\/image\/","url":"https:\/\/nitu.mx\/wp-content\/uploads\/2024\/04\/4A315622-1904-4D5C-B022-878CDC840E04-90x90-1.jpeg","contentUrl":"https:\/\/nitu.mx\/wp-content\/uploads\/2024\/04\/4A315622-1904-4D5C-B022-878CDC840E04-90x90-1.jpeg","width":90,"height":90,"caption":"Arturo Medina"},"logo":{"@id":"https:\/\/nitu.mx\/#\/schema\/person\/image\/"},"description":"Director NITU.mx, Egresado de la Escuela de Periodismo Carlos Septi\u00e9n Garc\u00eda. Periodista y analista especializado en turismo desde hace 35 a\u00f1os, radicado en Canc\u00fan Q.Roo. arturo@nitu.mx","sameAs":["https:\/\/nitu.mx","https:\/\/www.facebook.com\/NITUmx\/","medinacancun","https:\/\/twitter.com\/@Arturo_Medina_G"]},{"@type":"Person","@id":"https:\/\/nitu.mx\/#\/schema\/person\/2ecd887b19dfd3382d1f14fc5acf24a8","name":"Alejandra Moncisbays","image":{"@type":"ImageObject","inLanguage":"es-MX","@id":"https:\/\/nitu.mx\/#\/schema\/person\/image\/","url":"https:\/\/secure.gravatar.com\/avatar\/e74f7af0be172b7804dacfd0bfbef787?s=96&d=mm&r=g","contentUrl":"https:\/\/secure.gravatar.com\/avatar\/e74f7af0be172b7804dacfd0bfbef787?s=96&d=mm&r=g","caption":"Alejandra Moncisbays"},"description":"Curs\u00e9 la carrera de Periodismo y Comunicaci\u00f3n en la Facultad de Estudios Profesionales Acatl\u00e1n. Vivo en Canc\u00fan desde hace 24 a\u00f1os. Fui reportera de La Tarde de Canc\u00fan, y Novedades de Quintana Roo, colabor\u00e9 en TVCUN, edit\u00e9 Cancun\u00edssimo y colabor\u00e9 en las revistas Latitud21, entre otras, con principal enfoque en los sectores empresarial y tur\u00edstico. Desde hace varios a\u00f1os soy Agente de Seguros con c\u00e9dula de la Comisi\u00f3n Nacional de Seguros y Fianzas. Actualmente, me desarrollo en los \u00e1mbitos del periodismo y el sector asegurador.","sameAs":["https:\/\/nitu.mx"],"url":"https:\/\/nitu.mx\/index.php\/author\/alejandra\/"}]}},"views":250,"_links":{"self":[{"href":"https:\/\/nitu.mx\/index.php\/wp-json\/wp\/v2\/posts\/48860"}],"collection":[{"href":"https:\/\/nitu.mx\/index.php\/wp-json\/wp\/v2\/posts"}],"about":[{"href":"https:\/\/nitu.mx\/index.php\/wp-json\/wp\/v2\/types\/post"}],"author":[{"embeddable":true,"href":"https:\/\/nitu.mx\/index.php\/wp-json\/wp\/v2\/users\/3"}],"replies":[{"embeddable":true,"href":"https:\/\/nitu.mx\/index.php\/wp-json\/wp\/v2\/comments?post=48860"}],"version-history":[{"count":3,"href":"https:\/\/nitu.mx\/index.php\/wp-json\/wp\/v2\/posts\/48860\/revisions"}],"predecessor-version":[{"id":48869,"href":"https:\/\/nitu.mx\/index.php\/wp-json\/wp\/v2\/posts\/48860\/revisions\/48869"}],"wp:featuredmedia":[{"embeddable":true,"href":"https:\/\/nitu.mx\/index.php\/wp-json\/wp\/v2\/media\/48868"}],"wp:attachment":[{"href":"https:\/\/nitu.mx\/index.php\/wp-json\/wp\/v2\/media?parent=48860"}],"wp:term":[{"taxonomy":"category","embeddable":true,"href":"https:\/\/nitu.mx\/index.php\/wp-json\/wp\/v2\/categories?post=48860"},{"taxonomy":"post_tag","embeddable":true,"href":"https:\/\/nitu.mx\/index.php\/wp-json\/wp\/v2\/tags?post=48860"}],"curies":[{"name":"wp","href":"https:\/\/api.w.org\/{rel}","templated":true}]}}