{"id":48857,"date":"2020-12-11T01:30:47","date_gmt":"2020-12-11T06:30:47","guid":{"rendered":"https:\/\/www.dev.nitu.mx\/?p=48857"},"modified":"2020-12-11T01:49:45","modified_gmt":"2020-12-11T06:49:45","slug":"desaparicion-de-interjet-afectaria-vuelos-del-aifa","status":"publish","type":"post","link":"https:\/\/nitu.mx\/index.php\/2020\/12\/11\/desaparicion-de-interjet-afectaria-vuelos-del-aifa\/","title":{"rendered":"Desaparici\u00f3n de Interjet afectar\u00eda vuelos del aeropuerto de Santa Luc\u00eda"},"content":{"rendered":"<p>La desaparici\u00f3n de Interjet afectar\u00eda el plan de vuelos en el Aeropuerto Internacional Felipe \u00c1ngeles (AIFA), en Santa Luc\u00eda, Estado de M\u00e9xico, ya que efectuar\u00eda 83 mil 792 vuelos comerciales en diez a\u00f1os.<\/p>\n<p>Para la primera etapa del nuevo aeropuerto, que se construye en la base a\u00e9rea militar n\u00famero 1, se plante\u00f3 que Interjet fuera la principal operadora de vuelos en la primera d\u00e9cada de operaci\u00f3n del puerto a\u00e9reo.<\/p>\n<p>Seg\u00fan las proyecciones realizadas en el Plan Maestro de Desarrollo, para el periodo 2022-2032, estos vuelos equivaldr\u00edan al 70% de la meta trazada por el gobierno federal para los primeros 10 a\u00f1os de funcionamiento del AIFA.<\/p>\n<p>As\u00ed, la desaparici\u00f3n de la aerol\u00ednea implicar\u00eda que esa capacidad fuera cubierta por otra empresa mexicana, pero hacia el 2022, los pron\u00f3sticos de crecimiento de flota entre Volaris y Aerom\u00e9xico lucen complicados, debido a la postergaci\u00f3n de aviones y a la reducci\u00f3n de flota, respectivamente. (<a title=\"Santa Luc\u00eda no ser\u00e1 una opci\u00f3n cuando se recupere el tr\u00e1fico a\u00e9reo: ALTA\" href=\"https:\/\/www.dev.nitu.mx\/index.php\/2020\/10\/14\/santa-lucia-no-sera-una-opcion-cuando-se-recupere-el-trafico-aereo-alta\/\" rel=\"bookmark\">Santa Luc\u00eda no ser\u00e1 una opci\u00f3n cuando se recupere el tr\u00e1fico a\u00e9reo: ALTA<\/a>).<\/p>\n<p>En este sentido, es vital una reevaluaci\u00f3n del plan del gobierno federal para el AIFA y adaptarlo a la nueva realidad despu\u00e9s de la crisis sanitaria derivada del COVID, asimismo, ser\u00e1 importante valorar la estrategia de las aerol\u00edneas para operar en Santa Luc\u00eda.\/Con informaci\u00f3n de El Financiero\/<\/p>\n","protected":false},"excerpt":{"rendered":"<p>La desaparici\u00f3n de Interjet afectar\u00eda el plan de vuelos en el Aeropuerto Internacional Felipe \u00c1ngeles (AIFA), en Santa Luc\u00eda, Estado de M\u00e9xico, ya que efectuar\u00eda 83 mil 792 vuelos comerciales en diez a\u00f1os. Para la primera etapa del nuevo aeropuerto, que se construye en la base a\u00e9rea militar n\u00famero 1, se plante\u00f3 que Interjet fuera [&hellip;]<\/p>\n","protected":false},"author":17,"featured_media":25957,"comment_status":"open","ping_status":"open","sticky":false,"template":"","format":"standard","meta":{"footnotes":""},"categories":[29,6],"tags":[21314,892,172,13014],"yoast_head":"<!-- This site is optimized with the Yoast SEO plugin v22.2 - https:\/\/yoast.com\/wordpress\/plugins\/seo\/ -->\n<title>Desaparici\u00f3n de Interjet afectar\u00eda vuelos del aeropuerto de Santa Luc\u00eda - Nitu - Noticias de la Industria Turistica<\/title>\n<meta name=\"robots\" content=\"index, follow, max-snippet:-1, max-image-preview:large, max-video-preview:-1\" \/>\n<link rel=\"canonical\" href=\"https:\/\/nitu.mx\/index.php\/2020\/12\/11\/desaparicion-de-interjet-afectaria-vuelos-del-aifa\/\" \/>\n<meta name=\"twitter:card\" content=\"summary_large_image\" \/>\n<meta name=\"twitter:title\" content=\"Desaparici\u00f3n de Interjet afectar\u00eda vuelos del aeropuerto de Santa Luc\u00eda - Nitu - Noticias de la Industria Turistica\" \/>\n<meta name=\"twitter:description\" content=\"La desaparici\u00f3n de Interjet afectar\u00eda el plan de vuelos en el Aeropuerto Internacional Felipe \u00c1ngeles (AIFA), en Santa Luc\u00eda, Estado de M\u00e9xico, ya que efectuar\u00eda 83 mil 792 vuelos comerciales en diez a\u00f1os. Para la primera etapa del nuevo aeropuerto, que se construye en la base a\u00e9rea militar n\u00famero 1, se plante\u00f3 que Interjet fuera [&hellip;]\" \/>\n<meta name=\"twitter:image\" content=\"https:\/\/nitu.mx\/wp-content\/uploads\/2018\/10\/Santa-Lucia.jpg\" \/>\n<meta name=\"twitter:creator\" content=\"@NITUmx\" \/>\n<meta name=\"twitter:site\" content=\"@Arturo_Medina_G\" \/>\n<meta name=\"twitter:label1\" content=\"Escrito por\" \/>\n\t<meta name=\"twitter:data1\" content=\"Redacci\u00f3n\" \/>\n\t<meta name=\"twitter:label2\" content=\"Tiempo de lectura\" \/>\n\t<meta name=\"twitter:data2\" content=\"1 minuto\" \/>\n<script type=\"application\/ld+json\" class=\"yoast-schema-graph\">{\"@context\":\"https:\/\/schema.org\",\"@graph\":[{\"@type\":\"Article\",\"@id\":\"https:\/\/nitu.mx\/index.php\/2020\/12\/11\/desaparicion-de-interjet-afectaria-vuelos-del-aifa\/#article\",\"isPartOf\":{\"@id\":\"https:\/\/nitu.mx\/index.php\/2020\/12\/11\/desaparicion-de-interjet-afectaria-vuelos-del-aifa\/\"},\"author\":{\"name\":\"Redacci\u00f3n\",\"@id\":\"https:\/\/nitu.mx\/#\/schema\/person\/4a28fe9bd65924f7c90623773daf1b0b\"},\"headline\":\"Desaparici\u00f3n de Interjet afectar\u00eda vuelos del aeropuerto de Santa Luc\u00eda\",\"datePublished\":\"2020-12-11T06:30:47+00:00\",\"dateModified\":\"2020-12-11T06:49:45+00:00\",\"mainEntityOfPage\":{\"@id\":\"https:\/\/nitu.mx\/index.php\/2020\/12\/11\/desaparicion-de-interjet-afectaria-vuelos-del-aifa\/\"},\"wordCount\":248,\"commentCount\":0,\"publisher\":{\"@id\":\"https:\/\/nitu.mx\/#\/schema\/person\/ae7a53426417292d3dd07b45a33e01bc\"},\"image\":{\"@id\":\"https:\/\/nitu.mx\/index.php\/2020\/12\/11\/desaparicion-de-interjet-afectaria-vuelos-del-aifa\/#primaryimage\"},\"thumbnailUrl\":\"https:\/\/nitu.mx\/wp-content\/uploads\/2018\/10\/Santa-Lucia.jpg\",\"keywords\":[\"Aeropuerto Internacional Felipe \u00c1ngeles (AIFA)\",\"Estado de M\u00e9xico\",\"Interjet\",\"Santa Luc\u00eda\"],\"articleSection\":[\"Aerol\u00edneas\",\"M\u00e9xico\"],\"inLanguage\":\"es-MX\",\"potentialAction\":[{\"@type\":\"CommentAction\",\"name\":\"Comment\",\"target\":[\"https:\/\/nitu.mx\/index.php\/2020\/12\/11\/desaparicion-de-interjet-afectaria-vuelos-del-aifa\/#respond\"]}]},{\"@type\":\"WebPage\",\"@id\":\"https:\/\/nitu.mx\/index.php\/2020\/12\/11\/desaparicion-de-interjet-afectaria-vuelos-del-aifa\/\",\"url\":\"https:\/\/nitu.mx\/index.php\/2020\/12\/11\/desaparicion-de-interjet-afectaria-vuelos-del-aifa\/\",\"name\":\"Desaparici\u00f3n de Interjet afectar\u00eda vuelos del aeropuerto de Santa Luc\u00eda - Nitu - Noticias de la Industria Turistica\",\"isPartOf\":{\"@id\":\"https:\/\/nitu.mx\/#website\"},\"primaryImageOfPage\":{\"@id\":\"https:\/\/nitu.mx\/index.php\/2020\/12\/11\/desaparicion-de-interjet-afectaria-vuelos-del-aifa\/#primaryimage\"},\"image\":{\"@id\":\"https:\/\/nitu.mx\/index.php\/2020\/12\/11\/desaparicion-de-interjet-afectaria-vuelos-del-aifa\/#primaryimage\"},\"thumbnailUrl\":\"https:\/\/nitu.mx\/wp-content\/uploads\/2018\/10\/Santa-Lucia.jpg\",\"datePublished\":\"2020-12-11T06:30:47+00:00\",\"dateModified\":\"2020-12-11T06:49:45+00:00\",\"breadcrumb\":{\"@id\":\"https:\/\/nitu.mx\/index.php\/2020\/12\/11\/desaparicion-de-interjet-afectaria-vuelos-del-aifa\/#breadcrumb\"},\"inLanguage\":\"es-MX\",\"potentialAction\":[{\"@type\":\"ReadAction\",\"target\":[\"https:\/\/nitu.mx\/index.php\/2020\/12\/11\/desaparicion-de-interjet-afectaria-vuelos-del-aifa\/\"]}]},{\"@type\":\"ImageObject\",\"inLanguage\":\"es-MX\",\"@id\":\"https:\/\/nitu.mx\/index.php\/2020\/12\/11\/desaparicion-de-interjet-afectaria-vuelos-del-aifa\/#primaryimage\",\"url\":\"https:\/\/nitu.mx\/wp-content\/uploads\/2018\/10\/Santa-Lucia.jpg\",\"contentUrl\":\"https:\/\/nitu.mx\/wp-content\/uploads\/2018\/10\/Santa-Lucia.jpg\",\"width\":850,\"height\":480,\"caption\":\"Santa Lucia\"},{\"@type\":\"BreadcrumbList\",\"@id\":\"https:\/\/nitu.mx\/index.php\/2020\/12\/11\/desaparicion-de-interjet-afectaria-vuelos-del-aifa\/#breadcrumb\",\"itemListElement\":[{\"@type\":\"ListItem\",\"position\":1,\"name\":\"Inicio\",\"item\":\"https:\/\/nitu.mx\/\"},{\"@type\":\"ListItem\",\"position\":2,\"name\":\"Desaparici\u00f3n de Interjet afectar\u00eda vuelos del aeropuerto de Santa Luc\u00eda\"}]},{\"@type\":\"WebSite\",\"@id\":\"https:\/\/nitu.mx\/#website\",\"url\":\"https:\/\/nitu.mx\/\",\"name\":\"Nitu - Noticias de la Industria Turistica\",\"description\":\"Noticias de la Industria Turistica\",\"publisher\":{\"@id\":\"https:\/\/nitu.mx\/#\/schema\/person\/ae7a53426417292d3dd07b45a33e01bc\"},\"alternateName\":\"Noticias de la Industria Turistica\",\"potentialAction\":[{\"@type\":\"SearchAction\",\"target\":{\"@type\":\"EntryPoint\",\"urlTemplate\":\"https:\/\/nitu.mx\/?s={search_term_string}\"},\"query-input\":\"required name=search_term_string\"}],\"inLanguage\":\"es-MX\"},{\"@type\":[\"Person\",\"Organization\"],\"@id\":\"https:\/\/nitu.mx\/#\/schema\/person\/ae7a53426417292d3dd07b45a33e01bc\",\"name\":\"Arturo Medina\",\"image\":{\"@type\":\"ImageObject\",\"inLanguage\":\"es-MX\",\"@id\":\"https:\/\/nitu.mx\/#\/schema\/person\/image\/\",\"url\":\"https:\/\/nitu.mx\/wp-content\/uploads\/2024\/04\/4A315622-1904-4D5C-B022-878CDC840E04-90x90-1.jpeg\",\"contentUrl\":\"https:\/\/nitu.mx\/wp-content\/uploads\/2024\/04\/4A315622-1904-4D5C-B022-878CDC840E04-90x90-1.jpeg\",\"width\":90,\"height\":90,\"caption\":\"Arturo Medina\"},\"logo\":{\"@id\":\"https:\/\/nitu.mx\/#\/schema\/person\/image\/\"},\"description\":\"Director NITU.mx, Egresado de la Escuela de Periodismo Carlos Septi\u00e9n Garc\u00eda. Periodista y analista especializado en turismo desde hace 35 a\u00f1os, radicado en Canc\u00fan Q.Roo. arturo@nitu.mx\",\"sameAs\":[\"https:\/\/nitu.mx\",\"https:\/\/www.facebook.com\/NITUmx\/\",\"medinacancun\",\"https:\/\/twitter.com\/@Arturo_Medina_G\"]},{\"@type\":\"Person\",\"@id\":\"https:\/\/nitu.mx\/#\/schema\/person\/4a28fe9bd65924f7c90623773daf1b0b\",\"name\":\"Redacci\u00f3n\",\"image\":{\"@type\":\"ImageObject\",\"inLanguage\":\"es-MX\",\"@id\":\"https:\/\/nitu.mx\/#\/schema\/person\/image\/\",\"url\":\"https:\/\/secure.gravatar.com\/avatar\/5dd011c8ccfc5cd7e4c81e42252aab38?s=96&d=mm&r=g\",\"contentUrl\":\"https:\/\/secure.gravatar.com\/avatar\/5dd011c8ccfc5cd7e4c81e42252aab38?s=96&d=mm&r=g\",\"caption\":\"Redacci\u00f3n\"},\"url\":\"https:\/\/nitu.mx\/index.php\/author\/redaccion\/\"}]}<\/script>\n<!-- \/ Yoast SEO plugin. -->","yoast_head_json":{"title":"Desaparici\u00f3n de Interjet afectar\u00eda vuelos del aeropuerto de Santa Luc\u00eda - Nitu - Noticias de la Industria Turistica","robots":{"index":"index","follow":"follow","max-snippet":"max-snippet:-1","max-image-preview":"max-image-preview:large","max-video-preview":"max-video-preview:-1"},"canonical":"https:\/\/nitu.mx\/index.php\/2020\/12\/11\/desaparicion-de-interjet-afectaria-vuelos-del-aifa\/","twitter_card":"summary_large_image","twitter_title":"Desaparici\u00f3n de Interjet afectar\u00eda vuelos del aeropuerto de Santa Luc\u00eda - Nitu - Noticias de la Industria Turistica","twitter_description":"La desaparici\u00f3n de Interjet afectar\u00eda el plan de vuelos en el Aeropuerto Internacional Felipe \u00c1ngeles (AIFA), en Santa Luc\u00eda, Estado de M\u00e9xico, ya que efectuar\u00eda 83 mil 792 vuelos comerciales en diez a\u00f1os. Para la primera etapa del nuevo aeropuerto, que se construye en la base a\u00e9rea militar n\u00famero 1, se plante\u00f3 que Interjet fuera [&hellip;]","twitter_image":"https:\/\/nitu.mx\/wp-content\/uploads\/2018\/10\/Santa-Lucia.jpg","twitter_creator":"@NITUmx","twitter_site":"@Arturo_Medina_G","twitter_misc":{"Escrito por":"Redacci\u00f3n","Tiempo de lectura":"1 minuto"},"schema":{"@context":"https:\/\/schema.org","@graph":[{"@type":"Article","@id":"https:\/\/nitu.mx\/index.php\/2020\/12\/11\/desaparicion-de-interjet-afectaria-vuelos-del-aifa\/#article","isPartOf":{"@id":"https:\/\/nitu.mx\/index.php\/2020\/12\/11\/desaparicion-de-interjet-afectaria-vuelos-del-aifa\/"},"author":{"name":"Redacci\u00f3n","@id":"https:\/\/nitu.mx\/#\/schema\/person\/4a28fe9bd65924f7c90623773daf1b0b"},"headline":"Desaparici\u00f3n de Interjet afectar\u00eda vuelos del aeropuerto de Santa Luc\u00eda","datePublished":"2020-12-11T06:30:47+00:00","dateModified":"2020-12-11T06:49:45+00:00","mainEntityOfPage":{"@id":"https:\/\/nitu.mx\/index.php\/2020\/12\/11\/desaparicion-de-interjet-afectaria-vuelos-del-aifa\/"},"wordCount":248,"commentCount":0,"publisher":{"@id":"https:\/\/nitu.mx\/#\/schema\/person\/ae7a53426417292d3dd07b45a33e01bc"},"image":{"@id":"https:\/\/nitu.mx\/index.php\/2020\/12\/11\/desaparicion-de-interjet-afectaria-vuelos-del-aifa\/#primaryimage"},"thumbnailUrl":"https:\/\/nitu.mx\/wp-content\/uploads\/2018\/10\/Santa-Lucia.jpg","keywords":["Aeropuerto Internacional Felipe \u00c1ngeles (AIFA)","Estado de M\u00e9xico","Interjet","Santa Luc\u00eda"],"articleSection":["Aerol\u00edneas","M\u00e9xico"],"inLanguage":"es-MX","potentialAction":[{"@type":"CommentAction","name":"Comment","target":["https:\/\/nitu.mx\/index.php\/2020\/12\/11\/desaparicion-de-interjet-afectaria-vuelos-del-aifa\/#respond"]}]},{"@type":"WebPage","@id":"https:\/\/nitu.mx\/index.php\/2020\/12\/11\/desaparicion-de-interjet-afectaria-vuelos-del-aifa\/","url":"https:\/\/nitu.mx\/index.php\/2020\/12\/11\/desaparicion-de-interjet-afectaria-vuelos-del-aifa\/","name":"Desaparici\u00f3n de Interjet afectar\u00eda vuelos del aeropuerto de Santa Luc\u00eda - Nitu - Noticias de la Industria Turistica","isPartOf":{"@id":"https:\/\/nitu.mx\/#website"},"primaryImageOfPage":{"@id":"https:\/\/nitu.mx\/index.php\/2020\/12\/11\/desaparicion-de-interjet-afectaria-vuelos-del-aifa\/#primaryimage"},"image":{"@id":"https:\/\/nitu.mx\/index.php\/2020\/12\/11\/desaparicion-de-interjet-afectaria-vuelos-del-aifa\/#primaryimage"},"thumbnailUrl":"https:\/\/nitu.mx\/wp-content\/uploads\/2018\/10\/Santa-Lucia.jpg","datePublished":"2020-12-11T06:30:47+00:00","dateModified":"2020-12-11T06:49:45+00:00","breadcrumb":{"@id":"https:\/\/nitu.mx\/index.php\/2020\/12\/11\/desaparicion-de-interjet-afectaria-vuelos-del-aifa\/#breadcrumb"},"inLanguage":"es-MX","potentialAction":[{"@type":"ReadAction","target":["https:\/\/nitu.mx\/index.php\/2020\/12\/11\/desaparicion-de-interjet-afectaria-vuelos-del-aifa\/"]}]},{"@type":"ImageObject","inLanguage":"es-MX","@id":"https:\/\/nitu.mx\/index.php\/2020\/12\/11\/desaparicion-de-interjet-afectaria-vuelos-del-aifa\/#primaryimage","url":"https:\/\/nitu.mx\/wp-content\/uploads\/2018\/10\/Santa-Lucia.jpg","contentUrl":"https:\/\/nitu.mx\/wp-content\/uploads\/2018\/10\/Santa-Lucia.jpg","width":850,"height":480,"caption":"Santa Lucia"},{"@type":"BreadcrumbList","@id":"https:\/\/nitu.mx\/index.php\/2020\/12\/11\/desaparicion-de-interjet-afectaria-vuelos-del-aifa\/#breadcrumb","itemListElement":[{"@type":"ListItem","position":1,"name":"Inicio","item":"https:\/\/nitu.mx\/"},{"@type":"ListItem","position":2,"name":"Desaparici\u00f3n de Interjet afectar\u00eda vuelos del aeropuerto de Santa Luc\u00eda"}]},{"@type":"WebSite","@id":"https:\/\/nitu.mx\/#website","url":"https:\/\/nitu.mx\/","name":"Nitu - Noticias de la Industria Turistica","description":"Noticias de la Industria Turistica","publisher":{"@id":"https:\/\/nitu.mx\/#\/schema\/person\/ae7a53426417292d3dd07b45a33e01bc"},"alternateName":"Noticias de la Industria Turistica","potentialAction":[{"@type":"SearchAction","target":{"@type":"EntryPoint","urlTemplate":"https:\/\/nitu.mx\/?s={search_term_string}"},"query-input":"required name=search_term_string"}],"inLanguage":"es-MX"},{"@type":["Person","Organization"],"@id":"https:\/\/nitu.mx\/#\/schema\/person\/ae7a53426417292d3dd07b45a33e01bc","name":"Arturo Medina","image":{"@type":"ImageObject","inLanguage":"es-MX","@id":"https:\/\/nitu.mx\/#\/schema\/person\/image\/","url":"https:\/\/nitu.mx\/wp-content\/uploads\/2024\/04\/4A315622-1904-4D5C-B022-878CDC840E04-90x90-1.jpeg","contentUrl":"https:\/\/nitu.mx\/wp-content\/uploads\/2024\/04\/4A315622-1904-4D5C-B022-878CDC840E04-90x90-1.jpeg","width":90,"height":90,"caption":"Arturo Medina"},"logo":{"@id":"https:\/\/nitu.mx\/#\/schema\/person\/image\/"},"description":"Director NITU.mx, Egresado de la Escuela de Periodismo Carlos Septi\u00e9n Garc\u00eda. Periodista y analista especializado en turismo desde hace 35 a\u00f1os, radicado en Canc\u00fan Q.Roo. arturo@nitu.mx","sameAs":["https:\/\/nitu.mx","https:\/\/www.facebook.com\/NITUmx\/","medinacancun","https:\/\/twitter.com\/@Arturo_Medina_G"]},{"@type":"Person","@id":"https:\/\/nitu.mx\/#\/schema\/person\/4a28fe9bd65924f7c90623773daf1b0b","name":"Redacci\u00f3n","image":{"@type":"ImageObject","inLanguage":"es-MX","@id":"https:\/\/nitu.mx\/#\/schema\/person\/image\/","url":"https:\/\/secure.gravatar.com\/avatar\/5dd011c8ccfc5cd7e4c81e42252aab38?s=96&d=mm&r=g","contentUrl":"https:\/\/secure.gravatar.com\/avatar\/5dd011c8ccfc5cd7e4c81e42252aab38?s=96&d=mm&r=g","caption":"Redacci\u00f3n"},"url":"https:\/\/nitu.mx\/index.php\/author\/redaccion\/"}]}},"views":1027,"_links":{"self":[{"href":"https:\/\/nitu.mx\/index.php\/wp-json\/wp\/v2\/posts\/48857"}],"collection":[{"href":"https:\/\/nitu.mx\/index.php\/wp-json\/wp\/v2\/posts"}],"about":[{"href":"https:\/\/nitu.mx\/index.php\/wp-json\/wp\/v2\/types\/post"}],"author":[{"embeddable":true,"href":"https:\/\/nitu.mx\/index.php\/wp-json\/wp\/v2\/users\/17"}],"replies":[{"embeddable":true,"href":"https:\/\/nitu.mx\/index.php\/wp-json\/wp\/v2\/comments?post=48857"}],"version-history":[{"count":3,"href":"https:\/\/nitu.mx\/index.php\/wp-json\/wp\/v2\/posts\/48857\/revisions"}],"predecessor-version":[{"id":48878,"href":"https:\/\/nitu.mx\/index.php\/wp-json\/wp\/v2\/posts\/48857\/revisions\/48878"}],"wp:featuredmedia":[{"embeddable":true,"href":"https:\/\/nitu.mx\/index.php\/wp-json\/wp\/v2\/media\/25957"}],"wp:attachment":[{"href":"https:\/\/nitu.mx\/index.php\/wp-json\/wp\/v2\/media?parent=48857"}],"wp:term":[{"taxonomy":"category","embeddable":true,"href":"https:\/\/nitu.mx\/index.php\/wp-json\/wp\/v2\/categories?post=48857"},{"taxonomy":"post_tag","embeddable":true,"href":"https:\/\/nitu.mx\/index.php\/wp-json\/wp\/v2\/tags?post=48857"}],"curies":[{"name":"wp","href":"https:\/\/api.w.org\/{rel}","templated":true}]}}