{"id":48825,"date":"2020-12-10T01:29:29","date_gmt":"2020-12-10T06:29:29","guid":{"rendered":"https:\/\/www.dev.nitu.mx\/?p=48825"},"modified":"2020-12-10T02:01:04","modified_gmt":"2020-12-10T07:01:04","slug":"empresarios-cabildean-con-diputados-freno-a-impuestos-turisticos-en-quintana-roo","status":"publish","type":"post","link":"https:\/\/nitu.mx\/index.php\/2020\/12\/10\/empresarios-cabildean-con-diputados-freno-a-impuestos-turisticos-en-quintana-roo\/","title":{"rendered":"Empresarios cabildean con diputados freno a impuestos tur\u00edsticos en Quintana Roo"},"content":{"rendered":"<p>El empresariado de Quintana Roo buscar\u00e1 una segunda reuni\u00f3n con los diputados del Congreso local a fin de convencerlos de que no avalen la aplicaci\u00f3n de nuevos impuestos ni el incremento de los mismo para el 2021, se\u00f1al\u00f3 el presidente del Observatorio Legislativo y presidente de la Asociaci\u00f3n de Plazas Comerciales, Eduardo Galaviz Ibarra.<\/p>\n<p>Lo anterior, luego de que lograron reunirse con algunos integrantes de la comisi\u00f3n de Hacienda para exponerles las razones por las cuales no deben avalar esta propuesta del gobierno estatal, especialmente el cobro de 10 d\u00f3lares, ya que impactar\u00eda fuertemente al bolsillo de los visitantes extranjeros quienes en promedio pagan alrededor de 2 mil pesos por concepto de impuestos para ingresar al estado.<\/p>\n<p>Galaviz Ibarra, abund\u00f3 que ahora buscar\u00e1n reunirse con cada una de las fracciones parlamentarias en el transcurso de la siguiente semana, no obstante, se\u00f1al\u00f3 que en la primera reuni\u00f3n fueron escuchados por la mayor\u00eda de los diputados, aunque el diputado Eduardo Mart\u00ednez, dijo, busca politizar el tema.<\/p>\n<p>\u201cEn general hubo una buena actitud de recepci\u00f3n de los diputados en escuchar nuestros planteamientos, \u00fanicamente el diputado Eduardo Mart\u00ednez puso una situaci\u00f3n de actitud r\u00edspida porque quiso politizar el tema, pero creo que hubo una reprobaci\u00f3n de parte de sus compa\u00f1eros diputados, no fue una reuni\u00f3n definitiva, ahora buscaremos reunirnos con cada una de las fracciones parlamentarias para insistir en este sentido\u201d, explic\u00f3.<\/p>\n<p>Galaviz Ibarra, dijo que se mantendr\u00e1n firmes en su propuesta de que, para incrementar los recursos del Gobierno del Estado y compensar el d\u00e9ficit que tendr\u00e1 por el recorte del gobierno federal, atraiga la recaudaci\u00f3n del Derecho de Saneamiento Ambiental, que al final de cuentas no se est\u00e1 utilizando para lo que fue creado sino est\u00e1 cubriendo gastos de los municipios ajenos al tema ambiental, como la compra de despensas y pagos de n\u00f3mina, pues recaudan en promedio 600 millones de pesos. (<a title=\"\u201cNo nos vamos a dejar\u201d: Empresarios en bloque, rechazan nuevos impuestos a partir del 2021\" href=\"https:\/\/www.dev.nitu.mx\/index.php\/2020\/12\/09\/no-nos-vamos-a-dejar-empresarios-en-bloque-rechazan-nuevos-impuestos-a-partir-del-2021\/\" rel=\"bookmark\">\u201cNo nos vamos a dejar\u201d: Empresarios en bloque, rechazan nuevos impuestos a partir del 2021<\/a>).<\/p>\n<p>Adem\u00e1s, propondr\u00e1n que el ejecutivo estatal gener\u00e9 m\u00e1s ahorros en su gasto corriente y, la otra opci\u00f3n, ser\u00eda aplicar el cobro de los 10 d\u00f3lares a los cruceristas, porque dijo que, finalmente esos turistas no est\u00e1n cubriendo ning\u00fan derecho para ingresar al estado como si lo hacen los que ingresan a trav\u00e9s del aeropuerto.\u00a0 (Noticaribe)<\/p>\n","protected":false},"excerpt":{"rendered":"<p>El empresariado de Quintana Roo buscar\u00e1 una segunda reuni\u00f3n con los diputados del Congreso local a fin de convencerlos de que no avalen la aplicaci\u00f3n de nuevos impuestos ni el incremento de los mismo para el 2021, se\u00f1al\u00f3 el presidente del Observatorio Legislativo y presidente de la Asociaci\u00f3n de Plazas Comerciales, Eduardo Galaviz Ibarra. Lo [&hellip;]<\/p>\n","protected":false},"author":17,"featured_media":48833,"comment_status":"open","ping_status":"open","sticky":false,"template":"","format":"standard","meta":{"footnotes":""},"categories":[18475,6],"tags":[1974,21303,260],"yoast_head":"<!-- This site is optimized with the Yoast SEO plugin v22.2 - https:\/\/yoast.com\/wordpress\/plugins\/seo\/ -->\n<title>Empresarios cabildean con diputados freno a impuestos tur\u00edsticos en Quintana Roo - Nitu - Noticias de la Industria Turistica<\/title>\n<meta name=\"robots\" content=\"index, follow, max-snippet:-1, max-image-preview:large, max-video-preview:-1\" \/>\n<link rel=\"canonical\" href=\"https:\/\/nitu.mx\/index.php\/2020\/12\/10\/empresarios-cabildean-con-diputados-freno-a-impuestos-turisticos-en-quintana-roo\/\" \/>\n<meta name=\"twitter:card\" content=\"summary_large_image\" \/>\n<meta name=\"twitter:title\" content=\"Empresarios cabildean con diputados freno a impuestos tur\u00edsticos en Quintana Roo - Nitu - Noticias de la Industria Turistica\" \/>\n<meta name=\"twitter:description\" content=\"El empresariado de Quintana Roo buscar\u00e1 una segunda reuni\u00f3n con los diputados del Congreso local a fin de convencerlos de que no avalen la aplicaci\u00f3n de nuevos impuestos ni el incremento de los mismo para el 2021, se\u00f1al\u00f3 el presidente del Observatorio Legislativo y presidente de la Asociaci\u00f3n de Plazas Comerciales, Eduardo Galaviz Ibarra. Lo [&hellip;]\" \/>\n<meta name=\"twitter:image\" content=\"https:\/\/nitu.mx\/wp-content\/uploads\/2020\/12\/Eduardo-Galaviz.jpg\" \/>\n<meta name=\"twitter:creator\" content=\"@NITUmx\" \/>\n<meta name=\"twitter:site\" content=\"@Arturo_Medina_G\" \/>\n<meta name=\"twitter:label1\" content=\"Escrito por\" \/>\n\t<meta name=\"twitter:data1\" content=\"Redacci\u00f3n\" \/>\n\t<meta name=\"twitter:label2\" content=\"Tiempo de lectura\" \/>\n\t<meta name=\"twitter:data2\" content=\"2 minutos\" \/>\n<script type=\"application\/ld+json\" class=\"yoast-schema-graph\">{\"@context\":\"https:\/\/schema.org\",\"@graph\":[{\"@type\":\"Article\",\"@id\":\"https:\/\/nitu.mx\/index.php\/2020\/12\/10\/empresarios-cabildean-con-diputados-freno-a-impuestos-turisticos-en-quintana-roo\/#article\",\"isPartOf\":{\"@id\":\"https:\/\/nitu.mx\/index.php\/2020\/12\/10\/empresarios-cabildean-con-diputados-freno-a-impuestos-turisticos-en-quintana-roo\/\"},\"author\":{\"name\":\"Redacci\u00f3n\",\"@id\":\"https:\/\/nitu.mx\/#\/schema\/person\/4a28fe9bd65924f7c90623773daf1b0b\"},\"headline\":\"Empresarios cabildean con diputados freno a impuestos tur\u00edsticos en Quintana Roo\",\"datePublished\":\"2020-12-10T06:29:29+00:00\",\"dateModified\":\"2020-12-10T07:01:04+00:00\",\"mainEntityOfPage\":{\"@id\":\"https:\/\/nitu.mx\/index.php\/2020\/12\/10\/empresarios-cabildean-con-diputados-freno-a-impuestos-turisticos-en-quintana-roo\/\"},\"wordCount\":418,\"commentCount\":0,\"publisher\":{\"@id\":\"https:\/\/nitu.mx\/#\/schema\/person\/ae7a53426417292d3dd07b45a33e01bc\"},\"image\":{\"@id\":\"https:\/\/nitu.mx\/index.php\/2020\/12\/10\/empresarios-cabildean-con-diputados-freno-a-impuestos-turisticos-en-quintana-roo\/#primaryimage\"},\"thumbnailUrl\":\"https:\/\/nitu.mx\/wp-content\/uploads\/2020\/12\/Eduardo-Galaviz.jpg\",\"keywords\":[\"Eduardo Galaviz Ibarra\",\"Observatorio Legislativo y presidente de la Asociaci\u00f3n de Plazas Comerciales\",\"Quintana Roo\"],\"articleSection\":[\"Caribe Mexicano\",\"M\u00e9xico\"],\"inLanguage\":\"es-MX\",\"potentialAction\":[{\"@type\":\"CommentAction\",\"name\":\"Comment\",\"target\":[\"https:\/\/nitu.mx\/index.php\/2020\/12\/10\/empresarios-cabildean-con-diputados-freno-a-impuestos-turisticos-en-quintana-roo\/#respond\"]}]},{\"@type\":\"WebPage\",\"@id\":\"https:\/\/nitu.mx\/index.php\/2020\/12\/10\/empresarios-cabildean-con-diputados-freno-a-impuestos-turisticos-en-quintana-roo\/\",\"url\":\"https:\/\/nitu.mx\/index.php\/2020\/12\/10\/empresarios-cabildean-con-diputados-freno-a-impuestos-turisticos-en-quintana-roo\/\",\"name\":\"Empresarios cabildean con diputados freno a impuestos tur\u00edsticos en Quintana Roo - Nitu - Noticias de la Industria Turistica\",\"isPartOf\":{\"@id\":\"https:\/\/nitu.mx\/#website\"},\"primaryImageOfPage\":{\"@id\":\"https:\/\/nitu.mx\/index.php\/2020\/12\/10\/empresarios-cabildean-con-diputados-freno-a-impuestos-turisticos-en-quintana-roo\/#primaryimage\"},\"image\":{\"@id\":\"https:\/\/nitu.mx\/index.php\/2020\/12\/10\/empresarios-cabildean-con-diputados-freno-a-impuestos-turisticos-en-quintana-roo\/#primaryimage\"},\"thumbnailUrl\":\"https:\/\/nitu.mx\/wp-content\/uploads\/2020\/12\/Eduardo-Galaviz.jpg\",\"datePublished\":\"2020-12-10T06:29:29+00:00\",\"dateModified\":\"2020-12-10T07:01:04+00:00\",\"breadcrumb\":{\"@id\":\"https:\/\/nitu.mx\/index.php\/2020\/12\/10\/empresarios-cabildean-con-diputados-freno-a-impuestos-turisticos-en-quintana-roo\/#breadcrumb\"},\"inLanguage\":\"es-MX\",\"potentialAction\":[{\"@type\":\"ReadAction\",\"target\":[\"https:\/\/nitu.mx\/index.php\/2020\/12\/10\/empresarios-cabildean-con-diputados-freno-a-impuestos-turisticos-en-quintana-roo\/\"]}]},{\"@type\":\"ImageObject\",\"inLanguage\":\"es-MX\",\"@id\":\"https:\/\/nitu.mx\/index.php\/2020\/12\/10\/empresarios-cabildean-con-diputados-freno-a-impuestos-turisticos-en-quintana-roo\/#primaryimage\",\"url\":\"https:\/\/nitu.mx\/wp-content\/uploads\/2020\/12\/Eduardo-Galaviz.jpg\",\"contentUrl\":\"https:\/\/nitu.mx\/wp-content\/uploads\/2020\/12\/Eduardo-Galaviz.jpg\",\"width\":1200,\"height\":675},{\"@type\":\"BreadcrumbList\",\"@id\":\"https:\/\/nitu.mx\/index.php\/2020\/12\/10\/empresarios-cabildean-con-diputados-freno-a-impuestos-turisticos-en-quintana-roo\/#breadcrumb\",\"itemListElement\":[{\"@type\":\"ListItem\",\"position\":1,\"name\":\"Inicio\",\"item\":\"https:\/\/nitu.mx\/\"},{\"@type\":\"ListItem\",\"position\":2,\"name\":\"Empresarios cabildean con diputados freno a impuestos tur\u00edsticos en Quintana Roo\"}]},{\"@type\":\"WebSite\",\"@id\":\"https:\/\/nitu.mx\/#website\",\"url\":\"https:\/\/nitu.mx\/\",\"name\":\"Nitu - Noticias de la Industria Turistica\",\"description\":\"Noticias de la Industria Turistica\",\"publisher\":{\"@id\":\"https:\/\/nitu.mx\/#\/schema\/person\/ae7a53426417292d3dd07b45a33e01bc\"},\"alternateName\":\"Noticias de la Industria Turistica\",\"potentialAction\":[{\"@type\":\"SearchAction\",\"target\":{\"@type\":\"EntryPoint\",\"urlTemplate\":\"https:\/\/nitu.mx\/?s={search_term_string}\"},\"query-input\":\"required name=search_term_string\"}],\"inLanguage\":\"es-MX\"},{\"@type\":[\"Person\",\"Organization\"],\"@id\":\"https:\/\/nitu.mx\/#\/schema\/person\/ae7a53426417292d3dd07b45a33e01bc\",\"name\":\"Arturo Medina\",\"image\":{\"@type\":\"ImageObject\",\"inLanguage\":\"es-MX\",\"@id\":\"https:\/\/nitu.mx\/#\/schema\/person\/image\/\",\"url\":\"https:\/\/nitu.mx\/wp-content\/uploads\/2024\/04\/4A315622-1904-4D5C-B022-878CDC840E04-90x90-1.jpeg\",\"contentUrl\":\"https:\/\/nitu.mx\/wp-content\/uploads\/2024\/04\/4A315622-1904-4D5C-B022-878CDC840E04-90x90-1.jpeg\",\"width\":90,\"height\":90,\"caption\":\"Arturo Medina\"},\"logo\":{\"@id\":\"https:\/\/nitu.mx\/#\/schema\/person\/image\/\"},\"description\":\"Director NITU.mx, Egresado de la Escuela de Periodismo Carlos Septi\u00e9n Garc\u00eda. Periodista y analista especializado en turismo desde hace 35 a\u00f1os, radicado en Canc\u00fan Q.Roo. arturo@nitu.mx\",\"sameAs\":[\"https:\/\/nitu.mx\",\"https:\/\/www.facebook.com\/NITUmx\/\",\"medinacancun\",\"https:\/\/twitter.com\/@Arturo_Medina_G\"]},{\"@type\":\"Person\",\"@id\":\"https:\/\/nitu.mx\/#\/schema\/person\/4a28fe9bd65924f7c90623773daf1b0b\",\"name\":\"Redacci\u00f3n\",\"image\":{\"@type\":\"ImageObject\",\"inLanguage\":\"es-MX\",\"@id\":\"https:\/\/nitu.mx\/#\/schema\/person\/image\/\",\"url\":\"https:\/\/secure.gravatar.com\/avatar\/5dd011c8ccfc5cd7e4c81e42252aab38?s=96&d=mm&r=g\",\"contentUrl\":\"https:\/\/secure.gravatar.com\/avatar\/5dd011c8ccfc5cd7e4c81e42252aab38?s=96&d=mm&r=g\",\"caption\":\"Redacci\u00f3n\"},\"url\":\"https:\/\/nitu.mx\/index.php\/author\/redaccion\/\"}]}<\/script>\n<!-- \/ Yoast SEO plugin. -->","yoast_head_json":{"title":"Empresarios cabildean con diputados freno a impuestos tur\u00edsticos en Quintana Roo - Nitu - Noticias de la Industria Turistica","robots":{"index":"index","follow":"follow","max-snippet":"max-snippet:-1","max-image-preview":"max-image-preview:large","max-video-preview":"max-video-preview:-1"},"canonical":"https:\/\/nitu.mx\/index.php\/2020\/12\/10\/empresarios-cabildean-con-diputados-freno-a-impuestos-turisticos-en-quintana-roo\/","twitter_card":"summary_large_image","twitter_title":"Empresarios cabildean con diputados freno a impuestos tur\u00edsticos en Quintana Roo - Nitu - Noticias de la Industria Turistica","twitter_description":"El empresariado de Quintana Roo buscar\u00e1 una segunda reuni\u00f3n con los diputados del Congreso local a fin de convencerlos de que no avalen la aplicaci\u00f3n de nuevos impuestos ni el incremento de los mismo para el 2021, se\u00f1al\u00f3 el presidente del Observatorio Legislativo y presidente de la Asociaci\u00f3n de Plazas Comerciales, Eduardo Galaviz Ibarra. Lo [&hellip;]","twitter_image":"https:\/\/nitu.mx\/wp-content\/uploads\/2020\/12\/Eduardo-Galaviz.jpg","twitter_creator":"@NITUmx","twitter_site":"@Arturo_Medina_G","twitter_misc":{"Escrito por":"Redacci\u00f3n","Tiempo de lectura":"2 minutos"},"schema":{"@context":"https:\/\/schema.org","@graph":[{"@type":"Article","@id":"https:\/\/nitu.mx\/index.php\/2020\/12\/10\/empresarios-cabildean-con-diputados-freno-a-impuestos-turisticos-en-quintana-roo\/#article","isPartOf":{"@id":"https:\/\/nitu.mx\/index.php\/2020\/12\/10\/empresarios-cabildean-con-diputados-freno-a-impuestos-turisticos-en-quintana-roo\/"},"author":{"name":"Redacci\u00f3n","@id":"https:\/\/nitu.mx\/#\/schema\/person\/4a28fe9bd65924f7c90623773daf1b0b"},"headline":"Empresarios cabildean con diputados freno a impuestos tur\u00edsticos en Quintana Roo","datePublished":"2020-12-10T06:29:29+00:00","dateModified":"2020-12-10T07:01:04+00:00","mainEntityOfPage":{"@id":"https:\/\/nitu.mx\/index.php\/2020\/12\/10\/empresarios-cabildean-con-diputados-freno-a-impuestos-turisticos-en-quintana-roo\/"},"wordCount":418,"commentCount":0,"publisher":{"@id":"https:\/\/nitu.mx\/#\/schema\/person\/ae7a53426417292d3dd07b45a33e01bc"},"image":{"@id":"https:\/\/nitu.mx\/index.php\/2020\/12\/10\/empresarios-cabildean-con-diputados-freno-a-impuestos-turisticos-en-quintana-roo\/#primaryimage"},"thumbnailUrl":"https:\/\/nitu.mx\/wp-content\/uploads\/2020\/12\/Eduardo-Galaviz.jpg","keywords":["Eduardo Galaviz Ibarra","Observatorio Legislativo y presidente de la Asociaci\u00f3n de Plazas Comerciales","Quintana Roo"],"articleSection":["Caribe Mexicano","M\u00e9xico"],"inLanguage":"es-MX","potentialAction":[{"@type":"CommentAction","name":"Comment","target":["https:\/\/nitu.mx\/index.php\/2020\/12\/10\/empresarios-cabildean-con-diputados-freno-a-impuestos-turisticos-en-quintana-roo\/#respond"]}]},{"@type":"WebPage","@id":"https:\/\/nitu.mx\/index.php\/2020\/12\/10\/empresarios-cabildean-con-diputados-freno-a-impuestos-turisticos-en-quintana-roo\/","url":"https:\/\/nitu.mx\/index.php\/2020\/12\/10\/empresarios-cabildean-con-diputados-freno-a-impuestos-turisticos-en-quintana-roo\/","name":"Empresarios cabildean con diputados freno a impuestos tur\u00edsticos en Quintana Roo - Nitu - Noticias de la Industria Turistica","isPartOf":{"@id":"https:\/\/nitu.mx\/#website"},"primaryImageOfPage":{"@id":"https:\/\/nitu.mx\/index.php\/2020\/12\/10\/empresarios-cabildean-con-diputados-freno-a-impuestos-turisticos-en-quintana-roo\/#primaryimage"},"image":{"@id":"https:\/\/nitu.mx\/index.php\/2020\/12\/10\/empresarios-cabildean-con-diputados-freno-a-impuestos-turisticos-en-quintana-roo\/#primaryimage"},"thumbnailUrl":"https:\/\/nitu.mx\/wp-content\/uploads\/2020\/12\/Eduardo-Galaviz.jpg","datePublished":"2020-12-10T06:29:29+00:00","dateModified":"2020-12-10T07:01:04+00:00","breadcrumb":{"@id":"https:\/\/nitu.mx\/index.php\/2020\/12\/10\/empresarios-cabildean-con-diputados-freno-a-impuestos-turisticos-en-quintana-roo\/#breadcrumb"},"inLanguage":"es-MX","potentialAction":[{"@type":"ReadAction","target":["https:\/\/nitu.mx\/index.php\/2020\/12\/10\/empresarios-cabildean-con-diputados-freno-a-impuestos-turisticos-en-quintana-roo\/"]}]},{"@type":"ImageObject","inLanguage":"es-MX","@id":"https:\/\/nitu.mx\/index.php\/2020\/12\/10\/empresarios-cabildean-con-diputados-freno-a-impuestos-turisticos-en-quintana-roo\/#primaryimage","url":"https:\/\/nitu.mx\/wp-content\/uploads\/2020\/12\/Eduardo-Galaviz.jpg","contentUrl":"https:\/\/nitu.mx\/wp-content\/uploads\/2020\/12\/Eduardo-Galaviz.jpg","width":1200,"height":675},{"@type":"BreadcrumbList","@id":"https:\/\/nitu.mx\/index.php\/2020\/12\/10\/empresarios-cabildean-con-diputados-freno-a-impuestos-turisticos-en-quintana-roo\/#breadcrumb","itemListElement":[{"@type":"ListItem","position":1,"name":"Inicio","item":"https:\/\/nitu.mx\/"},{"@type":"ListItem","position":2,"name":"Empresarios cabildean con diputados freno a impuestos tur\u00edsticos en Quintana Roo"}]},{"@type":"WebSite","@id":"https:\/\/nitu.mx\/#website","url":"https:\/\/nitu.mx\/","name":"Nitu - Noticias de la Industria Turistica","description":"Noticias de la Industria Turistica","publisher":{"@id":"https:\/\/nitu.mx\/#\/schema\/person\/ae7a53426417292d3dd07b45a33e01bc"},"alternateName":"Noticias de la Industria Turistica","potentialAction":[{"@type":"SearchAction","target":{"@type":"EntryPoint","urlTemplate":"https:\/\/nitu.mx\/?s={search_term_string}"},"query-input":"required name=search_term_string"}],"inLanguage":"es-MX"},{"@type":["Person","Organization"],"@id":"https:\/\/nitu.mx\/#\/schema\/person\/ae7a53426417292d3dd07b45a33e01bc","name":"Arturo Medina","image":{"@type":"ImageObject","inLanguage":"es-MX","@id":"https:\/\/nitu.mx\/#\/schema\/person\/image\/","url":"https:\/\/nitu.mx\/wp-content\/uploads\/2024\/04\/4A315622-1904-4D5C-B022-878CDC840E04-90x90-1.jpeg","contentUrl":"https:\/\/nitu.mx\/wp-content\/uploads\/2024\/04\/4A315622-1904-4D5C-B022-878CDC840E04-90x90-1.jpeg","width":90,"height":90,"caption":"Arturo Medina"},"logo":{"@id":"https:\/\/nitu.mx\/#\/schema\/person\/image\/"},"description":"Director NITU.mx, Egresado de la Escuela de Periodismo Carlos Septi\u00e9n Garc\u00eda. Periodista y analista especializado en turismo desde hace 35 a\u00f1os, radicado en Canc\u00fan Q.Roo. arturo@nitu.mx","sameAs":["https:\/\/nitu.mx","https:\/\/www.facebook.com\/NITUmx\/","medinacancun","https:\/\/twitter.com\/@Arturo_Medina_G"]},{"@type":"Person","@id":"https:\/\/nitu.mx\/#\/schema\/person\/4a28fe9bd65924f7c90623773daf1b0b","name":"Redacci\u00f3n","image":{"@type":"ImageObject","inLanguage":"es-MX","@id":"https:\/\/nitu.mx\/#\/schema\/person\/image\/","url":"https:\/\/secure.gravatar.com\/avatar\/5dd011c8ccfc5cd7e4c81e42252aab38?s=96&d=mm&r=g","contentUrl":"https:\/\/secure.gravatar.com\/avatar\/5dd011c8ccfc5cd7e4c81e42252aab38?s=96&d=mm&r=g","caption":"Redacci\u00f3n"},"url":"https:\/\/nitu.mx\/index.php\/author\/redaccion\/"}]}},"views":422,"_links":{"self":[{"href":"https:\/\/nitu.mx\/index.php\/wp-json\/wp\/v2\/posts\/48825"}],"collection":[{"href":"https:\/\/nitu.mx\/index.php\/wp-json\/wp\/v2\/posts"}],"about":[{"href":"https:\/\/nitu.mx\/index.php\/wp-json\/wp\/v2\/types\/post"}],"author":[{"embeddable":true,"href":"https:\/\/nitu.mx\/index.php\/wp-json\/wp\/v2\/users\/17"}],"replies":[{"embeddable":true,"href":"https:\/\/nitu.mx\/index.php\/wp-json\/wp\/v2\/comments?post=48825"}],"version-history":[{"count":3,"href":"https:\/\/nitu.mx\/index.php\/wp-json\/wp\/v2\/posts\/48825\/revisions"}],"predecessor-version":[{"id":48834,"href":"https:\/\/nitu.mx\/index.php\/wp-json\/wp\/v2\/posts\/48825\/revisions\/48834"}],"wp:featuredmedia":[{"embeddable":true,"href":"https:\/\/nitu.mx\/index.php\/wp-json\/wp\/v2\/media\/48833"}],"wp:attachment":[{"href":"https:\/\/nitu.mx\/index.php\/wp-json\/wp\/v2\/media?parent=48825"}],"wp:term":[{"taxonomy":"category","embeddable":true,"href":"https:\/\/nitu.mx\/index.php\/wp-json\/wp\/v2\/categories?post=48825"},{"taxonomy":"post_tag","embeddable":true,"href":"https:\/\/nitu.mx\/index.php\/wp-json\/wp\/v2\/tags?post=48825"}],"curies":[{"name":"wp","href":"https:\/\/api.w.org\/{rel}","templated":true}]}}