{"id":48816,"date":"2020-12-10T01:59:34","date_gmt":"2020-12-10T06:59:34","guid":{"rendered":"https:\/\/www.dev.nitu.mx\/?p=48816"},"modified":"2020-12-10T02:01:23","modified_gmt":"2020-12-10T07:01:23","slug":"alianza-academica-para-preparar-a-universitarios-en-la-industria-vacacional-y-de-tiempo-compartido","status":"publish","type":"post","link":"https:\/\/nitu.mx\/index.php\/2020\/12\/10\/alianza-academica-para-preparar-a-universitarios-en-la-industria-vacacional-y-de-tiempo-compartido\/","title":{"rendered":"Alianza acad\u00e9mica para preparar a universitarios en la industria vacacional y de tiempo compartido"},"content":{"rendered":"<p>La Asociaci\u00f3n de Complejos Vacacionales y Tur\u00edsticos (ACOTUR) firm\u00f3 un convenio de colaboraci\u00f3n con la Universidad Tecnol\u00f3gica de Canc\u00fan BIS para fortalecer la preparaci\u00f3n de los estudiantes en la industria vacacional y del tiempo compartido.<\/p>\n<p>La firma de la alianza estrat\u00e9gica, celebrada en las instalaciones de la universidad con la presencia del Director Ejecutivo de ACOTUR, Guillermo Muhech, el rector Juli\u00e1n Aguilar y de la Encargada de la Secretar\u00eda de Vinculaci\u00f3n de la UT Canc\u00fan, Itzell Pedroza, permitir\u00e1 a los alumnos realizar sus pr\u00e1cticas profesionales y conocer de cerca la operaci\u00f3n de estos desarrollos tur\u00edsticos.<\/p>\n<p>\u201cCon la firma de este convenio podremos presentarles de cerca a los j\u00f3venes la industria vacacional y del tiempo compartido para que encuentren un nicho de desarrollo y formen parte de nuestra familia\u201d, coment\u00f3 Guillermo Muhech, quien resalt\u00f3 que ACOTUR es conformada por 40 asociados comprometidos con el desarrollo de M\u00e9xico que cuentan con m\u00e1s de 100 hoteles y 40 mil cuartos de hotel.<\/p>\n<p>\u201cEl convenio permitir\u00e1 difundir en que consiste nuestra industria, fomentar la investigaci\u00f3n e incluso acercar a los empresarios con la UT Canc\u00fan para encontrar medios que ayuden en la parte econ\u00f3mica a los j\u00f3venes de escasos recursos\u201d, se\u00f1al\u00f3 el directivo, quien asisti\u00f3 en representaci\u00f3n del Presidente de ACOTUR, Alberto Sol\u00eds Mart\u00ednez.<br \/>\nPor su parte, el rector de la Universidad Tecnol\u00f3gica destac\u00f3 que \u201cla fortaleza de la UT Canc\u00fan descansa en la vinculaci\u00f3n que tenemos con el sector productivo por lo que es muy importante incrementar estos lazos para ofrecer m\u00e1s oportunidades a los m\u00e1s de 3 mil 200 estudiantes\u201d.<\/p>\n<p>En ese sentido, se\u00f1al\u00f3 que la formalizaci\u00f3n de este convenio beneficiar\u00e1 a los estudiantes y a las nuevas generaciones para ofrecer una educaci\u00f3n integral ya que \u201cestamos convencidos que las alianzas ayudan a fortalecer lo que hay de bueno en cada uno, pero tambi\u00e9n abrir \u00e1reas de oportunidad\u201d.<\/p>\n<p>\u201cCada cuatrimestre los estudiantes van al sector productivo para tener una relaci\u00f3n o binomio perfecto entre la teor\u00eda y la pr\u00e1ctica. Queremos que nos ayuden para que nuestros estudiantes puedan vivir experiencias directas con la productividad diaria y puedan fortalecer esas competencias que adquieren en la universidad\u201d, puntualiz\u00f3 Juli\u00e1n Aguilar.<\/p>\n<p>El rector resalt\u00f3 el modelo Biling\u00fce Internacional y Sustentable (BIS Universities) que implementaron hace un par de a\u00f1os que los compromete a formar estudiantes biling\u00fces, con un alto nivel competitivo, un enfoque de internacionalizaci\u00f3n y un desarrollo humano sustentable lo que ha permitido que actualmente cuenten con becados en Francia y otros pa\u00edses del extranjero.<\/p>\n","protected":false},"excerpt":{"rendered":"<p>La Asociaci\u00f3n de Complejos Vacacionales y Tur\u00edsticos (ACOTUR) firm\u00f3 un convenio de colaboraci\u00f3n con la Universidad Tecnol\u00f3gica de Canc\u00fan BIS para fortalecer la preparaci\u00f3n de los estudiantes en la industria vacacional y del tiempo compartido. La firma de la alianza estrat\u00e9gica, celebrada en las instalaciones de la universidad con la presencia del Director Ejecutivo de [&hellip;]<\/p>\n","protected":false},"author":3,"featured_media":48842,"comment_status":"open","ping_status":"open","sticky":false,"template":"","format":"standard","meta":{"footnotes":""},"categories":[18475,2],"tags":[12573,43,83,21297,21295],"yoast_head":"<!-- This site is optimized with the Yoast SEO plugin v22.2 - https:\/\/yoast.com\/wordpress\/plugins\/seo\/ -->\n<title>Alianza acad\u00e9mica para preparar a universitarios en la industria vacacional y de tiempo compartido - Nitu - Noticias de la Industria Turistica<\/title>\n<meta name=\"robots\" content=\"index, follow, max-snippet:-1, max-image-preview:large, max-video-preview:-1\" \/>\n<link rel=\"canonical\" href=\"https:\/\/nitu.mx\/index.php\/2020\/12\/10\/alianza-academica-para-preparar-a-universitarios-en-la-industria-vacacional-y-de-tiempo-compartido\/\" \/>\n<meta name=\"twitter:card\" content=\"summary_large_image\" \/>\n<meta name=\"twitter:title\" content=\"Alianza acad\u00e9mica para preparar a universitarios en la industria vacacional y de tiempo compartido - Nitu - Noticias de la Industria Turistica\" \/>\n<meta name=\"twitter:description\" content=\"La Asociaci\u00f3n de Complejos Vacacionales y Tur\u00edsticos (ACOTUR) firm\u00f3 un convenio de colaboraci\u00f3n con la Universidad Tecnol\u00f3gica de Canc\u00fan BIS para fortalecer la preparaci\u00f3n de los estudiantes en la industria vacacional y del tiempo compartido. La firma de la alianza estrat\u00e9gica, celebrada en las instalaciones de la universidad con la presencia del Director Ejecutivo de [&hellip;]\" \/>\n<meta name=\"twitter:image\" content=\"https:\/\/nitu.mx\/wp-content\/uploads\/2020\/12\/Acotur-universidad-Cancu\u0301n.jpg\" \/>\n<meta name=\"twitter:creator\" content=\"@NITUmx\" \/>\n<meta name=\"twitter:site\" content=\"@Arturo_Medina_G\" \/>\n<meta name=\"twitter:label1\" content=\"Escrito por\" \/>\n\t<meta name=\"twitter:data1\" content=\"Alejandra Moncisbays\" \/>\n\t<meta name=\"twitter:label2\" content=\"Tiempo de lectura\" \/>\n\t<meta name=\"twitter:data2\" content=\"2 minutos\" \/>\n<script type=\"application\/ld+json\" class=\"yoast-schema-graph\">{\"@context\":\"https:\/\/schema.org\",\"@graph\":[{\"@type\":\"Article\",\"@id\":\"https:\/\/nitu.mx\/index.php\/2020\/12\/10\/alianza-academica-para-preparar-a-universitarios-en-la-industria-vacacional-y-de-tiempo-compartido\/#article\",\"isPartOf\":{\"@id\":\"https:\/\/nitu.mx\/index.php\/2020\/12\/10\/alianza-academica-para-preparar-a-universitarios-en-la-industria-vacacional-y-de-tiempo-compartido\/\"},\"author\":{\"name\":\"Alejandra Moncisbays\",\"@id\":\"https:\/\/nitu.mx\/#\/schema\/person\/2ecd887b19dfd3382d1f14fc5acf24a8\"},\"headline\":\"Alianza acad\u00e9mica para preparar a universitarios en la industria vacacional y de tiempo compartido\",\"datePublished\":\"2020-12-10T06:59:34+00:00\",\"dateModified\":\"2020-12-10T07:01:23+00:00\",\"mainEntityOfPage\":{\"@id\":\"https:\/\/nitu.mx\/index.php\/2020\/12\/10\/alianza-academica-para-preparar-a-universitarios-en-la-industria-vacacional-y-de-tiempo-compartido\/\"},\"wordCount\":464,\"commentCount\":0,\"publisher\":{\"@id\":\"https:\/\/nitu.mx\/#\/schema\/person\/ae7a53426417292d3dd07b45a33e01bc\"},\"image\":{\"@id\":\"https:\/\/nitu.mx\/index.php\/2020\/12\/10\/alianza-academica-para-preparar-a-universitarios-en-la-industria-vacacional-y-de-tiempo-compartido\/#primaryimage\"},\"thumbnailUrl\":\"https:\/\/nitu.mx\/wp-content\/uploads\/2020\/12\/Acotur-universidad-Cancu\u0301n.jpg\",\"keywords\":[\"ACOTUR\",\"Canc\u00fan\",\"Caribe mexicano\",\"Juli\u00e1n Aguilar\",\"Universidad Tecnol\u00f3gica\"],\"articleSection\":[\"Caribe Mexicano\",\"Hoteles\"],\"inLanguage\":\"es-MX\",\"potentialAction\":[{\"@type\":\"CommentAction\",\"name\":\"Comment\",\"target\":[\"https:\/\/nitu.mx\/index.php\/2020\/12\/10\/alianza-academica-para-preparar-a-universitarios-en-la-industria-vacacional-y-de-tiempo-compartido\/#respond\"]}]},{\"@type\":\"WebPage\",\"@id\":\"https:\/\/nitu.mx\/index.php\/2020\/12\/10\/alianza-academica-para-preparar-a-universitarios-en-la-industria-vacacional-y-de-tiempo-compartido\/\",\"url\":\"https:\/\/nitu.mx\/index.php\/2020\/12\/10\/alianza-academica-para-preparar-a-universitarios-en-la-industria-vacacional-y-de-tiempo-compartido\/\",\"name\":\"Alianza acad\u00e9mica para preparar a universitarios en la industria vacacional y de tiempo compartido - Nitu - Noticias de la Industria Turistica\",\"isPartOf\":{\"@id\":\"https:\/\/nitu.mx\/#website\"},\"primaryImageOfPage\":{\"@id\":\"https:\/\/nitu.mx\/index.php\/2020\/12\/10\/alianza-academica-para-preparar-a-universitarios-en-la-industria-vacacional-y-de-tiempo-compartido\/#primaryimage\"},\"image\":{\"@id\":\"https:\/\/nitu.mx\/index.php\/2020\/12\/10\/alianza-academica-para-preparar-a-universitarios-en-la-industria-vacacional-y-de-tiempo-compartido\/#primaryimage\"},\"thumbnailUrl\":\"https:\/\/nitu.mx\/wp-content\/uploads\/2020\/12\/Acotur-universidad-Cancu\u0301n.jpg\",\"datePublished\":\"2020-12-10T06:59:34+00:00\",\"dateModified\":\"2020-12-10T07:01:23+00:00\",\"breadcrumb\":{\"@id\":\"https:\/\/nitu.mx\/index.php\/2020\/12\/10\/alianza-academica-para-preparar-a-universitarios-en-la-industria-vacacional-y-de-tiempo-compartido\/#breadcrumb\"},\"inLanguage\":\"es-MX\",\"potentialAction\":[{\"@type\":\"ReadAction\",\"target\":[\"https:\/\/nitu.mx\/index.php\/2020\/12\/10\/alianza-academica-para-preparar-a-universitarios-en-la-industria-vacacional-y-de-tiempo-compartido\/\"]}]},{\"@type\":\"ImageObject\",\"inLanguage\":\"es-MX\",\"@id\":\"https:\/\/nitu.mx\/index.php\/2020\/12\/10\/alianza-academica-para-preparar-a-universitarios-en-la-industria-vacacional-y-de-tiempo-compartido\/#primaryimage\",\"url\":\"https:\/\/nitu.mx\/wp-content\/uploads\/2020\/12\/Acotur-universidad-Cancu\u0301n.jpg\",\"contentUrl\":\"https:\/\/nitu.mx\/wp-content\/uploads\/2020\/12\/Acotur-universidad-Cancu\u0301n.jpg\",\"width\":1200,\"height\":675},{\"@type\":\"BreadcrumbList\",\"@id\":\"https:\/\/nitu.mx\/index.php\/2020\/12\/10\/alianza-academica-para-preparar-a-universitarios-en-la-industria-vacacional-y-de-tiempo-compartido\/#breadcrumb\",\"itemListElement\":[{\"@type\":\"ListItem\",\"position\":1,\"name\":\"Inicio\",\"item\":\"https:\/\/nitu.mx\/\"},{\"@type\":\"ListItem\",\"position\":2,\"name\":\"Alianza acad\u00e9mica para preparar a universitarios en la industria vacacional y de tiempo compartido\"}]},{\"@type\":\"WebSite\",\"@id\":\"https:\/\/nitu.mx\/#website\",\"url\":\"https:\/\/nitu.mx\/\",\"name\":\"Nitu - Noticias de la Industria Turistica\",\"description\":\"Noticias de la Industria Turistica\",\"publisher\":{\"@id\":\"https:\/\/nitu.mx\/#\/schema\/person\/ae7a53426417292d3dd07b45a33e01bc\"},\"alternateName\":\"Noticias de la Industria Turistica\",\"potentialAction\":[{\"@type\":\"SearchAction\",\"target\":{\"@type\":\"EntryPoint\",\"urlTemplate\":\"https:\/\/nitu.mx\/?s={search_term_string}\"},\"query-input\":\"required name=search_term_string\"}],\"inLanguage\":\"es-MX\"},{\"@type\":[\"Person\",\"Organization\"],\"@id\":\"https:\/\/nitu.mx\/#\/schema\/person\/ae7a53426417292d3dd07b45a33e01bc\",\"name\":\"Arturo Medina\",\"image\":{\"@type\":\"ImageObject\",\"inLanguage\":\"es-MX\",\"@id\":\"https:\/\/nitu.mx\/#\/schema\/person\/image\/\",\"url\":\"https:\/\/nitu.mx\/wp-content\/uploads\/2024\/04\/4A315622-1904-4D5C-B022-878CDC840E04-90x90-1.jpeg\",\"contentUrl\":\"https:\/\/nitu.mx\/wp-content\/uploads\/2024\/04\/4A315622-1904-4D5C-B022-878CDC840E04-90x90-1.jpeg\",\"width\":90,\"height\":90,\"caption\":\"Arturo Medina\"},\"logo\":{\"@id\":\"https:\/\/nitu.mx\/#\/schema\/person\/image\/\"},\"description\":\"Director NITU.mx, Egresado de la Escuela de Periodismo Carlos Septi\u00e9n Garc\u00eda. Periodista y analista especializado en turismo desde hace 35 a\u00f1os, radicado en Canc\u00fan Q.Roo. arturo@nitu.mx\",\"sameAs\":[\"https:\/\/nitu.mx\",\"https:\/\/www.facebook.com\/NITUmx\/\",\"medinacancun\",\"https:\/\/twitter.com\/@Arturo_Medina_G\"]},{\"@type\":\"Person\",\"@id\":\"https:\/\/nitu.mx\/#\/schema\/person\/2ecd887b19dfd3382d1f14fc5acf24a8\",\"name\":\"Alejandra Moncisbays\",\"image\":{\"@type\":\"ImageObject\",\"inLanguage\":\"es-MX\",\"@id\":\"https:\/\/nitu.mx\/#\/schema\/person\/image\/\",\"url\":\"https:\/\/secure.gravatar.com\/avatar\/e74f7af0be172b7804dacfd0bfbef787?s=96&d=mm&r=g\",\"contentUrl\":\"https:\/\/secure.gravatar.com\/avatar\/e74f7af0be172b7804dacfd0bfbef787?s=96&d=mm&r=g\",\"caption\":\"Alejandra Moncisbays\"},\"description\":\"Curs\u00e9 la carrera de Periodismo y Comunicaci\u00f3n en la Facultad de Estudios Profesionales Acatl\u00e1n. Vivo en Canc\u00fan desde hace 24 a\u00f1os. Fui reportera de La Tarde de Canc\u00fan, y Novedades de Quintana Roo, colabor\u00e9 en TVCUN, edit\u00e9 Cancun\u00edssimo y colabor\u00e9 en las revistas Latitud21, entre otras, con principal enfoque en los sectores empresarial y tur\u00edstico. Desde hace varios a\u00f1os soy Agente de Seguros con c\u00e9dula de la Comisi\u00f3n Nacional de Seguros y Fianzas. Actualmente, me desarrollo en los \u00e1mbitos del periodismo y el sector asegurador.\",\"sameAs\":[\"https:\/\/nitu.mx\"],\"url\":\"https:\/\/nitu.mx\/index.php\/author\/alejandra\/\"}]}<\/script>\n<!-- \/ Yoast SEO plugin. -->","yoast_head_json":{"title":"Alianza acad\u00e9mica para preparar a universitarios en la industria vacacional y de tiempo compartido - Nitu - Noticias de la Industria Turistica","robots":{"index":"index","follow":"follow","max-snippet":"max-snippet:-1","max-image-preview":"max-image-preview:large","max-video-preview":"max-video-preview:-1"},"canonical":"https:\/\/nitu.mx\/index.php\/2020\/12\/10\/alianza-academica-para-preparar-a-universitarios-en-la-industria-vacacional-y-de-tiempo-compartido\/","twitter_card":"summary_large_image","twitter_title":"Alianza acad\u00e9mica para preparar a universitarios en la industria vacacional y de tiempo compartido - Nitu - Noticias de la Industria Turistica","twitter_description":"La Asociaci\u00f3n de Complejos Vacacionales y Tur\u00edsticos (ACOTUR) firm\u00f3 un convenio de colaboraci\u00f3n con la Universidad Tecnol\u00f3gica de Canc\u00fan BIS para fortalecer la preparaci\u00f3n de los estudiantes en la industria vacacional y del tiempo compartido. La firma de la alianza estrat\u00e9gica, celebrada en las instalaciones de la universidad con la presencia del Director Ejecutivo de [&hellip;]","twitter_image":"https:\/\/nitu.mx\/wp-content\/uploads\/2020\/12\/Acotur-universidad-Cancu\u0301n.jpg","twitter_creator":"@NITUmx","twitter_site":"@Arturo_Medina_G","twitter_misc":{"Escrito por":"Alejandra Moncisbays","Tiempo de lectura":"2 minutos"},"schema":{"@context":"https:\/\/schema.org","@graph":[{"@type":"Article","@id":"https:\/\/nitu.mx\/index.php\/2020\/12\/10\/alianza-academica-para-preparar-a-universitarios-en-la-industria-vacacional-y-de-tiempo-compartido\/#article","isPartOf":{"@id":"https:\/\/nitu.mx\/index.php\/2020\/12\/10\/alianza-academica-para-preparar-a-universitarios-en-la-industria-vacacional-y-de-tiempo-compartido\/"},"author":{"name":"Alejandra Moncisbays","@id":"https:\/\/nitu.mx\/#\/schema\/person\/2ecd887b19dfd3382d1f14fc5acf24a8"},"headline":"Alianza acad\u00e9mica para preparar a universitarios en la industria vacacional y de tiempo compartido","datePublished":"2020-12-10T06:59:34+00:00","dateModified":"2020-12-10T07:01:23+00:00","mainEntityOfPage":{"@id":"https:\/\/nitu.mx\/index.php\/2020\/12\/10\/alianza-academica-para-preparar-a-universitarios-en-la-industria-vacacional-y-de-tiempo-compartido\/"},"wordCount":464,"commentCount":0,"publisher":{"@id":"https:\/\/nitu.mx\/#\/schema\/person\/ae7a53426417292d3dd07b45a33e01bc"},"image":{"@id":"https:\/\/nitu.mx\/index.php\/2020\/12\/10\/alianza-academica-para-preparar-a-universitarios-en-la-industria-vacacional-y-de-tiempo-compartido\/#primaryimage"},"thumbnailUrl":"https:\/\/nitu.mx\/wp-content\/uploads\/2020\/12\/Acotur-universidad-Cancu\u0301n.jpg","keywords":["ACOTUR","Canc\u00fan","Caribe mexicano","Juli\u00e1n Aguilar","Universidad Tecnol\u00f3gica"],"articleSection":["Caribe Mexicano","Hoteles"],"inLanguage":"es-MX","potentialAction":[{"@type":"CommentAction","name":"Comment","target":["https:\/\/nitu.mx\/index.php\/2020\/12\/10\/alianza-academica-para-preparar-a-universitarios-en-la-industria-vacacional-y-de-tiempo-compartido\/#respond"]}]},{"@type":"WebPage","@id":"https:\/\/nitu.mx\/index.php\/2020\/12\/10\/alianza-academica-para-preparar-a-universitarios-en-la-industria-vacacional-y-de-tiempo-compartido\/","url":"https:\/\/nitu.mx\/index.php\/2020\/12\/10\/alianza-academica-para-preparar-a-universitarios-en-la-industria-vacacional-y-de-tiempo-compartido\/","name":"Alianza acad\u00e9mica para preparar a universitarios en la industria vacacional y de tiempo compartido - Nitu - Noticias de la Industria Turistica","isPartOf":{"@id":"https:\/\/nitu.mx\/#website"},"primaryImageOfPage":{"@id":"https:\/\/nitu.mx\/index.php\/2020\/12\/10\/alianza-academica-para-preparar-a-universitarios-en-la-industria-vacacional-y-de-tiempo-compartido\/#primaryimage"},"image":{"@id":"https:\/\/nitu.mx\/index.php\/2020\/12\/10\/alianza-academica-para-preparar-a-universitarios-en-la-industria-vacacional-y-de-tiempo-compartido\/#primaryimage"},"thumbnailUrl":"https:\/\/nitu.mx\/wp-content\/uploads\/2020\/12\/Acotur-universidad-Cancu\u0301n.jpg","datePublished":"2020-12-10T06:59:34+00:00","dateModified":"2020-12-10T07:01:23+00:00","breadcrumb":{"@id":"https:\/\/nitu.mx\/index.php\/2020\/12\/10\/alianza-academica-para-preparar-a-universitarios-en-la-industria-vacacional-y-de-tiempo-compartido\/#breadcrumb"},"inLanguage":"es-MX","potentialAction":[{"@type":"ReadAction","target":["https:\/\/nitu.mx\/index.php\/2020\/12\/10\/alianza-academica-para-preparar-a-universitarios-en-la-industria-vacacional-y-de-tiempo-compartido\/"]}]},{"@type":"ImageObject","inLanguage":"es-MX","@id":"https:\/\/nitu.mx\/index.php\/2020\/12\/10\/alianza-academica-para-preparar-a-universitarios-en-la-industria-vacacional-y-de-tiempo-compartido\/#primaryimage","url":"https:\/\/nitu.mx\/wp-content\/uploads\/2020\/12\/Acotur-universidad-Cancu\u0301n.jpg","contentUrl":"https:\/\/nitu.mx\/wp-content\/uploads\/2020\/12\/Acotur-universidad-Cancu\u0301n.jpg","width":1200,"height":675},{"@type":"BreadcrumbList","@id":"https:\/\/nitu.mx\/index.php\/2020\/12\/10\/alianza-academica-para-preparar-a-universitarios-en-la-industria-vacacional-y-de-tiempo-compartido\/#breadcrumb","itemListElement":[{"@type":"ListItem","position":1,"name":"Inicio","item":"https:\/\/nitu.mx\/"},{"@type":"ListItem","position":2,"name":"Alianza acad\u00e9mica para preparar a universitarios en la industria vacacional y de tiempo compartido"}]},{"@type":"WebSite","@id":"https:\/\/nitu.mx\/#website","url":"https:\/\/nitu.mx\/","name":"Nitu - Noticias de la Industria Turistica","description":"Noticias de la Industria Turistica","publisher":{"@id":"https:\/\/nitu.mx\/#\/schema\/person\/ae7a53426417292d3dd07b45a33e01bc"},"alternateName":"Noticias de la Industria Turistica","potentialAction":[{"@type":"SearchAction","target":{"@type":"EntryPoint","urlTemplate":"https:\/\/nitu.mx\/?s={search_term_string}"},"query-input":"required name=search_term_string"}],"inLanguage":"es-MX"},{"@type":["Person","Organization"],"@id":"https:\/\/nitu.mx\/#\/schema\/person\/ae7a53426417292d3dd07b45a33e01bc","name":"Arturo Medina","image":{"@type":"ImageObject","inLanguage":"es-MX","@id":"https:\/\/nitu.mx\/#\/schema\/person\/image\/","url":"https:\/\/nitu.mx\/wp-content\/uploads\/2024\/04\/4A315622-1904-4D5C-B022-878CDC840E04-90x90-1.jpeg","contentUrl":"https:\/\/nitu.mx\/wp-content\/uploads\/2024\/04\/4A315622-1904-4D5C-B022-878CDC840E04-90x90-1.jpeg","width":90,"height":90,"caption":"Arturo Medina"},"logo":{"@id":"https:\/\/nitu.mx\/#\/schema\/person\/image\/"},"description":"Director NITU.mx, Egresado de la Escuela de Periodismo Carlos Septi\u00e9n Garc\u00eda. Periodista y analista especializado en turismo desde hace 35 a\u00f1os, radicado en Canc\u00fan Q.Roo. arturo@nitu.mx","sameAs":["https:\/\/nitu.mx","https:\/\/www.facebook.com\/NITUmx\/","medinacancun","https:\/\/twitter.com\/@Arturo_Medina_G"]},{"@type":"Person","@id":"https:\/\/nitu.mx\/#\/schema\/person\/2ecd887b19dfd3382d1f14fc5acf24a8","name":"Alejandra Moncisbays","image":{"@type":"ImageObject","inLanguage":"es-MX","@id":"https:\/\/nitu.mx\/#\/schema\/person\/image\/","url":"https:\/\/secure.gravatar.com\/avatar\/e74f7af0be172b7804dacfd0bfbef787?s=96&d=mm&r=g","contentUrl":"https:\/\/secure.gravatar.com\/avatar\/e74f7af0be172b7804dacfd0bfbef787?s=96&d=mm&r=g","caption":"Alejandra Moncisbays"},"description":"Curs\u00e9 la carrera de Periodismo y Comunicaci\u00f3n en la Facultad de Estudios Profesionales Acatl\u00e1n. Vivo en Canc\u00fan desde hace 24 a\u00f1os. Fui reportera de La Tarde de Canc\u00fan, y Novedades de Quintana Roo, colabor\u00e9 en TVCUN, edit\u00e9 Cancun\u00edssimo y colabor\u00e9 en las revistas Latitud21, entre otras, con principal enfoque en los sectores empresarial y tur\u00edstico. Desde hace varios a\u00f1os soy Agente de Seguros con c\u00e9dula de la Comisi\u00f3n Nacional de Seguros y Fianzas. Actualmente, me desarrollo en los \u00e1mbitos del periodismo y el sector asegurador.","sameAs":["https:\/\/nitu.mx"],"url":"https:\/\/nitu.mx\/index.php\/author\/alejandra\/"}]}},"views":268,"_links":{"self":[{"href":"https:\/\/nitu.mx\/index.php\/wp-json\/wp\/v2\/posts\/48816"}],"collection":[{"href":"https:\/\/nitu.mx\/index.php\/wp-json\/wp\/v2\/posts"}],"about":[{"href":"https:\/\/nitu.mx\/index.php\/wp-json\/wp\/v2\/types\/post"}],"author":[{"embeddable":true,"href":"https:\/\/nitu.mx\/index.php\/wp-json\/wp\/v2\/users\/3"}],"replies":[{"embeddable":true,"href":"https:\/\/nitu.mx\/index.php\/wp-json\/wp\/v2\/comments?post=48816"}],"version-history":[{"count":2,"href":"https:\/\/nitu.mx\/index.php\/wp-json\/wp\/v2\/posts\/48816\/revisions"}],"predecessor-version":[{"id":48841,"href":"https:\/\/nitu.mx\/index.php\/wp-json\/wp\/v2\/posts\/48816\/revisions\/48841"}],"wp:featuredmedia":[{"embeddable":true,"href":"https:\/\/nitu.mx\/index.php\/wp-json\/wp\/v2\/media\/48842"}],"wp:attachment":[{"href":"https:\/\/nitu.mx\/index.php\/wp-json\/wp\/v2\/media?parent=48816"}],"wp:term":[{"taxonomy":"category","embeddable":true,"href":"https:\/\/nitu.mx\/index.php\/wp-json\/wp\/v2\/categories?post=48816"},{"taxonomy":"post_tag","embeddable":true,"href":"https:\/\/nitu.mx\/index.php\/wp-json\/wp\/v2\/tags?post=48816"}],"curies":[{"name":"wp","href":"https:\/\/api.w.org\/{rel}","templated":true}]}}