{"id":48778,"date":"2020-12-09T01:15:59","date_gmt":"2020-12-09T06:15:59","guid":{"rendered":"https:\/\/www.dev.nitu.mx\/?p=48778"},"modified":"2020-12-09T01:48:06","modified_gmt":"2020-12-09T06:48:06","slug":"amav-quintana-roo-mantiene-reclamo-de-falta-de-apoyo-del-gobierno-federal-a-la-actividad-turistica","status":"publish","type":"post","link":"https:\/\/nitu.mx\/index.php\/2020\/12\/09\/amav-quintana-roo-mantiene-reclamo-de-falta-de-apoyo-del-gobierno-federal-a-la-actividad-turistica\/","title":{"rendered":"AMAV Quintana Roo mantiene reclamo de falta de apoyo del gobierno federal a la actividad tur\u00edstica"},"content":{"rendered":"<p>\u201cEstamos solos en la actividad tur\u00edstica, vamos a seguir sobreviviendo gracias al impulso de los empresarios\u201d, refiere el presidente de la Asociaci\u00f3n Mexicana de Agencias de Viajes (AMAV), cap\u00edtulo Quintana Roo, Sergio Gonz\u00e1lez Rubiera, en torno a la falta de apoyo por parte del Gobierno Federal hacia la actividad tur\u00edstica en la que asegura que esta industria podr\u00e1 seguir creciendo gracias al esfuerzo del empresariado y no del gobierno.<\/p>\n<p>Lo anterior dijo, al no haber un solo programa de est\u00edmulo para los empresarios y ni siquiera una campa\u00f1a institucional de promoci\u00f3n tur\u00edstica, con lo cual asegura que, al Gobierno Federal, \u201cno le importa el turismo\u201d, pese a la gran cantidad de divisas que se genera esta industria.<\/p>\n<p>\u201cEl consejo para la diplomacia tur\u00edstica no sirve para nada, el secretario de turismo est\u00e1 totalmente desactualizado, no conoce de tendencias, estamos solos en la actividad tur\u00edstica, vamos a seguir sobreviviendo gracias al impulso de los empresarios, el problema que tenemos y en el que estamos metido es por culpa del Gobierno Federal\u201d. Expuso<\/p>\n<p>Sergio Gonz\u00e1lez, consider\u00f3 que durante en el 2021 no se lograr\u00e1 recuperar totalmente a la actividad tur\u00edstica despu\u00e9s de la afectaci\u00f3n causada por la pandemia, sino que esto se dar\u00e1 a partir del 2022, sin embargo, conf\u00eda en cerrar el a\u00f1o con una ocupaci\u00f3n promedio de 70 a 80% en base a las reservaciones que ya registran los centros de hospedajes con motivo de las festividades navide\u00f1as y fin de a\u00f1o.\u00a0 (Noticaribe)<\/p>\n<p>(<a title=\"AMAV Quintana Roo advierte \u201cLa recuperaci\u00f3n ser\u00e1 lenta\u201d\" href=\"https:\/\/www.dev.nitu.mx\/index.php\/2020\/05\/25\/amav-quintana-roo-advierte-la-recuperacion-sera-lenta\/\" rel=\"bookmark\">AMAV Quintana Roo advierte \u201cLa recuperaci\u00f3n ser\u00e1 lenta\u201d<\/a>).<\/p>\n","protected":false},"excerpt":{"rendered":"<p>\u201cEstamos solos en la actividad tur\u00edstica, vamos a seguir sobreviviendo gracias al impulso de los empresarios\u201d, refiere el presidente de la Asociaci\u00f3n Mexicana de Agencias de Viajes (AMAV), cap\u00edtulo Quintana Roo, Sergio Gonz\u00e1lez Rubiera, en torno a la falta de apoyo por parte del Gobierno Federal hacia la actividad tur\u00edstica en la que asegura que [&hellip;]<\/p>\n","protected":false},"author":17,"featured_media":42708,"comment_status":"open","ping_status":"open","sticky":false,"template":"","format":"standard","meta":{"footnotes":""},"categories":[3,18475],"tags":[849,14147,18251],"yoast_head":"<!-- This site is optimized with the Yoast SEO plugin v22.2 - https:\/\/yoast.com\/wordpress\/plugins\/seo\/ -->\n<title>AMAV Quintana Roo mantiene reclamo de falta de apoyo del gobierno federal a la actividad tur\u00edstica - Nitu - Noticias de la Industria Turistica<\/title>\n<meta name=\"robots\" content=\"index, follow, max-snippet:-1, max-image-preview:large, max-video-preview:-1\" \/>\n<link rel=\"canonical\" href=\"https:\/\/nitu.mx\/index.php\/2020\/12\/09\/amav-quintana-roo-mantiene-reclamo-de-falta-de-apoyo-del-gobierno-federal-a-la-actividad-turistica\/\" \/>\n<meta name=\"twitter:card\" content=\"summary_large_image\" \/>\n<meta name=\"twitter:title\" content=\"AMAV Quintana Roo mantiene reclamo de falta de apoyo del gobierno federal a la actividad tur\u00edstica - Nitu - Noticias de la Industria Turistica\" \/>\n<meta name=\"twitter:description\" content=\"\u201cEstamos solos en la actividad tur\u00edstica, vamos a seguir sobreviviendo gracias al impulso de los empresarios\u201d, refiere el presidente de la Asociaci\u00f3n Mexicana de Agencias de Viajes (AMAV), cap\u00edtulo Quintana Roo, Sergio Gonz\u00e1lez Rubiera, en torno a la falta de apoyo por parte del Gobierno Federal hacia la actividad tur\u00edstica en la que asegura que [&hellip;]\" \/>\n<meta name=\"twitter:image\" content=\"https:\/\/nitu.mx\/wp-content\/uploads\/2020\/05\/Sergio-Gonza\u0301lez-Rubiera-AMAV-QRoo.jpg\" \/>\n<meta name=\"twitter:creator\" content=\"@NITUmx\" \/>\n<meta name=\"twitter:site\" content=\"@Arturo_Medina_G\" \/>\n<meta name=\"twitter:label1\" content=\"Escrito por\" \/>\n\t<meta name=\"twitter:data1\" content=\"Redacci\u00f3n\" \/>\n\t<meta name=\"twitter:label2\" content=\"Tiempo de lectura\" \/>\n\t<meta name=\"twitter:data2\" content=\"1 minuto\" \/>\n<script type=\"application\/ld+json\" class=\"yoast-schema-graph\">{\"@context\":\"https:\/\/schema.org\",\"@graph\":[{\"@type\":\"Article\",\"@id\":\"https:\/\/nitu.mx\/index.php\/2020\/12\/09\/amav-quintana-roo-mantiene-reclamo-de-falta-de-apoyo-del-gobierno-federal-a-la-actividad-turistica\/#article\",\"isPartOf\":{\"@id\":\"https:\/\/nitu.mx\/index.php\/2020\/12\/09\/amav-quintana-roo-mantiene-reclamo-de-falta-de-apoyo-del-gobierno-federal-a-la-actividad-turistica\/\"},\"author\":{\"name\":\"Redacci\u00f3n\",\"@id\":\"https:\/\/nitu.mx\/#\/schema\/person\/4a28fe9bd65924f7c90623773daf1b0b\"},\"headline\":\"AMAV Quintana Roo mantiene reclamo de falta de apoyo del gobierno federal a la actividad tur\u00edstica\",\"datePublished\":\"2020-12-09T06:15:59+00:00\",\"dateModified\":\"2020-12-09T06:48:06+00:00\",\"mainEntityOfPage\":{\"@id\":\"https:\/\/nitu.mx\/index.php\/2020\/12\/09\/amav-quintana-roo-mantiene-reclamo-de-falta-de-apoyo-del-gobierno-federal-a-la-actividad-turistica\/\"},\"wordCount\":285,\"commentCount\":0,\"publisher\":{\"@id\":\"https:\/\/nitu.mx\/#\/schema\/person\/ae7a53426417292d3dd07b45a33e01bc\"},\"image\":{\"@id\":\"https:\/\/nitu.mx\/index.php\/2020\/12\/09\/amav-quintana-roo-mantiene-reclamo-de-falta-de-apoyo-del-gobierno-federal-a-la-actividad-turistica\/#primaryimage\"},\"thumbnailUrl\":\"https:\/\/nitu.mx\/wp-content\/uploads\/2020\/05\/Sergio-Gonza\u0301lez-Rubiera-AMAV-QRoo.jpg\",\"keywords\":[\"AMAV\",\"AMAV Quintana Roo\",\"Sergio Gonz\u00e1lez\"],\"articleSection\":[\"Agencias de Viajes\",\"Caribe Mexicano\"],\"inLanguage\":\"es-MX\",\"potentialAction\":[{\"@type\":\"CommentAction\",\"name\":\"Comment\",\"target\":[\"https:\/\/nitu.mx\/index.php\/2020\/12\/09\/amav-quintana-roo-mantiene-reclamo-de-falta-de-apoyo-del-gobierno-federal-a-la-actividad-turistica\/#respond\"]}]},{\"@type\":\"WebPage\",\"@id\":\"https:\/\/nitu.mx\/index.php\/2020\/12\/09\/amav-quintana-roo-mantiene-reclamo-de-falta-de-apoyo-del-gobierno-federal-a-la-actividad-turistica\/\",\"url\":\"https:\/\/nitu.mx\/index.php\/2020\/12\/09\/amav-quintana-roo-mantiene-reclamo-de-falta-de-apoyo-del-gobierno-federal-a-la-actividad-turistica\/\",\"name\":\"AMAV Quintana Roo mantiene reclamo de falta de apoyo del gobierno federal a la actividad tur\u00edstica - Nitu - Noticias de la Industria Turistica\",\"isPartOf\":{\"@id\":\"https:\/\/nitu.mx\/#website\"},\"primaryImageOfPage\":{\"@id\":\"https:\/\/nitu.mx\/index.php\/2020\/12\/09\/amav-quintana-roo-mantiene-reclamo-de-falta-de-apoyo-del-gobierno-federal-a-la-actividad-turistica\/#primaryimage\"},\"image\":{\"@id\":\"https:\/\/nitu.mx\/index.php\/2020\/12\/09\/amav-quintana-roo-mantiene-reclamo-de-falta-de-apoyo-del-gobierno-federal-a-la-actividad-turistica\/#primaryimage\"},\"thumbnailUrl\":\"https:\/\/nitu.mx\/wp-content\/uploads\/2020\/05\/Sergio-Gonza\u0301lez-Rubiera-AMAV-QRoo.jpg\",\"datePublished\":\"2020-12-09T06:15:59+00:00\",\"dateModified\":\"2020-12-09T06:48:06+00:00\",\"breadcrumb\":{\"@id\":\"https:\/\/nitu.mx\/index.php\/2020\/12\/09\/amav-quintana-roo-mantiene-reclamo-de-falta-de-apoyo-del-gobierno-federal-a-la-actividad-turistica\/#breadcrumb\"},\"inLanguage\":\"es-MX\",\"potentialAction\":[{\"@type\":\"ReadAction\",\"target\":[\"https:\/\/nitu.mx\/index.php\/2020\/12\/09\/amav-quintana-roo-mantiene-reclamo-de-falta-de-apoyo-del-gobierno-federal-a-la-actividad-turistica\/\"]}]},{\"@type\":\"ImageObject\",\"inLanguage\":\"es-MX\",\"@id\":\"https:\/\/nitu.mx\/index.php\/2020\/12\/09\/amav-quintana-roo-mantiene-reclamo-de-falta-de-apoyo-del-gobierno-federal-a-la-actividad-turistica\/#primaryimage\",\"url\":\"https:\/\/nitu.mx\/wp-content\/uploads\/2020\/05\/Sergio-Gonza\u0301lez-Rubiera-AMAV-QRoo.jpg\",\"contentUrl\":\"https:\/\/nitu.mx\/wp-content\/uploads\/2020\/05\/Sergio-Gonza\u0301lez-Rubiera-AMAV-QRoo.jpg\",\"width\":850,\"height\":480,\"caption\":\"Sergio Gonza\u0301lez Rubiera AMAV QRoo\"},{\"@type\":\"BreadcrumbList\",\"@id\":\"https:\/\/nitu.mx\/index.php\/2020\/12\/09\/amav-quintana-roo-mantiene-reclamo-de-falta-de-apoyo-del-gobierno-federal-a-la-actividad-turistica\/#breadcrumb\",\"itemListElement\":[{\"@type\":\"ListItem\",\"position\":1,\"name\":\"Inicio\",\"item\":\"https:\/\/nitu.mx\/\"},{\"@type\":\"ListItem\",\"position\":2,\"name\":\"AMAV Quintana Roo mantiene reclamo de falta de apoyo del gobierno federal a la actividad tur\u00edstica\"}]},{\"@type\":\"WebSite\",\"@id\":\"https:\/\/nitu.mx\/#website\",\"url\":\"https:\/\/nitu.mx\/\",\"name\":\"Nitu - Noticias de la Industria Turistica\",\"description\":\"Noticias de la Industria Turistica\",\"publisher\":{\"@id\":\"https:\/\/nitu.mx\/#\/schema\/person\/ae7a53426417292d3dd07b45a33e01bc\"},\"alternateName\":\"Noticias de la Industria Turistica\",\"potentialAction\":[{\"@type\":\"SearchAction\",\"target\":{\"@type\":\"EntryPoint\",\"urlTemplate\":\"https:\/\/nitu.mx\/?s={search_term_string}\"},\"query-input\":\"required name=search_term_string\"}],\"inLanguage\":\"es-MX\"},{\"@type\":[\"Person\",\"Organization\"],\"@id\":\"https:\/\/nitu.mx\/#\/schema\/person\/ae7a53426417292d3dd07b45a33e01bc\",\"name\":\"Arturo Medina\",\"image\":{\"@type\":\"ImageObject\",\"inLanguage\":\"es-MX\",\"@id\":\"https:\/\/nitu.mx\/#\/schema\/person\/image\/\",\"url\":\"https:\/\/nitu.mx\/wp-content\/uploads\/2024\/04\/4A315622-1904-4D5C-B022-878CDC840E04-90x90-1.jpeg\",\"contentUrl\":\"https:\/\/nitu.mx\/wp-content\/uploads\/2024\/04\/4A315622-1904-4D5C-B022-878CDC840E04-90x90-1.jpeg\",\"width\":90,\"height\":90,\"caption\":\"Arturo Medina\"},\"logo\":{\"@id\":\"https:\/\/nitu.mx\/#\/schema\/person\/image\/\"},\"description\":\"Director NITU.mx, Egresado de la Escuela de Periodismo Carlos Septi\u00e9n Garc\u00eda. Periodista y analista especializado en turismo desde hace 35 a\u00f1os, radicado en Canc\u00fan Q.Roo. arturo@nitu.mx\",\"sameAs\":[\"https:\/\/nitu.mx\",\"https:\/\/www.facebook.com\/NITUmx\/\",\"medinacancun\",\"https:\/\/twitter.com\/@Arturo_Medina_G\"]},{\"@type\":\"Person\",\"@id\":\"https:\/\/nitu.mx\/#\/schema\/person\/4a28fe9bd65924f7c90623773daf1b0b\",\"name\":\"Redacci\u00f3n\",\"image\":{\"@type\":\"ImageObject\",\"inLanguage\":\"es-MX\",\"@id\":\"https:\/\/nitu.mx\/#\/schema\/person\/image\/\",\"url\":\"https:\/\/secure.gravatar.com\/avatar\/5dd011c8ccfc5cd7e4c81e42252aab38?s=96&d=mm&r=g\",\"contentUrl\":\"https:\/\/secure.gravatar.com\/avatar\/5dd011c8ccfc5cd7e4c81e42252aab38?s=96&d=mm&r=g\",\"caption\":\"Redacci\u00f3n\"},\"url\":\"https:\/\/nitu.mx\/index.php\/author\/redaccion\/\"}]}<\/script>\n<!-- \/ Yoast SEO plugin. -->","yoast_head_json":{"title":"AMAV Quintana Roo mantiene reclamo de falta de apoyo del gobierno federal a la actividad tur\u00edstica - Nitu - Noticias de la Industria Turistica","robots":{"index":"index","follow":"follow","max-snippet":"max-snippet:-1","max-image-preview":"max-image-preview:large","max-video-preview":"max-video-preview:-1"},"canonical":"https:\/\/nitu.mx\/index.php\/2020\/12\/09\/amav-quintana-roo-mantiene-reclamo-de-falta-de-apoyo-del-gobierno-federal-a-la-actividad-turistica\/","twitter_card":"summary_large_image","twitter_title":"AMAV Quintana Roo mantiene reclamo de falta de apoyo del gobierno federal a la actividad tur\u00edstica - Nitu - Noticias de la Industria Turistica","twitter_description":"\u201cEstamos solos en la actividad tur\u00edstica, vamos a seguir sobreviviendo gracias al impulso de los empresarios\u201d, refiere el presidente de la Asociaci\u00f3n Mexicana de Agencias de Viajes (AMAV), cap\u00edtulo Quintana Roo, Sergio Gonz\u00e1lez Rubiera, en torno a la falta de apoyo por parte del Gobierno Federal hacia la actividad tur\u00edstica en la que asegura que [&hellip;]","twitter_image":"https:\/\/nitu.mx\/wp-content\/uploads\/2020\/05\/Sergio-Gonza\u0301lez-Rubiera-AMAV-QRoo.jpg","twitter_creator":"@NITUmx","twitter_site":"@Arturo_Medina_G","twitter_misc":{"Escrito por":"Redacci\u00f3n","Tiempo de lectura":"1 minuto"},"schema":{"@context":"https:\/\/schema.org","@graph":[{"@type":"Article","@id":"https:\/\/nitu.mx\/index.php\/2020\/12\/09\/amav-quintana-roo-mantiene-reclamo-de-falta-de-apoyo-del-gobierno-federal-a-la-actividad-turistica\/#article","isPartOf":{"@id":"https:\/\/nitu.mx\/index.php\/2020\/12\/09\/amav-quintana-roo-mantiene-reclamo-de-falta-de-apoyo-del-gobierno-federal-a-la-actividad-turistica\/"},"author":{"name":"Redacci\u00f3n","@id":"https:\/\/nitu.mx\/#\/schema\/person\/4a28fe9bd65924f7c90623773daf1b0b"},"headline":"AMAV Quintana Roo mantiene reclamo de falta de apoyo del gobierno federal a la actividad tur\u00edstica","datePublished":"2020-12-09T06:15:59+00:00","dateModified":"2020-12-09T06:48:06+00:00","mainEntityOfPage":{"@id":"https:\/\/nitu.mx\/index.php\/2020\/12\/09\/amav-quintana-roo-mantiene-reclamo-de-falta-de-apoyo-del-gobierno-federal-a-la-actividad-turistica\/"},"wordCount":285,"commentCount":0,"publisher":{"@id":"https:\/\/nitu.mx\/#\/schema\/person\/ae7a53426417292d3dd07b45a33e01bc"},"image":{"@id":"https:\/\/nitu.mx\/index.php\/2020\/12\/09\/amav-quintana-roo-mantiene-reclamo-de-falta-de-apoyo-del-gobierno-federal-a-la-actividad-turistica\/#primaryimage"},"thumbnailUrl":"https:\/\/nitu.mx\/wp-content\/uploads\/2020\/05\/Sergio-Gonza\u0301lez-Rubiera-AMAV-QRoo.jpg","keywords":["AMAV","AMAV Quintana Roo","Sergio Gonz\u00e1lez"],"articleSection":["Agencias de Viajes","Caribe Mexicano"],"inLanguage":"es-MX","potentialAction":[{"@type":"CommentAction","name":"Comment","target":["https:\/\/nitu.mx\/index.php\/2020\/12\/09\/amav-quintana-roo-mantiene-reclamo-de-falta-de-apoyo-del-gobierno-federal-a-la-actividad-turistica\/#respond"]}]},{"@type":"WebPage","@id":"https:\/\/nitu.mx\/index.php\/2020\/12\/09\/amav-quintana-roo-mantiene-reclamo-de-falta-de-apoyo-del-gobierno-federal-a-la-actividad-turistica\/","url":"https:\/\/nitu.mx\/index.php\/2020\/12\/09\/amav-quintana-roo-mantiene-reclamo-de-falta-de-apoyo-del-gobierno-federal-a-la-actividad-turistica\/","name":"AMAV Quintana Roo mantiene reclamo de falta de apoyo del gobierno federal a la actividad tur\u00edstica - Nitu - Noticias de la Industria Turistica","isPartOf":{"@id":"https:\/\/nitu.mx\/#website"},"primaryImageOfPage":{"@id":"https:\/\/nitu.mx\/index.php\/2020\/12\/09\/amav-quintana-roo-mantiene-reclamo-de-falta-de-apoyo-del-gobierno-federal-a-la-actividad-turistica\/#primaryimage"},"image":{"@id":"https:\/\/nitu.mx\/index.php\/2020\/12\/09\/amav-quintana-roo-mantiene-reclamo-de-falta-de-apoyo-del-gobierno-federal-a-la-actividad-turistica\/#primaryimage"},"thumbnailUrl":"https:\/\/nitu.mx\/wp-content\/uploads\/2020\/05\/Sergio-Gonza\u0301lez-Rubiera-AMAV-QRoo.jpg","datePublished":"2020-12-09T06:15:59+00:00","dateModified":"2020-12-09T06:48:06+00:00","breadcrumb":{"@id":"https:\/\/nitu.mx\/index.php\/2020\/12\/09\/amav-quintana-roo-mantiene-reclamo-de-falta-de-apoyo-del-gobierno-federal-a-la-actividad-turistica\/#breadcrumb"},"inLanguage":"es-MX","potentialAction":[{"@type":"ReadAction","target":["https:\/\/nitu.mx\/index.php\/2020\/12\/09\/amav-quintana-roo-mantiene-reclamo-de-falta-de-apoyo-del-gobierno-federal-a-la-actividad-turistica\/"]}]},{"@type":"ImageObject","inLanguage":"es-MX","@id":"https:\/\/nitu.mx\/index.php\/2020\/12\/09\/amav-quintana-roo-mantiene-reclamo-de-falta-de-apoyo-del-gobierno-federal-a-la-actividad-turistica\/#primaryimage","url":"https:\/\/nitu.mx\/wp-content\/uploads\/2020\/05\/Sergio-Gonza\u0301lez-Rubiera-AMAV-QRoo.jpg","contentUrl":"https:\/\/nitu.mx\/wp-content\/uploads\/2020\/05\/Sergio-Gonza\u0301lez-Rubiera-AMAV-QRoo.jpg","width":850,"height":480,"caption":"Sergio Gonza\u0301lez Rubiera AMAV QRoo"},{"@type":"BreadcrumbList","@id":"https:\/\/nitu.mx\/index.php\/2020\/12\/09\/amav-quintana-roo-mantiene-reclamo-de-falta-de-apoyo-del-gobierno-federal-a-la-actividad-turistica\/#breadcrumb","itemListElement":[{"@type":"ListItem","position":1,"name":"Inicio","item":"https:\/\/nitu.mx\/"},{"@type":"ListItem","position":2,"name":"AMAV Quintana Roo mantiene reclamo de falta de apoyo del gobierno federal a la actividad tur\u00edstica"}]},{"@type":"WebSite","@id":"https:\/\/nitu.mx\/#website","url":"https:\/\/nitu.mx\/","name":"Nitu - Noticias de la Industria Turistica","description":"Noticias de la Industria Turistica","publisher":{"@id":"https:\/\/nitu.mx\/#\/schema\/person\/ae7a53426417292d3dd07b45a33e01bc"},"alternateName":"Noticias de la Industria Turistica","potentialAction":[{"@type":"SearchAction","target":{"@type":"EntryPoint","urlTemplate":"https:\/\/nitu.mx\/?s={search_term_string}"},"query-input":"required name=search_term_string"}],"inLanguage":"es-MX"},{"@type":["Person","Organization"],"@id":"https:\/\/nitu.mx\/#\/schema\/person\/ae7a53426417292d3dd07b45a33e01bc","name":"Arturo Medina","image":{"@type":"ImageObject","inLanguage":"es-MX","@id":"https:\/\/nitu.mx\/#\/schema\/person\/image\/","url":"https:\/\/nitu.mx\/wp-content\/uploads\/2024\/04\/4A315622-1904-4D5C-B022-878CDC840E04-90x90-1.jpeg","contentUrl":"https:\/\/nitu.mx\/wp-content\/uploads\/2024\/04\/4A315622-1904-4D5C-B022-878CDC840E04-90x90-1.jpeg","width":90,"height":90,"caption":"Arturo Medina"},"logo":{"@id":"https:\/\/nitu.mx\/#\/schema\/person\/image\/"},"description":"Director NITU.mx, Egresado de la Escuela de Periodismo Carlos Septi\u00e9n Garc\u00eda. Periodista y analista especializado en turismo desde hace 35 a\u00f1os, radicado en Canc\u00fan Q.Roo. arturo@nitu.mx","sameAs":["https:\/\/nitu.mx","https:\/\/www.facebook.com\/NITUmx\/","medinacancun","https:\/\/twitter.com\/@Arturo_Medina_G"]},{"@type":"Person","@id":"https:\/\/nitu.mx\/#\/schema\/person\/4a28fe9bd65924f7c90623773daf1b0b","name":"Redacci\u00f3n","image":{"@type":"ImageObject","inLanguage":"es-MX","@id":"https:\/\/nitu.mx\/#\/schema\/person\/image\/","url":"https:\/\/secure.gravatar.com\/avatar\/5dd011c8ccfc5cd7e4c81e42252aab38?s=96&d=mm&r=g","contentUrl":"https:\/\/secure.gravatar.com\/avatar\/5dd011c8ccfc5cd7e4c81e42252aab38?s=96&d=mm&r=g","caption":"Redacci\u00f3n"},"url":"https:\/\/nitu.mx\/index.php\/author\/redaccion\/"}]}},"views":326,"_links":{"self":[{"href":"https:\/\/nitu.mx\/index.php\/wp-json\/wp\/v2\/posts\/48778"}],"collection":[{"href":"https:\/\/nitu.mx\/index.php\/wp-json\/wp\/v2\/posts"}],"about":[{"href":"https:\/\/nitu.mx\/index.php\/wp-json\/wp\/v2\/types\/post"}],"author":[{"embeddable":true,"href":"https:\/\/nitu.mx\/index.php\/wp-json\/wp\/v2\/users\/17"}],"replies":[{"embeddable":true,"href":"https:\/\/nitu.mx\/index.php\/wp-json\/wp\/v2\/comments?post=48778"}],"version-history":[{"count":4,"href":"https:\/\/nitu.mx\/index.php\/wp-json\/wp\/v2\/posts\/48778\/revisions"}],"predecessor-version":[{"id":48803,"href":"https:\/\/nitu.mx\/index.php\/wp-json\/wp\/v2\/posts\/48778\/revisions\/48803"}],"wp:featuredmedia":[{"embeddable":true,"href":"https:\/\/nitu.mx\/index.php\/wp-json\/wp\/v2\/media\/42708"}],"wp:attachment":[{"href":"https:\/\/nitu.mx\/index.php\/wp-json\/wp\/v2\/media?parent=48778"}],"wp:term":[{"taxonomy":"category","embeddable":true,"href":"https:\/\/nitu.mx\/index.php\/wp-json\/wp\/v2\/categories?post=48778"},{"taxonomy":"post_tag","embeddable":true,"href":"https:\/\/nitu.mx\/index.php\/wp-json\/wp\/v2\/tags?post=48778"}],"curies":[{"name":"wp","href":"https:\/\/api.w.org\/{rel}","templated":true}]}}