{"id":4875,"date":"2016-12-14T01:05:11","date_gmt":"2016-12-14T06:05:11","guid":{"rendered":"http:\/\/www.dev.nitu.mx\/?p=4875"},"modified":"2016-12-14T02:12:52","modified_gmt":"2016-12-14T07:12:52","slug":"incertidumbre-por-trump-bajan-intenciones-de-viajar-en-2017","status":"publish","type":"post","link":"https:\/\/nitu.mx\/index.php\/2016\/12\/14\/incertidumbre-por-trump-bajan-intenciones-de-viajar-en-2017\/","title":{"rendered":"Incertidumbre por Trump baja intenciones de viajar en 2017"},"content":{"rendered":"<p>Ante el triunfo de Trump y el ambiente de volatilidad cambiaria, el consumidor est\u00e1 sometido a estr\u00e9s en su econom\u00eda y nerviosismo, por lo que las intenciones de viajar disminuyen, mientras el Inegi prev\u00e9 0.7 por ciento menos posibilidades.<\/p>\n<p>Luego de siete meses consecutivos al alza, la posibilidad de los mexicanos de salir de vacaciones para 2017 se redujo 0.7 por ciento en noviembre de este a\u00f1o, debido a la incertidumbre econ\u00f3mica provocada por el triunfo de Donald Trump en las elecciones de Estados Unidos.<\/p>\n<p>Seg\u00fan el \u00cdndice Complementario de la Confianza del Consumidor del Inegi, los encuestados consideraron que en los pr\u00f3ximos 12 meses tendr\u00e1 0.7 por ciento menos posibilidades econ\u00f3micas de vacacionar, consigna El Financiero.<\/p>\n<p>Gerardo Herrera, especialista en turismo por la Ibero, explic\u00f3 que al cambiar el panorama, los consumidores percibieron un escenario de estr\u00e9s en su econom\u00eda, y por eso se redujo la intenci\u00f3n de planear un gasto discrecional que representan las vacaciones.<\/p>\n<p>Para Agust\u00edn Gonz\u00e1lez, presidente de la Asociaci\u00f3n Nacional de Agencias de Viajes, el consumidor est\u00e1 en medio de un entorno de nerviosismo. \u201cEn las agencias sentimos c\u00f3mo el consumidor ya es m\u00e1s cauto al momento de planear desde septiembre\u201d, a\u00f1adi\u00f3.<\/p>\n<p>Por su parte, el secretario de Turismo federal, Enrique de la Madrid, ha insistido que Trump no afectar\u00e1 al sector\u00a0(<a title=\"La llegada de Trump a la Casa Blanca no afectar\u00e1 el turismo: De la Madrid\" href=\"http:\/\/www.dev.nitu.mx\/index.php\/2016\/11\/30\/la-llegada-de-trump-a-la-casa-blanca-no-afectara-el-turismo\/\" rel=\"bookmark\">La llegada de Trump a la Casa Blanca no afectar\u00e1 el turismo: De la Madrid<\/a>).<\/p>\n","protected":false},"excerpt":{"rendered":"<p>Ante el triunfo de Trump y el ambiente de volatilidad cambiaria, el consumidor est\u00e1 sometido a estr\u00e9s en su econom\u00eda y nerviosismo, por lo que las intenciones de viajar disminuyen, mientras el Inegi prev\u00e9 0.7 por ciento menos posibilidades. Luego de siete meses consecutivos al alza, la posibilidad de los mexicanos de salir de vacaciones [&hellip;]<\/p>\n","protected":false},"author":17,"featured_media":4902,"comment_status":"open","ping_status":"open","sticky":false,"template":"","format":"standard","meta":{"footnotes":""},"categories":[5,6],"tags":[957,1664,2204,2202],"yoast_head":"<!-- This site is optimized with the Yoast SEO plugin v22.2 - https:\/\/yoast.com\/wordpress\/plugins\/seo\/ -->\n<title>Incertidumbre por Trump baja intenciones de viajar en 2017 - Nitu - Noticias de la Industria Turistica<\/title>\n<meta name=\"description\" content=\"Ante el triunfo de Trump el consumidor est\u00e1 sometido a estr\u00e9s en su econom\u00eda por lo que las intenciones de viajar disminuyen\" \/>\n<meta name=\"robots\" content=\"index, follow, max-snippet:-1, max-image-preview:large, max-video-preview:-1\" \/>\n<link rel=\"canonical\" href=\"https:\/\/nitu.mx\/index.php\/2016\/12\/14\/incertidumbre-por-trump-bajan-intenciones-de-viajar-en-2017\/\" \/>\n<meta name=\"twitter:card\" content=\"summary_large_image\" \/>\n<meta name=\"twitter:title\" content=\"Incertidumbre por Trump baja intenciones de viajar en 2017 - Nitu - Noticias de la Industria Turistica\" \/>\n<meta name=\"twitter:description\" content=\"Ante el triunfo de Trump el consumidor est\u00e1 sometido a estr\u00e9s en su econom\u00eda por lo que las intenciones de viajar disminuyen\" \/>\n<meta name=\"twitter:image\" content=\"https:\/\/nitu.mx\/wp-content\/uploads\/2016\/12\/playa-vac\u00eda.jpg\" \/>\n<meta name=\"twitter:creator\" content=\"@NITUmx\" \/>\n<meta name=\"twitter:site\" content=\"@Arturo_Medina_G\" \/>\n<meta name=\"twitter:label1\" content=\"Escrito por\" \/>\n\t<meta name=\"twitter:data1\" content=\"Redacci\u00f3n\" \/>\n\t<meta name=\"twitter:label2\" content=\"Tiempo de lectura\" \/>\n\t<meta name=\"twitter:data2\" content=\"1 minuto\" \/>\n<script type=\"application\/ld+json\" class=\"yoast-schema-graph\">{\"@context\":\"https:\/\/schema.org\",\"@graph\":[{\"@type\":\"Article\",\"@id\":\"https:\/\/nitu.mx\/index.php\/2016\/12\/14\/incertidumbre-por-trump-bajan-intenciones-de-viajar-en-2017\/#article\",\"isPartOf\":{\"@id\":\"https:\/\/nitu.mx\/index.php\/2016\/12\/14\/incertidumbre-por-trump-bajan-intenciones-de-viajar-en-2017\/\"},\"author\":{\"name\":\"Redacci\u00f3n\",\"@id\":\"https:\/\/nitu.mx\/#\/schema\/person\/4a28fe9bd65924f7c90623773daf1b0b\"},\"headline\":\"Incertidumbre por Trump baja intenciones de viajar en 2017\",\"datePublished\":\"2016-12-14T06:05:11+00:00\",\"dateModified\":\"2016-12-14T07:12:52+00:00\",\"mainEntityOfPage\":{\"@id\":\"https:\/\/nitu.mx\/index.php\/2016\/12\/14\/incertidumbre-por-trump-bajan-intenciones-de-viajar-en-2017\/\"},\"wordCount\":251,\"commentCount\":0,\"publisher\":{\"@id\":\"https:\/\/nitu.mx\/#\/schema\/person\/ae7a53426417292d3dd07b45a33e01bc\"},\"image\":{\"@id\":\"https:\/\/nitu.mx\/index.php\/2016\/12\/14\/incertidumbre-por-trump-bajan-intenciones-de-viajar-en-2017\/#primaryimage\"},\"thumbnailUrl\":\"https:\/\/nitu.mx\/wp-content\/uploads\/2016\/12\/playa-vac\u00eda.jpg\",\"keywords\":[\"Donald Trump\",\"Gerardo Herrera\",\"\u00cdndice Complementario de la Confianza del Consumidor\",\"INEGI\"],\"articleSection\":[\"Destinos\",\"M\u00e9xico\"],\"inLanguage\":\"es-MX\",\"potentialAction\":[{\"@type\":\"CommentAction\",\"name\":\"Comment\",\"target\":[\"https:\/\/nitu.mx\/index.php\/2016\/12\/14\/incertidumbre-por-trump-bajan-intenciones-de-viajar-en-2017\/#respond\"]}]},{\"@type\":\"WebPage\",\"@id\":\"https:\/\/nitu.mx\/index.php\/2016\/12\/14\/incertidumbre-por-trump-bajan-intenciones-de-viajar-en-2017\/\",\"url\":\"https:\/\/nitu.mx\/index.php\/2016\/12\/14\/incertidumbre-por-trump-bajan-intenciones-de-viajar-en-2017\/\",\"name\":\"Incertidumbre por Trump baja intenciones de viajar en 2017 - Nitu - Noticias de la Industria Turistica\",\"isPartOf\":{\"@id\":\"https:\/\/nitu.mx\/#website\"},\"primaryImageOfPage\":{\"@id\":\"https:\/\/nitu.mx\/index.php\/2016\/12\/14\/incertidumbre-por-trump-bajan-intenciones-de-viajar-en-2017\/#primaryimage\"},\"image\":{\"@id\":\"https:\/\/nitu.mx\/index.php\/2016\/12\/14\/incertidumbre-por-trump-bajan-intenciones-de-viajar-en-2017\/#primaryimage\"},\"thumbnailUrl\":\"https:\/\/nitu.mx\/wp-content\/uploads\/2016\/12\/playa-vac\u00eda.jpg\",\"datePublished\":\"2016-12-14T06:05:11+00:00\",\"dateModified\":\"2016-12-14T07:12:52+00:00\",\"description\":\"Ante el triunfo de Trump el consumidor est\u00e1 sometido a estr\u00e9s en su econom\u00eda por lo que las intenciones de viajar disminuyen\",\"breadcrumb\":{\"@id\":\"https:\/\/nitu.mx\/index.php\/2016\/12\/14\/incertidumbre-por-trump-bajan-intenciones-de-viajar-en-2017\/#breadcrumb\"},\"inLanguage\":\"es-MX\",\"potentialAction\":[{\"@type\":\"ReadAction\",\"target\":[\"https:\/\/nitu.mx\/index.php\/2016\/12\/14\/incertidumbre-por-trump-bajan-intenciones-de-viajar-en-2017\/\"]}]},{\"@type\":\"ImageObject\",\"inLanguage\":\"es-MX\",\"@id\":\"https:\/\/nitu.mx\/index.php\/2016\/12\/14\/incertidumbre-por-trump-bajan-intenciones-de-viajar-en-2017\/#primaryimage\",\"url\":\"https:\/\/nitu.mx\/wp-content\/uploads\/2016\/12\/playa-vac\u00eda.jpg\",\"contentUrl\":\"https:\/\/nitu.mx\/wp-content\/uploads\/2016\/12\/playa-vac\u00eda.jpg\",\"width\":939,\"height\":534,\"caption\":\"Trump\"},{\"@type\":\"BreadcrumbList\",\"@id\":\"https:\/\/nitu.mx\/index.php\/2016\/12\/14\/incertidumbre-por-trump-bajan-intenciones-de-viajar-en-2017\/#breadcrumb\",\"itemListElement\":[{\"@type\":\"ListItem\",\"position\":1,\"name\":\"Inicio\",\"item\":\"https:\/\/nitu.mx\/\"},{\"@type\":\"ListItem\",\"position\":2,\"name\":\"Incertidumbre por Trump baja intenciones de viajar en 2017\"}]},{\"@type\":\"WebSite\",\"@id\":\"https:\/\/nitu.mx\/#website\",\"url\":\"https:\/\/nitu.mx\/\",\"name\":\"Nitu - Noticias de la Industria Turistica\",\"description\":\"Noticias de la Industria Turistica\",\"publisher\":{\"@id\":\"https:\/\/nitu.mx\/#\/schema\/person\/ae7a53426417292d3dd07b45a33e01bc\"},\"alternateName\":\"Noticias de la Industria Turistica\",\"potentialAction\":[{\"@type\":\"SearchAction\",\"target\":{\"@type\":\"EntryPoint\",\"urlTemplate\":\"https:\/\/nitu.mx\/?s={search_term_string}\"},\"query-input\":\"required name=search_term_string\"}],\"inLanguage\":\"es-MX\"},{\"@type\":[\"Person\",\"Organization\"],\"@id\":\"https:\/\/nitu.mx\/#\/schema\/person\/ae7a53426417292d3dd07b45a33e01bc\",\"name\":\"Arturo Medina\",\"image\":{\"@type\":\"ImageObject\",\"inLanguage\":\"es-MX\",\"@id\":\"https:\/\/nitu.mx\/#\/schema\/person\/image\/\",\"url\":\"https:\/\/nitu.mx\/wp-content\/uploads\/2024\/04\/4A315622-1904-4D5C-B022-878CDC840E04-90x90-1.jpeg\",\"contentUrl\":\"https:\/\/nitu.mx\/wp-content\/uploads\/2024\/04\/4A315622-1904-4D5C-B022-878CDC840E04-90x90-1.jpeg\",\"width\":90,\"height\":90,\"caption\":\"Arturo Medina\"},\"logo\":{\"@id\":\"https:\/\/nitu.mx\/#\/schema\/person\/image\/\"},\"description\":\"Director NITU.mx, Egresado de la Escuela de Periodismo Carlos Septi\u00e9n Garc\u00eda. Periodista y analista especializado en turismo desde hace 35 a\u00f1os, radicado en Canc\u00fan Q.Roo. arturo@nitu.mx\",\"sameAs\":[\"https:\/\/nitu.mx\",\"https:\/\/www.facebook.com\/NITUmx\/\",\"medinacancun\",\"https:\/\/twitter.com\/@Arturo_Medina_G\"]},{\"@type\":\"Person\",\"@id\":\"https:\/\/nitu.mx\/#\/schema\/person\/4a28fe9bd65924f7c90623773daf1b0b\",\"name\":\"Redacci\u00f3n\",\"image\":{\"@type\":\"ImageObject\",\"inLanguage\":\"es-MX\",\"@id\":\"https:\/\/nitu.mx\/#\/schema\/person\/image\/\",\"url\":\"https:\/\/secure.gravatar.com\/avatar\/5dd011c8ccfc5cd7e4c81e42252aab38?s=96&d=mm&r=g\",\"contentUrl\":\"https:\/\/secure.gravatar.com\/avatar\/5dd011c8ccfc5cd7e4c81e42252aab38?s=96&d=mm&r=g\",\"caption\":\"Redacci\u00f3n\"},\"url\":\"https:\/\/nitu.mx\/index.php\/author\/redaccion\/\"}]}<\/script>\n<!-- \/ Yoast SEO plugin. -->","yoast_head_json":{"title":"Incertidumbre por Trump baja intenciones de viajar en 2017 - Nitu - Noticias de la Industria Turistica","description":"Ante el triunfo de Trump el consumidor est\u00e1 sometido a estr\u00e9s en su econom\u00eda por lo que las intenciones de viajar disminuyen","robots":{"index":"index","follow":"follow","max-snippet":"max-snippet:-1","max-image-preview":"max-image-preview:large","max-video-preview":"max-video-preview:-1"},"canonical":"https:\/\/nitu.mx\/index.php\/2016\/12\/14\/incertidumbre-por-trump-bajan-intenciones-de-viajar-en-2017\/","twitter_card":"summary_large_image","twitter_title":"Incertidumbre por Trump baja intenciones de viajar en 2017 - Nitu - Noticias de la Industria Turistica","twitter_description":"Ante el triunfo de Trump el consumidor est\u00e1 sometido a estr\u00e9s en su econom\u00eda por lo que las intenciones de viajar disminuyen","twitter_image":"https:\/\/nitu.mx\/wp-content\/uploads\/2016\/12\/playa-vac\u00eda.jpg","twitter_creator":"@NITUmx","twitter_site":"@Arturo_Medina_G","twitter_misc":{"Escrito por":"Redacci\u00f3n","Tiempo de lectura":"1 minuto"},"schema":{"@context":"https:\/\/schema.org","@graph":[{"@type":"Article","@id":"https:\/\/nitu.mx\/index.php\/2016\/12\/14\/incertidumbre-por-trump-bajan-intenciones-de-viajar-en-2017\/#article","isPartOf":{"@id":"https:\/\/nitu.mx\/index.php\/2016\/12\/14\/incertidumbre-por-trump-bajan-intenciones-de-viajar-en-2017\/"},"author":{"name":"Redacci\u00f3n","@id":"https:\/\/nitu.mx\/#\/schema\/person\/4a28fe9bd65924f7c90623773daf1b0b"},"headline":"Incertidumbre por Trump baja intenciones de viajar en 2017","datePublished":"2016-12-14T06:05:11+00:00","dateModified":"2016-12-14T07:12:52+00:00","mainEntityOfPage":{"@id":"https:\/\/nitu.mx\/index.php\/2016\/12\/14\/incertidumbre-por-trump-bajan-intenciones-de-viajar-en-2017\/"},"wordCount":251,"commentCount":0,"publisher":{"@id":"https:\/\/nitu.mx\/#\/schema\/person\/ae7a53426417292d3dd07b45a33e01bc"},"image":{"@id":"https:\/\/nitu.mx\/index.php\/2016\/12\/14\/incertidumbre-por-trump-bajan-intenciones-de-viajar-en-2017\/#primaryimage"},"thumbnailUrl":"https:\/\/nitu.mx\/wp-content\/uploads\/2016\/12\/playa-vac\u00eda.jpg","keywords":["Donald Trump","Gerardo Herrera","\u00cdndice Complementario de la Confianza del Consumidor","INEGI"],"articleSection":["Destinos","M\u00e9xico"],"inLanguage":"es-MX","potentialAction":[{"@type":"CommentAction","name":"Comment","target":["https:\/\/nitu.mx\/index.php\/2016\/12\/14\/incertidumbre-por-trump-bajan-intenciones-de-viajar-en-2017\/#respond"]}]},{"@type":"WebPage","@id":"https:\/\/nitu.mx\/index.php\/2016\/12\/14\/incertidumbre-por-trump-bajan-intenciones-de-viajar-en-2017\/","url":"https:\/\/nitu.mx\/index.php\/2016\/12\/14\/incertidumbre-por-trump-bajan-intenciones-de-viajar-en-2017\/","name":"Incertidumbre por Trump baja intenciones de viajar en 2017 - Nitu - Noticias de la Industria Turistica","isPartOf":{"@id":"https:\/\/nitu.mx\/#website"},"primaryImageOfPage":{"@id":"https:\/\/nitu.mx\/index.php\/2016\/12\/14\/incertidumbre-por-trump-bajan-intenciones-de-viajar-en-2017\/#primaryimage"},"image":{"@id":"https:\/\/nitu.mx\/index.php\/2016\/12\/14\/incertidumbre-por-trump-bajan-intenciones-de-viajar-en-2017\/#primaryimage"},"thumbnailUrl":"https:\/\/nitu.mx\/wp-content\/uploads\/2016\/12\/playa-vac\u00eda.jpg","datePublished":"2016-12-14T06:05:11+00:00","dateModified":"2016-12-14T07:12:52+00:00","description":"Ante el triunfo de Trump el consumidor est\u00e1 sometido a estr\u00e9s en su econom\u00eda por lo que las intenciones de viajar disminuyen","breadcrumb":{"@id":"https:\/\/nitu.mx\/index.php\/2016\/12\/14\/incertidumbre-por-trump-bajan-intenciones-de-viajar-en-2017\/#breadcrumb"},"inLanguage":"es-MX","potentialAction":[{"@type":"ReadAction","target":["https:\/\/nitu.mx\/index.php\/2016\/12\/14\/incertidumbre-por-trump-bajan-intenciones-de-viajar-en-2017\/"]}]},{"@type":"ImageObject","inLanguage":"es-MX","@id":"https:\/\/nitu.mx\/index.php\/2016\/12\/14\/incertidumbre-por-trump-bajan-intenciones-de-viajar-en-2017\/#primaryimage","url":"https:\/\/nitu.mx\/wp-content\/uploads\/2016\/12\/playa-vac\u00eda.jpg","contentUrl":"https:\/\/nitu.mx\/wp-content\/uploads\/2016\/12\/playa-vac\u00eda.jpg","width":939,"height":534,"caption":"Trump"},{"@type":"BreadcrumbList","@id":"https:\/\/nitu.mx\/index.php\/2016\/12\/14\/incertidumbre-por-trump-bajan-intenciones-de-viajar-en-2017\/#breadcrumb","itemListElement":[{"@type":"ListItem","position":1,"name":"Inicio","item":"https:\/\/nitu.mx\/"},{"@type":"ListItem","position":2,"name":"Incertidumbre por Trump baja intenciones de viajar en 2017"}]},{"@type":"WebSite","@id":"https:\/\/nitu.mx\/#website","url":"https:\/\/nitu.mx\/","name":"Nitu - Noticias de la Industria Turistica","description":"Noticias de la Industria Turistica","publisher":{"@id":"https:\/\/nitu.mx\/#\/schema\/person\/ae7a53426417292d3dd07b45a33e01bc"},"alternateName":"Noticias de la Industria Turistica","potentialAction":[{"@type":"SearchAction","target":{"@type":"EntryPoint","urlTemplate":"https:\/\/nitu.mx\/?s={search_term_string}"},"query-input":"required name=search_term_string"}],"inLanguage":"es-MX"},{"@type":["Person","Organization"],"@id":"https:\/\/nitu.mx\/#\/schema\/person\/ae7a53426417292d3dd07b45a33e01bc","name":"Arturo Medina","image":{"@type":"ImageObject","inLanguage":"es-MX","@id":"https:\/\/nitu.mx\/#\/schema\/person\/image\/","url":"https:\/\/nitu.mx\/wp-content\/uploads\/2024\/04\/4A315622-1904-4D5C-B022-878CDC840E04-90x90-1.jpeg","contentUrl":"https:\/\/nitu.mx\/wp-content\/uploads\/2024\/04\/4A315622-1904-4D5C-B022-878CDC840E04-90x90-1.jpeg","width":90,"height":90,"caption":"Arturo Medina"},"logo":{"@id":"https:\/\/nitu.mx\/#\/schema\/person\/image\/"},"description":"Director NITU.mx, Egresado de la Escuela de Periodismo Carlos Septi\u00e9n Garc\u00eda. Periodista y analista especializado en turismo desde hace 35 a\u00f1os, radicado en Canc\u00fan Q.Roo. arturo@nitu.mx","sameAs":["https:\/\/nitu.mx","https:\/\/www.facebook.com\/NITUmx\/","medinacancun","https:\/\/twitter.com\/@Arturo_Medina_G"]},{"@type":"Person","@id":"https:\/\/nitu.mx\/#\/schema\/person\/4a28fe9bd65924f7c90623773daf1b0b","name":"Redacci\u00f3n","image":{"@type":"ImageObject","inLanguage":"es-MX","@id":"https:\/\/nitu.mx\/#\/schema\/person\/image\/","url":"https:\/\/secure.gravatar.com\/avatar\/5dd011c8ccfc5cd7e4c81e42252aab38?s=96&d=mm&r=g","contentUrl":"https:\/\/secure.gravatar.com\/avatar\/5dd011c8ccfc5cd7e4c81e42252aab38?s=96&d=mm&r=g","caption":"Redacci\u00f3n"},"url":"https:\/\/nitu.mx\/index.php\/author\/redaccion\/"}]}},"views":274,"_links":{"self":[{"href":"https:\/\/nitu.mx\/index.php\/wp-json\/wp\/v2\/posts\/4875"}],"collection":[{"href":"https:\/\/nitu.mx\/index.php\/wp-json\/wp\/v2\/posts"}],"about":[{"href":"https:\/\/nitu.mx\/index.php\/wp-json\/wp\/v2\/types\/post"}],"author":[{"embeddable":true,"href":"https:\/\/nitu.mx\/index.php\/wp-json\/wp\/v2\/users\/17"}],"replies":[{"embeddable":true,"href":"https:\/\/nitu.mx\/index.php\/wp-json\/wp\/v2\/comments?post=4875"}],"version-history":[{"count":4,"href":"https:\/\/nitu.mx\/index.php\/wp-json\/wp\/v2\/posts\/4875\/revisions"}],"predecessor-version":[{"id":4916,"href":"https:\/\/nitu.mx\/index.php\/wp-json\/wp\/v2\/posts\/4875\/revisions\/4916"}],"wp:featuredmedia":[{"embeddable":true,"href":"https:\/\/nitu.mx\/index.php\/wp-json\/wp\/v2\/media\/4902"}],"wp:attachment":[{"href":"https:\/\/nitu.mx\/index.php\/wp-json\/wp\/v2\/media?parent=4875"}],"wp:term":[{"taxonomy":"category","embeddable":true,"href":"https:\/\/nitu.mx\/index.php\/wp-json\/wp\/v2\/categories?post=4875"},{"taxonomy":"post_tag","embeddable":true,"href":"https:\/\/nitu.mx\/index.php\/wp-json\/wp\/v2\/tags?post=4875"}],"curies":[{"name":"wp","href":"https:\/\/api.w.org\/{rel}","templated":true}]}}