{"id":48749,"date":"2020-12-07T22:33:17","date_gmt":"2020-12-08T03:33:17","guid":{"rendered":"https:\/\/www.dev.nitu.mx\/?p=48749"},"modified":"2020-12-08T00:29:12","modified_gmt":"2020-12-08T05:29:12","slug":"se-acerca-viva-aerobus-al-millon-de-pasajeros-transportados-en-noviembre","status":"publish","type":"post","link":"https:\/\/nitu.mx\/index.php\/2020\/12\/07\/se-acerca-viva-aerobus-al-millon-de-pasajeros-transportados-en-noviembre\/","title":{"rendered":"Se acerca Viva Aerobus al mill\u00f3n de pasajeros transportados en noviembre"},"content":{"rendered":"<p dir=\"ltr\">La aerol\u00ednea de ultra bajo costo, Viva Aerobus, registro m\u00e1s de 955 mil pasajeros pagos durante noviembre,\u00a0incremento de ocho por ciento en comparaci\u00f3n con octubre pasado,\u00a0luego que reanudaron el 100 por ciento de su capacidad operacional comparada con el mismo mes de 2019.<\/p>\n<p dir=\"ltr\">De acuerdo con su reporte operativo, sus ingresos por pasajero-kil\u00f3metro (o\u00a0RPK)\u00a0registraron -5.68 por ciento en comparaci\u00f3n con el mismo periodo de 2019; por el contrario, el\u00a0segmento de asientos disponibles por kil\u00f3metro (o ASK) creci\u00f3 4.29 por ciento,\u00a0la l\u00ednea registr\u00f3 un\u00a0factor de ocupaci\u00f3n de 80 por ciento.<\/p>\n<p>\u201cEn Viva Aerobus seguimos trabajando por fortalecer la conectividad a\u00e9rea a precios accesibles, tan necesaria para la reactivaci\u00f3n responsable del turismo y comercio de M\u00e9xico\u201d, se\u00f1al\u00f3\u00a0Juan Carlos Zuazua, director de la compa\u00f1\u00eda.<\/p>\n<p dir=\"ltr\">En el acumulado, la aerol\u00ednea ha transportado m\u00e1s de\u00a0siete millones de viajeros y un factor de ocupaci\u00f3n promedio de 81 por ciento; los resultados muestran una reducci\u00f3n de 35.4 por ciento y -7.8 puntos porcentuales, respectivamente, en comparativa interanual.<\/p>\n<p>Durante noviembre, el transportista oper\u00f3 109 rutas: 96 a nivel nacional y 13 internacionales. Ahora, pretende incrementar el n\u00famero a 128 destinos (103 dom\u00e9sticos y 25 fuera de M\u00e9xico), nueve m\u00e1s que al cierre del 2019.\u00a0<a title=\"Viva Aerobus celebra 14 a\u00f1os con nuevas rutas y aumento de capacidad operativa\" href=\"https:\/\/www.dev.nitu.mx\/index.php\/2020\/12\/01\/viva-aerobus-celebra-14-anos-con-nuevas-rutas-y-aumento-de-capacidad-operativa\/\" rel=\"bookmark\">(Viva Aerobus celebra 14 a\u00f1os con nuevas rutas y aumento de capacidad operativa<\/a>).<\/p>\n","protected":false},"excerpt":{"rendered":"<p>La aerol\u00ednea de ultra bajo costo, Viva Aerobus, registro m\u00e1s de 955 mil pasajeros pagos durante noviembre,\u00a0incremento de ocho por ciento en comparaci\u00f3n con octubre pasado,\u00a0luego que reanudaron el 100 por ciento de su capacidad operacional comparada con el mismo mes de 2019. De acuerdo con su reporte operativo, sus ingresos por pasajero-kil\u00f3metro (o\u00a0RPK)\u00a0registraron -5.68 [&hellip;]<\/p>\n","protected":false},"author":17,"featured_media":47779,"comment_status":"open","ping_status":"open","sticky":false,"template":"","format":"standard","meta":{"footnotes":""},"categories":[29],"tags":[21278,295,2102],"yoast_head":"<!-- This site is optimized with the Yoast SEO plugin v22.2 - https:\/\/yoast.com\/wordpress\/plugins\/seo\/ -->\n<title>Se acerca Viva Aerobus al mill\u00f3n de pasajeros transportados en noviembre - Nitu - Noticias de la Industria Turistica<\/title>\n<meta name=\"robots\" content=\"index, follow, max-snippet:-1, max-image-preview:large, max-video-preview:-1\" \/>\n<link rel=\"canonical\" href=\"https:\/\/nitu.mx\/index.php\/2020\/12\/07\/se-acerca-viva-aerobus-al-millon-de-pasajeros-transportados-en-noviembre\/\" \/>\n<meta name=\"twitter:card\" content=\"summary_large_image\" \/>\n<meta name=\"twitter:title\" content=\"Se acerca Viva Aerobus al mill\u00f3n de pasajeros transportados en noviembre - Nitu - Noticias de la Industria Turistica\" \/>\n<meta name=\"twitter:description\" content=\"La aerol\u00ednea de ultra bajo costo, Viva Aerobus, registro m\u00e1s de 955 mil pasajeros pagos durante noviembre,\u00a0incremento de ocho por ciento en comparaci\u00f3n con octubre pasado,\u00a0luego que reanudaron el 100 por ciento de su capacidad operacional comparada con el mismo mes de 2019. De acuerdo con su reporte operativo, sus ingresos por pasajero-kil\u00f3metro (o\u00a0RPK)\u00a0registraron -5.68 [&hellip;]\" \/>\n<meta name=\"twitter:image\" content=\"https:\/\/nitu.mx\/wp-content\/uploads\/2020\/11\/Viva-aerobus.jpg\" \/>\n<meta name=\"twitter:creator\" content=\"@NITUmx\" \/>\n<meta name=\"twitter:site\" content=\"@Arturo_Medina_G\" \/>\n<meta name=\"twitter:label1\" content=\"Escrito por\" \/>\n\t<meta name=\"twitter:data1\" content=\"Redacci\u00f3n\" \/>\n\t<meta name=\"twitter:label2\" content=\"Tiempo de lectura\" \/>\n\t<meta name=\"twitter:data2\" content=\"1 minuto\" \/>\n<script type=\"application\/ld+json\" class=\"yoast-schema-graph\">{\"@context\":\"https:\/\/schema.org\",\"@graph\":[{\"@type\":\"Article\",\"@id\":\"https:\/\/nitu.mx\/index.php\/2020\/12\/07\/se-acerca-viva-aerobus-al-millon-de-pasajeros-transportados-en-noviembre\/#article\",\"isPartOf\":{\"@id\":\"https:\/\/nitu.mx\/index.php\/2020\/12\/07\/se-acerca-viva-aerobus-al-millon-de-pasajeros-transportados-en-noviembre\/\"},\"author\":{\"name\":\"Redacci\u00f3n\",\"@id\":\"https:\/\/nitu.mx\/#\/schema\/person\/4a28fe9bd65924f7c90623773daf1b0b\"},\"headline\":\"Se acerca Viva Aerobus al mill\u00f3n de pasajeros transportados en noviembre\",\"datePublished\":\"2020-12-08T03:33:17+00:00\",\"dateModified\":\"2020-12-08T05:29:12+00:00\",\"mainEntityOfPage\":{\"@id\":\"https:\/\/nitu.mx\/index.php\/2020\/12\/07\/se-acerca-viva-aerobus-al-millon-de-pasajeros-transportados-en-noviembre\/\"},\"wordCount\":236,\"commentCount\":0,\"publisher\":{\"@id\":\"https:\/\/nitu.mx\/#\/schema\/person\/ae7a53426417292d3dd07b45a33e01bc\"},\"image\":{\"@id\":\"https:\/\/nitu.mx\/index.php\/2020\/12\/07\/se-acerca-viva-aerobus-al-millon-de-pasajeros-transportados-en-noviembre\/#primaryimage\"},\"thumbnailUrl\":\"https:\/\/nitu.mx\/wp-content\/uploads\/2020\/11\/Viva-aerobus.jpg\",\"keywords\":[\"capacidad operativa\",\"Juan Carlos Zuazua\",\"Viva Aerobus\"],\"articleSection\":[\"Aerol\u00edneas\"],\"inLanguage\":\"es-MX\",\"potentialAction\":[{\"@type\":\"CommentAction\",\"name\":\"Comment\",\"target\":[\"https:\/\/nitu.mx\/index.php\/2020\/12\/07\/se-acerca-viva-aerobus-al-millon-de-pasajeros-transportados-en-noviembre\/#respond\"]}]},{\"@type\":\"WebPage\",\"@id\":\"https:\/\/nitu.mx\/index.php\/2020\/12\/07\/se-acerca-viva-aerobus-al-millon-de-pasajeros-transportados-en-noviembre\/\",\"url\":\"https:\/\/nitu.mx\/index.php\/2020\/12\/07\/se-acerca-viva-aerobus-al-millon-de-pasajeros-transportados-en-noviembre\/\",\"name\":\"Se acerca Viva Aerobus al mill\u00f3n de pasajeros transportados en noviembre - Nitu - Noticias de la Industria Turistica\",\"isPartOf\":{\"@id\":\"https:\/\/nitu.mx\/#website\"},\"primaryImageOfPage\":{\"@id\":\"https:\/\/nitu.mx\/index.php\/2020\/12\/07\/se-acerca-viva-aerobus-al-millon-de-pasajeros-transportados-en-noviembre\/#primaryimage\"},\"image\":{\"@id\":\"https:\/\/nitu.mx\/index.php\/2020\/12\/07\/se-acerca-viva-aerobus-al-millon-de-pasajeros-transportados-en-noviembre\/#primaryimage\"},\"thumbnailUrl\":\"https:\/\/nitu.mx\/wp-content\/uploads\/2020\/11\/Viva-aerobus.jpg\",\"datePublished\":\"2020-12-08T03:33:17+00:00\",\"dateModified\":\"2020-12-08T05:29:12+00:00\",\"breadcrumb\":{\"@id\":\"https:\/\/nitu.mx\/index.php\/2020\/12\/07\/se-acerca-viva-aerobus-al-millon-de-pasajeros-transportados-en-noviembre\/#breadcrumb\"},\"inLanguage\":\"es-MX\",\"potentialAction\":[{\"@type\":\"ReadAction\",\"target\":[\"https:\/\/nitu.mx\/index.php\/2020\/12\/07\/se-acerca-viva-aerobus-al-millon-de-pasajeros-transportados-en-noviembre\/\"]}]},{\"@type\":\"ImageObject\",\"inLanguage\":\"es-MX\",\"@id\":\"https:\/\/nitu.mx\/index.php\/2020\/12\/07\/se-acerca-viva-aerobus-al-millon-de-pasajeros-transportados-en-noviembre\/#primaryimage\",\"url\":\"https:\/\/nitu.mx\/wp-content\/uploads\/2020\/11\/Viva-aerobus.jpg\",\"contentUrl\":\"https:\/\/nitu.mx\/wp-content\/uploads\/2020\/11\/Viva-aerobus.jpg\",\"width\":1200,\"height\":675,\"caption\":\"Viva Aerobus\"},{\"@type\":\"BreadcrumbList\",\"@id\":\"https:\/\/nitu.mx\/index.php\/2020\/12\/07\/se-acerca-viva-aerobus-al-millon-de-pasajeros-transportados-en-noviembre\/#breadcrumb\",\"itemListElement\":[{\"@type\":\"ListItem\",\"position\":1,\"name\":\"Inicio\",\"item\":\"https:\/\/nitu.mx\/\"},{\"@type\":\"ListItem\",\"position\":2,\"name\":\"Se acerca Viva Aerobus al mill\u00f3n de pasajeros transportados en noviembre\"}]},{\"@type\":\"WebSite\",\"@id\":\"https:\/\/nitu.mx\/#website\",\"url\":\"https:\/\/nitu.mx\/\",\"name\":\"Nitu - Noticias de la Industria Turistica\",\"description\":\"Noticias de la Industria Turistica\",\"publisher\":{\"@id\":\"https:\/\/nitu.mx\/#\/schema\/person\/ae7a53426417292d3dd07b45a33e01bc\"},\"alternateName\":\"Noticias de la Industria Turistica\",\"potentialAction\":[{\"@type\":\"SearchAction\",\"target\":{\"@type\":\"EntryPoint\",\"urlTemplate\":\"https:\/\/nitu.mx\/?s={search_term_string}\"},\"query-input\":\"required name=search_term_string\"}],\"inLanguage\":\"es-MX\"},{\"@type\":[\"Person\",\"Organization\"],\"@id\":\"https:\/\/nitu.mx\/#\/schema\/person\/ae7a53426417292d3dd07b45a33e01bc\",\"name\":\"Arturo Medina\",\"image\":{\"@type\":\"ImageObject\",\"inLanguage\":\"es-MX\",\"@id\":\"https:\/\/nitu.mx\/#\/schema\/person\/image\/\",\"url\":\"https:\/\/nitu.mx\/wp-content\/uploads\/2024\/04\/4A315622-1904-4D5C-B022-878CDC840E04-90x90-1.jpeg\",\"contentUrl\":\"https:\/\/nitu.mx\/wp-content\/uploads\/2024\/04\/4A315622-1904-4D5C-B022-878CDC840E04-90x90-1.jpeg\",\"width\":90,\"height\":90,\"caption\":\"Arturo Medina\"},\"logo\":{\"@id\":\"https:\/\/nitu.mx\/#\/schema\/person\/image\/\"},\"description\":\"Director NITU.mx, Egresado de la Escuela de Periodismo Carlos Septi\u00e9n Garc\u00eda. Periodista y analista especializado en turismo desde hace 35 a\u00f1os, radicado en Canc\u00fan Q.Roo. arturo@nitu.mx\",\"sameAs\":[\"https:\/\/nitu.mx\",\"https:\/\/www.facebook.com\/NITUmx\/\",\"medinacancun\",\"https:\/\/twitter.com\/@Arturo_Medina_G\"]},{\"@type\":\"Person\",\"@id\":\"https:\/\/nitu.mx\/#\/schema\/person\/4a28fe9bd65924f7c90623773daf1b0b\",\"name\":\"Redacci\u00f3n\",\"image\":{\"@type\":\"ImageObject\",\"inLanguage\":\"es-MX\",\"@id\":\"https:\/\/nitu.mx\/#\/schema\/person\/image\/\",\"url\":\"https:\/\/secure.gravatar.com\/avatar\/5dd011c8ccfc5cd7e4c81e42252aab38?s=96&d=mm&r=g\",\"contentUrl\":\"https:\/\/secure.gravatar.com\/avatar\/5dd011c8ccfc5cd7e4c81e42252aab38?s=96&d=mm&r=g\",\"caption\":\"Redacci\u00f3n\"},\"url\":\"https:\/\/nitu.mx\/index.php\/author\/redaccion\/\"}]}<\/script>\n<!-- \/ Yoast SEO plugin. -->","yoast_head_json":{"title":"Se acerca Viva Aerobus al mill\u00f3n de pasajeros transportados en noviembre - Nitu - Noticias de la Industria Turistica","robots":{"index":"index","follow":"follow","max-snippet":"max-snippet:-1","max-image-preview":"max-image-preview:large","max-video-preview":"max-video-preview:-1"},"canonical":"https:\/\/nitu.mx\/index.php\/2020\/12\/07\/se-acerca-viva-aerobus-al-millon-de-pasajeros-transportados-en-noviembre\/","twitter_card":"summary_large_image","twitter_title":"Se acerca Viva Aerobus al mill\u00f3n de pasajeros transportados en noviembre - Nitu - Noticias de la Industria Turistica","twitter_description":"La aerol\u00ednea de ultra bajo costo, Viva Aerobus, registro m\u00e1s de 955 mil pasajeros pagos durante noviembre,\u00a0incremento de ocho por ciento en comparaci\u00f3n con octubre pasado,\u00a0luego que reanudaron el 100 por ciento de su capacidad operacional comparada con el mismo mes de 2019. De acuerdo con su reporte operativo, sus ingresos por pasajero-kil\u00f3metro (o\u00a0RPK)\u00a0registraron -5.68 [&hellip;]","twitter_image":"https:\/\/nitu.mx\/wp-content\/uploads\/2020\/11\/Viva-aerobus.jpg","twitter_creator":"@NITUmx","twitter_site":"@Arturo_Medina_G","twitter_misc":{"Escrito por":"Redacci\u00f3n","Tiempo de lectura":"1 minuto"},"schema":{"@context":"https:\/\/schema.org","@graph":[{"@type":"Article","@id":"https:\/\/nitu.mx\/index.php\/2020\/12\/07\/se-acerca-viva-aerobus-al-millon-de-pasajeros-transportados-en-noviembre\/#article","isPartOf":{"@id":"https:\/\/nitu.mx\/index.php\/2020\/12\/07\/se-acerca-viva-aerobus-al-millon-de-pasajeros-transportados-en-noviembre\/"},"author":{"name":"Redacci\u00f3n","@id":"https:\/\/nitu.mx\/#\/schema\/person\/4a28fe9bd65924f7c90623773daf1b0b"},"headline":"Se acerca Viva Aerobus al mill\u00f3n de pasajeros transportados en noviembre","datePublished":"2020-12-08T03:33:17+00:00","dateModified":"2020-12-08T05:29:12+00:00","mainEntityOfPage":{"@id":"https:\/\/nitu.mx\/index.php\/2020\/12\/07\/se-acerca-viva-aerobus-al-millon-de-pasajeros-transportados-en-noviembre\/"},"wordCount":236,"commentCount":0,"publisher":{"@id":"https:\/\/nitu.mx\/#\/schema\/person\/ae7a53426417292d3dd07b45a33e01bc"},"image":{"@id":"https:\/\/nitu.mx\/index.php\/2020\/12\/07\/se-acerca-viva-aerobus-al-millon-de-pasajeros-transportados-en-noviembre\/#primaryimage"},"thumbnailUrl":"https:\/\/nitu.mx\/wp-content\/uploads\/2020\/11\/Viva-aerobus.jpg","keywords":["capacidad operativa","Juan Carlos Zuazua","Viva Aerobus"],"articleSection":["Aerol\u00edneas"],"inLanguage":"es-MX","potentialAction":[{"@type":"CommentAction","name":"Comment","target":["https:\/\/nitu.mx\/index.php\/2020\/12\/07\/se-acerca-viva-aerobus-al-millon-de-pasajeros-transportados-en-noviembre\/#respond"]}]},{"@type":"WebPage","@id":"https:\/\/nitu.mx\/index.php\/2020\/12\/07\/se-acerca-viva-aerobus-al-millon-de-pasajeros-transportados-en-noviembre\/","url":"https:\/\/nitu.mx\/index.php\/2020\/12\/07\/se-acerca-viva-aerobus-al-millon-de-pasajeros-transportados-en-noviembre\/","name":"Se acerca Viva Aerobus al mill\u00f3n de pasajeros transportados en noviembre - Nitu - Noticias de la Industria Turistica","isPartOf":{"@id":"https:\/\/nitu.mx\/#website"},"primaryImageOfPage":{"@id":"https:\/\/nitu.mx\/index.php\/2020\/12\/07\/se-acerca-viva-aerobus-al-millon-de-pasajeros-transportados-en-noviembre\/#primaryimage"},"image":{"@id":"https:\/\/nitu.mx\/index.php\/2020\/12\/07\/se-acerca-viva-aerobus-al-millon-de-pasajeros-transportados-en-noviembre\/#primaryimage"},"thumbnailUrl":"https:\/\/nitu.mx\/wp-content\/uploads\/2020\/11\/Viva-aerobus.jpg","datePublished":"2020-12-08T03:33:17+00:00","dateModified":"2020-12-08T05:29:12+00:00","breadcrumb":{"@id":"https:\/\/nitu.mx\/index.php\/2020\/12\/07\/se-acerca-viva-aerobus-al-millon-de-pasajeros-transportados-en-noviembre\/#breadcrumb"},"inLanguage":"es-MX","potentialAction":[{"@type":"ReadAction","target":["https:\/\/nitu.mx\/index.php\/2020\/12\/07\/se-acerca-viva-aerobus-al-millon-de-pasajeros-transportados-en-noviembre\/"]}]},{"@type":"ImageObject","inLanguage":"es-MX","@id":"https:\/\/nitu.mx\/index.php\/2020\/12\/07\/se-acerca-viva-aerobus-al-millon-de-pasajeros-transportados-en-noviembre\/#primaryimage","url":"https:\/\/nitu.mx\/wp-content\/uploads\/2020\/11\/Viva-aerobus.jpg","contentUrl":"https:\/\/nitu.mx\/wp-content\/uploads\/2020\/11\/Viva-aerobus.jpg","width":1200,"height":675,"caption":"Viva Aerobus"},{"@type":"BreadcrumbList","@id":"https:\/\/nitu.mx\/index.php\/2020\/12\/07\/se-acerca-viva-aerobus-al-millon-de-pasajeros-transportados-en-noviembre\/#breadcrumb","itemListElement":[{"@type":"ListItem","position":1,"name":"Inicio","item":"https:\/\/nitu.mx\/"},{"@type":"ListItem","position":2,"name":"Se acerca Viva Aerobus al mill\u00f3n de pasajeros transportados en noviembre"}]},{"@type":"WebSite","@id":"https:\/\/nitu.mx\/#website","url":"https:\/\/nitu.mx\/","name":"Nitu - Noticias de la Industria Turistica","description":"Noticias de la Industria Turistica","publisher":{"@id":"https:\/\/nitu.mx\/#\/schema\/person\/ae7a53426417292d3dd07b45a33e01bc"},"alternateName":"Noticias de la Industria Turistica","potentialAction":[{"@type":"SearchAction","target":{"@type":"EntryPoint","urlTemplate":"https:\/\/nitu.mx\/?s={search_term_string}"},"query-input":"required name=search_term_string"}],"inLanguage":"es-MX"},{"@type":["Person","Organization"],"@id":"https:\/\/nitu.mx\/#\/schema\/person\/ae7a53426417292d3dd07b45a33e01bc","name":"Arturo Medina","image":{"@type":"ImageObject","inLanguage":"es-MX","@id":"https:\/\/nitu.mx\/#\/schema\/person\/image\/","url":"https:\/\/nitu.mx\/wp-content\/uploads\/2024\/04\/4A315622-1904-4D5C-B022-878CDC840E04-90x90-1.jpeg","contentUrl":"https:\/\/nitu.mx\/wp-content\/uploads\/2024\/04\/4A315622-1904-4D5C-B022-878CDC840E04-90x90-1.jpeg","width":90,"height":90,"caption":"Arturo Medina"},"logo":{"@id":"https:\/\/nitu.mx\/#\/schema\/person\/image\/"},"description":"Director NITU.mx, Egresado de la Escuela de Periodismo Carlos Septi\u00e9n Garc\u00eda. Periodista y analista especializado en turismo desde hace 35 a\u00f1os, radicado en Canc\u00fan Q.Roo. arturo@nitu.mx","sameAs":["https:\/\/nitu.mx","https:\/\/www.facebook.com\/NITUmx\/","medinacancun","https:\/\/twitter.com\/@Arturo_Medina_G"]},{"@type":"Person","@id":"https:\/\/nitu.mx\/#\/schema\/person\/4a28fe9bd65924f7c90623773daf1b0b","name":"Redacci\u00f3n","image":{"@type":"ImageObject","inLanguage":"es-MX","@id":"https:\/\/nitu.mx\/#\/schema\/person\/image\/","url":"https:\/\/secure.gravatar.com\/avatar\/5dd011c8ccfc5cd7e4c81e42252aab38?s=96&d=mm&r=g","contentUrl":"https:\/\/secure.gravatar.com\/avatar\/5dd011c8ccfc5cd7e4c81e42252aab38?s=96&d=mm&r=g","caption":"Redacci\u00f3n"},"url":"https:\/\/nitu.mx\/index.php\/author\/redaccion\/"}]}},"views":219,"_links":{"self":[{"href":"https:\/\/nitu.mx\/index.php\/wp-json\/wp\/v2\/posts\/48749"}],"collection":[{"href":"https:\/\/nitu.mx\/index.php\/wp-json\/wp\/v2\/posts"}],"about":[{"href":"https:\/\/nitu.mx\/index.php\/wp-json\/wp\/v2\/types\/post"}],"author":[{"embeddable":true,"href":"https:\/\/nitu.mx\/index.php\/wp-json\/wp\/v2\/users\/17"}],"replies":[{"embeddable":true,"href":"https:\/\/nitu.mx\/index.php\/wp-json\/wp\/v2\/comments?post=48749"}],"version-history":[{"count":3,"href":"https:\/\/nitu.mx\/index.php\/wp-json\/wp\/v2\/posts\/48749\/revisions"}],"predecessor-version":[{"id":48752,"href":"https:\/\/nitu.mx\/index.php\/wp-json\/wp\/v2\/posts\/48749\/revisions\/48752"}],"wp:featuredmedia":[{"embeddable":true,"href":"https:\/\/nitu.mx\/index.php\/wp-json\/wp\/v2\/media\/47779"}],"wp:attachment":[{"href":"https:\/\/nitu.mx\/index.php\/wp-json\/wp\/v2\/media?parent=48749"}],"wp:term":[{"taxonomy":"category","embeddable":true,"href":"https:\/\/nitu.mx\/index.php\/wp-json\/wp\/v2\/categories?post=48749"},{"taxonomy":"post_tag","embeddable":true,"href":"https:\/\/nitu.mx\/index.php\/wp-json\/wp\/v2\/tags?post=48749"}],"curies":[{"name":"wp","href":"https:\/\/api.w.org\/{rel}","templated":true}]}}