{"id":48747,"date":"2020-12-07T23:40:41","date_gmt":"2020-12-08T04:40:41","guid":{"rendered":"https:\/\/www.dev.nitu.mx\/?p=48747"},"modified":"2020-12-08T00:28:50","modified_gmt":"2020-12-08T05:28:50","slug":"consideran-aumentar-aforo-de-hoteles-y-atracciones-a-80-aun-en-amarillo","status":"publish","type":"post","link":"https:\/\/nitu.mx\/index.php\/2020\/12\/07\/consideran-aumentar-aforo-de-hoteles-y-atracciones-a-80-aun-en-amarillo\/","title":{"rendered":"Consideran aumentar aforo de hoteles y atracciones a 80% aun en amarillo"},"content":{"rendered":"<p>Ante la inminente temporada alta de diciembre, en la que algunos hoteles han reportado la urgencia de que el sem\u00e1foro epidemiol\u00f3gico migre a verde por los niveles de reservaciones que rebasan en muchos casos 60 por ciento, que actualmente se tiene permitido con el sem\u00e1foro en amarillo, el gobierno de Quintana Roo contempla la posibilidad de establecer un protocolo superior mediante el cual los hoteles y atracciones tur\u00edsticas puedan acceder a mayor ocupaci\u00f3n a pesar de permanecer el sem\u00e1foro en amarillo.<\/p>\n<p>El subsecretario de Salud federal Hugo Lopez Gattel dio esperanzas a los turisteros del Caribe Mexicano, ya que hace un par de semanas mencion\u00f3 en una ma\u00f1anera, que Quintana Roo era de los que estaba haciendo las cosas bien, y que probablemente fuera de los que pr\u00f3ximamente avanzara a sem\u00e1foro verde, situaci\u00f3n que no se ha dado.\u00a0<a title=\"Se acerca Quintana Roo a sem\u00e1foro verde por COVID-19: L\u00f3pez-Gatell\" href=\"https:\/\/www.dev.nitu.mx\/index.php\/2020\/11\/25\/se-acerca-quintana-roo-a-semaforo-verde-por-cov-id-19-lopez-gatell\/\" rel=\"bookmark\">(Se acerca Quintana Roo a sem\u00e1foro verde por COVID-19: L\u00f3pez-Gatell<\/a>).<\/p>\n<p>Por el contrario, el gobernador Carlos Joaqu\u00edn Gonz\u00e1lez ha dejado claro que hemos dado un paso atr\u00e1s rumbo al verde y nos acercamos m\u00e1s al naranja, por lo que ha invitado a todo la ciudadan\u00eda a no aflojar en sus medidas de prevenci\u00f3n y precauci\u00f3n.<\/p>\n<p>El protocolo superior que dar\u00eda la posibilidad de al menos 80 por ciento de ocupaci\u00f3n, se tendr\u00eda que acreditar ante las secretarias de Salud y de Turismo, e incluye incluso el practicar pruebas r\u00e1pidas, PCR o de ant\u00edgeno para elevar la efectividad de la protecci\u00f3n a hu\u00e9spedes y trabajadores.<\/p>\n","protected":false},"excerpt":{"rendered":"<p>Ante la inminente temporada alta de diciembre, en la que algunos hoteles han reportado la urgencia de que el sem\u00e1foro epidemiol\u00f3gico migre a verde por los niveles de reservaciones que rebasan en muchos casos 60 por ciento, que actualmente se tiene permitido con el sem\u00e1foro en amarillo, el gobierno de Quintana Roo contempla la posibilidad [&hellip;]<\/p>\n","protected":false},"author":2,"featured_media":47876,"comment_status":"open","ping_status":"open","sticky":false,"template":"","format":"standard","meta":{"footnotes":""},"categories":[18475],"tags":[83,261,3591,18970,7398],"yoast_head":"<!-- This site is optimized with the Yoast SEO plugin v22.2 - https:\/\/yoast.com\/wordpress\/plugins\/seo\/ -->\n<title>Consideran aumentar aforo de hoteles y atracciones a 80% aun en amarillo - Nitu - Noticias de la Industria Turistica<\/title>\n<meta name=\"robots\" content=\"index, follow, max-snippet:-1, max-image-preview:large, max-video-preview:-1\" \/>\n<link rel=\"canonical\" href=\"https:\/\/nitu.mx\/index.php\/2020\/12\/07\/consideran-aumentar-aforo-de-hoteles-y-atracciones-a-80-aun-en-amarillo\/\" \/>\n<meta name=\"twitter:card\" content=\"summary_large_image\" \/>\n<meta name=\"twitter:title\" content=\"Consideran aumentar aforo de hoteles y atracciones a 80% aun en amarillo - Nitu - Noticias de la Industria Turistica\" \/>\n<meta name=\"twitter:description\" content=\"Ante la inminente temporada alta de diciembre, en la que algunos hoteles han reportado la urgencia de que el sem\u00e1foro epidemiol\u00f3gico migre a verde por los niveles de reservaciones que rebasan en muchos casos 60 por ciento, que actualmente se tiene permitido con el sem\u00e1foro en amarillo, el gobierno de Quintana Roo contempla la posibilidad [&hellip;]\" \/>\n<meta name=\"twitter:image\" content=\"https:\/\/nitu.mx\/wp-content\/uploads\/2020\/11\/Caribe-mexicano-elecciones-EU.jpg\" \/>\n<meta name=\"twitter:creator\" content=\"@Arturo_Medina_G\" \/>\n<meta name=\"twitter:site\" content=\"@Arturo_Medina_G\" \/>\n<meta name=\"twitter:label1\" content=\"Escrito por\" \/>\n\t<meta name=\"twitter:data1\" content=\"Arturo Medina\" \/>\n\t<meta name=\"twitter:label2\" content=\"Tiempo de lectura\" \/>\n\t<meta name=\"twitter:data2\" content=\"1 minuto\" \/>\n<script type=\"application\/ld+json\" class=\"yoast-schema-graph\">{\"@context\":\"https:\/\/schema.org\",\"@graph\":[{\"@type\":\"Article\",\"@id\":\"https:\/\/nitu.mx\/index.php\/2020\/12\/07\/consideran-aumentar-aforo-de-hoteles-y-atracciones-a-80-aun-en-amarillo\/#article\",\"isPartOf\":{\"@id\":\"https:\/\/nitu.mx\/index.php\/2020\/12\/07\/consideran-aumentar-aforo-de-hoteles-y-atracciones-a-80-aun-en-amarillo\/\"},\"author\":{\"name\":\"Arturo Medina\",\"@id\":\"https:\/\/nitu.mx\/#\/schema\/person\/ae7a53426417292d3dd07b45a33e01bc\"},\"headline\":\"Consideran aumentar aforo de hoteles y atracciones a 80% aun en amarillo\",\"datePublished\":\"2020-12-08T04:40:41+00:00\",\"dateModified\":\"2020-12-08T05:28:50+00:00\",\"mainEntityOfPage\":{\"@id\":\"https:\/\/nitu.mx\/index.php\/2020\/12\/07\/consideran-aumentar-aforo-de-hoteles-y-atracciones-a-80-aun-en-amarillo\/\"},\"wordCount\":277,\"commentCount\":0,\"publisher\":{\"@id\":\"https:\/\/nitu.mx\/#\/schema\/person\/ae7a53426417292d3dd07b45a33e01bc\"},\"image\":{\"@id\":\"https:\/\/nitu.mx\/index.php\/2020\/12\/07\/consideran-aumentar-aforo-de-hoteles-y-atracciones-a-80-aun-en-amarillo\/#primaryimage\"},\"thumbnailUrl\":\"https:\/\/nitu.mx\/wp-content\/uploads\/2020\/11\/Caribe-mexicano-elecciones-EU.jpg\",\"keywords\":[\"Caribe mexicano\",\"Carlos Joaqu\u00edn Gonz\u00e1lez\",\"Hoteles\",\"Hugo L\u00f3pez Gatell\",\"ocupaci\u00f3n hotelera\"],\"articleSection\":[\"Caribe Mexicano\"],\"inLanguage\":\"es-MX\",\"potentialAction\":[{\"@type\":\"CommentAction\",\"name\":\"Comment\",\"target\":[\"https:\/\/nitu.mx\/index.php\/2020\/12\/07\/consideran-aumentar-aforo-de-hoteles-y-atracciones-a-80-aun-en-amarillo\/#respond\"]}]},{\"@type\":\"WebPage\",\"@id\":\"https:\/\/nitu.mx\/index.php\/2020\/12\/07\/consideran-aumentar-aforo-de-hoteles-y-atracciones-a-80-aun-en-amarillo\/\",\"url\":\"https:\/\/nitu.mx\/index.php\/2020\/12\/07\/consideran-aumentar-aforo-de-hoteles-y-atracciones-a-80-aun-en-amarillo\/\",\"name\":\"Consideran aumentar aforo de hoteles y atracciones a 80% aun en amarillo - Nitu - Noticias de la Industria Turistica\",\"isPartOf\":{\"@id\":\"https:\/\/nitu.mx\/#website\"},\"primaryImageOfPage\":{\"@id\":\"https:\/\/nitu.mx\/index.php\/2020\/12\/07\/consideran-aumentar-aforo-de-hoteles-y-atracciones-a-80-aun-en-amarillo\/#primaryimage\"},\"image\":{\"@id\":\"https:\/\/nitu.mx\/index.php\/2020\/12\/07\/consideran-aumentar-aforo-de-hoteles-y-atracciones-a-80-aun-en-amarillo\/#primaryimage\"},\"thumbnailUrl\":\"https:\/\/nitu.mx\/wp-content\/uploads\/2020\/11\/Caribe-mexicano-elecciones-EU.jpg\",\"datePublished\":\"2020-12-08T04:40:41+00:00\",\"dateModified\":\"2020-12-08T05:28:50+00:00\",\"breadcrumb\":{\"@id\":\"https:\/\/nitu.mx\/index.php\/2020\/12\/07\/consideran-aumentar-aforo-de-hoteles-y-atracciones-a-80-aun-en-amarillo\/#breadcrumb\"},\"inLanguage\":\"es-MX\",\"potentialAction\":[{\"@type\":\"ReadAction\",\"target\":[\"https:\/\/nitu.mx\/index.php\/2020\/12\/07\/consideran-aumentar-aforo-de-hoteles-y-atracciones-a-80-aun-en-amarillo\/\"]}]},{\"@type\":\"ImageObject\",\"inLanguage\":\"es-MX\",\"@id\":\"https:\/\/nitu.mx\/index.php\/2020\/12\/07\/consideran-aumentar-aforo-de-hoteles-y-atracciones-a-80-aun-en-amarillo\/#primaryimage\",\"url\":\"https:\/\/nitu.mx\/wp-content\/uploads\/2020\/11\/Caribe-mexicano-elecciones-EU.jpg\",\"contentUrl\":\"https:\/\/nitu.mx\/wp-content\/uploads\/2020\/11\/Caribe-mexicano-elecciones-EU.jpg\",\"width\":1200,\"height\":675,\"caption\":\"Caribe Mexicano Canc\u00fan\"},{\"@type\":\"BreadcrumbList\",\"@id\":\"https:\/\/nitu.mx\/index.php\/2020\/12\/07\/consideran-aumentar-aforo-de-hoteles-y-atracciones-a-80-aun-en-amarillo\/#breadcrumb\",\"itemListElement\":[{\"@type\":\"ListItem\",\"position\":1,\"name\":\"Inicio\",\"item\":\"https:\/\/nitu.mx\/\"},{\"@type\":\"ListItem\",\"position\":2,\"name\":\"Consideran aumentar aforo de hoteles y atracciones a 80% aun en amarillo\"}]},{\"@type\":\"WebSite\",\"@id\":\"https:\/\/nitu.mx\/#website\",\"url\":\"https:\/\/nitu.mx\/\",\"name\":\"Nitu - Noticias de la Industria Turistica\",\"description\":\"Noticias de la Industria Turistica\",\"publisher\":{\"@id\":\"https:\/\/nitu.mx\/#\/schema\/person\/ae7a53426417292d3dd07b45a33e01bc\"},\"alternateName\":\"Noticias de la Industria Turistica\",\"potentialAction\":[{\"@type\":\"SearchAction\",\"target\":{\"@type\":\"EntryPoint\",\"urlTemplate\":\"https:\/\/nitu.mx\/?s={search_term_string}\"},\"query-input\":\"required name=search_term_string\"}],\"inLanguage\":\"es-MX\"},{\"@type\":[\"Person\",\"Organization\"],\"@id\":\"https:\/\/nitu.mx\/#\/schema\/person\/ae7a53426417292d3dd07b45a33e01bc\",\"name\":\"Arturo Medina\",\"image\":{\"@type\":\"ImageObject\",\"inLanguage\":\"es-MX\",\"@id\":\"https:\/\/nitu.mx\/#\/schema\/person\/image\/\",\"url\":\"https:\/\/nitu.mx\/wp-content\/uploads\/2024\/04\/4A315622-1904-4D5C-B022-878CDC840E04-90x90-1.jpeg\",\"contentUrl\":\"https:\/\/nitu.mx\/wp-content\/uploads\/2024\/04\/4A315622-1904-4D5C-B022-878CDC840E04-90x90-1.jpeg\",\"width\":90,\"height\":90,\"caption\":\"Arturo Medina\"},\"logo\":{\"@id\":\"https:\/\/nitu.mx\/#\/schema\/person\/image\/\"},\"description\":\"Director NITU.mx, Egresado de la Escuela de Periodismo Carlos Septi\u00e9n Garc\u00eda. Periodista y analista especializado en turismo desde hace 35 a\u00f1os, radicado en Canc\u00fan Q.Roo. arturo@nitu.mx\",\"sameAs\":[\"https:\/\/nitu.mx\",\"https:\/\/www.facebook.com\/NITUmx\/\",\"medinacancun\",\"https:\/\/twitter.com\/@Arturo_Medina_G\"],\"url\":\"https:\/\/nitu.mx\/index.php\/author\/arturo-medina\/\"}]}<\/script>\n<!-- \/ Yoast SEO plugin. -->","yoast_head_json":{"title":"Consideran aumentar aforo de hoteles y atracciones a 80% aun en amarillo - Nitu - Noticias de la Industria Turistica","robots":{"index":"index","follow":"follow","max-snippet":"max-snippet:-1","max-image-preview":"max-image-preview:large","max-video-preview":"max-video-preview:-1"},"canonical":"https:\/\/nitu.mx\/index.php\/2020\/12\/07\/consideran-aumentar-aforo-de-hoteles-y-atracciones-a-80-aun-en-amarillo\/","twitter_card":"summary_large_image","twitter_title":"Consideran aumentar aforo de hoteles y atracciones a 80% aun en amarillo - Nitu - Noticias de la Industria Turistica","twitter_description":"Ante la inminente temporada alta de diciembre, en la que algunos hoteles han reportado la urgencia de que el sem\u00e1foro epidemiol\u00f3gico migre a verde por los niveles de reservaciones que rebasan en muchos casos 60 por ciento, que actualmente se tiene permitido con el sem\u00e1foro en amarillo, el gobierno de Quintana Roo contempla la posibilidad [&hellip;]","twitter_image":"https:\/\/nitu.mx\/wp-content\/uploads\/2020\/11\/Caribe-mexicano-elecciones-EU.jpg","twitter_creator":"@Arturo_Medina_G","twitter_site":"@Arturo_Medina_G","twitter_misc":{"Escrito por":"Arturo Medina","Tiempo de lectura":"1 minuto"},"schema":{"@context":"https:\/\/schema.org","@graph":[{"@type":"Article","@id":"https:\/\/nitu.mx\/index.php\/2020\/12\/07\/consideran-aumentar-aforo-de-hoteles-y-atracciones-a-80-aun-en-amarillo\/#article","isPartOf":{"@id":"https:\/\/nitu.mx\/index.php\/2020\/12\/07\/consideran-aumentar-aforo-de-hoteles-y-atracciones-a-80-aun-en-amarillo\/"},"author":{"name":"Arturo Medina","@id":"https:\/\/nitu.mx\/#\/schema\/person\/ae7a53426417292d3dd07b45a33e01bc"},"headline":"Consideran aumentar aforo de hoteles y atracciones a 80% aun en amarillo","datePublished":"2020-12-08T04:40:41+00:00","dateModified":"2020-12-08T05:28:50+00:00","mainEntityOfPage":{"@id":"https:\/\/nitu.mx\/index.php\/2020\/12\/07\/consideran-aumentar-aforo-de-hoteles-y-atracciones-a-80-aun-en-amarillo\/"},"wordCount":277,"commentCount":0,"publisher":{"@id":"https:\/\/nitu.mx\/#\/schema\/person\/ae7a53426417292d3dd07b45a33e01bc"},"image":{"@id":"https:\/\/nitu.mx\/index.php\/2020\/12\/07\/consideran-aumentar-aforo-de-hoteles-y-atracciones-a-80-aun-en-amarillo\/#primaryimage"},"thumbnailUrl":"https:\/\/nitu.mx\/wp-content\/uploads\/2020\/11\/Caribe-mexicano-elecciones-EU.jpg","keywords":["Caribe mexicano","Carlos Joaqu\u00edn Gonz\u00e1lez","Hoteles","Hugo L\u00f3pez Gatell","ocupaci\u00f3n hotelera"],"articleSection":["Caribe Mexicano"],"inLanguage":"es-MX","potentialAction":[{"@type":"CommentAction","name":"Comment","target":["https:\/\/nitu.mx\/index.php\/2020\/12\/07\/consideran-aumentar-aforo-de-hoteles-y-atracciones-a-80-aun-en-amarillo\/#respond"]}]},{"@type":"WebPage","@id":"https:\/\/nitu.mx\/index.php\/2020\/12\/07\/consideran-aumentar-aforo-de-hoteles-y-atracciones-a-80-aun-en-amarillo\/","url":"https:\/\/nitu.mx\/index.php\/2020\/12\/07\/consideran-aumentar-aforo-de-hoteles-y-atracciones-a-80-aun-en-amarillo\/","name":"Consideran aumentar aforo de hoteles y atracciones a 80% aun en amarillo - Nitu - Noticias de la Industria Turistica","isPartOf":{"@id":"https:\/\/nitu.mx\/#website"},"primaryImageOfPage":{"@id":"https:\/\/nitu.mx\/index.php\/2020\/12\/07\/consideran-aumentar-aforo-de-hoteles-y-atracciones-a-80-aun-en-amarillo\/#primaryimage"},"image":{"@id":"https:\/\/nitu.mx\/index.php\/2020\/12\/07\/consideran-aumentar-aforo-de-hoteles-y-atracciones-a-80-aun-en-amarillo\/#primaryimage"},"thumbnailUrl":"https:\/\/nitu.mx\/wp-content\/uploads\/2020\/11\/Caribe-mexicano-elecciones-EU.jpg","datePublished":"2020-12-08T04:40:41+00:00","dateModified":"2020-12-08T05:28:50+00:00","breadcrumb":{"@id":"https:\/\/nitu.mx\/index.php\/2020\/12\/07\/consideran-aumentar-aforo-de-hoteles-y-atracciones-a-80-aun-en-amarillo\/#breadcrumb"},"inLanguage":"es-MX","potentialAction":[{"@type":"ReadAction","target":["https:\/\/nitu.mx\/index.php\/2020\/12\/07\/consideran-aumentar-aforo-de-hoteles-y-atracciones-a-80-aun-en-amarillo\/"]}]},{"@type":"ImageObject","inLanguage":"es-MX","@id":"https:\/\/nitu.mx\/index.php\/2020\/12\/07\/consideran-aumentar-aforo-de-hoteles-y-atracciones-a-80-aun-en-amarillo\/#primaryimage","url":"https:\/\/nitu.mx\/wp-content\/uploads\/2020\/11\/Caribe-mexicano-elecciones-EU.jpg","contentUrl":"https:\/\/nitu.mx\/wp-content\/uploads\/2020\/11\/Caribe-mexicano-elecciones-EU.jpg","width":1200,"height":675,"caption":"Caribe Mexicano Canc\u00fan"},{"@type":"BreadcrumbList","@id":"https:\/\/nitu.mx\/index.php\/2020\/12\/07\/consideran-aumentar-aforo-de-hoteles-y-atracciones-a-80-aun-en-amarillo\/#breadcrumb","itemListElement":[{"@type":"ListItem","position":1,"name":"Inicio","item":"https:\/\/nitu.mx\/"},{"@type":"ListItem","position":2,"name":"Consideran aumentar aforo de hoteles y atracciones a 80% aun en amarillo"}]},{"@type":"WebSite","@id":"https:\/\/nitu.mx\/#website","url":"https:\/\/nitu.mx\/","name":"Nitu - Noticias de la Industria Turistica","description":"Noticias de la Industria Turistica","publisher":{"@id":"https:\/\/nitu.mx\/#\/schema\/person\/ae7a53426417292d3dd07b45a33e01bc"},"alternateName":"Noticias de la Industria Turistica","potentialAction":[{"@type":"SearchAction","target":{"@type":"EntryPoint","urlTemplate":"https:\/\/nitu.mx\/?s={search_term_string}"},"query-input":"required name=search_term_string"}],"inLanguage":"es-MX"},{"@type":["Person","Organization"],"@id":"https:\/\/nitu.mx\/#\/schema\/person\/ae7a53426417292d3dd07b45a33e01bc","name":"Arturo Medina","image":{"@type":"ImageObject","inLanguage":"es-MX","@id":"https:\/\/nitu.mx\/#\/schema\/person\/image\/","url":"https:\/\/nitu.mx\/wp-content\/uploads\/2024\/04\/4A315622-1904-4D5C-B022-878CDC840E04-90x90-1.jpeg","contentUrl":"https:\/\/nitu.mx\/wp-content\/uploads\/2024\/04\/4A315622-1904-4D5C-B022-878CDC840E04-90x90-1.jpeg","width":90,"height":90,"caption":"Arturo Medina"},"logo":{"@id":"https:\/\/nitu.mx\/#\/schema\/person\/image\/"},"description":"Director NITU.mx, Egresado de la Escuela de Periodismo Carlos Septi\u00e9n Garc\u00eda. Periodista y analista especializado en turismo desde hace 35 a\u00f1os, radicado en Canc\u00fan Q.Roo. arturo@nitu.mx","sameAs":["https:\/\/nitu.mx","https:\/\/www.facebook.com\/NITUmx\/","medinacancun","https:\/\/twitter.com\/@Arturo_Medina_G"],"url":"https:\/\/nitu.mx\/index.php\/author\/arturo-medina\/"}]}},"views":290,"_links":{"self":[{"href":"https:\/\/nitu.mx\/index.php\/wp-json\/wp\/v2\/posts\/48747"}],"collection":[{"href":"https:\/\/nitu.mx\/index.php\/wp-json\/wp\/v2\/posts"}],"about":[{"href":"https:\/\/nitu.mx\/index.php\/wp-json\/wp\/v2\/types\/post"}],"author":[{"embeddable":true,"href":"https:\/\/nitu.mx\/index.php\/wp-json\/wp\/v2\/users\/2"}],"replies":[{"embeddable":true,"href":"https:\/\/nitu.mx\/index.php\/wp-json\/wp\/v2\/comments?post=48747"}],"version-history":[{"count":3,"href":"https:\/\/nitu.mx\/index.php\/wp-json\/wp\/v2\/posts\/48747\/revisions"}],"predecessor-version":[{"id":48761,"href":"https:\/\/nitu.mx\/index.php\/wp-json\/wp\/v2\/posts\/48747\/revisions\/48761"}],"wp:featuredmedia":[{"embeddable":true,"href":"https:\/\/nitu.mx\/index.php\/wp-json\/wp\/v2\/media\/47876"}],"wp:attachment":[{"href":"https:\/\/nitu.mx\/index.php\/wp-json\/wp\/v2\/media?parent=48747"}],"wp:term":[{"taxonomy":"category","embeddable":true,"href":"https:\/\/nitu.mx\/index.php\/wp-json\/wp\/v2\/categories?post=48747"},{"taxonomy":"post_tag","embeddable":true,"href":"https:\/\/nitu.mx\/index.php\/wp-json\/wp\/v2\/tags?post=48747"}],"curies":[{"name":"wp","href":"https:\/\/api.w.org\/{rel}","templated":true}]}}