{"id":48723,"date":"2020-12-07T01:15:44","date_gmt":"2020-12-07T06:15:44","guid":{"rendered":"https:\/\/www.dev.nitu.mx\/?p=48723"},"modified":"2020-12-07T01:17:06","modified_gmt":"2020-12-07T06:17:06","slug":"pricetravel-holding-y-rappi-travel-firman-acuerdo-comercial","status":"publish","type":"post","link":"https:\/\/nitu.mx\/index.php\/2020\/12\/07\/pricetravel-holding-y-rappi-travel-firman-acuerdo-comercial\/","title":{"rendered":"PriceTravel Holding y Rappi Travel firman acuerdo comercial"},"content":{"rendered":"<p>PriceTravel Holding firma un acuerdo comercial con Rappi, aplicaci\u00f3n latinoamericana que cuenta dentro de su oferta con una opci\u00f3n de viajes y a trav\u00e9s de la cual se estar\u00e1n distribuyendo los productos del vasto portafolio del grupo tur\u00edstico.<br \/>\nPriceTravel Connect, unidad de negocios de PriceTravel Holding, puso a disposici\u00f3n de Rappi Travel, su inventario de hoteles con contrataci\u00f3n directa en M\u00e9xico, Latinoam\u00e9rica y el Caribe, con tarifas y promociones exclusivas.<\/p>\n<p>\u201cEstamos muy contentos ser hoy en d\u00eda uno de los mejores canales de distribuci\u00f3n de producto diferenciado y poder ofrecerlo a compa\u00f1\u00edas que buscan brindar siempre lo mejor a sus clientes, como es el caso de Rappi Travel\u201d, afirma Juan Socas, director de Alianzas Comerciales de PriceTravel Holding.<\/p>\n<p>Por su parte, Guido Becher, HeadGlobal de Rappi Travel, comenta: \u201cEl principal objetivo de nuestra s\u00faper App es brindar soluciones a las necesidades de los usuarios y en el caso particular de los viajes, esta alianza con PriceTravel Connect nos permite adem\u00e1s ofrecer precios muy competitivos y las excelentes ofertas de hotel\u201d.<\/p>\n<p>Rappi es una aplicaci\u00f3n que se encuentra disponible en 9 mercados de Am\u00e9rica Latina (Argentina, Brasil, Chile, Colombia, Costa Rica, Ecuador, M\u00e9xico, Per\u00fa y Uruguay). La mayor\u00eda de estos destinos ya cuentan con la opci\u00f3n de Rappi Travel activa y en algunos casos, estar\u00e1 disponible en las pr\u00f3ximas semanas.<\/p>\n<p>Este tipo de acuerdos, posiciona a PriceTravel Holding como uno de los l\u00edderes a nivel regional, logrando estimular la actividad tur\u00edstica y acelerar la recuperaci\u00f3n de este sector. (<a title=\"PriceTravel contribuye a la recuperaci\u00f3n del turismo al participar con ofertas\" href=\"https:\/\/www.dev.nitu.mx\/index.php\/2020\/11\/30\/pricetravel-contribuye-a-la-recuperacion-del-turismo-al-participar-con-ofertas\/\" rel=\"bookmark\">PriceTravel contribuye a la recuperaci\u00f3n del turismo al participar con ofertas<\/a>).<\/p>\n","protected":false},"excerpt":{"rendered":"<p>PriceTravel Holding firma un acuerdo comercial con Rappi, aplicaci\u00f3n latinoamericana que cuenta dentro de su oferta con una opci\u00f3n de viajes y a trav\u00e9s de la cual se estar\u00e1n distribuyendo los productos del vasto portafolio del grupo tur\u00edstico. PriceTravel Connect, unidad de negocios de PriceTravel Holding, puso a disposici\u00f3n de Rappi Travel, su inventario de [&hellip;]<\/p>\n","protected":false},"author":3,"featured_media":48733,"comment_status":"open","ping_status":"open","sticky":false,"template":"","format":"standard","meta":{"footnotes":""},"categories":[3,18475],"tags":[21275,2842,2840,20929],"yoast_head":"<!-- This site is optimized with the Yoast SEO plugin v22.2 - https:\/\/yoast.com\/wordpress\/plugins\/seo\/ -->\n<title>PriceTravel Holding y Rappi Travel firman acuerdo comercial - Nitu - Noticias de la Industria Turistica<\/title>\n<meta name=\"robots\" content=\"index, follow, max-snippet:-1, max-image-preview:large, max-video-preview:-1\" \/>\n<link rel=\"canonical\" href=\"https:\/\/nitu.mx\/index.php\/2020\/12\/07\/pricetravel-holding-y-rappi-travel-firman-acuerdo-comercial\/\" \/>\n<meta name=\"twitter:card\" content=\"summary_large_image\" \/>\n<meta name=\"twitter:title\" content=\"PriceTravel Holding y Rappi Travel firman acuerdo comercial - Nitu - Noticias de la Industria Turistica\" \/>\n<meta name=\"twitter:description\" content=\"PriceTravel Holding firma un acuerdo comercial con Rappi, aplicaci\u00f3n latinoamericana que cuenta dentro de su oferta con una opci\u00f3n de viajes y a trav\u00e9s de la cual se estar\u00e1n distribuyendo los productos del vasto portafolio del grupo tur\u00edstico. PriceTravel Connect, unidad de negocios de PriceTravel Holding, puso a disposici\u00f3n de Rappi Travel, su inventario de [&hellip;]\" \/>\n<meta name=\"twitter:image\" content=\"https:\/\/nitu.mx\/wp-content\/uploads\/2020\/12\/PriceTravel-Rappi.jpg\" \/>\n<meta name=\"twitter:creator\" content=\"@NITUmx\" \/>\n<meta name=\"twitter:site\" content=\"@Arturo_Medina_G\" \/>\n<meta name=\"twitter:label1\" content=\"Escrito por\" \/>\n\t<meta name=\"twitter:data1\" content=\"Alejandra Moncisbays\" \/>\n\t<meta name=\"twitter:label2\" content=\"Tiempo de lectura\" \/>\n\t<meta name=\"twitter:data2\" content=\"1 minuto\" \/>\n<script type=\"application\/ld+json\" class=\"yoast-schema-graph\">{\"@context\":\"https:\/\/schema.org\",\"@graph\":[{\"@type\":\"Article\",\"@id\":\"https:\/\/nitu.mx\/index.php\/2020\/12\/07\/pricetravel-holding-y-rappi-travel-firman-acuerdo-comercial\/#article\",\"isPartOf\":{\"@id\":\"https:\/\/nitu.mx\/index.php\/2020\/12\/07\/pricetravel-holding-y-rappi-travel-firman-acuerdo-comercial\/\"},\"author\":{\"name\":\"Alejandra Moncisbays\",\"@id\":\"https:\/\/nitu.mx\/#\/schema\/person\/2ecd887b19dfd3382d1f14fc5acf24a8\"},\"headline\":\"PriceTravel Holding y Rappi Travel firman acuerdo comercial\",\"datePublished\":\"2020-12-07T06:15:44+00:00\",\"dateModified\":\"2020-12-07T06:17:06+00:00\",\"mainEntityOfPage\":{\"@id\":\"https:\/\/nitu.mx\/index.php\/2020\/12\/07\/pricetravel-holding-y-rappi-travel-firman-acuerdo-comercial\/\"},\"wordCount\":289,\"commentCount\":0,\"publisher\":{\"@id\":\"https:\/\/nitu.mx\/#\/schema\/person\/ae7a53426417292d3dd07b45a33e01bc\"},\"image\":{\"@id\":\"https:\/\/nitu.mx\/index.php\/2020\/12\/07\/pricetravel-holding-y-rappi-travel-firman-acuerdo-comercial\/#primaryimage\"},\"thumbnailUrl\":\"https:\/\/nitu.mx\/wp-content\/uploads\/2020\/12\/PriceTravel-Rappi.jpg\",\"keywords\":[\"Guido Becher\",\"Juan Socas\",\"PriceTravel Holding\",\"Rappi Travel\"],\"articleSection\":[\"Agencias de Viajes\",\"Caribe Mexicano\"],\"inLanguage\":\"es-MX\",\"potentialAction\":[{\"@type\":\"CommentAction\",\"name\":\"Comment\",\"target\":[\"https:\/\/nitu.mx\/index.php\/2020\/12\/07\/pricetravel-holding-y-rappi-travel-firman-acuerdo-comercial\/#respond\"]}]},{\"@type\":\"WebPage\",\"@id\":\"https:\/\/nitu.mx\/index.php\/2020\/12\/07\/pricetravel-holding-y-rappi-travel-firman-acuerdo-comercial\/\",\"url\":\"https:\/\/nitu.mx\/index.php\/2020\/12\/07\/pricetravel-holding-y-rappi-travel-firman-acuerdo-comercial\/\",\"name\":\"PriceTravel Holding y Rappi Travel firman acuerdo comercial - Nitu - Noticias de la Industria Turistica\",\"isPartOf\":{\"@id\":\"https:\/\/nitu.mx\/#website\"},\"primaryImageOfPage\":{\"@id\":\"https:\/\/nitu.mx\/index.php\/2020\/12\/07\/pricetravel-holding-y-rappi-travel-firman-acuerdo-comercial\/#primaryimage\"},\"image\":{\"@id\":\"https:\/\/nitu.mx\/index.php\/2020\/12\/07\/pricetravel-holding-y-rappi-travel-firman-acuerdo-comercial\/#primaryimage\"},\"thumbnailUrl\":\"https:\/\/nitu.mx\/wp-content\/uploads\/2020\/12\/PriceTravel-Rappi.jpg\",\"datePublished\":\"2020-12-07T06:15:44+00:00\",\"dateModified\":\"2020-12-07T06:17:06+00:00\",\"breadcrumb\":{\"@id\":\"https:\/\/nitu.mx\/index.php\/2020\/12\/07\/pricetravel-holding-y-rappi-travel-firman-acuerdo-comercial\/#breadcrumb\"},\"inLanguage\":\"es-MX\",\"potentialAction\":[{\"@type\":\"ReadAction\",\"target\":[\"https:\/\/nitu.mx\/index.php\/2020\/12\/07\/pricetravel-holding-y-rappi-travel-firman-acuerdo-comercial\/\"]}]},{\"@type\":\"ImageObject\",\"inLanguage\":\"es-MX\",\"@id\":\"https:\/\/nitu.mx\/index.php\/2020\/12\/07\/pricetravel-holding-y-rappi-travel-firman-acuerdo-comercial\/#primaryimage\",\"url\":\"https:\/\/nitu.mx\/wp-content\/uploads\/2020\/12\/PriceTravel-Rappi.jpg\",\"contentUrl\":\"https:\/\/nitu.mx\/wp-content\/uploads\/2020\/12\/PriceTravel-Rappi.jpg\",\"width\":1200,\"height\":675},{\"@type\":\"BreadcrumbList\",\"@id\":\"https:\/\/nitu.mx\/index.php\/2020\/12\/07\/pricetravel-holding-y-rappi-travel-firman-acuerdo-comercial\/#breadcrumb\",\"itemListElement\":[{\"@type\":\"ListItem\",\"position\":1,\"name\":\"Inicio\",\"item\":\"https:\/\/nitu.mx\/\"},{\"@type\":\"ListItem\",\"position\":2,\"name\":\"PriceTravel Holding y Rappi Travel firman acuerdo comercial\"}]},{\"@type\":\"WebSite\",\"@id\":\"https:\/\/nitu.mx\/#website\",\"url\":\"https:\/\/nitu.mx\/\",\"name\":\"Nitu - Noticias de la Industria Turistica\",\"description\":\"Noticias de la Industria Turistica\",\"publisher\":{\"@id\":\"https:\/\/nitu.mx\/#\/schema\/person\/ae7a53426417292d3dd07b45a33e01bc\"},\"alternateName\":\"Noticias de la Industria Turistica\",\"potentialAction\":[{\"@type\":\"SearchAction\",\"target\":{\"@type\":\"EntryPoint\",\"urlTemplate\":\"https:\/\/nitu.mx\/?s={search_term_string}\"},\"query-input\":\"required name=search_term_string\"}],\"inLanguage\":\"es-MX\"},{\"@type\":[\"Person\",\"Organization\"],\"@id\":\"https:\/\/nitu.mx\/#\/schema\/person\/ae7a53426417292d3dd07b45a33e01bc\",\"name\":\"Arturo Medina\",\"image\":{\"@type\":\"ImageObject\",\"inLanguage\":\"es-MX\",\"@id\":\"https:\/\/nitu.mx\/#\/schema\/person\/image\/\",\"url\":\"https:\/\/nitu.mx\/wp-content\/uploads\/2024\/04\/4A315622-1904-4D5C-B022-878CDC840E04-90x90-1.jpeg\",\"contentUrl\":\"https:\/\/nitu.mx\/wp-content\/uploads\/2024\/04\/4A315622-1904-4D5C-B022-878CDC840E04-90x90-1.jpeg\",\"width\":90,\"height\":90,\"caption\":\"Arturo Medina\"},\"logo\":{\"@id\":\"https:\/\/nitu.mx\/#\/schema\/person\/image\/\"},\"description\":\"Director NITU.mx, Egresado de la Escuela de Periodismo Carlos Septi\u00e9n Garc\u00eda. Periodista y analista especializado en turismo desde hace 35 a\u00f1os, radicado en Canc\u00fan Q.Roo. arturo@nitu.mx\",\"sameAs\":[\"https:\/\/nitu.mx\",\"https:\/\/www.facebook.com\/NITUmx\/\",\"medinacancun\",\"https:\/\/twitter.com\/@Arturo_Medina_G\"]},{\"@type\":\"Person\",\"@id\":\"https:\/\/nitu.mx\/#\/schema\/person\/2ecd887b19dfd3382d1f14fc5acf24a8\",\"name\":\"Alejandra Moncisbays\",\"image\":{\"@type\":\"ImageObject\",\"inLanguage\":\"es-MX\",\"@id\":\"https:\/\/nitu.mx\/#\/schema\/person\/image\/\",\"url\":\"https:\/\/secure.gravatar.com\/avatar\/e74f7af0be172b7804dacfd0bfbef787?s=96&d=mm&r=g\",\"contentUrl\":\"https:\/\/secure.gravatar.com\/avatar\/e74f7af0be172b7804dacfd0bfbef787?s=96&d=mm&r=g\",\"caption\":\"Alejandra Moncisbays\"},\"description\":\"Curs\u00e9 la carrera de Periodismo y Comunicaci\u00f3n en la Facultad de Estudios Profesionales Acatl\u00e1n. Vivo en Canc\u00fan desde hace 24 a\u00f1os. Fui reportera de La Tarde de Canc\u00fan, y Novedades de Quintana Roo, colabor\u00e9 en TVCUN, edit\u00e9 Cancun\u00edssimo y colabor\u00e9 en las revistas Latitud21, entre otras, con principal enfoque en los sectores empresarial y tur\u00edstico. Desde hace varios a\u00f1os soy Agente de Seguros con c\u00e9dula de la Comisi\u00f3n Nacional de Seguros y Fianzas. Actualmente, me desarrollo en los \u00e1mbitos del periodismo y el sector asegurador.\",\"sameAs\":[\"https:\/\/nitu.mx\"],\"url\":\"https:\/\/nitu.mx\/index.php\/author\/alejandra\/\"}]}<\/script>\n<!-- \/ Yoast SEO plugin. -->","yoast_head_json":{"title":"PriceTravel Holding y Rappi Travel firman acuerdo comercial - Nitu - Noticias de la Industria Turistica","robots":{"index":"index","follow":"follow","max-snippet":"max-snippet:-1","max-image-preview":"max-image-preview:large","max-video-preview":"max-video-preview:-1"},"canonical":"https:\/\/nitu.mx\/index.php\/2020\/12\/07\/pricetravel-holding-y-rappi-travel-firman-acuerdo-comercial\/","twitter_card":"summary_large_image","twitter_title":"PriceTravel Holding y Rappi Travel firman acuerdo comercial - Nitu - Noticias de la Industria Turistica","twitter_description":"PriceTravel Holding firma un acuerdo comercial con Rappi, aplicaci\u00f3n latinoamericana que cuenta dentro de su oferta con una opci\u00f3n de viajes y a trav\u00e9s de la cual se estar\u00e1n distribuyendo los productos del vasto portafolio del grupo tur\u00edstico. PriceTravel Connect, unidad de negocios de PriceTravel Holding, puso a disposici\u00f3n de Rappi Travel, su inventario de [&hellip;]","twitter_image":"https:\/\/nitu.mx\/wp-content\/uploads\/2020\/12\/PriceTravel-Rappi.jpg","twitter_creator":"@NITUmx","twitter_site":"@Arturo_Medina_G","twitter_misc":{"Escrito por":"Alejandra Moncisbays","Tiempo de lectura":"1 minuto"},"schema":{"@context":"https:\/\/schema.org","@graph":[{"@type":"Article","@id":"https:\/\/nitu.mx\/index.php\/2020\/12\/07\/pricetravel-holding-y-rappi-travel-firman-acuerdo-comercial\/#article","isPartOf":{"@id":"https:\/\/nitu.mx\/index.php\/2020\/12\/07\/pricetravel-holding-y-rappi-travel-firman-acuerdo-comercial\/"},"author":{"name":"Alejandra Moncisbays","@id":"https:\/\/nitu.mx\/#\/schema\/person\/2ecd887b19dfd3382d1f14fc5acf24a8"},"headline":"PriceTravel Holding y Rappi Travel firman acuerdo comercial","datePublished":"2020-12-07T06:15:44+00:00","dateModified":"2020-12-07T06:17:06+00:00","mainEntityOfPage":{"@id":"https:\/\/nitu.mx\/index.php\/2020\/12\/07\/pricetravel-holding-y-rappi-travel-firman-acuerdo-comercial\/"},"wordCount":289,"commentCount":0,"publisher":{"@id":"https:\/\/nitu.mx\/#\/schema\/person\/ae7a53426417292d3dd07b45a33e01bc"},"image":{"@id":"https:\/\/nitu.mx\/index.php\/2020\/12\/07\/pricetravel-holding-y-rappi-travel-firman-acuerdo-comercial\/#primaryimage"},"thumbnailUrl":"https:\/\/nitu.mx\/wp-content\/uploads\/2020\/12\/PriceTravel-Rappi.jpg","keywords":["Guido Becher","Juan Socas","PriceTravel Holding","Rappi Travel"],"articleSection":["Agencias de Viajes","Caribe Mexicano"],"inLanguage":"es-MX","potentialAction":[{"@type":"CommentAction","name":"Comment","target":["https:\/\/nitu.mx\/index.php\/2020\/12\/07\/pricetravel-holding-y-rappi-travel-firman-acuerdo-comercial\/#respond"]}]},{"@type":"WebPage","@id":"https:\/\/nitu.mx\/index.php\/2020\/12\/07\/pricetravel-holding-y-rappi-travel-firman-acuerdo-comercial\/","url":"https:\/\/nitu.mx\/index.php\/2020\/12\/07\/pricetravel-holding-y-rappi-travel-firman-acuerdo-comercial\/","name":"PriceTravel Holding y Rappi Travel firman acuerdo comercial - Nitu - Noticias de la Industria Turistica","isPartOf":{"@id":"https:\/\/nitu.mx\/#website"},"primaryImageOfPage":{"@id":"https:\/\/nitu.mx\/index.php\/2020\/12\/07\/pricetravel-holding-y-rappi-travel-firman-acuerdo-comercial\/#primaryimage"},"image":{"@id":"https:\/\/nitu.mx\/index.php\/2020\/12\/07\/pricetravel-holding-y-rappi-travel-firman-acuerdo-comercial\/#primaryimage"},"thumbnailUrl":"https:\/\/nitu.mx\/wp-content\/uploads\/2020\/12\/PriceTravel-Rappi.jpg","datePublished":"2020-12-07T06:15:44+00:00","dateModified":"2020-12-07T06:17:06+00:00","breadcrumb":{"@id":"https:\/\/nitu.mx\/index.php\/2020\/12\/07\/pricetravel-holding-y-rappi-travel-firman-acuerdo-comercial\/#breadcrumb"},"inLanguage":"es-MX","potentialAction":[{"@type":"ReadAction","target":["https:\/\/nitu.mx\/index.php\/2020\/12\/07\/pricetravel-holding-y-rappi-travel-firman-acuerdo-comercial\/"]}]},{"@type":"ImageObject","inLanguage":"es-MX","@id":"https:\/\/nitu.mx\/index.php\/2020\/12\/07\/pricetravel-holding-y-rappi-travel-firman-acuerdo-comercial\/#primaryimage","url":"https:\/\/nitu.mx\/wp-content\/uploads\/2020\/12\/PriceTravel-Rappi.jpg","contentUrl":"https:\/\/nitu.mx\/wp-content\/uploads\/2020\/12\/PriceTravel-Rappi.jpg","width":1200,"height":675},{"@type":"BreadcrumbList","@id":"https:\/\/nitu.mx\/index.php\/2020\/12\/07\/pricetravel-holding-y-rappi-travel-firman-acuerdo-comercial\/#breadcrumb","itemListElement":[{"@type":"ListItem","position":1,"name":"Inicio","item":"https:\/\/nitu.mx\/"},{"@type":"ListItem","position":2,"name":"PriceTravel Holding y Rappi Travel firman acuerdo comercial"}]},{"@type":"WebSite","@id":"https:\/\/nitu.mx\/#website","url":"https:\/\/nitu.mx\/","name":"Nitu - Noticias de la Industria Turistica","description":"Noticias de la Industria Turistica","publisher":{"@id":"https:\/\/nitu.mx\/#\/schema\/person\/ae7a53426417292d3dd07b45a33e01bc"},"alternateName":"Noticias de la Industria Turistica","potentialAction":[{"@type":"SearchAction","target":{"@type":"EntryPoint","urlTemplate":"https:\/\/nitu.mx\/?s={search_term_string}"},"query-input":"required name=search_term_string"}],"inLanguage":"es-MX"},{"@type":["Person","Organization"],"@id":"https:\/\/nitu.mx\/#\/schema\/person\/ae7a53426417292d3dd07b45a33e01bc","name":"Arturo Medina","image":{"@type":"ImageObject","inLanguage":"es-MX","@id":"https:\/\/nitu.mx\/#\/schema\/person\/image\/","url":"https:\/\/nitu.mx\/wp-content\/uploads\/2024\/04\/4A315622-1904-4D5C-B022-878CDC840E04-90x90-1.jpeg","contentUrl":"https:\/\/nitu.mx\/wp-content\/uploads\/2024\/04\/4A315622-1904-4D5C-B022-878CDC840E04-90x90-1.jpeg","width":90,"height":90,"caption":"Arturo Medina"},"logo":{"@id":"https:\/\/nitu.mx\/#\/schema\/person\/image\/"},"description":"Director NITU.mx, Egresado de la Escuela de Periodismo Carlos Septi\u00e9n Garc\u00eda. Periodista y analista especializado en turismo desde hace 35 a\u00f1os, radicado en Canc\u00fan Q.Roo. arturo@nitu.mx","sameAs":["https:\/\/nitu.mx","https:\/\/www.facebook.com\/NITUmx\/","medinacancun","https:\/\/twitter.com\/@Arturo_Medina_G"]},{"@type":"Person","@id":"https:\/\/nitu.mx\/#\/schema\/person\/2ecd887b19dfd3382d1f14fc5acf24a8","name":"Alejandra Moncisbays","image":{"@type":"ImageObject","inLanguage":"es-MX","@id":"https:\/\/nitu.mx\/#\/schema\/person\/image\/","url":"https:\/\/secure.gravatar.com\/avatar\/e74f7af0be172b7804dacfd0bfbef787?s=96&d=mm&r=g","contentUrl":"https:\/\/secure.gravatar.com\/avatar\/e74f7af0be172b7804dacfd0bfbef787?s=96&d=mm&r=g","caption":"Alejandra Moncisbays"},"description":"Curs\u00e9 la carrera de Periodismo y Comunicaci\u00f3n en la Facultad de Estudios Profesionales Acatl\u00e1n. Vivo en Canc\u00fan desde hace 24 a\u00f1os. Fui reportera de La Tarde de Canc\u00fan, y Novedades de Quintana Roo, colabor\u00e9 en TVCUN, edit\u00e9 Cancun\u00edssimo y colabor\u00e9 en las revistas Latitud21, entre otras, con principal enfoque en los sectores empresarial y tur\u00edstico. Desde hace varios a\u00f1os soy Agente de Seguros con c\u00e9dula de la Comisi\u00f3n Nacional de Seguros y Fianzas. Actualmente, me desarrollo en los \u00e1mbitos del periodismo y el sector asegurador.","sameAs":["https:\/\/nitu.mx"],"url":"https:\/\/nitu.mx\/index.php\/author\/alejandra\/"}]}},"views":269,"_links":{"self":[{"href":"https:\/\/nitu.mx\/index.php\/wp-json\/wp\/v2\/posts\/48723"}],"collection":[{"href":"https:\/\/nitu.mx\/index.php\/wp-json\/wp\/v2\/posts"}],"about":[{"href":"https:\/\/nitu.mx\/index.php\/wp-json\/wp\/v2\/types\/post"}],"author":[{"embeddable":true,"href":"https:\/\/nitu.mx\/index.php\/wp-json\/wp\/v2\/users\/3"}],"replies":[{"embeddable":true,"href":"https:\/\/nitu.mx\/index.php\/wp-json\/wp\/v2\/comments?post=48723"}],"version-history":[{"count":4,"href":"https:\/\/nitu.mx\/index.php\/wp-json\/wp\/v2\/posts\/48723\/revisions"}],"predecessor-version":[{"id":48736,"href":"https:\/\/nitu.mx\/index.php\/wp-json\/wp\/v2\/posts\/48723\/revisions\/48736"}],"wp:featuredmedia":[{"embeddable":true,"href":"https:\/\/nitu.mx\/index.php\/wp-json\/wp\/v2\/media\/48733"}],"wp:attachment":[{"href":"https:\/\/nitu.mx\/index.php\/wp-json\/wp\/v2\/media?parent=48723"}],"wp:term":[{"taxonomy":"category","embeddable":true,"href":"https:\/\/nitu.mx\/index.php\/wp-json\/wp\/v2\/categories?post=48723"},{"taxonomy":"post_tag","embeddable":true,"href":"https:\/\/nitu.mx\/index.php\/wp-json\/wp\/v2\/tags?post=48723"}],"curies":[{"name":"wp","href":"https:\/\/api.w.org\/{rel}","templated":true}]}}