{"id":4871,"date":"2016-12-14T00:25:40","date_gmt":"2016-12-14T05:25:40","guid":{"rendered":"http:\/\/www.dev.nitu.mx\/?p=4871"},"modified":"2016-12-14T02:05:23","modified_gmt":"2016-12-14T07:05:23","slug":"volaris-incrementa-conectividad-desde-guadalajara-con-dos-nuevas-rutas","status":"publish","type":"post","link":"https:\/\/nitu.mx\/index.php\/2016\/12\/14\/volaris-incrementa-conectividad-desde-guadalajara-con-dos-nuevas-rutas\/","title":{"rendered":"Volaris incrementa conectividad desde Guadalajara con dos nuevas rutas"},"content":{"rendered":"<p>La aerol\u00ednea mexicana de bajo costo, Volaris, que opera en M\u00e9xico, Estados Unidos y Centroam\u00e9rica, anuncia el lanzamiento de las rutas desde la ciudad de Guadalajara hacia Milwaukee, en Estados Unidos, y Huatulco en Oaxaca, M\u00e9xico.<\/p>\n<p>Volaris contin\u00faa con la misi\u00f3n de conectar a amigos y familiares sin importar las distancias, y por ello da un paso m\u00e1s con la inauguraci\u00f3n de estas dos rutas desde Guadalajara, una de las ciudades m\u00e1s importantes de M\u00e9xico, se\u00f1ala la empresa en un bolet\u00edn.<\/p>\n<p>La expansi\u00f3n de la aerol\u00ednea hacia Estados Unidos contin\u00faa con la apertura de la estaci\u00f3n, en el Aeropuerto Internacional General Mitchell en Milwaukee, Wisconsin, lo que representa mayores opciones de conectividad para la comunidad mexicana que vive en el pa\u00eds vecino, as\u00ed como para los turistas que deseen viajar para conocer cualquiera de estos destinos.<\/p>\n<p>\u201cNos sentimos muy orgullosos de mantenernos como la aerol\u00ednea mexicana con la mayor presencia en Estados Unidos. Con el inicio de operaciones hacia Milwaukee, Volaris ofrece ya 58 rutas internacionales, para que nuestros clientes puedan viajar hacia una mayor cantidad de destinos dentro de Estados Unidos\u201d, coment\u00f3 Holger Blankenstein, director ejecutivo Comercial de Volaris.<\/p>\n<p>En <em><strong>NITU.mx <\/strong><\/em>informamos que\u00a0la l\u00ednea a\u00e9rea lanz\u00f3 su filial en Centro Am\u00e9rica, para atender ese mercado.\u00a0(<a title=\"Volaris recibe autorizaci\u00f3n para operar en Costa Rica\" href=\"http:\/\/www.dev.nitu.mx\/index.php\/2016\/11\/13\/volaris-volara-costa-rica\/\" rel=\"bookmark\">Volaris recibe autorizaci\u00f3n para operar en Costa Rica<\/a>)<\/p>\n","protected":false},"excerpt":{"rendered":"<p>La aerol\u00ednea mexicana de bajo costo, Volaris, que opera en M\u00e9xico, Estados Unidos y Centroam\u00e9rica, anuncia el lanzamiento de las rutas desde la ciudad de Guadalajara hacia Milwaukee, en Estados Unidos, y Huatulco en Oaxaca, M\u00e9xico. Volaris contin\u00faa con la misi\u00f3n de conectar a amigos y familiares sin importar las distancias, y por ello da [&hellip;]<\/p>\n","protected":false},"author":17,"featured_media":3711,"comment_status":"open","ping_status":"open","sticky":false,"template":"","format":"standard","meta":{"footnotes":""},"categories":[29,6],"tags":[2197,490,807,116,2223,131],"yoast_head":"<!-- This site is optimized with the Yoast SEO plugin v22.2 - https:\/\/yoast.com\/wordpress\/plugins\/seo\/ -->\n<title>Volaris incrementa conectividad desde Guadalajara con dos nuevas rutas - Nitu - Noticias de la Industria Turistica<\/title>\n<meta name=\"description\" content=\"Volaris anuncia el lanzamiento de las rutas desde la ciudad de Guadalajara hacia Milwaukee, en Estados Unidos, y Huatulco.\" \/>\n<meta name=\"robots\" content=\"index, follow, max-snippet:-1, max-image-preview:large, max-video-preview:-1\" \/>\n<link rel=\"canonical\" href=\"https:\/\/nitu.mx\/index.php\/2016\/12\/14\/volaris-incrementa-conectividad-desde-guadalajara-con-dos-nuevas-rutas\/\" \/>\n<meta name=\"twitter:card\" content=\"summary_large_image\" \/>\n<meta name=\"twitter:title\" content=\"Volaris incrementa conectividad desde Guadalajara con dos nuevas rutas - Nitu - Noticias de la Industria Turistica\" \/>\n<meta name=\"twitter:description\" content=\"Volaris anuncia el lanzamiento de las rutas desde la ciudad de Guadalajara hacia Milwaukee, en Estados Unidos, y Huatulco.\" \/>\n<meta name=\"twitter:image\" content=\"https:\/\/nitu.mx\/wp-content\/uploads\/2016\/11\/VOLARIS-CRECIMIENTO.png\" \/>\n<meta name=\"twitter:creator\" content=\"@NITUmx\" \/>\n<meta name=\"twitter:site\" content=\"@Arturo_Medina_G\" \/>\n<meta name=\"twitter:label1\" content=\"Escrito por\" \/>\n\t<meta name=\"twitter:data1\" content=\"Redacci\u00f3n\" \/>\n\t<meta name=\"twitter:label2\" content=\"Tiempo de lectura\" \/>\n\t<meta name=\"twitter:data2\" content=\"1 minuto\" \/>\n<script type=\"application\/ld+json\" class=\"yoast-schema-graph\">{\"@context\":\"https:\/\/schema.org\",\"@graph\":[{\"@type\":\"Article\",\"@id\":\"https:\/\/nitu.mx\/index.php\/2016\/12\/14\/volaris-incrementa-conectividad-desde-guadalajara-con-dos-nuevas-rutas\/#article\",\"isPartOf\":{\"@id\":\"https:\/\/nitu.mx\/index.php\/2016\/12\/14\/volaris-incrementa-conectividad-desde-guadalajara-con-dos-nuevas-rutas\/\"},\"author\":{\"name\":\"Redacci\u00f3n\",\"@id\":\"https:\/\/nitu.mx\/#\/schema\/person\/4a28fe9bd65924f7c90623773daf1b0b\"},\"headline\":\"Volaris incrementa conectividad desde Guadalajara con dos nuevas rutas\",\"datePublished\":\"2016-12-14T05:25:40+00:00\",\"dateModified\":\"2016-12-14T07:05:23+00:00\",\"mainEntityOfPage\":{\"@id\":\"https:\/\/nitu.mx\/index.php\/2016\/12\/14\/volaris-incrementa-conectividad-desde-guadalajara-con-dos-nuevas-rutas\/\"},\"wordCount\":246,\"commentCount\":0,\"publisher\":{\"@id\":\"https:\/\/nitu.mx\/#\/schema\/person\/ae7a53426417292d3dd07b45a33e01bc\"},\"image\":{\"@id\":\"https:\/\/nitu.mx\/index.php\/2016\/12\/14\/volaris-incrementa-conectividad-desde-guadalajara-con-dos-nuevas-rutas\/#primaryimage\"},\"thumbnailUrl\":\"https:\/\/nitu.mx\/wp-content\/uploads\/2016\/11\/VOLARIS-CRECIMIENTO.png\",\"keywords\":[\"Aeropuerto Internacional General Mitchel\",\"Guadalajara\",\"Holger Blankenstein\",\"Huatulco\",\"Milwaukee\",\"Volaris\"],\"articleSection\":[\"Aerol\u00edneas\",\"M\u00e9xico\"],\"inLanguage\":\"es-MX\",\"potentialAction\":[{\"@type\":\"CommentAction\",\"name\":\"Comment\",\"target\":[\"https:\/\/nitu.mx\/index.php\/2016\/12\/14\/volaris-incrementa-conectividad-desde-guadalajara-con-dos-nuevas-rutas\/#respond\"]}]},{\"@type\":\"WebPage\",\"@id\":\"https:\/\/nitu.mx\/index.php\/2016\/12\/14\/volaris-incrementa-conectividad-desde-guadalajara-con-dos-nuevas-rutas\/\",\"url\":\"https:\/\/nitu.mx\/index.php\/2016\/12\/14\/volaris-incrementa-conectividad-desde-guadalajara-con-dos-nuevas-rutas\/\",\"name\":\"Volaris incrementa conectividad desde Guadalajara con dos nuevas rutas - Nitu - Noticias de la Industria Turistica\",\"isPartOf\":{\"@id\":\"https:\/\/nitu.mx\/#website\"},\"primaryImageOfPage\":{\"@id\":\"https:\/\/nitu.mx\/index.php\/2016\/12\/14\/volaris-incrementa-conectividad-desde-guadalajara-con-dos-nuevas-rutas\/#primaryimage\"},\"image\":{\"@id\":\"https:\/\/nitu.mx\/index.php\/2016\/12\/14\/volaris-incrementa-conectividad-desde-guadalajara-con-dos-nuevas-rutas\/#primaryimage\"},\"thumbnailUrl\":\"https:\/\/nitu.mx\/wp-content\/uploads\/2016\/11\/VOLARIS-CRECIMIENTO.png\",\"datePublished\":\"2016-12-14T05:25:40+00:00\",\"dateModified\":\"2016-12-14T07:05:23+00:00\",\"description\":\"Volaris anuncia el lanzamiento de las rutas desde la ciudad de Guadalajara hacia Milwaukee, en Estados Unidos, y Huatulco.\",\"breadcrumb\":{\"@id\":\"https:\/\/nitu.mx\/index.php\/2016\/12\/14\/volaris-incrementa-conectividad-desde-guadalajara-con-dos-nuevas-rutas\/#breadcrumb\"},\"inLanguage\":\"es-MX\",\"potentialAction\":[{\"@type\":\"ReadAction\",\"target\":[\"https:\/\/nitu.mx\/index.php\/2016\/12\/14\/volaris-incrementa-conectividad-desde-guadalajara-con-dos-nuevas-rutas\/\"]}]},{\"@type\":\"ImageObject\",\"inLanguage\":\"es-MX\",\"@id\":\"https:\/\/nitu.mx\/index.php\/2016\/12\/14\/volaris-incrementa-conectividad-desde-guadalajara-con-dos-nuevas-rutas\/#primaryimage\",\"url\":\"https:\/\/nitu.mx\/wp-content\/uploads\/2016\/11\/VOLARIS-CRECIMIENTO.png\",\"contentUrl\":\"https:\/\/nitu.mx\/wp-content\/uploads\/2016\/11\/VOLARIS-CRECIMIENTO.png\",\"width\":972,\"height\":599,\"caption\":\"volaris crecimiento\"},{\"@type\":\"BreadcrumbList\",\"@id\":\"https:\/\/nitu.mx\/index.php\/2016\/12\/14\/volaris-incrementa-conectividad-desde-guadalajara-con-dos-nuevas-rutas\/#breadcrumb\",\"itemListElement\":[{\"@type\":\"ListItem\",\"position\":1,\"name\":\"Inicio\",\"item\":\"https:\/\/nitu.mx\/\"},{\"@type\":\"ListItem\",\"position\":2,\"name\":\"Volaris incrementa conectividad desde Guadalajara con dos nuevas rutas\"}]},{\"@type\":\"WebSite\",\"@id\":\"https:\/\/nitu.mx\/#website\",\"url\":\"https:\/\/nitu.mx\/\",\"name\":\"Nitu - Noticias de la Industria Turistica\",\"description\":\"Noticias de la Industria Turistica\",\"publisher\":{\"@id\":\"https:\/\/nitu.mx\/#\/schema\/person\/ae7a53426417292d3dd07b45a33e01bc\"},\"alternateName\":\"Noticias de la Industria Turistica\",\"potentialAction\":[{\"@type\":\"SearchAction\",\"target\":{\"@type\":\"EntryPoint\",\"urlTemplate\":\"https:\/\/nitu.mx\/?s={search_term_string}\"},\"query-input\":\"required name=search_term_string\"}],\"inLanguage\":\"es-MX\"},{\"@type\":[\"Person\",\"Organization\"],\"@id\":\"https:\/\/nitu.mx\/#\/schema\/person\/ae7a53426417292d3dd07b45a33e01bc\",\"name\":\"Arturo Medina\",\"image\":{\"@type\":\"ImageObject\",\"inLanguage\":\"es-MX\",\"@id\":\"https:\/\/nitu.mx\/#\/schema\/person\/image\/\",\"url\":\"https:\/\/nitu.mx\/wp-content\/uploads\/2024\/04\/4A315622-1904-4D5C-B022-878CDC840E04-90x90-1.jpeg\",\"contentUrl\":\"https:\/\/nitu.mx\/wp-content\/uploads\/2024\/04\/4A315622-1904-4D5C-B022-878CDC840E04-90x90-1.jpeg\",\"width\":90,\"height\":90,\"caption\":\"Arturo Medina\"},\"logo\":{\"@id\":\"https:\/\/nitu.mx\/#\/schema\/person\/image\/\"},\"description\":\"Director NITU.mx, Egresado de la Escuela de Periodismo Carlos Septi\u00e9n Garc\u00eda. Periodista y analista especializado en turismo desde hace 35 a\u00f1os, radicado en Canc\u00fan Q.Roo. arturo@nitu.mx\",\"sameAs\":[\"https:\/\/nitu.mx\",\"https:\/\/www.facebook.com\/NITUmx\/\",\"medinacancun\",\"https:\/\/twitter.com\/@Arturo_Medina_G\"]},{\"@type\":\"Person\",\"@id\":\"https:\/\/nitu.mx\/#\/schema\/person\/4a28fe9bd65924f7c90623773daf1b0b\",\"name\":\"Redacci\u00f3n\",\"image\":{\"@type\":\"ImageObject\",\"inLanguage\":\"es-MX\",\"@id\":\"https:\/\/nitu.mx\/#\/schema\/person\/image\/\",\"url\":\"https:\/\/secure.gravatar.com\/avatar\/5dd011c8ccfc5cd7e4c81e42252aab38?s=96&d=mm&r=g\",\"contentUrl\":\"https:\/\/secure.gravatar.com\/avatar\/5dd011c8ccfc5cd7e4c81e42252aab38?s=96&d=mm&r=g\",\"caption\":\"Redacci\u00f3n\"},\"url\":\"https:\/\/nitu.mx\/index.php\/author\/redaccion\/\"}]}<\/script>\n<!-- \/ Yoast SEO plugin. -->","yoast_head_json":{"title":"Volaris incrementa conectividad desde Guadalajara con dos nuevas rutas - Nitu - Noticias de la Industria Turistica","description":"Volaris anuncia el lanzamiento de las rutas desde la ciudad de Guadalajara hacia Milwaukee, en Estados Unidos, y Huatulco.","robots":{"index":"index","follow":"follow","max-snippet":"max-snippet:-1","max-image-preview":"max-image-preview:large","max-video-preview":"max-video-preview:-1"},"canonical":"https:\/\/nitu.mx\/index.php\/2016\/12\/14\/volaris-incrementa-conectividad-desde-guadalajara-con-dos-nuevas-rutas\/","twitter_card":"summary_large_image","twitter_title":"Volaris incrementa conectividad desde Guadalajara con dos nuevas rutas - Nitu - Noticias de la Industria Turistica","twitter_description":"Volaris anuncia el lanzamiento de las rutas desde la ciudad de Guadalajara hacia Milwaukee, en Estados Unidos, y Huatulco.","twitter_image":"https:\/\/nitu.mx\/wp-content\/uploads\/2016\/11\/VOLARIS-CRECIMIENTO.png","twitter_creator":"@NITUmx","twitter_site":"@Arturo_Medina_G","twitter_misc":{"Escrito por":"Redacci\u00f3n","Tiempo de lectura":"1 minuto"},"schema":{"@context":"https:\/\/schema.org","@graph":[{"@type":"Article","@id":"https:\/\/nitu.mx\/index.php\/2016\/12\/14\/volaris-incrementa-conectividad-desde-guadalajara-con-dos-nuevas-rutas\/#article","isPartOf":{"@id":"https:\/\/nitu.mx\/index.php\/2016\/12\/14\/volaris-incrementa-conectividad-desde-guadalajara-con-dos-nuevas-rutas\/"},"author":{"name":"Redacci\u00f3n","@id":"https:\/\/nitu.mx\/#\/schema\/person\/4a28fe9bd65924f7c90623773daf1b0b"},"headline":"Volaris incrementa conectividad desde Guadalajara con dos nuevas rutas","datePublished":"2016-12-14T05:25:40+00:00","dateModified":"2016-12-14T07:05:23+00:00","mainEntityOfPage":{"@id":"https:\/\/nitu.mx\/index.php\/2016\/12\/14\/volaris-incrementa-conectividad-desde-guadalajara-con-dos-nuevas-rutas\/"},"wordCount":246,"commentCount":0,"publisher":{"@id":"https:\/\/nitu.mx\/#\/schema\/person\/ae7a53426417292d3dd07b45a33e01bc"},"image":{"@id":"https:\/\/nitu.mx\/index.php\/2016\/12\/14\/volaris-incrementa-conectividad-desde-guadalajara-con-dos-nuevas-rutas\/#primaryimage"},"thumbnailUrl":"https:\/\/nitu.mx\/wp-content\/uploads\/2016\/11\/VOLARIS-CRECIMIENTO.png","keywords":["Aeropuerto Internacional General Mitchel","Guadalajara","Holger Blankenstein","Huatulco","Milwaukee","Volaris"],"articleSection":["Aerol\u00edneas","M\u00e9xico"],"inLanguage":"es-MX","potentialAction":[{"@type":"CommentAction","name":"Comment","target":["https:\/\/nitu.mx\/index.php\/2016\/12\/14\/volaris-incrementa-conectividad-desde-guadalajara-con-dos-nuevas-rutas\/#respond"]}]},{"@type":"WebPage","@id":"https:\/\/nitu.mx\/index.php\/2016\/12\/14\/volaris-incrementa-conectividad-desde-guadalajara-con-dos-nuevas-rutas\/","url":"https:\/\/nitu.mx\/index.php\/2016\/12\/14\/volaris-incrementa-conectividad-desde-guadalajara-con-dos-nuevas-rutas\/","name":"Volaris incrementa conectividad desde Guadalajara con dos nuevas rutas - Nitu - Noticias de la Industria Turistica","isPartOf":{"@id":"https:\/\/nitu.mx\/#website"},"primaryImageOfPage":{"@id":"https:\/\/nitu.mx\/index.php\/2016\/12\/14\/volaris-incrementa-conectividad-desde-guadalajara-con-dos-nuevas-rutas\/#primaryimage"},"image":{"@id":"https:\/\/nitu.mx\/index.php\/2016\/12\/14\/volaris-incrementa-conectividad-desde-guadalajara-con-dos-nuevas-rutas\/#primaryimage"},"thumbnailUrl":"https:\/\/nitu.mx\/wp-content\/uploads\/2016\/11\/VOLARIS-CRECIMIENTO.png","datePublished":"2016-12-14T05:25:40+00:00","dateModified":"2016-12-14T07:05:23+00:00","description":"Volaris anuncia el lanzamiento de las rutas desde la ciudad de Guadalajara hacia Milwaukee, en Estados Unidos, y Huatulco.","breadcrumb":{"@id":"https:\/\/nitu.mx\/index.php\/2016\/12\/14\/volaris-incrementa-conectividad-desde-guadalajara-con-dos-nuevas-rutas\/#breadcrumb"},"inLanguage":"es-MX","potentialAction":[{"@type":"ReadAction","target":["https:\/\/nitu.mx\/index.php\/2016\/12\/14\/volaris-incrementa-conectividad-desde-guadalajara-con-dos-nuevas-rutas\/"]}]},{"@type":"ImageObject","inLanguage":"es-MX","@id":"https:\/\/nitu.mx\/index.php\/2016\/12\/14\/volaris-incrementa-conectividad-desde-guadalajara-con-dos-nuevas-rutas\/#primaryimage","url":"https:\/\/nitu.mx\/wp-content\/uploads\/2016\/11\/VOLARIS-CRECIMIENTO.png","contentUrl":"https:\/\/nitu.mx\/wp-content\/uploads\/2016\/11\/VOLARIS-CRECIMIENTO.png","width":972,"height":599,"caption":"volaris crecimiento"},{"@type":"BreadcrumbList","@id":"https:\/\/nitu.mx\/index.php\/2016\/12\/14\/volaris-incrementa-conectividad-desde-guadalajara-con-dos-nuevas-rutas\/#breadcrumb","itemListElement":[{"@type":"ListItem","position":1,"name":"Inicio","item":"https:\/\/nitu.mx\/"},{"@type":"ListItem","position":2,"name":"Volaris incrementa conectividad desde Guadalajara con dos nuevas rutas"}]},{"@type":"WebSite","@id":"https:\/\/nitu.mx\/#website","url":"https:\/\/nitu.mx\/","name":"Nitu - Noticias de la Industria Turistica","description":"Noticias de la Industria Turistica","publisher":{"@id":"https:\/\/nitu.mx\/#\/schema\/person\/ae7a53426417292d3dd07b45a33e01bc"},"alternateName":"Noticias de la Industria Turistica","potentialAction":[{"@type":"SearchAction","target":{"@type":"EntryPoint","urlTemplate":"https:\/\/nitu.mx\/?s={search_term_string}"},"query-input":"required name=search_term_string"}],"inLanguage":"es-MX"},{"@type":["Person","Organization"],"@id":"https:\/\/nitu.mx\/#\/schema\/person\/ae7a53426417292d3dd07b45a33e01bc","name":"Arturo Medina","image":{"@type":"ImageObject","inLanguage":"es-MX","@id":"https:\/\/nitu.mx\/#\/schema\/person\/image\/","url":"https:\/\/nitu.mx\/wp-content\/uploads\/2024\/04\/4A315622-1904-4D5C-B022-878CDC840E04-90x90-1.jpeg","contentUrl":"https:\/\/nitu.mx\/wp-content\/uploads\/2024\/04\/4A315622-1904-4D5C-B022-878CDC840E04-90x90-1.jpeg","width":90,"height":90,"caption":"Arturo Medina"},"logo":{"@id":"https:\/\/nitu.mx\/#\/schema\/person\/image\/"},"description":"Director NITU.mx, Egresado de la Escuela de Periodismo Carlos Septi\u00e9n Garc\u00eda. Periodista y analista especializado en turismo desde hace 35 a\u00f1os, radicado en Canc\u00fan Q.Roo. arturo@nitu.mx","sameAs":["https:\/\/nitu.mx","https:\/\/www.facebook.com\/NITUmx\/","medinacancun","https:\/\/twitter.com\/@Arturo_Medina_G"]},{"@type":"Person","@id":"https:\/\/nitu.mx\/#\/schema\/person\/4a28fe9bd65924f7c90623773daf1b0b","name":"Redacci\u00f3n","image":{"@type":"ImageObject","inLanguage":"es-MX","@id":"https:\/\/nitu.mx\/#\/schema\/person\/image\/","url":"https:\/\/secure.gravatar.com\/avatar\/5dd011c8ccfc5cd7e4c81e42252aab38?s=96&d=mm&r=g","contentUrl":"https:\/\/secure.gravatar.com\/avatar\/5dd011c8ccfc5cd7e4c81e42252aab38?s=96&d=mm&r=g","caption":"Redacci\u00f3n"},"url":"https:\/\/nitu.mx\/index.php\/author\/redaccion\/"}]}},"views":314,"_links":{"self":[{"href":"https:\/\/nitu.mx\/index.php\/wp-json\/wp\/v2\/posts\/4871"}],"collection":[{"href":"https:\/\/nitu.mx\/index.php\/wp-json\/wp\/v2\/posts"}],"about":[{"href":"https:\/\/nitu.mx\/index.php\/wp-json\/wp\/v2\/types\/post"}],"author":[{"embeddable":true,"href":"https:\/\/nitu.mx\/index.php\/wp-json\/wp\/v2\/users\/17"}],"replies":[{"embeddable":true,"href":"https:\/\/nitu.mx\/index.php\/wp-json\/wp\/v2\/comments?post=4871"}],"version-history":[{"count":3,"href":"https:\/\/nitu.mx\/index.php\/wp-json\/wp\/v2\/posts\/4871\/revisions"}],"predecessor-version":[{"id":4895,"href":"https:\/\/nitu.mx\/index.php\/wp-json\/wp\/v2\/posts\/4871\/revisions\/4895"}],"wp:featuredmedia":[{"embeddable":true,"href":"https:\/\/nitu.mx\/index.php\/wp-json\/wp\/v2\/media\/3711"}],"wp:attachment":[{"href":"https:\/\/nitu.mx\/index.php\/wp-json\/wp\/v2\/media?parent=4871"}],"wp:term":[{"taxonomy":"category","embeddable":true,"href":"https:\/\/nitu.mx\/index.php\/wp-json\/wp\/v2\/categories?post=4871"},{"taxonomy":"post_tag","embeddable":true,"href":"https:\/\/nitu.mx\/index.php\/wp-json\/wp\/v2\/tags?post=4871"}],"curies":[{"name":"wp","href":"https:\/\/api.w.org\/{rel}","templated":true}]}}