{"id":48456,"date":"2020-11-27T01:41:52","date_gmt":"2020-11-27T06:41:52","guid":{"rendered":"https:\/\/www.dev.nitu.mx\/?p=48456"},"modified":"2020-11-29T12:26:31","modified_gmt":"2020-11-29T17:26:31","slug":"iata-ajusta-su-prevision-2020-2021-para-la-industria-aerea-mundial","status":"publish","type":"post","link":"https:\/\/nitu.mx\/index.php\/2020\/11\/27\/iata-ajusta-su-prevision-2020-2021-para-la-industria-aerea-mundial\/","title":{"rendered":"IATA ajusta su previsi\u00f3n 2020-2021 para la industria a\u00e9rea mundial"},"content":{"rendered":"<p>La Asociaci\u00f3n Internacional de Transporte A\u00e9reo (IATA) ajust\u00f3 su previsi\u00f3n de p\u00e9rdidas del sector a\u00e9reo a nivel internacional para lo que resta del 2020 y el pr\u00f3ximo a\u00f1o.<\/p>\n<p>Seg\u00fan los ajustes del organismo, este a\u00f1o las p\u00e9rdidas ascender\u00e1n 40% al ubicarse en 118 mil 550 millones de d\u00f3lares (mdd), en tanto que para 2021 el escenario negativo subir\u00e1 144% con una cifra de 38 mil 700 mdd. Lo anterior, luego de que a junio anunciara sus previsiones que eran de 84 mil 300 millones y 15 mil 800 respectivamente.<\/p>\n<p>Vale la pena mencionar que, en diversas ocasiones, la IATA ha reiterado que la recuperaci\u00f3n de los efectos tras la pandemia del nuevo Coronavirus podr\u00eda llegar hasta 2024, a\u00f1o en que podr\u00edan alcanzarse los niveles pre-pandemia de 2019. (<a title=\"Alexandre de Juniac dejar\u00e1 la direcci\u00f3n de IATA en marzo de 2021\" href=\"https:\/\/www.dev.nitu.mx\/index.php\/2020\/11\/23\/alexandre-de-juniac-dejara-la-direccion-de-iata-en-marzo-de-2021\/\" rel=\"bookmark\">Alexandre de Juniac dejar\u00e1 la direcci\u00f3n de IATA en marzo de 2021<\/a>).<\/p>\n<p>\u201cLos libros de historia registrar\u00e1n 2020 como el peor a\u00f1o financiero de la industria, sin excepci\u00f3n. Las aerol\u00edneas recortaron los gastos en un promedio de mil millones de d\u00f3lares al d\u00eda durante 2020 y a\u00fan acumular\u00e1n p\u00e9rdidas sin precedentes\u201d, argument\u00f3 el organismo internacional.<\/p>\n<p>En cuanto a las regiones que podr\u00edan empezar a mostrar una ligera recuperaci\u00f3n en 2021 \u2212y tambi\u00e9n menor ca\u00edda\u2212 se espera sean Asia y Norteam\u00e9rica. De igual forma, la IATA insisti\u00f3 sobre la importancia de la implementaci\u00f3n de pruebas de Covid-19 r\u00e1pidas en los aeropuertos, toda vez que no se contempla un sistema de vacunaci\u00f3n a nivel internacional sino hasta dentro de varios meses; esto teniendo en cuenta que, seg\u00fan lo observado, este a\u00f1o las aerol\u00edneas perder\u00e1n hasta 66 d\u00f3lares por cada pasajero transportado. (realestatemarket).<\/p>\n","protected":false},"excerpt":{"rendered":"<p>La Asociaci\u00f3n Internacional de Transporte A\u00e9reo (IATA) ajust\u00f3 su previsi\u00f3n de p\u00e9rdidas del sector a\u00e9reo a nivel internacional para lo que resta del 2020 y el pr\u00f3ximo a\u00f1o. Seg\u00fan los ajustes del organismo, este a\u00f1o las p\u00e9rdidas ascender\u00e1n 40% al ubicarse en 118 mil 550 millones de d\u00f3lares (mdd), en tanto que para 2021 el [&hellip;]<\/p>\n","protected":false},"author":17,"featured_media":47634,"comment_status":"open","ping_status":"open","sticky":false,"template":"","format":"standard","meta":{"footnotes":""},"categories":[29],"tags":[2259,1734,3582],"yoast_head":"<!-- This site is optimized with the Yoast SEO plugin v22.2 - https:\/\/yoast.com\/wordpress\/plugins\/seo\/ -->\n<title>IATA ajusta su previsi\u00f3n 2020-2021 para la industria a\u00e9rea mundial - Nitu - Noticias de la Industria Turistica<\/title>\n<meta name=\"robots\" content=\"index, follow, max-snippet:-1, max-image-preview:large, max-video-preview:-1\" \/>\n<link rel=\"canonical\" href=\"https:\/\/nitu.mx\/index.php\/2020\/11\/27\/iata-ajusta-su-prevision-2020-2021-para-la-industria-aerea-mundial\/\" \/>\n<meta name=\"twitter:card\" content=\"summary_large_image\" \/>\n<meta name=\"twitter:title\" content=\"IATA ajusta su previsi\u00f3n 2020-2021 para la industria a\u00e9rea mundial - Nitu - Noticias de la Industria Turistica\" \/>\n<meta name=\"twitter:description\" content=\"La Asociaci\u00f3n Internacional de Transporte A\u00e9reo (IATA) ajust\u00f3 su previsi\u00f3n de p\u00e9rdidas del sector a\u00e9reo a nivel internacional para lo que resta del 2020 y el pr\u00f3ximo a\u00f1o. Seg\u00fan los ajustes del organismo, este a\u00f1o las p\u00e9rdidas ascender\u00e1n 40% al ubicarse en 118 mil 550 millones de d\u00f3lares (mdd), en tanto que para 2021 el [&hellip;]\" \/>\n<meta name=\"twitter:image\" content=\"https:\/\/nitu.mx\/wp-content\/uploads\/2020\/10\/Aerolineas-IATA.jpg\" \/>\n<meta name=\"twitter:creator\" content=\"@NITUmx\" \/>\n<meta name=\"twitter:site\" content=\"@Arturo_Medina_G\" \/>\n<meta name=\"twitter:label1\" content=\"Escrito por\" \/>\n\t<meta name=\"twitter:data1\" content=\"Redacci\u00f3n\" \/>\n\t<meta name=\"twitter:label2\" content=\"Tiempo de lectura\" \/>\n\t<meta name=\"twitter:data2\" content=\"1 minuto\" \/>\n<script type=\"application\/ld+json\" class=\"yoast-schema-graph\">{\"@context\":\"https:\/\/schema.org\",\"@graph\":[{\"@type\":\"Article\",\"@id\":\"https:\/\/nitu.mx\/index.php\/2020\/11\/27\/iata-ajusta-su-prevision-2020-2021-para-la-industria-aerea-mundial\/#article\",\"isPartOf\":{\"@id\":\"https:\/\/nitu.mx\/index.php\/2020\/11\/27\/iata-ajusta-su-prevision-2020-2021-para-la-industria-aerea-mundial\/\"},\"author\":{\"name\":\"Redacci\u00f3n\",\"@id\":\"https:\/\/nitu.mx\/#\/schema\/person\/4a28fe9bd65924f7c90623773daf1b0b\"},\"headline\":\"IATA ajusta su previsi\u00f3n 2020-2021 para la industria a\u00e9rea mundial\",\"datePublished\":\"2020-11-27T06:41:52+00:00\",\"dateModified\":\"2020-11-29T17:26:31+00:00\",\"mainEntityOfPage\":{\"@id\":\"https:\/\/nitu.mx\/index.php\/2020\/11\/27\/iata-ajusta-su-prevision-2020-2021-para-la-industria-aerea-mundial\/\"},\"wordCount\":299,\"commentCount\":0,\"publisher\":{\"@id\":\"https:\/\/nitu.mx\/#\/schema\/person\/ae7a53426417292d3dd07b45a33e01bc\"},\"image\":{\"@id\":\"https:\/\/nitu.mx\/index.php\/2020\/11\/27\/iata-ajusta-su-prevision-2020-2021-para-la-industria-aerea-mundial\/#primaryimage\"},\"thumbnailUrl\":\"https:\/\/nitu.mx\/wp-content\/uploads\/2020\/10\/Aerolineas-IATA.jpg\",\"keywords\":[\"aerol\u00edneas\",\"IATA\",\"Industria A\u00e9rea\"],\"articleSection\":[\"Aerol\u00edneas\"],\"inLanguage\":\"es-MX\",\"potentialAction\":[{\"@type\":\"CommentAction\",\"name\":\"Comment\",\"target\":[\"https:\/\/nitu.mx\/index.php\/2020\/11\/27\/iata-ajusta-su-prevision-2020-2021-para-la-industria-aerea-mundial\/#respond\"]}]},{\"@type\":\"WebPage\",\"@id\":\"https:\/\/nitu.mx\/index.php\/2020\/11\/27\/iata-ajusta-su-prevision-2020-2021-para-la-industria-aerea-mundial\/\",\"url\":\"https:\/\/nitu.mx\/index.php\/2020\/11\/27\/iata-ajusta-su-prevision-2020-2021-para-la-industria-aerea-mundial\/\",\"name\":\"IATA ajusta su previsi\u00f3n 2020-2021 para la industria a\u00e9rea mundial - Nitu - Noticias de la Industria Turistica\",\"isPartOf\":{\"@id\":\"https:\/\/nitu.mx\/#website\"},\"primaryImageOfPage\":{\"@id\":\"https:\/\/nitu.mx\/index.php\/2020\/11\/27\/iata-ajusta-su-prevision-2020-2021-para-la-industria-aerea-mundial\/#primaryimage\"},\"image\":{\"@id\":\"https:\/\/nitu.mx\/index.php\/2020\/11\/27\/iata-ajusta-su-prevision-2020-2021-para-la-industria-aerea-mundial\/#primaryimage\"},\"thumbnailUrl\":\"https:\/\/nitu.mx\/wp-content\/uploads\/2020\/10\/Aerolineas-IATA.jpg\",\"datePublished\":\"2020-11-27T06:41:52+00:00\",\"dateModified\":\"2020-11-29T17:26:31+00:00\",\"breadcrumb\":{\"@id\":\"https:\/\/nitu.mx\/index.php\/2020\/11\/27\/iata-ajusta-su-prevision-2020-2021-para-la-industria-aerea-mundial\/#breadcrumb\"},\"inLanguage\":\"es-MX\",\"potentialAction\":[{\"@type\":\"ReadAction\",\"target\":[\"https:\/\/nitu.mx\/index.php\/2020\/11\/27\/iata-ajusta-su-prevision-2020-2021-para-la-industria-aerea-mundial\/\"]}]},{\"@type\":\"ImageObject\",\"inLanguage\":\"es-MX\",\"@id\":\"https:\/\/nitu.mx\/index.php\/2020\/11\/27\/iata-ajusta-su-prevision-2020-2021-para-la-industria-aerea-mundial\/#primaryimage\",\"url\":\"https:\/\/nitu.mx\/wp-content\/uploads\/2020\/10\/Aerolineas-IATA.jpg\",\"contentUrl\":\"https:\/\/nitu.mx\/wp-content\/uploads\/2020\/10\/Aerolineas-IATA.jpg\",\"width\":1200,\"height\":675,\"caption\":\"IATA\"},{\"@type\":\"BreadcrumbList\",\"@id\":\"https:\/\/nitu.mx\/index.php\/2020\/11\/27\/iata-ajusta-su-prevision-2020-2021-para-la-industria-aerea-mundial\/#breadcrumb\",\"itemListElement\":[{\"@type\":\"ListItem\",\"position\":1,\"name\":\"Inicio\",\"item\":\"https:\/\/nitu.mx\/\"},{\"@type\":\"ListItem\",\"position\":2,\"name\":\"IATA ajusta su previsi\u00f3n 2020-2021 para la industria a\u00e9rea mundial\"}]},{\"@type\":\"WebSite\",\"@id\":\"https:\/\/nitu.mx\/#website\",\"url\":\"https:\/\/nitu.mx\/\",\"name\":\"Nitu - Noticias de la Industria Turistica\",\"description\":\"Noticias de la Industria Turistica\",\"publisher\":{\"@id\":\"https:\/\/nitu.mx\/#\/schema\/person\/ae7a53426417292d3dd07b45a33e01bc\"},\"alternateName\":\"Noticias de la Industria Turistica\",\"potentialAction\":[{\"@type\":\"SearchAction\",\"target\":{\"@type\":\"EntryPoint\",\"urlTemplate\":\"https:\/\/nitu.mx\/?s={search_term_string}\"},\"query-input\":\"required name=search_term_string\"}],\"inLanguage\":\"es-MX\"},{\"@type\":[\"Person\",\"Organization\"],\"@id\":\"https:\/\/nitu.mx\/#\/schema\/person\/ae7a53426417292d3dd07b45a33e01bc\",\"name\":\"Arturo Medina\",\"image\":{\"@type\":\"ImageObject\",\"inLanguage\":\"es-MX\",\"@id\":\"https:\/\/nitu.mx\/#\/schema\/person\/image\/\",\"url\":\"https:\/\/nitu.mx\/wp-content\/uploads\/2024\/04\/4A315622-1904-4D5C-B022-878CDC840E04-90x90-1.jpeg\",\"contentUrl\":\"https:\/\/nitu.mx\/wp-content\/uploads\/2024\/04\/4A315622-1904-4D5C-B022-878CDC840E04-90x90-1.jpeg\",\"width\":90,\"height\":90,\"caption\":\"Arturo Medina\"},\"logo\":{\"@id\":\"https:\/\/nitu.mx\/#\/schema\/person\/image\/\"},\"description\":\"Director NITU.mx, Egresado de la Escuela de Periodismo Carlos Septi\u00e9n Garc\u00eda. Periodista y analista especializado en turismo desde hace 35 a\u00f1os, radicado en Canc\u00fan Q.Roo. arturo@nitu.mx\",\"sameAs\":[\"https:\/\/nitu.mx\",\"https:\/\/www.facebook.com\/NITUmx\/\",\"medinacancun\",\"https:\/\/twitter.com\/@Arturo_Medina_G\"]},{\"@type\":\"Person\",\"@id\":\"https:\/\/nitu.mx\/#\/schema\/person\/4a28fe9bd65924f7c90623773daf1b0b\",\"name\":\"Redacci\u00f3n\",\"image\":{\"@type\":\"ImageObject\",\"inLanguage\":\"es-MX\",\"@id\":\"https:\/\/nitu.mx\/#\/schema\/person\/image\/\",\"url\":\"https:\/\/secure.gravatar.com\/avatar\/5dd011c8ccfc5cd7e4c81e42252aab38?s=96&d=mm&r=g\",\"contentUrl\":\"https:\/\/secure.gravatar.com\/avatar\/5dd011c8ccfc5cd7e4c81e42252aab38?s=96&d=mm&r=g\",\"caption\":\"Redacci\u00f3n\"},\"url\":\"https:\/\/nitu.mx\/index.php\/author\/redaccion\/\"}]}<\/script>\n<!-- \/ Yoast SEO plugin. -->","yoast_head_json":{"title":"IATA ajusta su previsi\u00f3n 2020-2021 para la industria a\u00e9rea mundial - Nitu - Noticias de la Industria Turistica","robots":{"index":"index","follow":"follow","max-snippet":"max-snippet:-1","max-image-preview":"max-image-preview:large","max-video-preview":"max-video-preview:-1"},"canonical":"https:\/\/nitu.mx\/index.php\/2020\/11\/27\/iata-ajusta-su-prevision-2020-2021-para-la-industria-aerea-mundial\/","twitter_card":"summary_large_image","twitter_title":"IATA ajusta su previsi\u00f3n 2020-2021 para la industria a\u00e9rea mundial - Nitu - Noticias de la Industria Turistica","twitter_description":"La Asociaci\u00f3n Internacional de Transporte A\u00e9reo (IATA) ajust\u00f3 su previsi\u00f3n de p\u00e9rdidas del sector a\u00e9reo a nivel internacional para lo que resta del 2020 y el pr\u00f3ximo a\u00f1o. Seg\u00fan los ajustes del organismo, este a\u00f1o las p\u00e9rdidas ascender\u00e1n 40% al ubicarse en 118 mil 550 millones de d\u00f3lares (mdd), en tanto que para 2021 el [&hellip;]","twitter_image":"https:\/\/nitu.mx\/wp-content\/uploads\/2020\/10\/Aerolineas-IATA.jpg","twitter_creator":"@NITUmx","twitter_site":"@Arturo_Medina_G","twitter_misc":{"Escrito por":"Redacci\u00f3n","Tiempo de lectura":"1 minuto"},"schema":{"@context":"https:\/\/schema.org","@graph":[{"@type":"Article","@id":"https:\/\/nitu.mx\/index.php\/2020\/11\/27\/iata-ajusta-su-prevision-2020-2021-para-la-industria-aerea-mundial\/#article","isPartOf":{"@id":"https:\/\/nitu.mx\/index.php\/2020\/11\/27\/iata-ajusta-su-prevision-2020-2021-para-la-industria-aerea-mundial\/"},"author":{"name":"Redacci\u00f3n","@id":"https:\/\/nitu.mx\/#\/schema\/person\/4a28fe9bd65924f7c90623773daf1b0b"},"headline":"IATA ajusta su previsi\u00f3n 2020-2021 para la industria a\u00e9rea mundial","datePublished":"2020-11-27T06:41:52+00:00","dateModified":"2020-11-29T17:26:31+00:00","mainEntityOfPage":{"@id":"https:\/\/nitu.mx\/index.php\/2020\/11\/27\/iata-ajusta-su-prevision-2020-2021-para-la-industria-aerea-mundial\/"},"wordCount":299,"commentCount":0,"publisher":{"@id":"https:\/\/nitu.mx\/#\/schema\/person\/ae7a53426417292d3dd07b45a33e01bc"},"image":{"@id":"https:\/\/nitu.mx\/index.php\/2020\/11\/27\/iata-ajusta-su-prevision-2020-2021-para-la-industria-aerea-mundial\/#primaryimage"},"thumbnailUrl":"https:\/\/nitu.mx\/wp-content\/uploads\/2020\/10\/Aerolineas-IATA.jpg","keywords":["aerol\u00edneas","IATA","Industria A\u00e9rea"],"articleSection":["Aerol\u00edneas"],"inLanguage":"es-MX","potentialAction":[{"@type":"CommentAction","name":"Comment","target":["https:\/\/nitu.mx\/index.php\/2020\/11\/27\/iata-ajusta-su-prevision-2020-2021-para-la-industria-aerea-mundial\/#respond"]}]},{"@type":"WebPage","@id":"https:\/\/nitu.mx\/index.php\/2020\/11\/27\/iata-ajusta-su-prevision-2020-2021-para-la-industria-aerea-mundial\/","url":"https:\/\/nitu.mx\/index.php\/2020\/11\/27\/iata-ajusta-su-prevision-2020-2021-para-la-industria-aerea-mundial\/","name":"IATA ajusta su previsi\u00f3n 2020-2021 para la industria a\u00e9rea mundial - Nitu - Noticias de la Industria Turistica","isPartOf":{"@id":"https:\/\/nitu.mx\/#website"},"primaryImageOfPage":{"@id":"https:\/\/nitu.mx\/index.php\/2020\/11\/27\/iata-ajusta-su-prevision-2020-2021-para-la-industria-aerea-mundial\/#primaryimage"},"image":{"@id":"https:\/\/nitu.mx\/index.php\/2020\/11\/27\/iata-ajusta-su-prevision-2020-2021-para-la-industria-aerea-mundial\/#primaryimage"},"thumbnailUrl":"https:\/\/nitu.mx\/wp-content\/uploads\/2020\/10\/Aerolineas-IATA.jpg","datePublished":"2020-11-27T06:41:52+00:00","dateModified":"2020-11-29T17:26:31+00:00","breadcrumb":{"@id":"https:\/\/nitu.mx\/index.php\/2020\/11\/27\/iata-ajusta-su-prevision-2020-2021-para-la-industria-aerea-mundial\/#breadcrumb"},"inLanguage":"es-MX","potentialAction":[{"@type":"ReadAction","target":["https:\/\/nitu.mx\/index.php\/2020\/11\/27\/iata-ajusta-su-prevision-2020-2021-para-la-industria-aerea-mundial\/"]}]},{"@type":"ImageObject","inLanguage":"es-MX","@id":"https:\/\/nitu.mx\/index.php\/2020\/11\/27\/iata-ajusta-su-prevision-2020-2021-para-la-industria-aerea-mundial\/#primaryimage","url":"https:\/\/nitu.mx\/wp-content\/uploads\/2020\/10\/Aerolineas-IATA.jpg","contentUrl":"https:\/\/nitu.mx\/wp-content\/uploads\/2020\/10\/Aerolineas-IATA.jpg","width":1200,"height":675,"caption":"IATA"},{"@type":"BreadcrumbList","@id":"https:\/\/nitu.mx\/index.php\/2020\/11\/27\/iata-ajusta-su-prevision-2020-2021-para-la-industria-aerea-mundial\/#breadcrumb","itemListElement":[{"@type":"ListItem","position":1,"name":"Inicio","item":"https:\/\/nitu.mx\/"},{"@type":"ListItem","position":2,"name":"IATA ajusta su previsi\u00f3n 2020-2021 para la industria a\u00e9rea mundial"}]},{"@type":"WebSite","@id":"https:\/\/nitu.mx\/#website","url":"https:\/\/nitu.mx\/","name":"Nitu - Noticias de la Industria Turistica","description":"Noticias de la Industria Turistica","publisher":{"@id":"https:\/\/nitu.mx\/#\/schema\/person\/ae7a53426417292d3dd07b45a33e01bc"},"alternateName":"Noticias de la Industria Turistica","potentialAction":[{"@type":"SearchAction","target":{"@type":"EntryPoint","urlTemplate":"https:\/\/nitu.mx\/?s={search_term_string}"},"query-input":"required name=search_term_string"}],"inLanguage":"es-MX"},{"@type":["Person","Organization"],"@id":"https:\/\/nitu.mx\/#\/schema\/person\/ae7a53426417292d3dd07b45a33e01bc","name":"Arturo Medina","image":{"@type":"ImageObject","inLanguage":"es-MX","@id":"https:\/\/nitu.mx\/#\/schema\/person\/image\/","url":"https:\/\/nitu.mx\/wp-content\/uploads\/2024\/04\/4A315622-1904-4D5C-B022-878CDC840E04-90x90-1.jpeg","contentUrl":"https:\/\/nitu.mx\/wp-content\/uploads\/2024\/04\/4A315622-1904-4D5C-B022-878CDC840E04-90x90-1.jpeg","width":90,"height":90,"caption":"Arturo Medina"},"logo":{"@id":"https:\/\/nitu.mx\/#\/schema\/person\/image\/"},"description":"Director NITU.mx, Egresado de la Escuela de Periodismo Carlos Septi\u00e9n Garc\u00eda. Periodista y analista especializado en turismo desde hace 35 a\u00f1os, radicado en Canc\u00fan Q.Roo. arturo@nitu.mx","sameAs":["https:\/\/nitu.mx","https:\/\/www.facebook.com\/NITUmx\/","medinacancun","https:\/\/twitter.com\/@Arturo_Medina_G"]},{"@type":"Person","@id":"https:\/\/nitu.mx\/#\/schema\/person\/4a28fe9bd65924f7c90623773daf1b0b","name":"Redacci\u00f3n","image":{"@type":"ImageObject","inLanguage":"es-MX","@id":"https:\/\/nitu.mx\/#\/schema\/person\/image\/","url":"https:\/\/secure.gravatar.com\/avatar\/5dd011c8ccfc5cd7e4c81e42252aab38?s=96&d=mm&r=g","contentUrl":"https:\/\/secure.gravatar.com\/avatar\/5dd011c8ccfc5cd7e4c81e42252aab38?s=96&d=mm&r=g","caption":"Redacci\u00f3n"},"url":"https:\/\/nitu.mx\/index.php\/author\/redaccion\/"}]}},"views":350,"_links":{"self":[{"href":"https:\/\/nitu.mx\/index.php\/wp-json\/wp\/v2\/posts\/48456"}],"collection":[{"href":"https:\/\/nitu.mx\/index.php\/wp-json\/wp\/v2\/posts"}],"about":[{"href":"https:\/\/nitu.mx\/index.php\/wp-json\/wp\/v2\/types\/post"}],"author":[{"embeddable":true,"href":"https:\/\/nitu.mx\/index.php\/wp-json\/wp\/v2\/users\/17"}],"replies":[{"embeddable":true,"href":"https:\/\/nitu.mx\/index.php\/wp-json\/wp\/v2\/comments?post=48456"}],"version-history":[{"count":4,"href":"https:\/\/nitu.mx\/index.php\/wp-json\/wp\/v2\/posts\/48456\/revisions"}],"predecessor-version":[{"id":48486,"href":"https:\/\/nitu.mx\/index.php\/wp-json\/wp\/v2\/posts\/48456\/revisions\/48486"}],"wp:featuredmedia":[{"embeddable":true,"href":"https:\/\/nitu.mx\/index.php\/wp-json\/wp\/v2\/media\/47634"}],"wp:attachment":[{"href":"https:\/\/nitu.mx\/index.php\/wp-json\/wp\/v2\/media?parent=48456"}],"wp:term":[{"taxonomy":"category","embeddable":true,"href":"https:\/\/nitu.mx\/index.php\/wp-json\/wp\/v2\/categories?post=48456"},{"taxonomy":"post_tag","embeddable":true,"href":"https:\/\/nitu.mx\/index.php\/wp-json\/wp\/v2\/tags?post=48456"}],"curies":[{"name":"wp","href":"https:\/\/api.w.org\/{rel}","templated":true}]}}